{"id":36161,"date":"2026-04-02T08:39:27","date_gmt":"2026-04-02T11:39:27","guid":{"rendered":"https:\/\/crusoe.audiencelabs.com.br\/?p=36161"},"modified":"2026-04-02T06:56:24","modified_gmt":"2026-04-02T09:56:24","slug":"nos-dias-06-04-e-07-04-brasileiros-poderao-ir-de-graca-ao-cinema","status":"publish","type":"post","link":"https:\/\/crusoe.audiencelabs.com.br\/nos-dias-06-04-e-07-04-brasileiros-poderao-ir-de-graca-ao-cinema\/","title":{"rendered":"Nos dias 06\/04 e 07\/04, brasileiros poder\u00e3o ir de gra\u00e7a ao cinema"},"content":{"rendered":"<p><span style=\"font-weight: 400\">Na pr\u00f3xima semana, nos<strong> dias 6 e 7 de abril,<\/strong> o centro do <strong>Cabo de Santo Agostinho (PE)<\/strong> receber\u00e1 o projeto <strong>Cine Petrobras<\/strong>.<\/span><\/p>\n<p><span style=\"font-weight: 400\">Essa iniciativa cultural, patrocinada pela Petrobras e executada pela Cepar Comunica\u00e7\u00e3o, transformar\u00e1 a Avenida Historiador Pereira da Costa em um espa\u00e7o de <strong>cinema ao ar livre.<\/strong>\u00a0<\/span><\/p>\n<p><span style=\"font-weight: 400\">A <strong>carreta itinerante<\/strong> equipada com tecnologia audiovisual avan\u00e7ada oferecer\u00e1 sess\u00f5es gratuitas.\u00a0<\/span><span style=\"font-weight: 400\">Com esta a\u00e7\u00e3o, o <a href=\"https:\/\/espacopetrobrasdecinema.com.br\/\">Cine Petrobras<\/a> promove a inclus\u00e3o social, garantindo entretenimento para p\u00fablicos que normalmente n\u00e3o teriam acesso facilitado a uma sala de cinema.<\/span><\/p>\n<h2><span style=\"font-weight: 400\">Experi\u00eancia gratuita<\/span><\/h2>\n<p><span style=\"font-weight: 400\">Durante o evento, a carreta do Cine Petrobras oferecer\u00e1 sess\u00f5es de cinema gratuitas, transformando-se em uma sala climatizada e equipada com tecnologia de som e imagem digital.\u00a0<\/span><\/p>\n<figure id=\"attachment_36163\" aria-describedby=\"caption-attachment-36163\" style=\"width: 1100px\" class=\"wp-caption aligncenter\"><img loading=\"lazy\" decoding=\"async\" class=\"size-full wp-image-36163\" src=\"https:\/\/cdn.crusoe.com.br\/uploads\/2026\/04\/carreta-do-Cine-Petrobras.jpg\" alt=\"\" width=\"1100\" height=\"600\" srcset=\"https:\/\/cdn.crusoe.com.br\/uploads\/2026\/04\/carreta-do-Cine-Petrobras.jpg 1100w, https:\/\/cdn.crusoe.com.br\/uploads\/2026\/04\/carreta-do-Cine-Petrobras-300x164.jpg 300w, https:\/\/cdn.crusoe.com.br\/uploads\/2026\/04\/carreta-do-Cine-Petrobras-1024x559.jpg 1024w, https:\/\/cdn.crusoe.com.br\/uploads\/2026\/04\/carreta-do-Cine-Petrobras-768x419.jpg 768w, https:\/\/cdn.crusoe.com.br\/uploads\/2026\/04\/carreta-do-Cine-Petrobras-750x409.jpg 750w\" sizes=\"auto, (max-width: 1100px) 100vw, 1100px\" \/><figcaption id=\"caption-attachment-36163\" class=\"wp-caption-text\">Reprodu\u00e7\u00e3o: Cepar<\/figcaption><\/figure>\n<p><span style=\"font-weight: 400\">O espa\u00e7o contar\u00e1 com poltronas confort\u00e1veis, distribui\u00e7\u00e3o de pipoca e refrigerante, al\u00e9m de acessibilidade para cadeirantes.\u00a0<\/span><\/p>\n<p><span style=\"font-weight: 400\">As sess\u00f5es diurnas ser\u00e3o exclusivas para estudantes e institui\u00e7\u00f5es sociais, enquanto o p\u00fablico geral poder\u00e1 assistir a filmes como &#8220;Divertida Mente 2&#8221; e &#8220;Smurfs&#8221; a partir das 18h30.<\/span><\/p>\n<h3><span style=\"font-weight: 400\">Cultura e inclus\u00e3o<\/span><\/h3>\n<p><span style=\"font-weight: 400\">Visando ampliar o alcance do cinema e promover experi\u00eancias culturais, o Cine Petrobras oferece <strong>ingressos gratuitos,<\/strong> que devem ser retirados antecipadamente no local, assegurando que a comunidade local possa participar efetivamente.\u00a0<\/span><span style=\"font-weight: 400\">O projeto pretende abranger uma variedade de p\u00fablicos, refor\u00e7ando seu vi\u00e9s inclusivo e cultural.<\/span><\/p>\n<h2><span style=\"font-weight: 400\">Expans\u00e3o pelo Brasil<\/span><\/h2>\n<p><span style=\"font-weight: 400\">Ap\u00f3s sua apresenta\u00e7\u00e3o em Cabo de Santo Agostinho, o Cine Petrobras continuar\u00e1 sua jornada cultural em <strong>Ipojuca (PE)<\/strong>.\u00a0<\/span><\/p>\n<p><span style=\"font-weight: 400\">A sequ\u00eancia de proje\u00e7\u00f5es por estados como <strong>Cear\u00e1, Rio Grande do Norte, Para\u00edba<\/strong>, entre outros, mostra o desejo e compromisso do projeto em levar entretenimento a \u00e1reas geralmente esquecidas pelas grandes produ\u00e7\u00f5es.\u00a0<\/span><\/p>\n<p><span style=\"font-weight: 400\">A iniciativa destaca-se por unir cultura, tecnologia e inclus\u00e3o social, aproximando comunidades do universo cinematogr\u00e1fico.<\/span><\/p>\n<p><span style=\"font-weight: 400\">Com seu pr\u00f3ximo destino j\u00e1 definido, o projeto continua a se posicionar como uma ponte entre o cinema e a popula\u00e7\u00e3o, levando inova\u00e7\u00e3o e acessibilidade a cada parada.<\/span><\/p>\n","protected":false},"excerpt":{"rendered":"<p>Na pr\u00f3xima semana, nos dias 6 e 7 de abril, o centro do Cabo de Santo Agostinho (PE) receber\u00e1 o projeto Cine Petrobras. Essa iniciativa cultural, patrocinada pela Petrobras e executada pela Cepar Comunica\u00e7\u00e3o, transformar\u00e1 a Avenida Historiador Pereira da Costa em um espa\u00e7o de cinema ao ar livre.\u00a0 A carreta itinerante equipada com tecnologia [&hellip;]<\/p>\n","protected":false},"author":5,"featured_media":36162,"comment_status":"open","ping_status":"open","sticky":false,"template":"","format":"standard","meta":{"jnews-multi-image_gallery":[],"jnews_single_post":{"subtitle":"","format":"standard","jnews_video_option_group":[[]],"override":[{"template":"2","parallax":"1","fullscreen":"1","layout":"right-sidebar","sidebar":"default-sidebar","second_sidebar":"default-sidebar","sticky_sidebar":"1","share_position":"hide","share_float_style":"share-monocrhome","show_featured":"1","show_post_meta":"1","show_post_author":"1","show_post_date":"1","post_date_format":"default","post_date_format_custom":"Y\/m\/d","show_post_category":"1","show_post_reading_time":"0","post_reading_time_wpm":"300","post_calculate_word_method":"str_word_count","show_zoom_button":"0","zoom_button_out_step":"2","zoom_button_in_step":"3","show_post_tag":"1","show_popup_post":"1","number_popup_post":"1","show_author_box":"1","show_post_related":"0"}],"image_override":[{"single_post_thumbnail_size":"crop-500","single_post_gallery_size":"crop-500"}],"trending_post_position":"meta","trending_post_label":"Trending","sponsored_post_label":"Sponsored by","disable_ad":"0"},"jnews_primary_category":[],"jnews_override_counter":{"view_counter_number":"0","share_counter_number":"0","like_counter_number":"0","dislike_counter_number":"0"},"jnews_post_split":{"post_split":[{"template":"1","tag":"h2","numbering":"asc","mode":"normal","first":"0","enable_toc":"0","toc_type":"normal"}]},"footnotes":""},"categories":[1],"tags":[6904,227,1825],"class_list":["post-36161","post","type-post","status-publish","format-standard","has-post-thumbnail","hentry","category-geral","tag-cine-petrobras","tag-cinema","tag-pernambuco"],"yoast_head":"<!-- This site is optimized with the Yoast SEO plugin v25.0 - https:\/\/yoast.com\/wordpress\/plugins\/seo\/ -->\n<title>Nos dias 06\/04 e 07\/04, brasileiros poder\u00e3o ir de gra\u00e7a ao cinema<\/title>\n<meta name=\"robots\" content=\"index, follow, max-snippet:-1, max-image-preview:large, max-video-preview:-1\" \/>\n<link rel=\"canonical\" href=\"https:\/\/crusoe.audiencelabs.com.br\/nos-dias-06-04-e-07-04-brasileiros-poderao-ir-de-graca-ao-cinema\/\" \/>\n<meta property=\"og:locale\" content=\"pt_BR\" \/>\n<meta property=\"og:type\" content=\"article\" \/>\n<meta property=\"og:title\" content=\"Nos dias 06\/04 e 07\/04, brasileiros poder\u00e3o ir de gra\u00e7a ao cinema\" \/>\n<meta property=\"og:description\" content=\"Na pr\u00f3xima semana, nos dias 6 e 7 de abril, o centro do Cabo de Santo Agostinho (PE) receber\u00e1 o projeto Cine Petrobras. Essa iniciativa cultural, patrocinada pela Petrobras e executada pela Cepar Comunica\u00e7\u00e3o, transformar\u00e1 a Avenida Historiador Pereira da Costa em um espa\u00e7o de cinema ao ar livre.\u00a0 A carreta itinerante equipada com tecnologia [&hellip;]\" \/>\n<meta property=\"og:url\" content=\"https:\/\/crusoe.audiencelabs.com.br\/nos-dias-06-04-e-07-04-brasileiros-poderao-ir-de-graca-ao-cinema\/\" \/>\n<meta property=\"og:site_name\" content=\"Variedades - Cruso\u00e9\" \/>\n<meta property=\"article:published_time\" content=\"2026-04-02T11:39:27+00:00\" \/>\n<meta property=\"og:image\" content=\"https:\/\/cdn.crusoe.com.br\/uploads\/2026\/04\/cinema-solar.webp\" \/>\n\t<meta property=\"og:image:width\" content=\"984\" \/>\n\t<meta property=\"og:image:height\" content=\"620\" \/>\n\t<meta property=\"og:image:type\" content=\"image\/webp\" \/>\n<meta name=\"author\" content=\"Milena Armando\" \/>\n<meta name=\"twitter:card\" content=\"summary_large_image\" \/>\n<meta name=\"twitter:label1\" content=\"Escrito por\" \/>\n\t<meta name=\"twitter:data1\" content=\"Milena Armando\" \/>\n\t<meta name=\"twitter:label2\" content=\"Est. tempo de leitura\" \/>\n\t<meta name=\"twitter:data2\" content=\"3 minutos\" \/>\n<script type=\"application\/ld+json\" class=\"yoast-schema-graph\">{\"@context\":\"https:\/\/schema.org\",\"@graph\":[{\"@type\":\"WebPage\",\"@id\":\"https:\/\/crusoe.audiencelabs.com.br\/nos-dias-06-04-e-07-04-brasileiros-poderao-ir-de-graca-ao-cinema\/\",\"url\":\"https:\/\/crusoe.audiencelabs.com.br\/nos-dias-06-04-e-07-04-brasileiros-poderao-ir-de-graca-ao-cinema\/\",\"name\":\"Nos dias 06\/04 e 07\/04, brasileiros poder\u00e3o ir de gra\u00e7a ao cinema\",\"isPartOf\":{\"@id\":\"https:\/\/crusoe.audiencelabs.com.br\/#website\"},\"primaryImageOfPage\":{\"@id\":\"https:\/\/crusoe.audiencelabs.com.br\/nos-dias-06-04-e-07-04-brasileiros-poderao-ir-de-graca-ao-cinema\/#primaryimage\"},\"image\":{\"@id\":\"https:\/\/crusoe.audiencelabs.com.br\/nos-dias-06-04-e-07-04-brasileiros-poderao-ir-de-graca-ao-cinema\/#primaryimage\"},\"thumbnailUrl\":\"https:\/\/cdn.crusoe.com.br\/uploads\/2026\/04\/cinema-solar.webp\",\"datePublished\":\"2026-04-02T11:39:27+00:00\",\"author\":{\"@id\":\"https:\/\/crusoe.audiencelabs.com.br\/#\/schema\/person\/f87f73cfe89e5360de2c006bd4bd6a74\"},\"breadcrumb\":{\"@id\":\"https:\/\/crusoe.audiencelabs.com.br\/nos-dias-06-04-e-07-04-brasileiros-poderao-ir-de-graca-ao-cinema\/#breadcrumb\"},\"inLanguage\":\"pt-BR\",\"potentialAction\":[{\"@type\":\"ReadAction\",\"target\":[\"https:\/\/crusoe.audiencelabs.com.br\/nos-dias-06-04-e-07-04-brasileiros-poderao-ir-de-graca-ao-cinema\/\"]}]},{\"@type\":\"ImageObject\",\"inLanguage\":\"pt-BR\",\"@id\":\"https:\/\/crusoe.audiencelabs.com.br\/nos-dias-06-04-e-07-04-brasileiros-poderao-ir-de-graca-ao-cinema\/#primaryimage\",\"url\":\"https:\/\/cdn.crusoe.com.br\/uploads\/2026\/04\/cinema-solar.webp\",\"contentUrl\":\"https:\/\/cdn.crusoe.com.br\/uploads\/2026\/04\/cinema-solar.webp\",\"width\":984,\"height\":620,\"caption\":\"Reprodu\u00e7\u00e3o: G1\"},{\"@type\":\"BreadcrumbList\",\"@id\":\"https:\/\/crusoe.audiencelabs.com.br\/nos-dias-06-04-e-07-04-brasileiros-poderao-ir-de-graca-ao-cinema\/#breadcrumb\",\"itemListElement\":[{\"@type\":\"ListItem\",\"position\":1,\"name\":\"Home\",\"item\":\"https:\/\/crusoe.audiencelabs.com.br\/\"},{\"@type\":\"ListItem\",\"position\":2,\"name\":\"Nos dias 06\/04 e 07\/04, brasileiros poder\u00e3o ir de gra\u00e7a ao cinema\"}]},{\"@type\":\"WebSite\",\"@id\":\"https:\/\/crusoe.audiencelabs.com.br\/#website\",\"url\":\"https:\/\/crusoe.audiencelabs.com.br\/\",\"name\":\"Variedades - Cruso\u00e9\",\"description\":\"\",\"potentialAction\":[{\"@type\":\"SearchAction\",\"target\":{\"@type\":\"EntryPoint\",\"urlTemplate\":\"https:\/\/crusoe.audiencelabs.com.br\/?s={search_term_string}\"},\"query-input\":{\"@type\":\"PropertyValueSpecification\",\"valueRequired\":true,\"valueName\":\"search_term_string\"}}],\"inLanguage\":\"pt-BR\"},{\"@type\":\"Person\",\"@id\":\"https:\/\/crusoe.audiencelabs.com.br\/#\/schema\/person\/f87f73cfe89e5360de2c006bd4bd6a74\",\"name\":\"Milena Armando\",\"image\":{\"@type\":\"ImageObject\",\"inLanguage\":\"pt-BR\",\"@id\":\"https:\/\/crusoe.audiencelabs.com.br\/#\/schema\/person\/image\/\",\"url\":\"https:\/\/secure.gravatar.com\/avatar\/ea14ecddc9e9d202b698b18f9f69e09c9fd74cfbed5c6008d55f11faefdbdab7?s=96&d=mm&r=g\",\"contentUrl\":\"https:\/\/secure.gravatar.com\/avatar\/ea14ecddc9e9d202b698b18f9f69e09c9fd74cfbed5c6008d55f11faefdbdab7?s=96&d=mm&r=g\",\"caption\":\"Milena Armando\"},\"description\":\"Jornalista, redatora e revisora.\",\"url\":\"https:\/\/crusoe.audiencelabs.com.br\/author\/milena\/\"}]}<\/script>\n<!-- \/ Yoast SEO plugin. -->","yoast_head_json":{"title":"Nos dias 06\/04 e 07\/04, brasileiros poder\u00e3o ir de gra\u00e7a ao cinema","robots":{"index":"index","follow":"follow","max-snippet":"max-snippet:-1","max-image-preview":"max-image-preview:large","max-video-preview":"max-video-preview:-1"},"canonical":"https:\/\/crusoe.audiencelabs.com.br\/nos-dias-06-04-e-07-04-brasileiros-poderao-ir-de-graca-ao-cinema\/","og_locale":"pt_BR","og_type":"article","og_title":"Nos dias 06\/04 e 07\/04, brasileiros poder\u00e3o ir de gra\u00e7a ao cinema","og_description":"Na pr\u00f3xima semana, nos dias 6 e 7 de abril, o centro do Cabo de Santo Agostinho (PE) receber\u00e1 o projeto Cine Petrobras. Essa iniciativa cultural, patrocinada pela Petrobras e executada pela Cepar Comunica\u00e7\u00e3o, transformar\u00e1 a Avenida Historiador Pereira da Costa em um espa\u00e7o de cinema ao ar livre.\u00a0 A carreta itinerante equipada com tecnologia [&hellip;]","og_url":"https:\/\/crusoe.audiencelabs.com.br\/nos-dias-06-04-e-07-04-brasileiros-poderao-ir-de-graca-ao-cinema\/","og_site_name":"Variedades - Cruso\u00e9","article_published_time":"2026-04-02T11:39:27+00:00","og_image":[{"width":984,"height":620,"url":"https:\/\/cdn.crusoe.com.br\/uploads\/2026\/04\/cinema-solar.webp","type":"image\/webp"}],"author":"Milena Armando","twitter_card":"summary_large_image","twitter_misc":{"Escrito por":"Milena Armando","Est. tempo de leitura":"3 minutos"},"schema":{"@context":"https:\/\/schema.org","@graph":[{"@type":"WebPage","@id":"https:\/\/crusoe.audiencelabs.com.br\/nos-dias-06-04-e-07-04-brasileiros-poderao-ir-de-graca-ao-cinema\/","url":"https:\/\/crusoe.audiencelabs.com.br\/nos-dias-06-04-e-07-04-brasileiros-poderao-ir-de-graca-ao-cinema\/","name":"Nos dias 06\/04 e 07\/04, brasileiros poder\u00e3o ir de gra\u00e7a ao cinema","isPartOf":{"@id":"https:\/\/crusoe.audiencelabs.com.br\/#website"},"primaryImageOfPage":{"@id":"https:\/\/crusoe.audiencelabs.com.br\/nos-dias-06-04-e-07-04-brasileiros-poderao-ir-de-graca-ao-cinema\/#primaryimage"},"image":{"@id":"https:\/\/crusoe.audiencelabs.com.br\/nos-dias-06-04-e-07-04-brasileiros-poderao-ir-de-graca-ao-cinema\/#primaryimage"},"thumbnailUrl":"https:\/\/cdn.crusoe.com.br\/uploads\/2026\/04\/cinema-solar.webp","datePublished":"2026-04-02T11:39:27+00:00","author":{"@id":"https:\/\/crusoe.audiencelabs.com.br\/#\/schema\/person\/f87f73cfe89e5360de2c006bd4bd6a74"},"breadcrumb":{"@id":"https:\/\/crusoe.audiencelabs.com.br\/nos-dias-06-04-e-07-04-brasileiros-poderao-ir-de-graca-ao-cinema\/#breadcrumb"},"inLanguage":"pt-BR","potentialAction":[{"@type":"ReadAction","target":["https:\/\/crusoe.audiencelabs.com.br\/nos-dias-06-04-e-07-04-brasileiros-poderao-ir-de-graca-ao-cinema\/"]}]},{"@type":"ImageObject","inLanguage":"pt-BR","@id":"https:\/\/crusoe.audiencelabs.com.br\/nos-dias-06-04-e-07-04-brasileiros-poderao-ir-de-graca-ao-cinema\/#primaryimage","url":"https:\/\/cdn.crusoe.com.br\/uploads\/2026\/04\/cinema-solar.webp","contentUrl":"https:\/\/cdn.crusoe.com.br\/uploads\/2026\/04\/cinema-solar.webp","width":984,"height":620,"caption":"Reprodu\u00e7\u00e3o: G1"},{"@type":"BreadcrumbList","@id":"https:\/\/crusoe.audiencelabs.com.br\/nos-dias-06-04-e-07-04-brasileiros-poderao-ir-de-graca-ao-cinema\/#breadcrumb","itemListElement":[{"@type":"ListItem","position":1,"name":"Home","item":"https:\/\/crusoe.audiencelabs.com.br\/"},{"@type":"ListItem","position":2,"name":"Nos dias 06\/04 e 07\/04, brasileiros poder\u00e3o ir de gra\u00e7a ao cinema"}]},{"@type":"WebSite","@id":"https:\/\/crusoe.audiencelabs.com.br\/#website","url":"https:\/\/crusoe.audiencelabs.com.br\/","name":"Variedades - Cruso\u00e9","description":"","potentialAction":[{"@type":"SearchAction","target":{"@type":"EntryPoint","urlTemplate":"https:\/\/crusoe.audiencelabs.com.br\/?s={search_term_string}"},"query-input":{"@type":"PropertyValueSpecification","valueRequired":true,"valueName":"search_term_string"}}],"inLanguage":"pt-BR"},{"@type":"Person","@id":"https:\/\/crusoe.audiencelabs.com.br\/#\/schema\/person\/f87f73cfe89e5360de2c006bd4bd6a74","name":"Milena Armando","image":{"@type":"ImageObject","inLanguage":"pt-BR","@id":"https:\/\/crusoe.audiencelabs.com.br\/#\/schema\/person\/image\/","url":"https:\/\/secure.gravatar.com\/avatar\/ea14ecddc9e9d202b698b18f9f69e09c9fd74cfbed5c6008d55f11faefdbdab7?s=96&d=mm&r=g","contentUrl":"https:\/\/secure.gravatar.com\/avatar\/ea14ecddc9e9d202b698b18f9f69e09c9fd74cfbed5c6008d55f11faefdbdab7?s=96&d=mm&r=g","caption":"Milena Armando"},"description":"Jornalista, redatora e revisora.","url":"https:\/\/crusoe.audiencelabs.com.br\/author\/milena\/"}]}},"_links":{"self":[{"href":"https:\/\/crusoe.audiencelabs.com.br\/wp-json\/wp\/v2\/posts\/36161","targetHints":{"allow":["GET"]}}],"collection":[{"href":"https:\/\/crusoe.audiencelabs.com.br\/wp-json\/wp\/v2\/posts"}],"about":[{"href":"https:\/\/crusoe.audiencelabs.com.br\/wp-json\/wp\/v2\/types\/post"}],"author":[{"embeddable":true,"href":"https:\/\/crusoe.audiencelabs.com.br\/wp-json\/wp\/v2\/users\/5"}],"replies":[{"embeddable":true,"href":"https:\/\/crusoe.audiencelabs.com.br\/wp-json\/wp\/v2\/comments?post=36161"}],"version-history":[{"count":3,"href":"https:\/\/crusoe.audiencelabs.com.br\/wp-json\/wp\/v2\/posts\/36161\/revisions"}],"predecessor-version":[{"id":36166,"href":"https:\/\/crusoe.audiencelabs.com.br\/wp-json\/wp\/v2\/posts\/36161\/revisions\/36166"}],"wp:featuredmedia":[{"embeddable":true,"href":"https:\/\/crusoe.audiencelabs.com.br\/wp-json\/wp\/v2\/media\/36162"}],"wp:attachment":[{"href":"https:\/\/crusoe.audiencelabs.com.br\/wp-json\/wp\/v2\/media?parent=36161"}],"wp:term":[{"taxonomy":"category","embeddable":true,"href":"https:\/\/crusoe.audiencelabs.com.br\/wp-json\/wp\/v2\/categories?post=36161"},{"taxonomy":"post_tag","embeddable":true,"href":"https:\/\/crusoe.audiencelabs.com.br\/wp-json\/wp\/v2\/tags?post=36161"}],"curies":[{"name":"wp","href":"https:\/\/api.w.org\/{rel}","templated":true}]}}