{"id":36157,"date":"2026-04-02T07:37:50","date_gmt":"2026-04-02T10:37:50","guid":{"rendered":"https:\/\/crusoe.audiencelabs.com.br\/?p=36157"},"modified":"2026-04-02T06:47:04","modified_gmt":"2026-04-02T09:47:04","slug":"aulas-foram-suspensas-no-brasil-por-conta-das-fortes-tempestades","status":"publish","type":"post","link":"https:\/\/crusoe.audiencelabs.com.br\/aulas-foram-suspensas-no-brasil-por-conta-das-fortes-tempestades\/","title":{"rendered":"Aulas foram suspensas no Brasil por conta das fortes tempestades"},"content":{"rendered":"<div class=\"flex flex-col text-sm pb-25\">\n<section class=\"text-token-text-primary w-full focus:outline-none [--shadow-height:45px] has-data-writing-block:pointer-events-none has-data-writing-block:-mt-(--shadow-height) has-data-writing-block:pt-(--shadow-height) [&amp;:has([data-writing-block])&gt;*]:pointer-events-auto scroll-mt-[calc(var(--header-height)+min(200px,max(70px,20svh)))]\" dir=\"auto\" data-turn-id=\"request-WEB:9d43cd6c-a83f-4314-bab1-01a9908bb5ef-2\" data-testid=\"conversation-turn-6\" data-scroll-anchor=\"true\" data-turn=\"assistant\">\n<div class=\"text-base my-auto mx-auto pb-10 [--thread-content-margin:var(--thread-content-margin-xs,calc(var(--spacing)*4))] @w-sm\/main:[--thread-content-margin:var(--thread-content-margin-sm,calc(var(--spacing)*6))] @w-lg\/main:[--thread-content-margin:var(--thread-content-margin-lg,calc(var(--spacing)*16))] px-(--thread-content-margin)\">\n<div class=\"[--thread-content-max-width:40rem] @w-lg\/main:[--thread-content-max-width:48rem] mx-auto max-w-(--thread-content-max-width) flex-1 group\/turn-messages focus-visible:outline-hidden relative flex w-full min-w-0 flex-col agent-turn\">\n<div class=\"flex max-w-full flex-col gap-4 grow\">\n<div class=\"min-h-8 text-message relative flex w-full flex-col items-end gap-2 text-start break-words whitespace-normal outline-none keyboard-focused:focus-ring [.text-message+&amp;]:mt-1\" dir=\"auto\" data-message-author-role=\"assistant\" data-message-id=\"810df083-2a28-4cd0-807c-e062e314aaa0\" data-message-model-slug=\"gpt-5-3\" data-turn-start-message=\"true\">\n<div class=\"flex w-full flex-col gap-1 empty:hidden\">\n<div class=\"markdown prose dark:prose-invert w-full wrap-break-word dark markdown-new-styling\">\n<p data-start=\"65\" data-end=\"490\">As <strong>fortes chuvas que atingiram Pernambuco<\/strong> na \u00faltima quarta-feira (1\u00ba) provocaram a <strong>suspens\u00e3o das aulas em diversas institui\u00e7\u00f5es de ensino no Grande Recife.<\/strong><\/p>\n<p data-start=\"65\" data-end=\"490\">A precipita\u00e7\u00e3o intensa e cont\u00ednua desde a madrugada levou prefeituras e universidades a adotarem medidas emergenciais para proteger estudantes, professores e demais profissionais da educa\u00e7\u00e3o, diante do risco de alagamentos, deslizamentos e dificuldades de deslocamento.<\/p>\n<h2 data-section-id=\"ec1oa5\" data-start=\"492\" data-end=\"534\">Impactos nas redes municipais de ensino<\/h2>\n<p data-start=\"536\" data-end=\"970\">Entre os munic\u00edpios mais afetados, cidades como <strong>Paulista<\/strong> e <strong>Camaragibe<\/strong> interromperam as atividades escolares nos turnos da manh\u00e3 e da tarde.<\/p>\n<p data-start=\"536\" data-end=\"970\">J\u00e1 em localidades como <strong>Ipojuca<\/strong> e <strong>Abreu e Lima<\/strong>, a alternativa foi a ado\u00e7\u00e3o do ensino remoto, garantindo a continuidade das aulas sem expor os alunos a situa\u00e7\u00f5es de risco.<\/p>\n<h2 data-section-id=\"13vahh5\" data-start=\"972\" data-end=\"1015\">Universidades adotam medidas preventivas<\/h2>\n<p data-start=\"1017\" data-end=\"1406\">No ensino superior, a resposta tamb\u00e9m foi imediata. A <strong>Universidade Federal de Pernambuco<\/strong> (UFPE) suspendeu atividades acad\u00eamicas e administrativas em seus campi ap\u00f3s alerta emitido pela Ag\u00eancia Pernambucana de \u00c1guas e Clima (APAC).<\/p>\n<p data-start=\"1017\" data-end=\"1406\">Da mesma forma, a <strong>Universidade Federal Rural de Pernambuco<\/strong> (UFRPE) interrompeu as atividades presenciais, priorizando a seguran\u00e7a da comunidade universit\u00e1ria.<\/p>\n<h2 data-section-id=\"i2bdpb\" data-start=\"1408\" data-end=\"1457\">Alerta meteorol\u00f3gico e atua\u00e7\u00e3o da Defesa Civil<\/h2>\n<p data-start=\"1459\" data-end=\"1849\">A APAC elevou o n\u00edvel de alerta para \u201c<strong>aten\u00e7\u00e3o<\/strong>\u201d, indicando a continuidade das chuvas com intensidade moderada a forte em v\u00e1rias regi\u00f5es do estado.<\/p>\n<p data-start=\"1459\" data-end=\"1849\">Diante desse cen\u00e1rio, a <a href=\"https:\/\/www.defesacivil.pe.gov.br\/\">Defesa Civil<\/a> permanece em prontid\u00e3o, com equipes preparadas para atender ocorr\u00eancias e orientar a popula\u00e7\u00e3o.<\/p>\n<h2 data-section-id=\"1ndzbbr\" data-start=\"2230\" data-end=\"2277\">Preven\u00e7\u00e3o e seguran\u00e7a seguem como prioridade<\/h2>\n<p data-start=\"2279\" data-end=\"2744\" data-is-last-node=\"\" data-is-only-node=\"\">A suspens\u00e3o das aulas e a ado\u00e7\u00e3o do ensino remoto demonstram a import\u00e2ncia de a\u00e7\u00f5es preventivas em situa\u00e7\u00f5es de risco.<\/p>\n<p data-start=\"2279\" data-end=\"2744\" data-is-last-node=\"\" data-is-only-node=\"\">A atua\u00e7\u00e3o coordenada entre governos municipais, institui\u00e7\u00f5es de ensino e \u00f3rg\u00e3os de monitoramento refor\u00e7a o compromisso com a prote\u00e7\u00e3o da popula\u00e7\u00e3o.<\/p>\n<p data-start=\"2279\" data-end=\"2744\" data-is-last-node=\"\" data-is-only-node=\"\">Enquanto as chuvas persistirem, a recomenda\u00e7\u00e3o \u00e9 que moradores acompanhem os comunicados oficiais e adotem medidas de precau\u00e7\u00e3o, contribuindo para minimizar impactos e garantir a seguran\u00e7a coletiva.<\/p>\n<\/div>\n<\/div>\n<\/div>\n<\/div>\n<\/div>\n<\/div>\n<\/section>\n<\/div>\n","protected":false},"excerpt":{"rendered":"<p>As fortes chuvas que atingiram Pernambuco na \u00faltima quarta-feira (1\u00ba) provocaram a suspens\u00e3o das aulas em diversas institui\u00e7\u00f5es de ensino no Grande Recife. A precipita\u00e7\u00e3o intensa e cont\u00ednua desde a madrugada levou prefeituras e universidades a adotarem medidas emergenciais para proteger estudantes, professores e demais profissionais da educa\u00e7\u00e3o, diante do risco de alagamentos, deslizamentos e [&hellip;]<\/p>\n","protected":false},"author":5,"featured_media":36158,"comment_status":"open","ping_status":"open","sticky":false,"template":"","format":"standard","meta":{"jnews-multi-image_gallery":[],"jnews_single_post":{"subtitle":""},"jnews_primary_category":[],"jnews_override_counter":[],"jnews_post_split":[],"footnotes":""},"categories":[1],"tags":[4768,1825,6903],"class_list":["post-36157","post","type-post","status-publish","format-standard","has-post-thumbnail","hentry","category-geral","tag-aulas","tag-pernambuco","tag-recife"],"yoast_head":"<!-- This site is optimized with the Yoast SEO plugin v25.0 - https:\/\/yoast.com\/wordpress\/plugins\/seo\/ -->\n<title>Aulas foram suspensas no Brasil por conta das fortes tempestades<\/title>\n<meta name=\"robots\" content=\"index, follow, max-snippet:-1, max-image-preview:large, max-video-preview:-1\" \/>\n<link rel=\"canonical\" href=\"https:\/\/crusoe.audiencelabs.com.br\/aulas-foram-suspensas-no-brasil-por-conta-das-fortes-tempestades\/\" \/>\n<meta property=\"og:locale\" content=\"pt_BR\" \/>\n<meta property=\"og:type\" content=\"article\" \/>\n<meta property=\"og:title\" content=\"Aulas foram suspensas no Brasil por conta das fortes tempestades\" \/>\n<meta property=\"og:description\" content=\"As fortes chuvas que atingiram Pernambuco na \u00faltima quarta-feira (1\u00ba) provocaram a suspens\u00e3o das aulas em diversas institui\u00e7\u00f5es de ensino no Grande Recife. A precipita\u00e7\u00e3o intensa e cont\u00ednua desde a madrugada levou prefeituras e universidades a adotarem medidas emergenciais para proteger estudantes, professores e demais profissionais da educa\u00e7\u00e3o, diante do risco de alagamentos, deslizamentos e [&hellip;]\" \/>\n<meta property=\"og:url\" content=\"https:\/\/crusoe.audiencelabs.com.br\/aulas-foram-suspensas-no-brasil-por-conta-das-fortes-tempestades\/\" \/>\n<meta property=\"og:site_name\" content=\"Variedades - Cruso\u00e9\" \/>\n<meta property=\"article:published_time\" content=\"2026-04-02T10:37:50+00:00\" \/>\n<meta name=\"author\" content=\"Milena Armando\" \/>\n<meta name=\"twitter:card\" content=\"summary_large_image\" \/>\n<meta name=\"twitter:label1\" content=\"Escrito por\" \/>\n\t<meta name=\"twitter:data1\" content=\"Milena Armando\" \/>\n\t<meta name=\"twitter:label2\" content=\"Est. tempo de leitura\" \/>\n\t<meta name=\"twitter:data2\" content=\"2 minutos\" \/>\n<script type=\"application\/ld+json\" class=\"yoast-schema-graph\">{\"@context\":\"https:\/\/schema.org\",\"@graph\":[{\"@type\":\"WebPage\",\"@id\":\"https:\/\/crusoe.audiencelabs.com.br\/aulas-foram-suspensas-no-brasil-por-conta-das-fortes-tempestades\/\",\"url\":\"https:\/\/crusoe.audiencelabs.com.br\/aulas-foram-suspensas-no-brasil-por-conta-das-fortes-tempestades\/\",\"name\":\"Aulas foram suspensas no Brasil por conta das fortes tempestades\",\"isPartOf\":{\"@id\":\"https:\/\/crusoe.audiencelabs.com.br\/#website\"},\"primaryImageOfPage\":{\"@id\":\"https:\/\/crusoe.audiencelabs.com.br\/aulas-foram-suspensas-no-brasil-por-conta-das-fortes-tempestades\/#primaryimage\"},\"image\":{\"@id\":\"https:\/\/crusoe.audiencelabs.com.br\/aulas-foram-suspensas-no-brasil-por-conta-das-fortes-tempestades\/#primaryimage\"},\"thumbnailUrl\":\"https:\/\/cdn.crusoe.com.br\/uploads\/2026\/04\/q.avif\",\"datePublished\":\"2026-04-02T10:37:50+00:00\",\"author\":{\"@id\":\"https:\/\/crusoe.audiencelabs.com.br\/#\/schema\/person\/f87f73cfe89e5360de2c006bd4bd6a74\"},\"breadcrumb\":{\"@id\":\"https:\/\/crusoe.audiencelabs.com.br\/aulas-foram-suspensas-no-brasil-por-conta-das-fortes-tempestades\/#breadcrumb\"},\"inLanguage\":\"pt-BR\",\"potentialAction\":[{\"@type\":\"ReadAction\",\"target\":[\"https:\/\/crusoe.audiencelabs.com.br\/aulas-foram-suspensas-no-brasil-por-conta-das-fortes-tempestades\/\"]}]},{\"@type\":\"ImageObject\",\"inLanguage\":\"pt-BR\",\"@id\":\"https:\/\/crusoe.audiencelabs.com.br\/aulas-foram-suspensas-no-brasil-por-conta-das-fortes-tempestades\/#primaryimage\",\"url\":\"https:\/\/cdn.crusoe.com.br\/uploads\/2026\/04\/q.avif\",\"contentUrl\":\"https:\/\/cdn.crusoe.com.br\/uploads\/2026\/04\/q.avif\",\"width\":740,\"height\":493,\"caption\":\"Reprodu\u00e7\u00e3o: Freepik\"},{\"@type\":\"BreadcrumbList\",\"@id\":\"https:\/\/crusoe.audiencelabs.com.br\/aulas-foram-suspensas-no-brasil-por-conta-das-fortes-tempestades\/#breadcrumb\",\"itemListElement\":[{\"@type\":\"ListItem\",\"position\":1,\"name\":\"Home\",\"item\":\"https:\/\/crusoe.audiencelabs.com.br\/\"},{\"@type\":\"ListItem\",\"position\":2,\"name\":\"Aulas foram suspensas no Brasil por conta das fortes tempestades\"}]},{\"@type\":\"WebSite\",\"@id\":\"https:\/\/crusoe.audiencelabs.com.br\/#website\",\"url\":\"https:\/\/crusoe.audiencelabs.com.br\/\",\"name\":\"Variedades - Cruso\u00e9\",\"description\":\"\",\"potentialAction\":[{\"@type\":\"SearchAction\",\"target\":{\"@type\":\"EntryPoint\",\"urlTemplate\":\"https:\/\/crusoe.audiencelabs.com.br\/?s={search_term_string}\"},\"query-input\":{\"@type\":\"PropertyValueSpecification\",\"valueRequired\":true,\"valueName\":\"search_term_string\"}}],\"inLanguage\":\"pt-BR\"},{\"@type\":\"Person\",\"@id\":\"https:\/\/crusoe.audiencelabs.com.br\/#\/schema\/person\/f87f73cfe89e5360de2c006bd4bd6a74\",\"name\":\"Milena Armando\",\"image\":{\"@type\":\"ImageObject\",\"inLanguage\":\"pt-BR\",\"@id\":\"https:\/\/crusoe.audiencelabs.com.br\/#\/schema\/person\/image\/\",\"url\":\"https:\/\/secure.gravatar.com\/avatar\/ea14ecddc9e9d202b698b18f9f69e09c9fd74cfbed5c6008d55f11faefdbdab7?s=96&d=mm&r=g\",\"contentUrl\":\"https:\/\/secure.gravatar.com\/avatar\/ea14ecddc9e9d202b698b18f9f69e09c9fd74cfbed5c6008d55f11faefdbdab7?s=96&d=mm&r=g\",\"caption\":\"Milena Armando\"},\"description\":\"Jornalista, redatora e revisora.\",\"url\":\"https:\/\/crusoe.audiencelabs.com.br\/author\/milena\/\"}]}<\/script>\n<!-- \/ Yoast SEO plugin. -->","yoast_head_json":{"title":"Aulas foram suspensas no Brasil por conta das fortes tempestades","robots":{"index":"index","follow":"follow","max-snippet":"max-snippet:-1","max-image-preview":"max-image-preview:large","max-video-preview":"max-video-preview:-1"},"canonical":"https:\/\/crusoe.audiencelabs.com.br\/aulas-foram-suspensas-no-brasil-por-conta-das-fortes-tempestades\/","og_locale":"pt_BR","og_type":"article","og_title":"Aulas foram suspensas no Brasil por conta das fortes tempestades","og_description":"As fortes chuvas que atingiram Pernambuco na \u00faltima quarta-feira (1\u00ba) provocaram a suspens\u00e3o das aulas em diversas institui\u00e7\u00f5es de ensino no Grande Recife. A precipita\u00e7\u00e3o intensa e cont\u00ednua desde a madrugada levou prefeituras e universidades a adotarem medidas emergenciais para proteger estudantes, professores e demais profissionais da educa\u00e7\u00e3o, diante do risco de alagamentos, deslizamentos e [&hellip;]","og_url":"https:\/\/crusoe.audiencelabs.com.br\/aulas-foram-suspensas-no-brasil-por-conta-das-fortes-tempestades\/","og_site_name":"Variedades - Cruso\u00e9","article_published_time":"2026-04-02T10:37:50+00:00","author":"Milena Armando","twitter_card":"summary_large_image","twitter_misc":{"Escrito por":"Milena Armando","Est. tempo de leitura":"2 minutos"},"schema":{"@context":"https:\/\/schema.org","@graph":[{"@type":"WebPage","@id":"https:\/\/crusoe.audiencelabs.com.br\/aulas-foram-suspensas-no-brasil-por-conta-das-fortes-tempestades\/","url":"https:\/\/crusoe.audiencelabs.com.br\/aulas-foram-suspensas-no-brasil-por-conta-das-fortes-tempestades\/","name":"Aulas foram suspensas no Brasil por conta das fortes tempestades","isPartOf":{"@id":"https:\/\/crusoe.audiencelabs.com.br\/#website"},"primaryImageOfPage":{"@id":"https:\/\/crusoe.audiencelabs.com.br\/aulas-foram-suspensas-no-brasil-por-conta-das-fortes-tempestades\/#primaryimage"},"image":{"@id":"https:\/\/crusoe.audiencelabs.com.br\/aulas-foram-suspensas-no-brasil-por-conta-das-fortes-tempestades\/#primaryimage"},"thumbnailUrl":"https:\/\/cdn.crusoe.com.br\/uploads\/2026\/04\/q.avif","datePublished":"2026-04-02T10:37:50+00:00","author":{"@id":"https:\/\/crusoe.audiencelabs.com.br\/#\/schema\/person\/f87f73cfe89e5360de2c006bd4bd6a74"},"breadcrumb":{"@id":"https:\/\/crusoe.audiencelabs.com.br\/aulas-foram-suspensas-no-brasil-por-conta-das-fortes-tempestades\/#breadcrumb"},"inLanguage":"pt-BR","potentialAction":[{"@type":"ReadAction","target":["https:\/\/crusoe.audiencelabs.com.br\/aulas-foram-suspensas-no-brasil-por-conta-das-fortes-tempestades\/"]}]},{"@type":"ImageObject","inLanguage":"pt-BR","@id":"https:\/\/crusoe.audiencelabs.com.br\/aulas-foram-suspensas-no-brasil-por-conta-das-fortes-tempestades\/#primaryimage","url":"https:\/\/cdn.crusoe.com.br\/uploads\/2026\/04\/q.avif","contentUrl":"https:\/\/cdn.crusoe.com.br\/uploads\/2026\/04\/q.avif","width":740,"height":493,"caption":"Reprodu\u00e7\u00e3o: Freepik"},{"@type":"BreadcrumbList","@id":"https:\/\/crusoe.audiencelabs.com.br\/aulas-foram-suspensas-no-brasil-por-conta-das-fortes-tempestades\/#breadcrumb","itemListElement":[{"@type":"ListItem","position":1,"name":"Home","item":"https:\/\/crusoe.audiencelabs.com.br\/"},{"@type":"ListItem","position":2,"name":"Aulas foram suspensas no Brasil por conta das fortes tempestades"}]},{"@type":"WebSite","@id":"https:\/\/crusoe.audiencelabs.com.br\/#website","url":"https:\/\/crusoe.audiencelabs.com.br\/","name":"Variedades - Cruso\u00e9","description":"","potentialAction":[{"@type":"SearchAction","target":{"@type":"EntryPoint","urlTemplate":"https:\/\/crusoe.audiencelabs.com.br\/?s={search_term_string}"},"query-input":{"@type":"PropertyValueSpecification","valueRequired":true,"valueName":"search_term_string"}}],"inLanguage":"pt-BR"},{"@type":"Person","@id":"https:\/\/crusoe.audiencelabs.com.br\/#\/schema\/person\/f87f73cfe89e5360de2c006bd4bd6a74","name":"Milena Armando","image":{"@type":"ImageObject","inLanguage":"pt-BR","@id":"https:\/\/crusoe.audiencelabs.com.br\/#\/schema\/person\/image\/","url":"https:\/\/secure.gravatar.com\/avatar\/ea14ecddc9e9d202b698b18f9f69e09c9fd74cfbed5c6008d55f11faefdbdab7?s=96&d=mm&r=g","contentUrl":"https:\/\/secure.gravatar.com\/avatar\/ea14ecddc9e9d202b698b18f9f69e09c9fd74cfbed5c6008d55f11faefdbdab7?s=96&d=mm&r=g","caption":"Milena Armando"},"description":"Jornalista, redatora e revisora.","url":"https:\/\/crusoe.audiencelabs.com.br\/author\/milena\/"}]}},"_links":{"self":[{"href":"https:\/\/crusoe.audiencelabs.com.br\/wp-json\/wp\/v2\/posts\/36157","targetHints":{"allow":["GET"]}}],"collection":[{"href":"https:\/\/crusoe.audiencelabs.com.br\/wp-json\/wp\/v2\/posts"}],"about":[{"href":"https:\/\/crusoe.audiencelabs.com.br\/wp-json\/wp\/v2\/types\/post"}],"author":[{"embeddable":true,"href":"https:\/\/crusoe.audiencelabs.com.br\/wp-json\/wp\/v2\/users\/5"}],"replies":[{"embeddable":true,"href":"https:\/\/crusoe.audiencelabs.com.br\/wp-json\/wp\/v2\/comments?post=36157"}],"version-history":[{"count":2,"href":"https:\/\/crusoe.audiencelabs.com.br\/wp-json\/wp\/v2\/posts\/36157\/revisions"}],"predecessor-version":[{"id":36160,"href":"https:\/\/crusoe.audiencelabs.com.br\/wp-json\/wp\/v2\/posts\/36157\/revisions\/36160"}],"wp:featuredmedia":[{"embeddable":true,"href":"https:\/\/crusoe.audiencelabs.com.br\/wp-json\/wp\/v2\/media\/36158"}],"wp:attachment":[{"href":"https:\/\/crusoe.audiencelabs.com.br\/wp-json\/wp\/v2\/media?parent=36157"}],"wp:term":[{"taxonomy":"category","embeddable":true,"href":"https:\/\/crusoe.audiencelabs.com.br\/wp-json\/wp\/v2\/categories?post=36157"},{"taxonomy":"post_tag","embeddable":true,"href":"https:\/\/crusoe.audiencelabs.com.br\/wp-json\/wp\/v2\/tags?post=36157"}],"curies":[{"name":"wp","href":"https:\/\/api.w.org\/{rel}","templated":true}]}}