{"id":36103,"date":"2026-04-05T08:03:30","date_gmt":"2026-04-05T11:03:30","guid":{"rendered":"https:\/\/crusoe.audiencelabs.com.br\/?p=36103"},"modified":"2026-04-02T10:18:31","modified_gmt":"2026-04-02T13:18:31","slug":"planeta-terra-nao-vai-aguentar-por-muito-mais-tempo-dizem-cientistas","status":"publish","type":"post","link":"https:\/\/crusoe.audiencelabs.com.br\/planeta-terra-nao-vai-aguentar-por-muito-mais-tempo-dizem-cientistas\/","title":{"rendered":"Planeta Terra n\u00e3o vai aguentar por muito mais tempo, dizem cientistas"},"content":{"rendered":"<p data-start=\"59\" data-end=\"471\">A <strong>Terra<\/strong> pode estar se aproximando de um ponto cr\u00edtico. Um estudo publicado na <a href=\"https:\/\/iopscience.iop.org\/journal\/1748-9326\"><em><span class=\"hover:entity-accent entity-underline inline cursor-pointer align-baseline\"><span class=\"whitespace-normal\">Environmental Research Letters<\/span><\/span><\/em><\/a> indica que o<strong> planeta j\u00e1 n\u00e3o consegue sustentar o atual ritmo de consumo humano<\/strong>.<\/p>\n<p data-start=\"59\" data-end=\"471\">Conduzida por uma equipe internacional de pesquisadores, a an\u00e1lise alerta que, diante de uma popula\u00e7\u00e3o global de cerca de 8,3 bilh\u00f5es de pessoas, os desafios podem se intensificar sem mudan\u00e7as estruturais.<\/p>\n<h2 data-section-id=\"p36r9b\" data-start=\"473\" data-end=\"525\">Crescimento populacional e press\u00e3o sobre recursos<\/h2>\n<p data-start=\"527\" data-end=\"730\">Ao revisar dados dos \u00faltimos 200 anos, os cientistas observaram que, embora o crescimento populacional tenha desacelerado desde a d\u00e9cada de 1960, a press\u00e3o sobre os recursos naturais continua aumentando.<\/p>\n<p data-start=\"732\" data-end=\"1033\">As proje\u00e7\u00f5es indicam que a popula\u00e7\u00e3o mundial pode chegar entre 11 bilh\u00f5es e 12 bilh\u00f5es nas pr\u00f3ximas d\u00e9cadas, um cen\u00e1rio considerado insustent\u00e1vel diante da capacidade de regenera\u00e7\u00e3o da Terra.<\/p>\n<p data-start=\"732\" data-end=\"1033\">Ou seja, mesmo com menor ritmo de crescimento, o consumo segue em trajet\u00f3ria incompat\u00edvel com os limites do planeta.<\/p>\n<h2 data-section-id=\"1sakk01\" data-start=\"1035\" data-end=\"1080\">Impacto da explora\u00e7\u00e3o de recursos naturais<\/h2>\n<p data-start=\"1082\" data-end=\"1332\">A explora\u00e7\u00e3o intensiva de combust\u00edveis f\u00f3sseis tem impulsionado a produ\u00e7\u00e3o de alimentos e bens, mas tamb\u00e9m trouxe consequ\u00eancias ambientais. O aumento das emiss\u00f5es de carbono intensifica as mudan\u00e7as clim\u00e1ticas e amea\u00e7a a biodiversidade global.<\/p>\n<p data-start=\"1334\" data-end=\"1595\">O estudo introduz o conceito de \u201cfase demogr\u00e1fica negativa\u201d, indicando que, mesmo com a desacelera\u00e7\u00e3o populacional, a demanda por recursos continua superando a capacidade de regenera\u00e7\u00e3o da Terra, um desequil\u00edbrio que compromete a estabilidade dos ecossistemas.<\/p>\n<h2 data-section-id=\"ob5xbj\" data-start=\"1597\" data-end=\"1632\">Caminhos para a sustentabilidade<\/h2>\n<p data-start=\"1634\" data-end=\"1753\">Diante desse cen\u00e1rio, os pesquisadores destacam a urg\u00eancia de a\u00e7\u00f5es coordenadas. Entre as principais estrat\u00e9gias est\u00e3o:<\/p>\n<ul data-start=\"1755\" data-end=\"1915\">\n<li data-section-id=\"1bf2mtb\" data-start=\"1755\" data-end=\"1788\">Uso mais consciente de energia;<\/li>\n<li data-section-id=\"13uzk49\" data-start=\"1789\" data-end=\"1837\">Melhor gest\u00e3o de recursos h\u00eddricos e do solo;<\/li>\n<li data-section-id=\"1bepe59\" data-start=\"1871\" data-end=\"1915\">Investimento em tecnologias sustent\u00e1veis.<\/li>\n<\/ul>\n<p data-start=\"1917\" data-end=\"2055\">Essas medidas s\u00e3o fundamentais para aliviar a press\u00e3o sobre os recursos naturais e promover um modelo de desenvolvimento mais equilibrado.<\/p>\n<h2 data-section-id=\"lr0ldm\" data-start=\"2057\" data-end=\"2087\">Um desafio global<\/h2>\n<p data-start=\"2089\" data-end=\"2270\">O estudo refor\u00e7a que enfrentar essa crise exige mobiliza\u00e7\u00e3o global. Mais do que um alerta, o momento representa uma oportunidade de repensar padr\u00f5es de consumo e modelos econ\u00f4micos.<\/p>\n<p data-start=\"2272\" data-end=\"2432\">Transforma\u00e7\u00f5es sociais e pol\u00edticas p\u00fablicas voltadas \u00e0 sustentabilidade ser\u00e3o essenciais para alinhar o crescimento humano \u00e0 capacidade regenerativa do planeta.<\/p>\n<p data-start=\"2475\" data-end=\"2655\">A preserva\u00e7\u00e3o de um planeta habit\u00e1vel passa por decis\u00f5es tomadas agora. Com a\u00e7\u00f5es coordenadas, ainda \u00e9 poss\u00edvel reduzir impactos e construir um futuro mais sustent\u00e1vel.<\/p>\n<p data-start=\"2657\" data-end=\"2814\" data-is-last-node=\"\" data-is-only-node=\"\">O desafio \u00e9 grande, mas tamb\u00e9m abre espa\u00e7o para inova\u00e7\u00e3o, consci\u00eancia e mudan\u00e7as capazes de garantir equil\u00edbrio ambiental para as pr\u00f3ximas gera\u00e7\u00f5es.<\/p>\n","protected":false},"excerpt":{"rendered":"<p>A Terra pode estar se aproximando de um ponto cr\u00edtico. Um estudo publicado na Environmental Research Letters indica que o planeta j\u00e1 n\u00e3o consegue sustentar o atual ritmo de consumo humano. Conduzida por uma equipe internacional de pesquisadores, a an\u00e1lise alerta que, diante de uma popula\u00e7\u00e3o global de cerca de 8,3 bilh\u00f5es de pessoas, os [&hellip;]<\/p>\n","protected":false},"author":5,"featured_media":36104,"comment_status":"open","ping_status":"open","sticky":false,"template":"","format":"standard","meta":{"jnews-multi-image_gallery":[],"jnews_single_post":{"subtitle":"","format":"standard","jnews_video_option_group":[[]],"override":[{"template":"2","parallax":"1","fullscreen":"1","layout":"right-sidebar","sidebar":"default-sidebar","second_sidebar":"default-sidebar","sticky_sidebar":"1","share_position":"hide","share_float_style":"share-monocrhome","show_featured":"1","show_post_meta":"1","show_post_author":"1","show_post_date":"1","post_date_format":"default","post_date_format_custom":"Y\/m\/d","show_post_category":"1","show_post_reading_time":"0","post_reading_time_wpm":"300","post_calculate_word_method":"str_word_count","show_zoom_button":"0","zoom_button_out_step":"2","zoom_button_in_step":"3","show_post_tag":"1","show_popup_post":"1","number_popup_post":"1","show_author_box":"1","show_post_related":"0"}],"image_override":[{"single_post_thumbnail_size":"crop-500","single_post_gallery_size":"crop-500"}],"trending_post_position":"meta","trending_post_label":"Trending","sponsored_post_label":"Sponsored by","disable_ad":"0"},"jnews_primary_category":[],"jnews_override_counter":{"view_counter_number":"0","share_counter_number":"0","like_counter_number":"0","dislike_counter_number":"0"},"jnews_post_split":{"post_split":[{"template":"1","tag":"h2","numbering":"asc","mode":"normal","first":"0","enable_toc":"0","toc_type":"normal"}]},"footnotes":""},"categories":[1],"tags":[724],"class_list":["post-36103","post","type-post","status-publish","format-standard","has-post-thumbnail","hentry","category-geral","tag-terra"],"yoast_head":"<!-- This site is optimized with the Yoast SEO plugin v25.0 - https:\/\/yoast.com\/wordpress\/plugins\/seo\/ -->\n<title>Planeta Terra n\u00e3o vai aguentar por muito mais tempo, dizem cientistas<\/title>\n<meta name=\"robots\" content=\"index, follow, max-snippet:-1, max-image-preview:large, max-video-preview:-1\" \/>\n<link rel=\"canonical\" href=\"https:\/\/crusoe.audiencelabs.com.br\/planeta-terra-nao-vai-aguentar-por-muito-mais-tempo-dizem-cientistas\/\" \/>\n<meta property=\"og:locale\" content=\"pt_BR\" \/>\n<meta property=\"og:type\" content=\"article\" \/>\n<meta property=\"og:title\" content=\"Planeta Terra n\u00e3o vai aguentar por muito mais tempo, dizem cientistas\" \/>\n<meta property=\"og:description\" content=\"A Terra pode estar se aproximando de um ponto cr\u00edtico. Um estudo publicado na Environmental Research Letters indica que o planeta j\u00e1 n\u00e3o consegue sustentar o atual ritmo de consumo humano. Conduzida por uma equipe internacional de pesquisadores, a an\u00e1lise alerta que, diante de uma popula\u00e7\u00e3o global de cerca de 8,3 bilh\u00f5es de pessoas, os [&hellip;]\" \/>\n<meta property=\"og:url\" content=\"https:\/\/crusoe.audiencelabs.com.br\/planeta-terra-nao-vai-aguentar-por-muito-mais-tempo-dizem-cientistas\/\" \/>\n<meta property=\"og:site_name\" content=\"Variedades - Cruso\u00e9\" \/>\n<meta property=\"article:published_time\" content=\"2026-04-05T11:03:30+00:00\" \/>\n<meta name=\"author\" content=\"Milena Armando\" \/>\n<meta name=\"twitter:card\" content=\"summary_large_image\" \/>\n<meta name=\"twitter:label1\" content=\"Escrito por\" \/>\n\t<meta name=\"twitter:data1\" content=\"Milena Armando\" \/>\n\t<meta name=\"twitter:label2\" content=\"Est. tempo de leitura\" \/>\n\t<meta name=\"twitter:data2\" content=\"3 minutos\" \/>\n<script type=\"application\/ld+json\" class=\"yoast-schema-graph\">{\"@context\":\"https:\/\/schema.org\",\"@graph\":[{\"@type\":\"WebPage\",\"@id\":\"https:\/\/crusoe.audiencelabs.com.br\/planeta-terra-nao-vai-aguentar-por-muito-mais-tempo-dizem-cientistas\/\",\"url\":\"https:\/\/crusoe.audiencelabs.com.br\/planeta-terra-nao-vai-aguentar-por-muito-mais-tempo-dizem-cientistas\/\",\"name\":\"Planeta Terra n\u00e3o vai aguentar por muito mais tempo, dizem cientistas\",\"isPartOf\":{\"@id\":\"https:\/\/crusoe.audiencelabs.com.br\/#website\"},\"primaryImageOfPage\":{\"@id\":\"https:\/\/crusoe.audiencelabs.com.br\/planeta-terra-nao-vai-aguentar-por-muito-mais-tempo-dizem-cientistas\/#primaryimage\"},\"image\":{\"@id\":\"https:\/\/crusoe.audiencelabs.com.br\/planeta-terra-nao-vai-aguentar-por-muito-mais-tempo-dizem-cientistas\/#primaryimage\"},\"thumbnailUrl\":\"https:\/\/cdn.crusoe.com.br\/uploads\/2026\/04\/terra-e-nebulosa-de-fundo-espacial_23-2151955854.avif\",\"datePublished\":\"2026-04-05T11:03:30+00:00\",\"author\":{\"@id\":\"https:\/\/crusoe.audiencelabs.com.br\/#\/schema\/person\/f87f73cfe89e5360de2c006bd4bd6a74\"},\"breadcrumb\":{\"@id\":\"https:\/\/crusoe.audiencelabs.com.br\/planeta-terra-nao-vai-aguentar-por-muito-mais-tempo-dizem-cientistas\/#breadcrumb\"},\"inLanguage\":\"pt-BR\",\"potentialAction\":[{\"@type\":\"ReadAction\",\"target\":[\"https:\/\/crusoe.audiencelabs.com.br\/planeta-terra-nao-vai-aguentar-por-muito-mais-tempo-dizem-cientistas\/\"]}]},{\"@type\":\"ImageObject\",\"inLanguage\":\"pt-BR\",\"@id\":\"https:\/\/crusoe.audiencelabs.com.br\/planeta-terra-nao-vai-aguentar-por-muito-mais-tempo-dizem-cientistas\/#primaryimage\",\"url\":\"https:\/\/cdn.crusoe.com.br\/uploads\/2026\/04\/terra-e-nebulosa-de-fundo-espacial_23-2151955854.avif\",\"contentUrl\":\"https:\/\/cdn.crusoe.com.br\/uploads\/2026\/04\/terra-e-nebulosa-de-fundo-espacial_23-2151955854.avif\",\"width\":360,\"height\":205,\"caption\":\"Reprodu\u00e7\u00e3o: Freepik\"},{\"@type\":\"BreadcrumbList\",\"@id\":\"https:\/\/crusoe.audiencelabs.com.br\/planeta-terra-nao-vai-aguentar-por-muito-mais-tempo-dizem-cientistas\/#breadcrumb\",\"itemListElement\":[{\"@type\":\"ListItem\",\"position\":1,\"name\":\"Home\",\"item\":\"https:\/\/crusoe.audiencelabs.com.br\/\"},{\"@type\":\"ListItem\",\"position\":2,\"name\":\"Planeta Terra n\u00e3o vai aguentar por muito mais tempo, dizem cientistas\"}]},{\"@type\":\"WebSite\",\"@id\":\"https:\/\/crusoe.audiencelabs.com.br\/#website\",\"url\":\"https:\/\/crusoe.audiencelabs.com.br\/\",\"name\":\"Variedades - Cruso\u00e9\",\"description\":\"\",\"potentialAction\":[{\"@type\":\"SearchAction\",\"target\":{\"@type\":\"EntryPoint\",\"urlTemplate\":\"https:\/\/crusoe.audiencelabs.com.br\/?s={search_term_string}\"},\"query-input\":{\"@type\":\"PropertyValueSpecification\",\"valueRequired\":true,\"valueName\":\"search_term_string\"}}],\"inLanguage\":\"pt-BR\"},{\"@type\":\"Person\",\"@id\":\"https:\/\/crusoe.audiencelabs.com.br\/#\/schema\/person\/f87f73cfe89e5360de2c006bd4bd6a74\",\"name\":\"Milena Armando\",\"image\":{\"@type\":\"ImageObject\",\"inLanguage\":\"pt-BR\",\"@id\":\"https:\/\/crusoe.audiencelabs.com.br\/#\/schema\/person\/image\/\",\"url\":\"https:\/\/secure.gravatar.com\/avatar\/ea14ecddc9e9d202b698b18f9f69e09c9fd74cfbed5c6008d55f11faefdbdab7?s=96&d=mm&r=g\",\"contentUrl\":\"https:\/\/secure.gravatar.com\/avatar\/ea14ecddc9e9d202b698b18f9f69e09c9fd74cfbed5c6008d55f11faefdbdab7?s=96&d=mm&r=g\",\"caption\":\"Milena Armando\"},\"description\":\"Jornalista, redatora e revisora.\",\"url\":\"https:\/\/crusoe.audiencelabs.com.br\/author\/milena\/\"}]}<\/script>\n<!-- \/ Yoast SEO plugin. -->","yoast_head_json":{"title":"Planeta Terra n\u00e3o vai aguentar por muito mais tempo, dizem cientistas","robots":{"index":"index","follow":"follow","max-snippet":"max-snippet:-1","max-image-preview":"max-image-preview:large","max-video-preview":"max-video-preview:-1"},"canonical":"https:\/\/crusoe.audiencelabs.com.br\/planeta-terra-nao-vai-aguentar-por-muito-mais-tempo-dizem-cientistas\/","og_locale":"pt_BR","og_type":"article","og_title":"Planeta Terra n\u00e3o vai aguentar por muito mais tempo, dizem cientistas","og_description":"A Terra pode estar se aproximando de um ponto cr\u00edtico. Um estudo publicado na Environmental Research Letters indica que o planeta j\u00e1 n\u00e3o consegue sustentar o atual ritmo de consumo humano. Conduzida por uma equipe internacional de pesquisadores, a an\u00e1lise alerta que, diante de uma popula\u00e7\u00e3o global de cerca de 8,3 bilh\u00f5es de pessoas, os [&hellip;]","og_url":"https:\/\/crusoe.audiencelabs.com.br\/planeta-terra-nao-vai-aguentar-por-muito-mais-tempo-dizem-cientistas\/","og_site_name":"Variedades - Cruso\u00e9","article_published_time":"2026-04-05T11:03:30+00:00","author":"Milena Armando","twitter_card":"summary_large_image","twitter_misc":{"Escrito por":"Milena Armando","Est. tempo de leitura":"3 minutos"},"schema":{"@context":"https:\/\/schema.org","@graph":[{"@type":"WebPage","@id":"https:\/\/crusoe.audiencelabs.com.br\/planeta-terra-nao-vai-aguentar-por-muito-mais-tempo-dizem-cientistas\/","url":"https:\/\/crusoe.audiencelabs.com.br\/planeta-terra-nao-vai-aguentar-por-muito-mais-tempo-dizem-cientistas\/","name":"Planeta Terra n\u00e3o vai aguentar por muito mais tempo, dizem cientistas","isPartOf":{"@id":"https:\/\/crusoe.audiencelabs.com.br\/#website"},"primaryImageOfPage":{"@id":"https:\/\/crusoe.audiencelabs.com.br\/planeta-terra-nao-vai-aguentar-por-muito-mais-tempo-dizem-cientistas\/#primaryimage"},"image":{"@id":"https:\/\/crusoe.audiencelabs.com.br\/planeta-terra-nao-vai-aguentar-por-muito-mais-tempo-dizem-cientistas\/#primaryimage"},"thumbnailUrl":"https:\/\/cdn.crusoe.com.br\/uploads\/2026\/04\/terra-e-nebulosa-de-fundo-espacial_23-2151955854.avif","datePublished":"2026-04-05T11:03:30+00:00","author":{"@id":"https:\/\/crusoe.audiencelabs.com.br\/#\/schema\/person\/f87f73cfe89e5360de2c006bd4bd6a74"},"breadcrumb":{"@id":"https:\/\/crusoe.audiencelabs.com.br\/planeta-terra-nao-vai-aguentar-por-muito-mais-tempo-dizem-cientistas\/#breadcrumb"},"inLanguage":"pt-BR","potentialAction":[{"@type":"ReadAction","target":["https:\/\/crusoe.audiencelabs.com.br\/planeta-terra-nao-vai-aguentar-por-muito-mais-tempo-dizem-cientistas\/"]}]},{"@type":"ImageObject","inLanguage":"pt-BR","@id":"https:\/\/crusoe.audiencelabs.com.br\/planeta-terra-nao-vai-aguentar-por-muito-mais-tempo-dizem-cientistas\/#primaryimage","url":"https:\/\/cdn.crusoe.com.br\/uploads\/2026\/04\/terra-e-nebulosa-de-fundo-espacial_23-2151955854.avif","contentUrl":"https:\/\/cdn.crusoe.com.br\/uploads\/2026\/04\/terra-e-nebulosa-de-fundo-espacial_23-2151955854.avif","width":360,"height":205,"caption":"Reprodu\u00e7\u00e3o: Freepik"},{"@type":"BreadcrumbList","@id":"https:\/\/crusoe.audiencelabs.com.br\/planeta-terra-nao-vai-aguentar-por-muito-mais-tempo-dizem-cientistas\/#breadcrumb","itemListElement":[{"@type":"ListItem","position":1,"name":"Home","item":"https:\/\/crusoe.audiencelabs.com.br\/"},{"@type":"ListItem","position":2,"name":"Planeta Terra n\u00e3o vai aguentar por muito mais tempo, dizem cientistas"}]},{"@type":"WebSite","@id":"https:\/\/crusoe.audiencelabs.com.br\/#website","url":"https:\/\/crusoe.audiencelabs.com.br\/","name":"Variedades - Cruso\u00e9","description":"","potentialAction":[{"@type":"SearchAction","target":{"@type":"EntryPoint","urlTemplate":"https:\/\/crusoe.audiencelabs.com.br\/?s={search_term_string}"},"query-input":{"@type":"PropertyValueSpecification","valueRequired":true,"valueName":"search_term_string"}}],"inLanguage":"pt-BR"},{"@type":"Person","@id":"https:\/\/crusoe.audiencelabs.com.br\/#\/schema\/person\/f87f73cfe89e5360de2c006bd4bd6a74","name":"Milena Armando","image":{"@type":"ImageObject","inLanguage":"pt-BR","@id":"https:\/\/crusoe.audiencelabs.com.br\/#\/schema\/person\/image\/","url":"https:\/\/secure.gravatar.com\/avatar\/ea14ecddc9e9d202b698b18f9f69e09c9fd74cfbed5c6008d55f11faefdbdab7?s=96&d=mm&r=g","contentUrl":"https:\/\/secure.gravatar.com\/avatar\/ea14ecddc9e9d202b698b18f9f69e09c9fd74cfbed5c6008d55f11faefdbdab7?s=96&d=mm&r=g","caption":"Milena Armando"},"description":"Jornalista, redatora e revisora.","url":"https:\/\/crusoe.audiencelabs.com.br\/author\/milena\/"}]}},"_links":{"self":[{"href":"https:\/\/crusoe.audiencelabs.com.br\/wp-json\/wp\/v2\/posts\/36103","targetHints":{"allow":["GET"]}}],"collection":[{"href":"https:\/\/crusoe.audiencelabs.com.br\/wp-json\/wp\/v2\/posts"}],"about":[{"href":"https:\/\/crusoe.audiencelabs.com.br\/wp-json\/wp\/v2\/types\/post"}],"author":[{"embeddable":true,"href":"https:\/\/crusoe.audiencelabs.com.br\/wp-json\/wp\/v2\/users\/5"}],"replies":[{"embeddable":true,"href":"https:\/\/crusoe.audiencelabs.com.br\/wp-json\/wp\/v2\/comments?post=36103"}],"version-history":[{"count":3,"href":"https:\/\/crusoe.audiencelabs.com.br\/wp-json\/wp\/v2\/posts\/36103\/revisions"}],"predecessor-version":[{"id":36297,"href":"https:\/\/crusoe.audiencelabs.com.br\/wp-json\/wp\/v2\/posts\/36103\/revisions\/36297"}],"wp:featuredmedia":[{"embeddable":true,"href":"https:\/\/crusoe.audiencelabs.com.br\/wp-json\/wp\/v2\/media\/36104"}],"wp:attachment":[{"href":"https:\/\/crusoe.audiencelabs.com.br\/wp-json\/wp\/v2\/media?parent=36103"}],"wp:term":[{"taxonomy":"category","embeddable":true,"href":"https:\/\/crusoe.audiencelabs.com.br\/wp-json\/wp\/v2\/categories?post=36103"},{"taxonomy":"post_tag","embeddable":true,"href":"https:\/\/crusoe.audiencelabs.com.br\/wp-json\/wp\/v2\/tags?post=36103"}],"curies":[{"name":"wp","href":"https:\/\/api.w.org\/{rel}","templated":true}]}}