{"id":36097,"date":"2026-04-05T07:03:56","date_gmt":"2026-04-05T10:03:56","guid":{"rendered":"https:\/\/crusoe.audiencelabs.com.br\/?p=36097"},"modified":"2026-04-02T10:12:24","modified_gmt":"2026-04-02T13:12:24","slug":"ter-dividas-ou-preocupacao-com-financas-pode-acelerar-o-desgaste-do-coracao-aponta-estudo","status":"publish","type":"post","link":"https:\/\/crusoe.audiencelabs.com.br\/ter-dividas-ou-preocupacao-com-financas-pode-acelerar-o-desgaste-do-coracao-aponta-estudo\/","title":{"rendered":"Ter d\u00edvidas ou preocupa\u00e7\u00e3o com finan\u00e7as pode acelerar o desgaste do cora\u00e7\u00e3o, aponta estudo"},"content":{"rendered":"<div class=\"flex flex-col text-sm pb-25\">\n<section class=\"text-token-text-primary w-full focus:outline-none [--shadow-height:45px] has-data-writing-block:pointer-events-none has-data-writing-block:-mt-(--shadow-height) has-data-writing-block:pt-(--shadow-height) [&amp;:has([data-writing-block])&gt;*]:pointer-events-auto scroll-mt-[calc(var(--header-height)+min(200px,max(70px,20svh)))]\" dir=\"auto\" data-turn-id=\"request-WEB:3cb36768-b774-4cc2-b36e-60b637d0b242-27\" data-testid=\"conversation-turn-16\" data-scroll-anchor=\"true\" data-turn=\"assistant\">\n<div class=\"text-base my-auto mx-auto pb-10 [--thread-content-margin:var(--thread-content-margin-xs,calc(var(--spacing)*4))] @w-sm\/main:[--thread-content-margin:var(--thread-content-margin-sm,calc(var(--spacing)*6))] @w-lg\/main:[--thread-content-margin:var(--thread-content-margin-lg,calc(var(--spacing)*16))] px-(--thread-content-margin)\">\n<div class=\"[--thread-content-max-width:40rem] @w-lg\/main:[--thread-content-max-width:48rem] mx-auto max-w-(--thread-content-max-width) flex-1 group\/turn-messages focus-visible:outline-hidden relative flex w-full min-w-0 flex-col agent-turn\">\n<div class=\"flex max-w-full flex-col gap-4 grow\">\n<div class=\"min-h-8 text-message relative flex w-full flex-col items-end gap-2 text-start break-words whitespace-normal outline-none keyboard-focused:focus-ring [.text-message+&amp;]:mt-1\" dir=\"auto\" data-message-author-role=\"assistant\" data-message-id=\"68f54223-2ef1-4556-ae2e-9fd03197882e\" data-message-model-slug=\"gpt-5-3\" data-turn-start-message=\"true\">\n<div class=\"flex w-full flex-col gap-1 empty:hidden\">\n<div class=\"markdown prose dark:prose-invert w-full wrap-break-word dark markdown-new-styling\">\n<p data-start=\"57\" data-end=\"444\">Um estudo recente da <span class=\"hover:entity-accent entity-underline inline cursor-pointer align-baseline\"><span class=\"whitespace-normal\">Cl\u00ednica Mayo<\/span><\/span> aponta que o<strong> estresse financeiro pode ter efeitos negativos sobre a sa\u00fade cardiovascular.<\/strong><\/p>\n<p data-start=\"57\" data-end=\"444\">Ao longo de dois anos, a an\u00e1lise de centenas de exames revelou que dificuldades econ\u00f4micas podem aumentar em at\u00e9 <strong>60% o risco de morte por problemas card\u00edacos,<\/strong> mais que o dobro do risco associado ao tabagismo.<\/p>\n<p data-start=\"446\" data-end=\"801\">A pesquisa buscou entender como fatores socioecon\u00f4micos influenciam o cora\u00e7\u00e3o, comparando-os a condi\u00e7\u00f5es cl\u00ednicas tradicionais, como a <span class=\"hover:entity-accent entity-underline inline cursor-pointer align-baseline\"><span class=\"whitespace-normal\">hipertens\u00e3o<\/span><\/span> e o <span class=\"hover:entity-accent entity-underline inline cursor-pointer align-baseline\"><span class=\"whitespace-normal\">diabetes<\/span><\/span>.<\/p>\n<h2 data-section-id=\"1xin6b2\" data-start=\"803\" data-end=\"844\">Fatores sociais e risco cardiovascular<\/h2>\n<p data-start=\"846\" data-end=\"1125\">A rela\u00e7\u00e3o entre dificuldades econ\u00f4micas e doen\u00e7as do cora\u00e7\u00e3o se mostra cada vez mais evidente. Pessoas em situa\u00e7\u00e3o de vulnerabilidade apresentam risco maior de mortalidade,<\/p>\n<p data-start=\"1127\" data-end=\"1411\">O acesso limitado a servi\u00e7os m\u00e9dicos, alimenta\u00e7\u00e3o adequada e informa\u00e7\u00e3o de qualidade agrava esse cen\u00e1rio, principalmente em popula\u00e7\u00f5es mais vulner\u00e1veis.<\/p>\n<h2 data-section-id=\"1pw69a6\" data-start=\"1413\" data-end=\"1445\">Impactos para a sa\u00fade p\u00fablica<\/h2>\n<p data-start=\"1447\" data-end=\"1668\">As descobertas refor\u00e7am a import\u00e2ncia de considerar fatores sociais nas pol\u00edticas de sa\u00fade. No Brasil, as doen\u00e7as cardiovasculares seguem como a principal causa de morte, evidenciando a necessidade de a\u00e7\u00f5es mais abrangentes.<\/p>\n<p data-start=\"1670\" data-end=\"1978\">Medidas que promovam acesso \u00e0 alimenta\u00e7\u00e3o saud\u00e1vel, incentivo \u00e0 pr\u00e1tica de atividades f\u00edsicas e amplia\u00e7\u00e3o dos servi\u00e7os de sa\u00fade em regi\u00f5es mais carentes s\u00e3o essenciais para reduzir esse impacto.<\/p>\n<h2 data-section-id=\"j50obx\" data-start=\"1980\" data-end=\"2024\">Novos caminhos para pesquisas<\/h2>\n<p data-start=\"2026\" data-end=\"2257\">A tend\u00eancia agora \u00e9 integrar os determinantes sociais \u00e0s avalia\u00e7\u00f5es de risco cardiovascular. Esse novo olhar pode transformar as estrat\u00e9gias de preven\u00e7\u00e3o e os modelos de tratamento, tornando-os mais completos.<\/p>\n<p data-start=\"2259\" data-end=\"2451\">Ao reconhecer o peso do estresse financeiro na sa\u00fade do cora\u00e7\u00e3o, a ci\u00eancia abre caminho para abordagens mais humanas, capazes de melhorar a qualidade de vida de milh\u00f5es de pessoas.<\/p>\n<h2 data-section-id=\"tgcwal\" data-start=\"2453\" data-end=\"2491\">Um desafio que vai al\u00e9m da medicina<\/h2>\n<p data-start=\"2493\" data-end=\"2732\">O estudo refor\u00e7a que cuidar do cora\u00e7\u00e3o n\u00e3o envolve apenas h\u00e1bitos individuais, mas tamb\u00e9m condi\u00e7\u00f5es sociais e econ\u00f4micas. Avan\u00e7ar nesse debate \u00e9 fundamental para construir pol\u00edticas p\u00fablicas e sistemas de sa\u00fade mais acess\u00edveis.<\/p>\n<p data-start=\"2734\" data-end=\"2922\" data-is-last-node=\"\" data-is-only-node=\"\">Com a continuidade das pesquisas, a expectativa \u00e9 que esses dados contribuam para solu\u00e7\u00f5es concretas, reduzindo desigualdades e promovendo uma sa\u00fade mais equilibrada para toda a popula\u00e7\u00e3o.<\/p>\n<\/div>\n<\/div>\n<\/div>\n<\/div>\n<\/div>\n<\/div>\n<\/section>\n<\/div>\n","protected":false},"excerpt":{"rendered":"<p>Um estudo recente da Cl\u00ednica Mayo aponta que o estresse financeiro pode ter efeitos negativos sobre a sa\u00fade cardiovascular. Ao longo de dois anos, a an\u00e1lise de centenas de exames revelou que dificuldades econ\u00f4micas podem aumentar em at\u00e9 60% o risco de morte por problemas card\u00edacos, mais que o dobro do risco associado ao tabagismo. [&hellip;]<\/p>\n","protected":false},"author":5,"featured_media":36098,"comment_status":"open","ping_status":"open","sticky":false,"template":"","format":"standard","meta":{"jnews-multi-image_gallery":[],"jnews_single_post":{"subtitle":"","format":"standard","jnews_video_option_group":[[]],"override":[{"template":"2","parallax":"1","fullscreen":"1","layout":"right-sidebar","sidebar":"default-sidebar","second_sidebar":"default-sidebar","sticky_sidebar":"1","share_position":"hide","share_float_style":"share-monocrhome","show_featured":"1","show_post_meta":"1","show_post_author":"1","show_post_date":"1","post_date_format":"default","post_date_format_custom":"Y\/m\/d","show_post_category":"1","show_post_reading_time":"0","post_reading_time_wpm":"300","post_calculate_word_method":"str_word_count","show_zoom_button":"0","zoom_button_out_step":"2","zoom_button_in_step":"3","show_post_tag":"1","show_popup_post":"1","number_popup_post":"1","show_author_box":"1","show_post_related":"0"}],"image_override":[{"single_post_thumbnail_size":"crop-500","single_post_gallery_size":"crop-500"}],"trending_post_position":"meta","trending_post_label":"Trending","sponsored_post_label":"Sponsored by","disable_ad":"0"},"jnews_primary_category":[],"jnews_override_counter":{"view_counter_number":"0","share_counter_number":"0","like_counter_number":"0","dislike_counter_number":"0"},"jnews_post_split":{"post_split":[{"template":"1","tag":"h2","numbering":"asc","mode":"normal","first":"0","enable_toc":"0","toc_type":"normal"}]},"footnotes":""},"categories":[1],"tags":[234],"class_list":["post-36097","post","type-post","status-publish","format-standard","has-post-thumbnail","hentry","category-geral","tag-saude"],"yoast_head":"<!-- This site is optimized with the Yoast SEO plugin v25.0 - https:\/\/yoast.com\/wordpress\/plugins\/seo\/ -->\n<title>Ter d\u00edvidas ou preocupa\u00e7\u00e3o com finan\u00e7as pode acelerar o desgaste do cora\u00e7\u00e3o, aponta estudo<\/title>\n<meta name=\"robots\" content=\"index, follow, max-snippet:-1, max-image-preview:large, max-video-preview:-1\" \/>\n<link rel=\"canonical\" href=\"https:\/\/crusoe.audiencelabs.com.br\/ter-dividas-ou-preocupacao-com-financas-pode-acelerar-o-desgaste-do-coracao-aponta-estudo\/\" \/>\n<meta property=\"og:locale\" content=\"pt_BR\" \/>\n<meta property=\"og:type\" content=\"article\" \/>\n<meta property=\"og:title\" content=\"Ter d\u00edvidas ou preocupa\u00e7\u00e3o com finan\u00e7as pode acelerar o desgaste do cora\u00e7\u00e3o, aponta estudo\" \/>\n<meta property=\"og:description\" content=\"Um estudo recente da Cl\u00ednica Mayo aponta que o estresse financeiro pode ter efeitos negativos sobre a sa\u00fade cardiovascular. Ao longo de dois anos, a an\u00e1lise de centenas de exames revelou que dificuldades econ\u00f4micas podem aumentar em at\u00e9 60% o risco de morte por problemas card\u00edacos, mais que o dobro do risco associado ao tabagismo. [&hellip;]\" \/>\n<meta property=\"og:url\" content=\"https:\/\/crusoe.audiencelabs.com.br\/ter-dividas-ou-preocupacao-com-financas-pode-acelerar-o-desgaste-do-coracao-aponta-estudo\/\" \/>\n<meta property=\"og:site_name\" content=\"Variedades - Cruso\u00e9\" \/>\n<meta property=\"article:published_time\" content=\"2026-04-05T10:03:56+00:00\" \/>\n<meta name=\"author\" content=\"Milena Armando\" \/>\n<meta name=\"twitter:card\" content=\"summary_large_image\" \/>\n<meta name=\"twitter:label1\" content=\"Escrito por\" \/>\n\t<meta name=\"twitter:data1\" content=\"Milena Armando\" \/>\n\t<meta name=\"twitter:label2\" content=\"Est. tempo de leitura\" \/>\n\t<meta name=\"twitter:data2\" content=\"3 minutos\" \/>\n<script type=\"application\/ld+json\" class=\"yoast-schema-graph\">{\"@context\":\"https:\/\/schema.org\",\"@graph\":[{\"@type\":\"WebPage\",\"@id\":\"https:\/\/crusoe.audiencelabs.com.br\/ter-dividas-ou-preocupacao-com-financas-pode-acelerar-o-desgaste-do-coracao-aponta-estudo\/\",\"url\":\"https:\/\/crusoe.audiencelabs.com.br\/ter-dividas-ou-preocupacao-com-financas-pode-acelerar-o-desgaste-do-coracao-aponta-estudo\/\",\"name\":\"Ter d\u00edvidas ou preocupa\u00e7\u00e3o com finan\u00e7as pode acelerar o desgaste do cora\u00e7\u00e3o, aponta estudo\",\"isPartOf\":{\"@id\":\"https:\/\/crusoe.audiencelabs.com.br\/#website\"},\"primaryImageOfPage\":{\"@id\":\"https:\/\/crusoe.audiencelabs.com.br\/ter-dividas-ou-preocupacao-com-financas-pode-acelerar-o-desgaste-do-coracao-aponta-estudo\/#primaryimage\"},\"image\":{\"@id\":\"https:\/\/crusoe.audiencelabs.com.br\/ter-dividas-ou-preocupacao-com-financas-pode-acelerar-o-desgaste-do-coracao-aponta-estudo\/#primaryimage\"},\"thumbnailUrl\":\"https:\/\/cdn.crusoe.com.br\/uploads\/2026\/04\/dinheiro-brasileiro-com-calculadora-e-fundo-grafico-numerico_88235-4112.avif\",\"datePublished\":\"2026-04-05T10:03:56+00:00\",\"author\":{\"@id\":\"https:\/\/crusoe.audiencelabs.com.br\/#\/schema\/person\/f87f73cfe89e5360de2c006bd4bd6a74\"},\"breadcrumb\":{\"@id\":\"https:\/\/crusoe.audiencelabs.com.br\/ter-dividas-ou-preocupacao-com-financas-pode-acelerar-o-desgaste-do-coracao-aponta-estudo\/#breadcrumb\"},\"inLanguage\":\"pt-BR\",\"potentialAction\":[{\"@type\":\"ReadAction\",\"target\":[\"https:\/\/crusoe.audiencelabs.com.br\/ter-dividas-ou-preocupacao-com-financas-pode-acelerar-o-desgaste-do-coracao-aponta-estudo\/\"]}]},{\"@type\":\"ImageObject\",\"inLanguage\":\"pt-BR\",\"@id\":\"https:\/\/crusoe.audiencelabs.com.br\/ter-dividas-ou-preocupacao-com-financas-pode-acelerar-o-desgaste-do-coracao-aponta-estudo\/#primaryimage\",\"url\":\"https:\/\/cdn.crusoe.com.br\/uploads\/2026\/04\/dinheiro-brasileiro-com-calculadora-e-fundo-grafico-numerico_88235-4112.avif\",\"contentUrl\":\"https:\/\/cdn.crusoe.com.br\/uploads\/2026\/04\/dinheiro-brasileiro-com-calculadora-e-fundo-grafico-numerico_88235-4112.avif\",\"width\":740,\"height\":493,\"caption\":\"Reprodu\u00e7\u00e3o: Freepik\"},{\"@type\":\"BreadcrumbList\",\"@id\":\"https:\/\/crusoe.audiencelabs.com.br\/ter-dividas-ou-preocupacao-com-financas-pode-acelerar-o-desgaste-do-coracao-aponta-estudo\/#breadcrumb\",\"itemListElement\":[{\"@type\":\"ListItem\",\"position\":1,\"name\":\"Home\",\"item\":\"https:\/\/crusoe.audiencelabs.com.br\/\"},{\"@type\":\"ListItem\",\"position\":2,\"name\":\"Ter d\u00edvidas ou preocupa\u00e7\u00e3o com finan\u00e7as pode acelerar o desgaste do cora\u00e7\u00e3o, aponta estudo\"}]},{\"@type\":\"WebSite\",\"@id\":\"https:\/\/crusoe.audiencelabs.com.br\/#website\",\"url\":\"https:\/\/crusoe.audiencelabs.com.br\/\",\"name\":\"Variedades - Cruso\u00e9\",\"description\":\"\",\"potentialAction\":[{\"@type\":\"SearchAction\",\"target\":{\"@type\":\"EntryPoint\",\"urlTemplate\":\"https:\/\/crusoe.audiencelabs.com.br\/?s={search_term_string}\"},\"query-input\":{\"@type\":\"PropertyValueSpecification\",\"valueRequired\":true,\"valueName\":\"search_term_string\"}}],\"inLanguage\":\"pt-BR\"},{\"@type\":\"Person\",\"@id\":\"https:\/\/crusoe.audiencelabs.com.br\/#\/schema\/person\/f87f73cfe89e5360de2c006bd4bd6a74\",\"name\":\"Milena Armando\",\"image\":{\"@type\":\"ImageObject\",\"inLanguage\":\"pt-BR\",\"@id\":\"https:\/\/crusoe.audiencelabs.com.br\/#\/schema\/person\/image\/\",\"url\":\"https:\/\/secure.gravatar.com\/avatar\/ea14ecddc9e9d202b698b18f9f69e09c9fd74cfbed5c6008d55f11faefdbdab7?s=96&d=mm&r=g\",\"contentUrl\":\"https:\/\/secure.gravatar.com\/avatar\/ea14ecddc9e9d202b698b18f9f69e09c9fd74cfbed5c6008d55f11faefdbdab7?s=96&d=mm&r=g\",\"caption\":\"Milena Armando\"},\"description\":\"Jornalista, redatora e revisora.\",\"url\":\"https:\/\/crusoe.audiencelabs.com.br\/author\/milena\/\"}]}<\/script>\n<!-- \/ Yoast SEO plugin. -->","yoast_head_json":{"title":"Ter d\u00edvidas ou preocupa\u00e7\u00e3o com finan\u00e7as pode acelerar o desgaste do cora\u00e7\u00e3o, aponta estudo","robots":{"index":"index","follow":"follow","max-snippet":"max-snippet:-1","max-image-preview":"max-image-preview:large","max-video-preview":"max-video-preview:-1"},"canonical":"https:\/\/crusoe.audiencelabs.com.br\/ter-dividas-ou-preocupacao-com-financas-pode-acelerar-o-desgaste-do-coracao-aponta-estudo\/","og_locale":"pt_BR","og_type":"article","og_title":"Ter d\u00edvidas ou preocupa\u00e7\u00e3o com finan\u00e7as pode acelerar o desgaste do cora\u00e7\u00e3o, aponta estudo","og_description":"Um estudo recente da Cl\u00ednica Mayo aponta que o estresse financeiro pode ter efeitos negativos sobre a sa\u00fade cardiovascular. Ao longo de dois anos, a an\u00e1lise de centenas de exames revelou que dificuldades econ\u00f4micas podem aumentar em at\u00e9 60% o risco de morte por problemas card\u00edacos, mais que o dobro do risco associado ao tabagismo. [&hellip;]","og_url":"https:\/\/crusoe.audiencelabs.com.br\/ter-dividas-ou-preocupacao-com-financas-pode-acelerar-o-desgaste-do-coracao-aponta-estudo\/","og_site_name":"Variedades - Cruso\u00e9","article_published_time":"2026-04-05T10:03:56+00:00","author":"Milena Armando","twitter_card":"summary_large_image","twitter_misc":{"Escrito por":"Milena Armando","Est. tempo de leitura":"3 minutos"},"schema":{"@context":"https:\/\/schema.org","@graph":[{"@type":"WebPage","@id":"https:\/\/crusoe.audiencelabs.com.br\/ter-dividas-ou-preocupacao-com-financas-pode-acelerar-o-desgaste-do-coracao-aponta-estudo\/","url":"https:\/\/crusoe.audiencelabs.com.br\/ter-dividas-ou-preocupacao-com-financas-pode-acelerar-o-desgaste-do-coracao-aponta-estudo\/","name":"Ter d\u00edvidas ou preocupa\u00e7\u00e3o com finan\u00e7as pode acelerar o desgaste do cora\u00e7\u00e3o, aponta estudo","isPartOf":{"@id":"https:\/\/crusoe.audiencelabs.com.br\/#website"},"primaryImageOfPage":{"@id":"https:\/\/crusoe.audiencelabs.com.br\/ter-dividas-ou-preocupacao-com-financas-pode-acelerar-o-desgaste-do-coracao-aponta-estudo\/#primaryimage"},"image":{"@id":"https:\/\/crusoe.audiencelabs.com.br\/ter-dividas-ou-preocupacao-com-financas-pode-acelerar-o-desgaste-do-coracao-aponta-estudo\/#primaryimage"},"thumbnailUrl":"https:\/\/cdn.crusoe.com.br\/uploads\/2026\/04\/dinheiro-brasileiro-com-calculadora-e-fundo-grafico-numerico_88235-4112.avif","datePublished":"2026-04-05T10:03:56+00:00","author":{"@id":"https:\/\/crusoe.audiencelabs.com.br\/#\/schema\/person\/f87f73cfe89e5360de2c006bd4bd6a74"},"breadcrumb":{"@id":"https:\/\/crusoe.audiencelabs.com.br\/ter-dividas-ou-preocupacao-com-financas-pode-acelerar-o-desgaste-do-coracao-aponta-estudo\/#breadcrumb"},"inLanguage":"pt-BR","potentialAction":[{"@type":"ReadAction","target":["https:\/\/crusoe.audiencelabs.com.br\/ter-dividas-ou-preocupacao-com-financas-pode-acelerar-o-desgaste-do-coracao-aponta-estudo\/"]}]},{"@type":"ImageObject","inLanguage":"pt-BR","@id":"https:\/\/crusoe.audiencelabs.com.br\/ter-dividas-ou-preocupacao-com-financas-pode-acelerar-o-desgaste-do-coracao-aponta-estudo\/#primaryimage","url":"https:\/\/cdn.crusoe.com.br\/uploads\/2026\/04\/dinheiro-brasileiro-com-calculadora-e-fundo-grafico-numerico_88235-4112.avif","contentUrl":"https:\/\/cdn.crusoe.com.br\/uploads\/2026\/04\/dinheiro-brasileiro-com-calculadora-e-fundo-grafico-numerico_88235-4112.avif","width":740,"height":493,"caption":"Reprodu\u00e7\u00e3o: Freepik"},{"@type":"BreadcrumbList","@id":"https:\/\/crusoe.audiencelabs.com.br\/ter-dividas-ou-preocupacao-com-financas-pode-acelerar-o-desgaste-do-coracao-aponta-estudo\/#breadcrumb","itemListElement":[{"@type":"ListItem","position":1,"name":"Home","item":"https:\/\/crusoe.audiencelabs.com.br\/"},{"@type":"ListItem","position":2,"name":"Ter d\u00edvidas ou preocupa\u00e7\u00e3o com finan\u00e7as pode acelerar o desgaste do cora\u00e7\u00e3o, aponta estudo"}]},{"@type":"WebSite","@id":"https:\/\/crusoe.audiencelabs.com.br\/#website","url":"https:\/\/crusoe.audiencelabs.com.br\/","name":"Variedades - Cruso\u00e9","description":"","potentialAction":[{"@type":"SearchAction","target":{"@type":"EntryPoint","urlTemplate":"https:\/\/crusoe.audiencelabs.com.br\/?s={search_term_string}"},"query-input":{"@type":"PropertyValueSpecification","valueRequired":true,"valueName":"search_term_string"}}],"inLanguage":"pt-BR"},{"@type":"Person","@id":"https:\/\/crusoe.audiencelabs.com.br\/#\/schema\/person\/f87f73cfe89e5360de2c006bd4bd6a74","name":"Milena Armando","image":{"@type":"ImageObject","inLanguage":"pt-BR","@id":"https:\/\/crusoe.audiencelabs.com.br\/#\/schema\/person\/image\/","url":"https:\/\/secure.gravatar.com\/avatar\/ea14ecddc9e9d202b698b18f9f69e09c9fd74cfbed5c6008d55f11faefdbdab7?s=96&d=mm&r=g","contentUrl":"https:\/\/secure.gravatar.com\/avatar\/ea14ecddc9e9d202b698b18f9f69e09c9fd74cfbed5c6008d55f11faefdbdab7?s=96&d=mm&r=g","caption":"Milena Armando"},"description":"Jornalista, redatora e revisora.","url":"https:\/\/crusoe.audiencelabs.com.br\/author\/milena\/"}]}},"_links":{"self":[{"href":"https:\/\/crusoe.audiencelabs.com.br\/wp-json\/wp\/v2\/posts\/36097","targetHints":{"allow":["GET"]}}],"collection":[{"href":"https:\/\/crusoe.audiencelabs.com.br\/wp-json\/wp\/v2\/posts"}],"about":[{"href":"https:\/\/crusoe.audiencelabs.com.br\/wp-json\/wp\/v2\/types\/post"}],"author":[{"embeddable":true,"href":"https:\/\/crusoe.audiencelabs.com.br\/wp-json\/wp\/v2\/users\/5"}],"replies":[{"embeddable":true,"href":"https:\/\/crusoe.audiencelabs.com.br\/wp-json\/wp\/v2\/comments?post=36097"}],"version-history":[{"count":3,"href":"https:\/\/crusoe.audiencelabs.com.br\/wp-json\/wp\/v2\/posts\/36097\/revisions"}],"predecessor-version":[{"id":36292,"href":"https:\/\/crusoe.audiencelabs.com.br\/wp-json\/wp\/v2\/posts\/36097\/revisions\/36292"}],"wp:featuredmedia":[{"embeddable":true,"href":"https:\/\/crusoe.audiencelabs.com.br\/wp-json\/wp\/v2\/media\/36098"}],"wp:attachment":[{"href":"https:\/\/crusoe.audiencelabs.com.br\/wp-json\/wp\/v2\/media?parent=36097"}],"wp:term":[{"taxonomy":"category","embeddable":true,"href":"https:\/\/crusoe.audiencelabs.com.br\/wp-json\/wp\/v2\/categories?post=36097"},{"taxonomy":"post_tag","embeddable":true,"href":"https:\/\/crusoe.audiencelabs.com.br\/wp-json\/wp\/v2\/tags?post=36097"}],"curies":[{"name":"wp","href":"https:\/\/api.w.org\/{rel}","templated":true}]}}