{"id":36085,"date":"2026-04-04T20:34:43","date_gmt":"2026-04-04T23:34:43","guid":{"rendered":"https:\/\/crusoe.audiencelabs.com.br\/?p=36085"},"modified":"2026-04-01T20:18:19","modified_gmt":"2026-04-01T23:18:19","slug":"falta-de-ar-frequente-pode-ser-mais-do-que-cansaco-e-indicar-cancer","status":"publish","type":"post","link":"https:\/\/crusoe.audiencelabs.com.br\/falta-de-ar-frequente-pode-ser-mais-do-que-cansaco-e-indicar-cancer\/","title":{"rendered":"Falta de ar frequente pode ser mais do que cansa\u00e7o e indicar c\u00e2ncer"},"content":{"rendered":"<p data-start=\"58\" data-end=\"303\">A <strong>falta de ar (<span class=\"hover:entity-accent entity-underline inline cursor-pointer align-baseline\"><span class=\"whitespace-normal\">dispneia)<\/span><\/span>\u00a0<\/strong>\u00e9 um sintoma frequentemente associado a doen\u00e7as pulmonares ou card\u00edacas, como a <span class=\"hover:entity-accent entity-underline inline cursor-pointer align-baseline\"><span class=\"whitespace-normal\">insufici\u00eancia card\u00edaca<\/span><\/span>. No entanto, em <strong>casos mais raros<\/strong>, tamb\u00e9m <strong>pode ser um sinal de algo menos comum<\/strong>, por\u00e9m grave: o <strong>c\u00e2ncer no cora\u00e7\u00e3o<\/strong>.<\/p>\n<p data-start=\"305\" data-end=\"471\">Embora incomum, essa condi\u00e7\u00e3o pode ocorrer quando tumores atingem estruturas pr\u00f3ximas ao \u00f3rg\u00e3o, comprometendo seu funcionamento e provocando complica\u00e7\u00f5es importantes.<\/p>\n<h2 data-section-id=\"1y8wh03\" data-start=\"473\" data-end=\"505\">Como o c\u00e2ncer afeta o cora\u00e7\u00e3o<\/h2>\n<p data-start=\"507\" data-end=\"714\">Na maioria dos casos, o c\u00e2ncer n\u00e3o se origina no m\u00fasculo card\u00edaco. Ele costuma atingir o <span class=\"hover:entity-accent entity-underline inline cursor-pointer align-baseline\"><span class=\"whitespace-normal\">peric\u00e1rdio<\/span><\/span>, geralmente por meio de met\u00e1stases vindas de outros \u00f3rg\u00e3os, como pulm\u00e3o ou mama.<\/p>\n<p data-start=\"716\" data-end=\"978\">Esse processo pode levar ao <strong>ac\u00famulo de l\u00edquido ao redor do cora\u00e7\u00e3o<\/strong>, causando press\u00e3o sobre o \u00f3rg\u00e3o. Em situa\u00e7\u00f5es mais graves, pode evoluir para o <span class=\"hover:entity-accent entity-underline inline cursor-pointer align-baseline\"><span class=\"whitespace-normal\"><strong>tamponamento card\u00edaco<\/strong><\/span><\/span>, uma condi\u00e7\u00e3o que compromete seriamente a <strong>capacidade de bombeamento do sangue<\/strong>.<\/p>\n<h2 data-section-id=\"yqpzlm\" data-start=\"980\" data-end=\"1010\">Sintomas que exigem aten\u00e7\u00e3o<\/h2>\n<p data-start=\"1012\" data-end=\"1172\">A <span class=\"hover:entity-accent entity-underline inline cursor-pointer align-baseline\"><span class=\"whitespace-normal\">dispneia<\/span><\/span> \u00e9 o sintoma mais comum nesses casos e pode surgir tanto em repouso como durante esfor\u00e7os leves. Outros sinais incluem:<\/p>\n<ul data-start=\"1174\" data-end=\"1246\">\n<li data-section-id=\"nz4yqd\" data-start=\"1174\" data-end=\"1195\">Cansa\u00e7o excessivo;<\/li>\n<li data-section-id=\"ez26kq\" data-start=\"1196\" data-end=\"1218\">Incha\u00e7o nas pernas;<\/li>\n<li data-section-id=\"120p9b1\" data-start=\"1219\" data-end=\"1234\">Palpita\u00e7\u00f5es;<\/li>\n<li data-section-id=\"1pir7wv\" data-start=\"1235\" data-end=\"1246\">Tontura.<\/li>\n<\/ul>\n<p data-start=\"1248\" data-end=\"1394\">Por serem inespec\u00edficos, esses sintomas podem ser facilmente confundidos com outras doen\u00e7as mais frequentes, o que torna o diagn\u00f3stico um desafio.<\/p>\n<h2 data-section-id=\"15059hj\" data-start=\"1396\" data-end=\"1438\">Diagn\u00f3stico depende de exames de imagem<\/h2>\n<p data-start=\"1440\" data-end=\"1663\">Para confirmar a presen\u00e7a de tumores, s\u00e3o necess\u00e1rios <strong>exames de imagem detalhados<\/strong>, como <strong>ecocardiograma<\/strong> e <strong>tomografia<\/strong> <strong>computadorizada<\/strong>. Esses m\u00e9todos permitem avaliar as estruturas card\u00edacas e identificar poss\u00edveis altera\u00e7\u00f5es.<\/p>\n<p data-start=\"1665\" data-end=\"1885\">O diagn\u00f3stico precoce \u00e9 fundamental, pois aumenta as chances de um tratamento mais eficaz e de melhores resultados cl\u00ednicos. Por isso, a persist\u00eancia dos sintomas deve sempre ser investigada por um profissional de sa\u00fade.<\/p>\n<h2 data-section-id=\"a7yxzz\" data-start=\"1887\" data-end=\"1916\">Conscientiza\u00e7\u00e3o e cuidados<\/h2>\n<p data-start=\"1918\" data-end=\"2099\">A aten\u00e7\u00e3o a sinais aparentemente comuns, como a falta de ar, pode ser decisiva. Embora o c\u00e2ncer no cora\u00e7\u00e3o seja raro, seus impactos podem ser graves quando n\u00e3o identificado a tempo.<\/p>\n<p data-start=\"2101\" data-end=\"2361\" data-is-last-node=\"\" data-is-only-node=\"\">O avan\u00e7o da medicina tem aumentado as possibilidades de diagn\u00f3stico e tratamento, mas a conscientiza\u00e7\u00e3o continua sendo essencial.<\/p>\n<p data-start=\"2101\" data-end=\"2361\" data-is-last-node=\"\" data-is-only-node=\"\">Procurar avalia\u00e7\u00e3o m\u00e9dica diante de sintomas persistentes \u00e9 a melhor forma de prevenir complica\u00e7\u00f5es e garantir um cuidado adequado.<\/p>\n","protected":false},"excerpt":{"rendered":"<p>A falta de ar (dispneia)\u00a0\u00e9 um sintoma frequentemente associado a doen\u00e7as pulmonares ou card\u00edacas, como a insufici\u00eancia card\u00edaca. No entanto, em casos mais raros, tamb\u00e9m pode ser um sinal de algo menos comum, por\u00e9m grave: o c\u00e2ncer no cora\u00e7\u00e3o. Embora incomum, essa condi\u00e7\u00e3o pode ocorrer quando tumores atingem estruturas pr\u00f3ximas ao \u00f3rg\u00e3o, comprometendo seu funcionamento [&hellip;]<\/p>\n","protected":false},"author":5,"featured_media":36086,"comment_status":"open","ping_status":"open","sticky":false,"template":"","format":"standard","meta":{"jnews-multi-image_gallery":[],"jnews_single_post":{"subtitle":"","format":"standard","jnews_video_option_group":[[]],"override":[{"template":"2","parallax":"1","fullscreen":"1","layout":"right-sidebar","sidebar":"default-sidebar","second_sidebar":"default-sidebar","sticky_sidebar":"1","share_position":"hide","share_float_style":"share-monocrhome","show_featured":"1","show_post_meta":"1","show_post_author":"1","show_post_date":"1","post_date_format":"default","post_date_format_custom":"Y\/m\/d","show_post_category":"1","show_post_reading_time":"0","post_reading_time_wpm":"300","post_calculate_word_method":"str_word_count","show_zoom_button":"0","zoom_button_out_step":"2","zoom_button_in_step":"3","show_post_tag":"1","show_popup_post":"1","number_popup_post":"1","show_author_box":"1","show_post_related":"0"}],"image_override":[{"single_post_thumbnail_size":"crop-500","single_post_gallery_size":"crop-500"}],"trending_post_position":"meta","trending_post_label":"Trending","sponsored_post_label":"Sponsored by","disable_ad":"0"},"jnews_primary_category":[],"jnews_override_counter":{"view_counter_number":"0","share_counter_number":"0","like_counter_number":"0","dislike_counter_number":"0"},"jnews_post_split":{"post_split":[{"template":"1","tag":"h2","numbering":"asc","mode":"normal","first":"0","enable_toc":"0","toc_type":"normal"}]},"footnotes":""},"categories":[1],"tags":[901,6902,6901,234],"class_list":["post-36085","post","type-post","status-publish","format-standard","has-post-thumbnail","hentry","category-geral","tag-cancer","tag-cancer-no-coracao","tag-falta-de-ar","tag-saude"],"yoast_head":"<!-- This site is optimized with the Yoast SEO plugin v25.0 - https:\/\/yoast.com\/wordpress\/plugins\/seo\/ -->\n<title>Falta de ar frequente pode ser mais do que cansa\u00e7o e indicar c\u00e2ncer<\/title>\n<meta name=\"robots\" content=\"index, follow, max-snippet:-1, max-image-preview:large, max-video-preview:-1\" \/>\n<link rel=\"canonical\" href=\"https:\/\/crusoe.audiencelabs.com.br\/falta-de-ar-frequente-pode-ser-mais-do-que-cansaco-e-indicar-cancer\/\" \/>\n<meta property=\"og:locale\" content=\"pt_BR\" \/>\n<meta property=\"og:type\" content=\"article\" \/>\n<meta property=\"og:title\" content=\"Falta de ar frequente pode ser mais do que cansa\u00e7o e indicar c\u00e2ncer\" \/>\n<meta property=\"og:description\" content=\"A falta de ar (dispneia)\u00a0\u00e9 um sintoma frequentemente associado a doen\u00e7as pulmonares ou card\u00edacas, como a insufici\u00eancia card\u00edaca. No entanto, em casos mais raros, tamb\u00e9m pode ser um sinal de algo menos comum, por\u00e9m grave: o c\u00e2ncer no cora\u00e7\u00e3o. Embora incomum, essa condi\u00e7\u00e3o pode ocorrer quando tumores atingem estruturas pr\u00f3ximas ao \u00f3rg\u00e3o, comprometendo seu funcionamento [&hellip;]\" \/>\n<meta property=\"og:url\" content=\"https:\/\/crusoe.audiencelabs.com.br\/falta-de-ar-frequente-pode-ser-mais-do-que-cansaco-e-indicar-cancer\/\" \/>\n<meta property=\"og:site_name\" content=\"Variedades - Cruso\u00e9\" \/>\n<meta property=\"article:published_time\" content=\"2026-04-04T23:34:43+00:00\" \/>\n<meta name=\"author\" content=\"Milena Armando\" \/>\n<meta name=\"twitter:card\" content=\"summary_large_image\" \/>\n<meta name=\"twitter:label1\" content=\"Escrito por\" \/>\n\t<meta name=\"twitter:data1\" content=\"Milena Armando\" \/>\n\t<meta name=\"twitter:label2\" content=\"Est. tempo de leitura\" \/>\n\t<meta name=\"twitter:data2\" content=\"3 minutos\" \/>\n<script type=\"application\/ld+json\" class=\"yoast-schema-graph\">{\"@context\":\"https:\/\/schema.org\",\"@graph\":[{\"@type\":\"WebPage\",\"@id\":\"https:\/\/crusoe.audiencelabs.com.br\/falta-de-ar-frequente-pode-ser-mais-do-que-cansaco-e-indicar-cancer\/\",\"url\":\"https:\/\/crusoe.audiencelabs.com.br\/falta-de-ar-frequente-pode-ser-mais-do-que-cansaco-e-indicar-cancer\/\",\"name\":\"Falta de ar frequente pode ser mais do que cansa\u00e7o e indicar c\u00e2ncer\",\"isPartOf\":{\"@id\":\"https:\/\/crusoe.audiencelabs.com.br\/#website\"},\"primaryImageOfPage\":{\"@id\":\"https:\/\/crusoe.audiencelabs.com.br\/falta-de-ar-frequente-pode-ser-mais-do-que-cansaco-e-indicar-cancer\/#primaryimage\"},\"image\":{\"@id\":\"https:\/\/crusoe.audiencelabs.com.br\/falta-de-ar-frequente-pode-ser-mais-do-que-cansaco-e-indicar-cancer\/#primaryimage\"},\"thumbnailUrl\":\"https:\/\/cdn.crusoe.com.br\/uploads\/2026\/04\/mulher-doente-com-mascara-e-com-dificuldade-para-respirar-durante-a-pandemia-de-coronavirus_53876-94737.avif\",\"datePublished\":\"2026-04-04T23:34:43+00:00\",\"author\":{\"@id\":\"https:\/\/crusoe.audiencelabs.com.br\/#\/schema\/person\/f87f73cfe89e5360de2c006bd4bd6a74\"},\"breadcrumb\":{\"@id\":\"https:\/\/crusoe.audiencelabs.com.br\/falta-de-ar-frequente-pode-ser-mais-do-que-cansaco-e-indicar-cancer\/#breadcrumb\"},\"inLanguage\":\"pt-BR\",\"potentialAction\":[{\"@type\":\"ReadAction\",\"target\":[\"https:\/\/crusoe.audiencelabs.com.br\/falta-de-ar-frequente-pode-ser-mais-do-que-cansaco-e-indicar-cancer\/\"]}]},{\"@type\":\"ImageObject\",\"inLanguage\":\"pt-BR\",\"@id\":\"https:\/\/crusoe.audiencelabs.com.br\/falta-de-ar-frequente-pode-ser-mais-do-que-cansaco-e-indicar-cancer\/#primaryimage\",\"url\":\"https:\/\/cdn.crusoe.com.br\/uploads\/2026\/04\/mulher-doente-com-mascara-e-com-dificuldade-para-respirar-durante-a-pandemia-de-coronavirus_53876-94737.avif\",\"contentUrl\":\"https:\/\/cdn.crusoe.com.br\/uploads\/2026\/04\/mulher-doente-com-mascara-e-com-dificuldade-para-respirar-durante-a-pandemia-de-coronavirus_53876-94737.avif\",\"width\":740,\"height\":493,\"caption\":\"Reprodu\u00e7\u00e3o: Freepik\"},{\"@type\":\"BreadcrumbList\",\"@id\":\"https:\/\/crusoe.audiencelabs.com.br\/falta-de-ar-frequente-pode-ser-mais-do-que-cansaco-e-indicar-cancer\/#breadcrumb\",\"itemListElement\":[{\"@type\":\"ListItem\",\"position\":1,\"name\":\"Home\",\"item\":\"https:\/\/crusoe.audiencelabs.com.br\/\"},{\"@type\":\"ListItem\",\"position\":2,\"name\":\"Falta de ar frequente pode ser mais do que cansa\u00e7o e indicar c\u00e2ncer\"}]},{\"@type\":\"WebSite\",\"@id\":\"https:\/\/crusoe.audiencelabs.com.br\/#website\",\"url\":\"https:\/\/crusoe.audiencelabs.com.br\/\",\"name\":\"Variedades - Cruso\u00e9\",\"description\":\"\",\"potentialAction\":[{\"@type\":\"SearchAction\",\"target\":{\"@type\":\"EntryPoint\",\"urlTemplate\":\"https:\/\/crusoe.audiencelabs.com.br\/?s={search_term_string}\"},\"query-input\":{\"@type\":\"PropertyValueSpecification\",\"valueRequired\":true,\"valueName\":\"search_term_string\"}}],\"inLanguage\":\"pt-BR\"},{\"@type\":\"Person\",\"@id\":\"https:\/\/crusoe.audiencelabs.com.br\/#\/schema\/person\/f87f73cfe89e5360de2c006bd4bd6a74\",\"name\":\"Milena Armando\",\"image\":{\"@type\":\"ImageObject\",\"inLanguage\":\"pt-BR\",\"@id\":\"https:\/\/crusoe.audiencelabs.com.br\/#\/schema\/person\/image\/\",\"url\":\"https:\/\/secure.gravatar.com\/avatar\/ea14ecddc9e9d202b698b18f9f69e09c9fd74cfbed5c6008d55f11faefdbdab7?s=96&d=mm&r=g\",\"contentUrl\":\"https:\/\/secure.gravatar.com\/avatar\/ea14ecddc9e9d202b698b18f9f69e09c9fd74cfbed5c6008d55f11faefdbdab7?s=96&d=mm&r=g\",\"caption\":\"Milena Armando\"},\"description\":\"Jornalista, redatora e revisora.\",\"url\":\"https:\/\/crusoe.audiencelabs.com.br\/author\/milena\/\"}]}<\/script>\n<!-- \/ Yoast SEO plugin. -->","yoast_head_json":{"title":"Falta de ar frequente pode ser mais do que cansa\u00e7o e indicar c\u00e2ncer","robots":{"index":"index","follow":"follow","max-snippet":"max-snippet:-1","max-image-preview":"max-image-preview:large","max-video-preview":"max-video-preview:-1"},"canonical":"https:\/\/crusoe.audiencelabs.com.br\/falta-de-ar-frequente-pode-ser-mais-do-que-cansaco-e-indicar-cancer\/","og_locale":"pt_BR","og_type":"article","og_title":"Falta de ar frequente pode ser mais do que cansa\u00e7o e indicar c\u00e2ncer","og_description":"A falta de ar (dispneia)\u00a0\u00e9 um sintoma frequentemente associado a doen\u00e7as pulmonares ou card\u00edacas, como a insufici\u00eancia card\u00edaca. No entanto, em casos mais raros, tamb\u00e9m pode ser um sinal de algo menos comum, por\u00e9m grave: o c\u00e2ncer no cora\u00e7\u00e3o. Embora incomum, essa condi\u00e7\u00e3o pode ocorrer quando tumores atingem estruturas pr\u00f3ximas ao \u00f3rg\u00e3o, comprometendo seu funcionamento [&hellip;]","og_url":"https:\/\/crusoe.audiencelabs.com.br\/falta-de-ar-frequente-pode-ser-mais-do-que-cansaco-e-indicar-cancer\/","og_site_name":"Variedades - Cruso\u00e9","article_published_time":"2026-04-04T23:34:43+00:00","author":"Milena Armando","twitter_card":"summary_large_image","twitter_misc":{"Escrito por":"Milena Armando","Est. tempo de leitura":"3 minutos"},"schema":{"@context":"https:\/\/schema.org","@graph":[{"@type":"WebPage","@id":"https:\/\/crusoe.audiencelabs.com.br\/falta-de-ar-frequente-pode-ser-mais-do-que-cansaco-e-indicar-cancer\/","url":"https:\/\/crusoe.audiencelabs.com.br\/falta-de-ar-frequente-pode-ser-mais-do-que-cansaco-e-indicar-cancer\/","name":"Falta de ar frequente pode ser mais do que cansa\u00e7o e indicar c\u00e2ncer","isPartOf":{"@id":"https:\/\/crusoe.audiencelabs.com.br\/#website"},"primaryImageOfPage":{"@id":"https:\/\/crusoe.audiencelabs.com.br\/falta-de-ar-frequente-pode-ser-mais-do-que-cansaco-e-indicar-cancer\/#primaryimage"},"image":{"@id":"https:\/\/crusoe.audiencelabs.com.br\/falta-de-ar-frequente-pode-ser-mais-do-que-cansaco-e-indicar-cancer\/#primaryimage"},"thumbnailUrl":"https:\/\/cdn.crusoe.com.br\/uploads\/2026\/04\/mulher-doente-com-mascara-e-com-dificuldade-para-respirar-durante-a-pandemia-de-coronavirus_53876-94737.avif","datePublished":"2026-04-04T23:34:43+00:00","author":{"@id":"https:\/\/crusoe.audiencelabs.com.br\/#\/schema\/person\/f87f73cfe89e5360de2c006bd4bd6a74"},"breadcrumb":{"@id":"https:\/\/crusoe.audiencelabs.com.br\/falta-de-ar-frequente-pode-ser-mais-do-que-cansaco-e-indicar-cancer\/#breadcrumb"},"inLanguage":"pt-BR","potentialAction":[{"@type":"ReadAction","target":["https:\/\/crusoe.audiencelabs.com.br\/falta-de-ar-frequente-pode-ser-mais-do-que-cansaco-e-indicar-cancer\/"]}]},{"@type":"ImageObject","inLanguage":"pt-BR","@id":"https:\/\/crusoe.audiencelabs.com.br\/falta-de-ar-frequente-pode-ser-mais-do-que-cansaco-e-indicar-cancer\/#primaryimage","url":"https:\/\/cdn.crusoe.com.br\/uploads\/2026\/04\/mulher-doente-com-mascara-e-com-dificuldade-para-respirar-durante-a-pandemia-de-coronavirus_53876-94737.avif","contentUrl":"https:\/\/cdn.crusoe.com.br\/uploads\/2026\/04\/mulher-doente-com-mascara-e-com-dificuldade-para-respirar-durante-a-pandemia-de-coronavirus_53876-94737.avif","width":740,"height":493,"caption":"Reprodu\u00e7\u00e3o: Freepik"},{"@type":"BreadcrumbList","@id":"https:\/\/crusoe.audiencelabs.com.br\/falta-de-ar-frequente-pode-ser-mais-do-que-cansaco-e-indicar-cancer\/#breadcrumb","itemListElement":[{"@type":"ListItem","position":1,"name":"Home","item":"https:\/\/crusoe.audiencelabs.com.br\/"},{"@type":"ListItem","position":2,"name":"Falta de ar frequente pode ser mais do que cansa\u00e7o e indicar c\u00e2ncer"}]},{"@type":"WebSite","@id":"https:\/\/crusoe.audiencelabs.com.br\/#website","url":"https:\/\/crusoe.audiencelabs.com.br\/","name":"Variedades - Cruso\u00e9","description":"","potentialAction":[{"@type":"SearchAction","target":{"@type":"EntryPoint","urlTemplate":"https:\/\/crusoe.audiencelabs.com.br\/?s={search_term_string}"},"query-input":{"@type":"PropertyValueSpecification","valueRequired":true,"valueName":"search_term_string"}}],"inLanguage":"pt-BR"},{"@type":"Person","@id":"https:\/\/crusoe.audiencelabs.com.br\/#\/schema\/person\/f87f73cfe89e5360de2c006bd4bd6a74","name":"Milena Armando","image":{"@type":"ImageObject","inLanguage":"pt-BR","@id":"https:\/\/crusoe.audiencelabs.com.br\/#\/schema\/person\/image\/","url":"https:\/\/secure.gravatar.com\/avatar\/ea14ecddc9e9d202b698b18f9f69e09c9fd74cfbed5c6008d55f11faefdbdab7?s=96&d=mm&r=g","contentUrl":"https:\/\/secure.gravatar.com\/avatar\/ea14ecddc9e9d202b698b18f9f69e09c9fd74cfbed5c6008d55f11faefdbdab7?s=96&d=mm&r=g","caption":"Milena Armando"},"description":"Jornalista, redatora e revisora.","url":"https:\/\/crusoe.audiencelabs.com.br\/author\/milena\/"}]}},"_links":{"self":[{"href":"https:\/\/crusoe.audiencelabs.com.br\/wp-json\/wp\/v2\/posts\/36085","targetHints":{"allow":["GET"]}}],"collection":[{"href":"https:\/\/crusoe.audiencelabs.com.br\/wp-json\/wp\/v2\/posts"}],"about":[{"href":"https:\/\/crusoe.audiencelabs.com.br\/wp-json\/wp\/v2\/types\/post"}],"author":[{"embeddable":true,"href":"https:\/\/crusoe.audiencelabs.com.br\/wp-json\/wp\/v2\/users\/5"}],"replies":[{"embeddable":true,"href":"https:\/\/crusoe.audiencelabs.com.br\/wp-json\/wp\/v2\/comments?post=36085"}],"version-history":[{"count":3,"href":"https:\/\/crusoe.audiencelabs.com.br\/wp-json\/wp\/v2\/posts\/36085\/revisions"}],"predecessor-version":[{"id":36148,"href":"https:\/\/crusoe.audiencelabs.com.br\/wp-json\/wp\/v2\/posts\/36085\/revisions\/36148"}],"wp:featuredmedia":[{"embeddable":true,"href":"https:\/\/crusoe.audiencelabs.com.br\/wp-json\/wp\/v2\/media\/36086"}],"wp:attachment":[{"href":"https:\/\/crusoe.audiencelabs.com.br\/wp-json\/wp\/v2\/media?parent=36085"}],"wp:term":[{"taxonomy":"category","embeddable":true,"href":"https:\/\/crusoe.audiencelabs.com.br\/wp-json\/wp\/v2\/categories?post=36085"},{"taxonomy":"post_tag","embeddable":true,"href":"https:\/\/crusoe.audiencelabs.com.br\/wp-json\/wp\/v2\/tags?post=36085"}],"curies":[{"name":"wp","href":"https:\/\/api.w.org\/{rel}","templated":true}]}}