{"id":36074,"date":"2026-04-04T18:32:04","date_gmt":"2026-04-04T21:32:04","guid":{"rendered":"https:\/\/crusoe.audiencelabs.com.br\/?p=36074"},"modified":"2026-04-01T20:05:37","modified_gmt":"2026-04-01T23:05:37","slug":"caso-de-um-dos-criminosos-mais-conhecidos-da-historia-vai-virar-serie-de-tv","status":"publish","type":"post","link":"https:\/\/crusoe.audiencelabs.com.br\/caso-de-um-dos-criminosos-mais-conhecidos-da-historia-vai-virar-serie-de-tv\/","title":{"rendered":"Caso de um dos criminosos mais conhecidos da hist\u00f3ria vai virar s\u00e9rie de TV"},"content":{"rendered":"<div class=\"flex flex-col text-sm pb-25\">\n<section class=\"text-token-text-primary w-full focus:outline-none [--shadow-height:45px] has-data-writing-block:pointer-events-none has-data-writing-block:-mt-(--shadow-height) has-data-writing-block:pt-(--shadow-height) [&amp;:has([data-writing-block])&gt;*]:pointer-events-auto scroll-mt-[calc(var(--header-height)+min(200px,max(70px,20svh)))]\" dir=\"auto\" data-turn-id=\"request-WEB:a0a59a5f-0e9e-4b60-b942-507c3fa229f4-17\" data-testid=\"conversation-turn-36\" data-scroll-anchor=\"true\" data-turn=\"assistant\">\n<div class=\"text-base my-auto mx-auto pb-10 [--thread-content-margin:var(--thread-content-margin-xs,calc(var(--spacing)*4))] @w-sm\/main:[--thread-content-margin:var(--thread-content-margin-sm,calc(var(--spacing)*6))] @w-lg\/main:[--thread-content-margin:var(--thread-content-margin-lg,calc(var(--spacing)*16))] px-(--thread-content-margin)\">\n<div class=\"[--thread-content-max-width:40rem] @w-lg\/main:[--thread-content-max-width:48rem] mx-auto max-w-(--thread-content-max-width) flex-1 group\/turn-messages focus-visible:outline-hidden relative flex w-full min-w-0 flex-col agent-turn\">\n<div class=\"flex max-w-full flex-col gap-4 grow\">\n<div class=\"min-h-8 text-message relative flex w-full flex-col items-end gap-2 text-start break-words whitespace-normal outline-none keyboard-focused:focus-ring [.text-message+&amp;]:mt-1\" dir=\"auto\" data-message-author-role=\"assistant\" data-message-id=\"c3f4e468-49fe-425e-8a36-cb9a36e3b989\" data-message-model-slug=\"gpt-5-3\" data-turn-start-message=\"true\">\n<div class=\"flex w-full flex-col gap-1 empty:hidden\">\n<div class=\"markdown prose dark:prose-invert w-full wrap-break-word dark markdown-new-styling\">\n<p data-start=\"0\" data-end=\"387\">A<strong> <span class=\"hover:entity-accent entity-underline inline cursor-pointer align-baseline\"><span class=\"whitespace-normal\">Sony Pictures Television<\/span><\/span> <\/strong>est\u00e1 desenvolvendo uma s\u00e9rie baseada na investiga\u00e7\u00e3o do esc\u00e2ndalo envolvendo <strong><span class=\"hover:entity-accent entity-underline inline cursor-pointer align-baseline\"><span class=\"whitespace-normal\">Jeffrey Epstein<\/span><\/span><\/strong>.<\/p>\n<p data-start=\"0\" data-end=\"387\">Inspirada no livro <strong><em data-start=\"175\" data-end=\"214\"><span class=\"hover:entity-accent entity-underline inline cursor-pointer align-baseline\"><span class=\"whitespace-normal\">Perversion of Justice: The Jeffrey Epstein Story<\/span><\/span><\/em><\/strong>, da jornalista <span class=\"hover:entity-accent entity-underline inline cursor-pointer align-baseline\"><span class=\"whitespace-normal\">Julie K. Brown<\/span><\/span>, a produ\u00e7\u00e3o promete retratar em profundidade a rede de abusos e o trabalho jornal\u00edstico que levou \u00e0 reabertura do caso.<\/p>\n<p data-start=\"389\" data-end=\"579\">A atriz <span class=\"hover:entity-accent entity-underline inline cursor-pointer align-baseline\"><span class=\"whitespace-normal\"><strong>Laura Dern<\/strong> (&#8220;Big Little Lies&#8221;)<\/span><\/span>\u00a0interpretar\u00e1 Brown, destacando o papel decisivo da rep\u00f3rter na exposi\u00e7\u00e3o dos crimes. As filmagens est\u00e3o previstas para come\u00e7ar no final de 2026.<\/p>\n<h2 data-section-id=\"14olxgs\" data-start=\"581\" data-end=\"605\">Detalhes da adapta\u00e7\u00e3o<\/h2>\n<p data-start=\"607\" data-end=\"880\">O projeto \u00e9 liderado pela <span class=\"hover:entity-accent entity-underline inline cursor-pointer align-baseline\"><span class=\"whitespace-normal\">Hyperobject Industries<\/span><\/span>, com produ\u00e7\u00e3o executiva de <span class=\"hover:entity-accent entity-underline inline cursor-pointer align-baseline\"><span class=\"whitespace-normal\">Adam McKay<\/span><\/span>. O roteiro ficar\u00e1 a cargo de <span class=\"hover:entity-accent entity-underline inline cursor-pointer align-baseline\"><span class=\"whitespace-normal\">Sharon Hoffman<\/span><\/span> e <span class=\"hover:entity-accent entity-underline inline cursor-pointer align-baseline\"><span class=\"whitespace-normal\">Eileen Myers<\/span><\/span>, que tamb\u00e9m atuar\u00e3o como showrunners.<\/p>\n<p data-start=\"882\" data-end=\"1086\">A s\u00e9rie pretende trazer para a televis\u00e3o a investiga\u00e7\u00e3o detalhada que culminou na pris\u00e3o de Epstein em 2019. At\u00e9 o momento, <strong>n\u00e3o h\u00e1 confirma\u00e7\u00e3o sobre a plataforma de exibi\u00e7\u00e3o nem data oficial de estreia<\/strong>.<\/p>\n<h2 data-section-id=\"1gypfgv\" data-start=\"1088\" data-end=\"1109\">O contexto do caso<\/h2>\n<p data-start=\"1111\" data-end=\"1304\">Epstein foi acusado de tr\u00e1fico sexual de menores e outros crimes. Em 2008, chegou a ser condenado por solicita\u00e7\u00e3o de prostitui\u00e7\u00e3o envolvendo menores, em um acordo judicial criticado.<\/p>\n<p data-start=\"1306\" data-end=\"1580\">Anos depois, em 2019, foi novamente preso por acusa\u00e7\u00f5es federais. Pouco tempo depois, foi encontrado morto em sua cela, em um caso oficialmente classificado como suic\u00eddio.<\/p>\n<p data-start=\"1306\" data-end=\"1580\">A repercuss\u00e3o global exp\u00f4s uma rede de conex\u00f5es com figuras influentes do meio pol\u00edtico e empresarial.<\/p>\n<h3 data-section-id=\"1voh5xz\" data-start=\"1582\" data-end=\"1605\">Desafios da produ\u00e7\u00e3o<\/h3>\n<p data-start=\"1607\" data-end=\"1884\">Levar essa hist\u00f3ria para a TV exige mais do que reconstruir fatos: envolve tratar o tema com sensibilidade, especialmente em rela\u00e7\u00e3o \u00e0s v\u00edtimas.<\/p>\n<p data-start=\"1886\" data-end=\"2013\">A proposta \u00e9 apresentar ao p\u00fablico aspectos pouco conhecidos da investiga\u00e7\u00e3o, ampliando a compreens\u00e3o sobre a dimens\u00e3o do caso.<\/p>\n<h2 data-section-id=\"1jfrkmi\" data-start=\"2015\" data-end=\"2040\">Expectativas<\/h2>\n<p data-start=\"2042\" data-end=\"2303\">Ainda em est\u00e1gio inicial, a produ\u00e7\u00e3o j\u00e1 desperta grande expectativa por seu potencial de unir entretenimento e jornalismo investigativo.<\/p>\n<p data-start=\"2042\" data-end=\"2303\">A s\u00e9rie deve oferecer um retrato detalhado dos eventos e de suas consequ\u00eancias, tanto nos Estados Unidos como globalmente.<\/p>\n<p data-start=\"2305\" data-end=\"2593\" data-is-last-node=\"\" data-is-only-node=\"\">Com o envolvimento da Sony, a expectativa \u00e9 que o projeto ganhe destaque e contribua para novos debates sobre o tema.<\/p>\n<\/div>\n<\/div>\n<\/div>\n<\/div>\n<\/div>\n<\/div>\n<\/section>\n<\/div>\n","protected":false},"excerpt":{"rendered":"<p>A Sony Pictures Television est\u00e1 desenvolvendo uma s\u00e9rie baseada na investiga\u00e7\u00e3o do esc\u00e2ndalo envolvendo Jeffrey Epstein. Inspirada no livro Perversion of Justice: The Jeffrey Epstein Story, da jornalista Julie K. Brown, a produ\u00e7\u00e3o promete retratar em profundidade a rede de abusos e o trabalho jornal\u00edstico que levou \u00e0 reabertura do caso. A atriz Laura Dern [&hellip;]<\/p>\n","protected":false},"author":5,"featured_media":36075,"comment_status":"open","ping_status":"open","sticky":false,"template":"","format":"standard","meta":{"jnews-multi-image_gallery":[],"jnews_single_post":{"subtitle":"","format":"standard","jnews_video_option_group":[[]],"override":[{"template":"2","parallax":"1","fullscreen":"1","layout":"right-sidebar","sidebar":"default-sidebar","second_sidebar":"default-sidebar","sticky_sidebar":"1","share_position":"hide","share_float_style":"share-monocrhome","show_featured":"1","show_post_meta":"1","show_post_author":"1","show_post_date":"1","post_date_format":"default","post_date_format_custom":"Y\/m\/d","show_post_category":"1","show_post_reading_time":"0","post_reading_time_wpm":"300","post_calculate_word_method":"str_word_count","show_zoom_button":"0","zoom_button_out_step":"2","zoom_button_in_step":"3","show_post_tag":"1","show_popup_post":"1","number_popup_post":"1","show_author_box":"1","show_post_related":"0"}],"image_override":[{"single_post_thumbnail_size":"crop-500","single_post_gallery_size":"crop-500"}],"trending_post_position":"meta","trending_post_label":"Trending","sponsored_post_label":"Sponsored by","disable_ad":"0"},"jnews_primary_category":[],"jnews_override_counter":{"view_counter_number":"0","share_counter_number":"0","like_counter_number":"0","dislike_counter_number":"0"},"jnews_post_split":{"post_split":[{"template":"1","tag":"h2","numbering":"asc","mode":"normal","first":"0","enable_toc":"0","toc_type":"normal"}]},"footnotes":""},"categories":[1],"tags":[2641],"class_list":["post-36074","post","type-post","status-publish","format-standard","has-post-thumbnail","hentry","category-geral","tag-jeffrey-epstein"],"yoast_head":"<!-- This site is optimized with the Yoast SEO plugin v25.0 - https:\/\/yoast.com\/wordpress\/plugins\/seo\/ -->\n<title>Caso de um dos criminosos mais conhecidos da hist\u00f3ria vai virar s\u00e9rie de TV<\/title>\n<meta name=\"robots\" content=\"index, follow, max-snippet:-1, max-image-preview:large, max-video-preview:-1\" \/>\n<link rel=\"canonical\" href=\"https:\/\/crusoe.audiencelabs.com.br\/caso-de-um-dos-criminosos-mais-conhecidos-da-historia-vai-virar-serie-de-tv\/\" \/>\n<meta property=\"og:locale\" content=\"pt_BR\" \/>\n<meta property=\"og:type\" content=\"article\" \/>\n<meta property=\"og:title\" content=\"Caso de um dos criminosos mais conhecidos da hist\u00f3ria vai virar s\u00e9rie de TV\" \/>\n<meta property=\"og:description\" content=\"A Sony Pictures Television est\u00e1 desenvolvendo uma s\u00e9rie baseada na investiga\u00e7\u00e3o do esc\u00e2ndalo envolvendo Jeffrey Epstein. Inspirada no livro Perversion of Justice: The Jeffrey Epstein Story, da jornalista Julie K. Brown, a produ\u00e7\u00e3o promete retratar em profundidade a rede de abusos e o trabalho jornal\u00edstico que levou \u00e0 reabertura do caso. A atriz Laura Dern [&hellip;]\" \/>\n<meta property=\"og:url\" content=\"https:\/\/crusoe.audiencelabs.com.br\/caso-de-um-dos-criminosos-mais-conhecidos-da-historia-vai-virar-serie-de-tv\/\" \/>\n<meta property=\"og:site_name\" content=\"Variedades - Cruso\u00e9\" \/>\n<meta property=\"article:published_time\" content=\"2026-04-04T21:32:04+00:00\" \/>\n<meta property=\"og:image\" content=\"https:\/\/cdn.crusoe.com.br\/uploads\/2026\/04\/1536x864_cmsv2_7c8630ba-c845-5968-93eb-de6f717b4925-9633391.webp\" \/>\n\t<meta property=\"og:image:width\" content=\"1536\" \/>\n\t<meta property=\"og:image:height\" content=\"864\" \/>\n\t<meta property=\"og:image:type\" content=\"image\/webp\" \/>\n<meta name=\"author\" content=\"Milena Armando\" \/>\n<meta name=\"twitter:card\" content=\"summary_large_image\" \/>\n<meta name=\"twitter:label1\" content=\"Escrito por\" \/>\n\t<meta name=\"twitter:data1\" content=\"Milena Armando\" \/>\n\t<meta name=\"twitter:label2\" content=\"Est. tempo de leitura\" \/>\n\t<meta name=\"twitter:data2\" content=\"3 minutos\" \/>\n<script type=\"application\/ld+json\" class=\"yoast-schema-graph\">{\"@context\":\"https:\/\/schema.org\",\"@graph\":[{\"@type\":\"WebPage\",\"@id\":\"https:\/\/crusoe.audiencelabs.com.br\/caso-de-um-dos-criminosos-mais-conhecidos-da-historia-vai-virar-serie-de-tv\/\",\"url\":\"https:\/\/crusoe.audiencelabs.com.br\/caso-de-um-dos-criminosos-mais-conhecidos-da-historia-vai-virar-serie-de-tv\/\",\"name\":\"Caso de um dos criminosos mais conhecidos da hist\u00f3ria vai virar s\u00e9rie de TV\",\"isPartOf\":{\"@id\":\"https:\/\/crusoe.audiencelabs.com.br\/#website\"},\"primaryImageOfPage\":{\"@id\":\"https:\/\/crusoe.audiencelabs.com.br\/caso-de-um-dos-criminosos-mais-conhecidos-da-historia-vai-virar-serie-de-tv\/#primaryimage\"},\"image\":{\"@id\":\"https:\/\/crusoe.audiencelabs.com.br\/caso-de-um-dos-criminosos-mais-conhecidos-da-historia-vai-virar-serie-de-tv\/#primaryimage\"},\"thumbnailUrl\":\"https:\/\/cdn.crusoe.com.br\/uploads\/2026\/04\/1536x864_cmsv2_7c8630ba-c845-5968-93eb-de6f717b4925-9633391.webp\",\"datePublished\":\"2026-04-04T21:32:04+00:00\",\"author\":{\"@id\":\"https:\/\/crusoe.audiencelabs.com.br\/#\/schema\/person\/f87f73cfe89e5360de2c006bd4bd6a74\"},\"breadcrumb\":{\"@id\":\"https:\/\/crusoe.audiencelabs.com.br\/caso-de-um-dos-criminosos-mais-conhecidos-da-historia-vai-virar-serie-de-tv\/#breadcrumb\"},\"inLanguage\":\"pt-BR\",\"potentialAction\":[{\"@type\":\"ReadAction\",\"target\":[\"https:\/\/crusoe.audiencelabs.com.br\/caso-de-um-dos-criminosos-mais-conhecidos-da-historia-vai-virar-serie-de-tv\/\"]}]},{\"@type\":\"ImageObject\",\"inLanguage\":\"pt-BR\",\"@id\":\"https:\/\/crusoe.audiencelabs.com.br\/caso-de-um-dos-criminosos-mais-conhecidos-da-historia-vai-virar-serie-de-tv\/#primaryimage\",\"url\":\"https:\/\/cdn.crusoe.com.br\/uploads\/2026\/04\/1536x864_cmsv2_7c8630ba-c845-5968-93eb-de6f717b4925-9633391.webp\",\"contentUrl\":\"https:\/\/cdn.crusoe.com.br\/uploads\/2026\/04\/1536x864_cmsv2_7c8630ba-c845-5968-93eb-de6f717b4925-9633391.webp\",\"width\":1536,\"height\":864,\"caption\":\"Reprodu\u00e7\u00e3o: Euro News\"},{\"@type\":\"BreadcrumbList\",\"@id\":\"https:\/\/crusoe.audiencelabs.com.br\/caso-de-um-dos-criminosos-mais-conhecidos-da-historia-vai-virar-serie-de-tv\/#breadcrumb\",\"itemListElement\":[{\"@type\":\"ListItem\",\"position\":1,\"name\":\"Home\",\"item\":\"https:\/\/crusoe.audiencelabs.com.br\/\"},{\"@type\":\"ListItem\",\"position\":2,\"name\":\"Caso de um dos criminosos mais conhecidos da hist\u00f3ria vai virar s\u00e9rie de TV\"}]},{\"@type\":\"WebSite\",\"@id\":\"https:\/\/crusoe.audiencelabs.com.br\/#website\",\"url\":\"https:\/\/crusoe.audiencelabs.com.br\/\",\"name\":\"Variedades - Cruso\u00e9\",\"description\":\"\",\"potentialAction\":[{\"@type\":\"SearchAction\",\"target\":{\"@type\":\"EntryPoint\",\"urlTemplate\":\"https:\/\/crusoe.audiencelabs.com.br\/?s={search_term_string}\"},\"query-input\":{\"@type\":\"PropertyValueSpecification\",\"valueRequired\":true,\"valueName\":\"search_term_string\"}}],\"inLanguage\":\"pt-BR\"},{\"@type\":\"Person\",\"@id\":\"https:\/\/crusoe.audiencelabs.com.br\/#\/schema\/person\/f87f73cfe89e5360de2c006bd4bd6a74\",\"name\":\"Milena Armando\",\"image\":{\"@type\":\"ImageObject\",\"inLanguage\":\"pt-BR\",\"@id\":\"https:\/\/crusoe.audiencelabs.com.br\/#\/schema\/person\/image\/\",\"url\":\"https:\/\/secure.gravatar.com\/avatar\/ea14ecddc9e9d202b698b18f9f69e09c9fd74cfbed5c6008d55f11faefdbdab7?s=96&d=mm&r=g\",\"contentUrl\":\"https:\/\/secure.gravatar.com\/avatar\/ea14ecddc9e9d202b698b18f9f69e09c9fd74cfbed5c6008d55f11faefdbdab7?s=96&d=mm&r=g\",\"caption\":\"Milena Armando\"},\"description\":\"Jornalista, redatora e revisora.\",\"url\":\"https:\/\/crusoe.audiencelabs.com.br\/author\/milena\/\"}]}<\/script>\n<!-- \/ Yoast SEO plugin. -->","yoast_head_json":{"title":"Caso de um dos criminosos mais conhecidos da hist\u00f3ria vai virar s\u00e9rie de TV","robots":{"index":"index","follow":"follow","max-snippet":"max-snippet:-1","max-image-preview":"max-image-preview:large","max-video-preview":"max-video-preview:-1"},"canonical":"https:\/\/crusoe.audiencelabs.com.br\/caso-de-um-dos-criminosos-mais-conhecidos-da-historia-vai-virar-serie-de-tv\/","og_locale":"pt_BR","og_type":"article","og_title":"Caso de um dos criminosos mais conhecidos da hist\u00f3ria vai virar s\u00e9rie de TV","og_description":"A Sony Pictures Television est\u00e1 desenvolvendo uma s\u00e9rie baseada na investiga\u00e7\u00e3o do esc\u00e2ndalo envolvendo Jeffrey Epstein. Inspirada no livro Perversion of Justice: The Jeffrey Epstein Story, da jornalista Julie K. Brown, a produ\u00e7\u00e3o promete retratar em profundidade a rede de abusos e o trabalho jornal\u00edstico que levou \u00e0 reabertura do caso. A atriz Laura Dern [&hellip;]","og_url":"https:\/\/crusoe.audiencelabs.com.br\/caso-de-um-dos-criminosos-mais-conhecidos-da-historia-vai-virar-serie-de-tv\/","og_site_name":"Variedades - Cruso\u00e9","article_published_time":"2026-04-04T21:32:04+00:00","og_image":[{"width":1536,"height":864,"url":"https:\/\/cdn.crusoe.com.br\/uploads\/2026\/04\/1536x864_cmsv2_7c8630ba-c845-5968-93eb-de6f717b4925-9633391.webp","type":"image\/webp"}],"author":"Milena Armando","twitter_card":"summary_large_image","twitter_misc":{"Escrito por":"Milena Armando","Est. tempo de leitura":"3 minutos"},"schema":{"@context":"https:\/\/schema.org","@graph":[{"@type":"WebPage","@id":"https:\/\/crusoe.audiencelabs.com.br\/caso-de-um-dos-criminosos-mais-conhecidos-da-historia-vai-virar-serie-de-tv\/","url":"https:\/\/crusoe.audiencelabs.com.br\/caso-de-um-dos-criminosos-mais-conhecidos-da-historia-vai-virar-serie-de-tv\/","name":"Caso de um dos criminosos mais conhecidos da hist\u00f3ria vai virar s\u00e9rie de TV","isPartOf":{"@id":"https:\/\/crusoe.audiencelabs.com.br\/#website"},"primaryImageOfPage":{"@id":"https:\/\/crusoe.audiencelabs.com.br\/caso-de-um-dos-criminosos-mais-conhecidos-da-historia-vai-virar-serie-de-tv\/#primaryimage"},"image":{"@id":"https:\/\/crusoe.audiencelabs.com.br\/caso-de-um-dos-criminosos-mais-conhecidos-da-historia-vai-virar-serie-de-tv\/#primaryimage"},"thumbnailUrl":"https:\/\/cdn.crusoe.com.br\/uploads\/2026\/04\/1536x864_cmsv2_7c8630ba-c845-5968-93eb-de6f717b4925-9633391.webp","datePublished":"2026-04-04T21:32:04+00:00","author":{"@id":"https:\/\/crusoe.audiencelabs.com.br\/#\/schema\/person\/f87f73cfe89e5360de2c006bd4bd6a74"},"breadcrumb":{"@id":"https:\/\/crusoe.audiencelabs.com.br\/caso-de-um-dos-criminosos-mais-conhecidos-da-historia-vai-virar-serie-de-tv\/#breadcrumb"},"inLanguage":"pt-BR","potentialAction":[{"@type":"ReadAction","target":["https:\/\/crusoe.audiencelabs.com.br\/caso-de-um-dos-criminosos-mais-conhecidos-da-historia-vai-virar-serie-de-tv\/"]}]},{"@type":"ImageObject","inLanguage":"pt-BR","@id":"https:\/\/crusoe.audiencelabs.com.br\/caso-de-um-dos-criminosos-mais-conhecidos-da-historia-vai-virar-serie-de-tv\/#primaryimage","url":"https:\/\/cdn.crusoe.com.br\/uploads\/2026\/04\/1536x864_cmsv2_7c8630ba-c845-5968-93eb-de6f717b4925-9633391.webp","contentUrl":"https:\/\/cdn.crusoe.com.br\/uploads\/2026\/04\/1536x864_cmsv2_7c8630ba-c845-5968-93eb-de6f717b4925-9633391.webp","width":1536,"height":864,"caption":"Reprodu\u00e7\u00e3o: Euro News"},{"@type":"BreadcrumbList","@id":"https:\/\/crusoe.audiencelabs.com.br\/caso-de-um-dos-criminosos-mais-conhecidos-da-historia-vai-virar-serie-de-tv\/#breadcrumb","itemListElement":[{"@type":"ListItem","position":1,"name":"Home","item":"https:\/\/crusoe.audiencelabs.com.br\/"},{"@type":"ListItem","position":2,"name":"Caso de um dos criminosos mais conhecidos da hist\u00f3ria vai virar s\u00e9rie de TV"}]},{"@type":"WebSite","@id":"https:\/\/crusoe.audiencelabs.com.br\/#website","url":"https:\/\/crusoe.audiencelabs.com.br\/","name":"Variedades - Cruso\u00e9","description":"","potentialAction":[{"@type":"SearchAction","target":{"@type":"EntryPoint","urlTemplate":"https:\/\/crusoe.audiencelabs.com.br\/?s={search_term_string}"},"query-input":{"@type":"PropertyValueSpecification","valueRequired":true,"valueName":"search_term_string"}}],"inLanguage":"pt-BR"},{"@type":"Person","@id":"https:\/\/crusoe.audiencelabs.com.br\/#\/schema\/person\/f87f73cfe89e5360de2c006bd4bd6a74","name":"Milena Armando","image":{"@type":"ImageObject","inLanguage":"pt-BR","@id":"https:\/\/crusoe.audiencelabs.com.br\/#\/schema\/person\/image\/","url":"https:\/\/secure.gravatar.com\/avatar\/ea14ecddc9e9d202b698b18f9f69e09c9fd74cfbed5c6008d55f11faefdbdab7?s=96&d=mm&r=g","contentUrl":"https:\/\/secure.gravatar.com\/avatar\/ea14ecddc9e9d202b698b18f9f69e09c9fd74cfbed5c6008d55f11faefdbdab7?s=96&d=mm&r=g","caption":"Milena Armando"},"description":"Jornalista, redatora e revisora.","url":"https:\/\/crusoe.audiencelabs.com.br\/author\/milena\/"}]}},"_links":{"self":[{"href":"https:\/\/crusoe.audiencelabs.com.br\/wp-json\/wp\/v2\/posts\/36074","targetHints":{"allow":["GET"]}}],"collection":[{"href":"https:\/\/crusoe.audiencelabs.com.br\/wp-json\/wp\/v2\/posts"}],"about":[{"href":"https:\/\/crusoe.audiencelabs.com.br\/wp-json\/wp\/v2\/types\/post"}],"author":[{"embeddable":true,"href":"https:\/\/crusoe.audiencelabs.com.br\/wp-json\/wp\/v2\/users\/5"}],"replies":[{"embeddable":true,"href":"https:\/\/crusoe.audiencelabs.com.br\/wp-json\/wp\/v2\/comments?post=36074"}],"version-history":[{"count":4,"href":"https:\/\/crusoe.audiencelabs.com.br\/wp-json\/wp\/v2\/posts\/36074\/revisions"}],"predecessor-version":[{"id":36141,"href":"https:\/\/crusoe.audiencelabs.com.br\/wp-json\/wp\/v2\/posts\/36074\/revisions\/36141"}],"wp:featuredmedia":[{"embeddable":true,"href":"https:\/\/crusoe.audiencelabs.com.br\/wp-json\/wp\/v2\/media\/36075"}],"wp:attachment":[{"href":"https:\/\/crusoe.audiencelabs.com.br\/wp-json\/wp\/v2\/media?parent=36074"}],"wp:term":[{"taxonomy":"category","embeddable":true,"href":"https:\/\/crusoe.audiencelabs.com.br\/wp-json\/wp\/v2\/categories?post=36074"},{"taxonomy":"post_tag","embeddable":true,"href":"https:\/\/crusoe.audiencelabs.com.br\/wp-json\/wp\/v2\/tags?post=36074"}],"curies":[{"name":"wp","href":"https:\/\/api.w.org\/{rel}","templated":true}]}}