{"id":36064,"date":"2026-04-01T21:32:46","date_gmt":"2026-04-02T00:32:46","guid":{"rendered":"https:\/\/crusoe.audiencelabs.com.br\/?p=36064"},"modified":"2026-04-01T08:49:34","modified_gmt":"2026-04-01T11:49:34","slug":"cientistas-testam-metodo-que-pode-reverter-sintomas-do-alzheimer","status":"publish","type":"post","link":"https:\/\/crusoe.audiencelabs.com.br\/cientistas-testam-metodo-que-pode-reverter-sintomas-do-alzheimer\/","title":{"rendered":"Cientistas testam m\u00e9todo que pode reverter sintomas do Alzheimer"},"content":{"rendered":"<div class=\"flex flex-col text-sm pb-25\">\n<section class=\"text-token-text-primary w-full focus:outline-none [--shadow-height:45px] has-data-writing-block:pointer-events-none has-data-writing-block:-mt-(--shadow-height) has-data-writing-block:pt-(--shadow-height) [&amp;:has([data-writing-block])&gt;*]:pointer-events-auto scroll-mt-[calc(var(--header-height)+min(200px,max(70px,20svh)))]\" dir=\"auto\" data-turn-id=\"request-WEB:a0a59a5f-0e9e-4b60-b942-507c3fa229f4-15\" data-testid=\"conversation-turn-32\" data-scroll-anchor=\"true\" data-turn=\"assistant\">\n<div class=\"text-base my-auto mx-auto pb-10 [--thread-content-margin:var(--thread-content-margin-xs,calc(var(--spacing)*4))] @w-sm\/main:[--thread-content-margin:var(--thread-content-margin-sm,calc(var(--spacing)*6))] @w-lg\/main:[--thread-content-margin:var(--thread-content-margin-lg,calc(var(--spacing)*16))] px-(--thread-content-margin)\">\n<div class=\"[--thread-content-max-width:40rem] @w-lg\/main:[--thread-content-max-width:48rem] mx-auto max-w-(--thread-content-max-width) flex-1 group\/turn-messages focus-visible:outline-hidden relative flex w-full min-w-0 flex-col agent-turn\">\n<div class=\"flex max-w-full flex-col gap-4 grow\">\n<div class=\"min-h-8 text-message relative flex w-full flex-col items-end gap-2 text-start break-words whitespace-normal outline-none keyboard-focused:focus-ring [.text-message+&amp;]:mt-1\" dir=\"auto\" data-message-author-role=\"assistant\" data-message-id=\"4cc883ba-bc85-4027-a4a5-747718b8ee52\" data-message-model-slug=\"gpt-5-3\" data-turn-start-message=\"true\">\n<div class=\"flex w-full flex-col gap-1 empty:hidden\">\n<div class=\"markdown prose dark:prose-invert w-full wrap-break-word dark markdown-new-styling\">\n<p data-start=\"0\" data-end=\"365\">Cientistas da <span class=\"hover:entity-accent entity-underline inline cursor-pointer align-baseline\"><span class=\"whitespace-normal\">Universidade de Barcelona<\/span><\/span> alcan\u00e7aram um avan\u00e7o no campo da terapia g\u00eanica ao conseguirem <strong>reverter sintomas de <span class=\"hover:entity-accent entity-underline inline cursor-pointer align-baseline\"><span class=\"whitespace-normal\">Alzheimer<\/span><\/span> em modelos animais<\/strong>.<\/p>\n<p data-start=\"0\" data-end=\"365\">O estudo foca na recupera\u00e7\u00e3o de fun\u00e7\u00f5es cognitivas comprometidas, abrindo novas perspectivas no enfrentamento de uma das condi\u00e7\u00f5es mais desafiadoras da medicina.<\/p>\n<h2 data-start=\"0\" data-end=\"365\">Detalhes do estudo<\/h2>\n<p data-start=\"367\" data-end=\"825\">A abordagem se destaca por atuar diretamente nas conex\u00f5es sin\u00e1pticas, respons\u00e1veis pela comunica\u00e7\u00e3o entre os neur\u00f4nios,\u00a0 que s\u00e3o progressivamente afetadas pela doen\u00e7a.<\/p>\n<p data-start=\"367\" data-end=\"825\">Diferente de tratamentos tradicionais, geralmente voltados a prote\u00ednas associadas ao <a href=\"https:\/\/crusoe.audiencelabs.com.br\/voce-anda-esquecendo-demais-veja-quando-isso-pode-ser-um-alerta-para-alzheimer\/\">Alzheimer<\/a>, a nova estrat\u00e9gia prioriza a restaura\u00e7\u00e3o da comunica\u00e7\u00e3o neuronal.<\/p>\n<p data-start=\"367\" data-end=\"825\">Como resultado, os ratos tratados apresentaram melhora significativa no desempenho cognitivo, indicando o potencial da t\u00e9cnica.<\/p>\n<h2 data-section-id=\"1uvk98y\" data-start=\"827\" data-end=\"860\">Como a terapia atua no c\u00e9rebro<\/h2>\n<p data-start=\"862\" data-end=\"1162\">A terapia desenvolvida pelos pesquisadores busca fortalecer as conex\u00f5es entre neur\u00f4nios, um dos principais pontos afetados pelo avan\u00e7o do Alzheimer.<\/p>\n<p data-start=\"862\" data-end=\"1162\">Ao melhorar essa comunica\u00e7\u00e3o, a t\u00e9cnica n\u00e3o apenas desacelera o processo degenerativo, mas aponta para a possibilidade de reverter danos j\u00e1 instalados.<\/p>\n<p data-start=\"1164\" data-end=\"1405\">Esse aspecto representa uma mudan\u00e7a importante em rela\u00e7\u00e3o \u00e0s abordagens atuais, que, em sua maioria, conseguem apenas retardar a progress\u00e3o da doen\u00e7a.<\/p>\n<h2 data-section-id=\"11v3zvw\" data-start=\"1407\" data-end=\"1438\">Limita\u00e7\u00f5es e pr\u00f3ximos passos<\/h2>\n<p data-start=\"1440\" data-end=\"1691\">Apesar dos resultados promissores, a pesquisa ainda est\u00e1 em est\u00e1gio inicial. Os testes foram realizados apenas em animais, o que significa que ainda s\u00e3o necess\u00e1rios estudos mais aprofundados para avaliar a efic\u00e1cia da terapia em humanos.<\/p>\n<p data-start=\"1693\" data-end=\"1868\">A transi\u00e7\u00e3o para ensaios cl\u00ednicos ser\u00e1 um passo fundamental. \u00c9 nesse est\u00e1gio que os cientistas poder\u00e3o confirmar se os benef\u00edcios observados podem ser replicados em pacientes.<\/p>\n<h2 data-section-id=\"1usuzzw\" data-start=\"1870\" data-end=\"1907\">Impactos para o futuro da medicina<\/h2>\n<p data-start=\"1909\" data-end=\"2183\">Al\u00e9m de seu potencial no tratamento do Alzheimer, o estudo abre caminho para novas abordagens no combate a outras doen\u00e7as neurodegenerativas.<\/p>\n<p data-start=\"1909\" data-end=\"2183\">A ideia de modular a comunica\u00e7\u00e3o entre neur\u00f4nios pode redefinir estrat\u00e9gias terap\u00eauticas e ampliar as possibilidades de interven\u00e7\u00e3o.<\/p>\n<p data-start=\"2185\" data-end=\"2487\" data-is-last-node=\"\" data-is-only-node=\"\">\u00c0 medida que cresce a compreens\u00e3o sobre os mecanismos do c\u00e9rebro, aumentam tamb\u00e9m as chances de desenvolver tratamentos mais eficazes, capazes n\u00e3o apenas de conter, mas de reverter processos de degenera\u00e7\u00e3o neural.<\/p>\n<\/div>\n<\/div>\n<\/div>\n<\/div>\n<\/div>\n<\/div>\n<\/section>\n<\/div>\n","protected":false},"excerpt":{"rendered":"<p>Cientistas da Universidade de Barcelona alcan\u00e7aram um avan\u00e7o no campo da terapia g\u00eanica ao conseguirem reverter sintomas de Alzheimer em modelos animais. O estudo foca na recupera\u00e7\u00e3o de fun\u00e7\u00f5es cognitivas comprometidas, abrindo novas perspectivas no enfrentamento de uma das condi\u00e7\u00f5es mais desafiadoras da medicina. Detalhes do estudo A abordagem se destaca por atuar diretamente nas [&hellip;]<\/p>\n","protected":false},"author":5,"featured_media":36066,"comment_status":"open","ping_status":"open","sticky":false,"template":"","format":"standard","meta":{"jnews-multi-image_gallery":[],"jnews_single_post":{"subtitle":""},"jnews_primary_category":[],"jnews_override_counter":[],"jnews_post_split":[],"footnotes":""},"categories":[1],"tags":[1249,234,2019],"class_list":["post-36064","post","type-post","status-publish","format-standard","has-post-thumbnail","hentry","category-geral","tag-alzheimer","tag-saude","tag-tratamento"],"yoast_head":"<!-- This site is optimized with the Yoast SEO plugin v25.0 - https:\/\/yoast.com\/wordpress\/plugins\/seo\/ -->\n<title>Cientistas testam m\u00e9todo que pode reverter sintomas do Alzheimer<\/title>\n<meta name=\"robots\" content=\"index, follow, max-snippet:-1, max-image-preview:large, max-video-preview:-1\" \/>\n<link rel=\"canonical\" href=\"https:\/\/crusoe.audiencelabs.com.br\/cientistas-testam-metodo-que-pode-reverter-sintomas-do-alzheimer\/\" \/>\n<meta property=\"og:locale\" content=\"pt_BR\" \/>\n<meta property=\"og:type\" content=\"article\" \/>\n<meta property=\"og:title\" content=\"Cientistas testam m\u00e9todo que pode reverter sintomas do Alzheimer\" \/>\n<meta property=\"og:description\" content=\"Cientistas da Universidade de Barcelona alcan\u00e7aram um avan\u00e7o no campo da terapia g\u00eanica ao conseguirem reverter sintomas de Alzheimer em modelos animais. O estudo foca na recupera\u00e7\u00e3o de fun\u00e7\u00f5es cognitivas comprometidas, abrindo novas perspectivas no enfrentamento de uma das condi\u00e7\u00f5es mais desafiadoras da medicina. Detalhes do estudo A abordagem se destaca por atuar diretamente nas [&hellip;]\" \/>\n<meta property=\"og:url\" content=\"https:\/\/crusoe.audiencelabs.com.br\/cientistas-testam-metodo-que-pode-reverter-sintomas-do-alzheimer\/\" \/>\n<meta property=\"og:site_name\" content=\"Variedades - Cruso\u00e9\" \/>\n<meta property=\"article:published_time\" content=\"2026-04-02T00:32:46+00:00\" \/>\n<meta name=\"author\" content=\"Milena Armando\" \/>\n<meta name=\"twitter:card\" content=\"summary_large_image\" \/>\n<meta name=\"twitter:label1\" content=\"Escrito por\" \/>\n\t<meta name=\"twitter:data1\" content=\"Milena Armando\" \/>\n\t<meta name=\"twitter:label2\" content=\"Est. tempo de leitura\" \/>\n\t<meta name=\"twitter:data2\" content=\"2 minutos\" \/>\n<script type=\"application\/ld+json\" class=\"yoast-schema-graph\">{\"@context\":\"https:\/\/schema.org\",\"@graph\":[{\"@type\":\"WebPage\",\"@id\":\"https:\/\/crusoe.audiencelabs.com.br\/cientistas-testam-metodo-que-pode-reverter-sintomas-do-alzheimer\/\",\"url\":\"https:\/\/crusoe.audiencelabs.com.br\/cientistas-testam-metodo-que-pode-reverter-sintomas-do-alzheimer\/\",\"name\":\"Cientistas testam m\u00e9todo que pode reverter sintomas do Alzheimer\",\"isPartOf\":{\"@id\":\"https:\/\/crusoe.audiencelabs.com.br\/#website\"},\"primaryImageOfPage\":{\"@id\":\"https:\/\/crusoe.audiencelabs.com.br\/cientistas-testam-metodo-que-pode-reverter-sintomas-do-alzheimer\/#primaryimage\"},\"image\":{\"@id\":\"https:\/\/crusoe.audiencelabs.com.br\/cientistas-testam-metodo-que-pode-reverter-sintomas-do-alzheimer\/#primaryimage\"},\"thumbnailUrl\":\"https:\/\/cdn.crusoe.com.br\/uploads\/2026\/04\/homem-idoso-enfrentando-doenca-de-alzheimer_23-2149043744.avif\",\"datePublished\":\"2026-04-02T00:32:46+00:00\",\"author\":{\"@id\":\"https:\/\/crusoe.audiencelabs.com.br\/#\/schema\/person\/f87f73cfe89e5360de2c006bd4bd6a74\"},\"breadcrumb\":{\"@id\":\"https:\/\/crusoe.audiencelabs.com.br\/cientistas-testam-metodo-que-pode-reverter-sintomas-do-alzheimer\/#breadcrumb\"},\"inLanguage\":\"pt-BR\",\"potentialAction\":[{\"@type\":\"ReadAction\",\"target\":[\"https:\/\/crusoe.audiencelabs.com.br\/cientistas-testam-metodo-que-pode-reverter-sintomas-do-alzheimer\/\"]}]},{\"@type\":\"ImageObject\",\"inLanguage\":\"pt-BR\",\"@id\":\"https:\/\/crusoe.audiencelabs.com.br\/cientistas-testam-metodo-que-pode-reverter-sintomas-do-alzheimer\/#primaryimage\",\"url\":\"https:\/\/cdn.crusoe.com.br\/uploads\/2026\/04\/homem-idoso-enfrentando-doenca-de-alzheimer_23-2149043744.avif\",\"contentUrl\":\"https:\/\/cdn.crusoe.com.br\/uploads\/2026\/04\/homem-idoso-enfrentando-doenca-de-alzheimer_23-2149043744.avif\",\"width\":740,\"height\":494,\"caption\":\"Reprodu\u00e7\u00e3o: Freepik\"},{\"@type\":\"BreadcrumbList\",\"@id\":\"https:\/\/crusoe.audiencelabs.com.br\/cientistas-testam-metodo-que-pode-reverter-sintomas-do-alzheimer\/#breadcrumb\",\"itemListElement\":[{\"@type\":\"ListItem\",\"position\":1,\"name\":\"Home\",\"item\":\"https:\/\/crusoe.audiencelabs.com.br\/\"},{\"@type\":\"ListItem\",\"position\":2,\"name\":\"Cientistas testam m\u00e9todo que pode reverter sintomas do Alzheimer\"}]},{\"@type\":\"WebSite\",\"@id\":\"https:\/\/crusoe.audiencelabs.com.br\/#website\",\"url\":\"https:\/\/crusoe.audiencelabs.com.br\/\",\"name\":\"Variedades - Cruso\u00e9\",\"description\":\"\",\"potentialAction\":[{\"@type\":\"SearchAction\",\"target\":{\"@type\":\"EntryPoint\",\"urlTemplate\":\"https:\/\/crusoe.audiencelabs.com.br\/?s={search_term_string}\"},\"query-input\":{\"@type\":\"PropertyValueSpecification\",\"valueRequired\":true,\"valueName\":\"search_term_string\"}}],\"inLanguage\":\"pt-BR\"},{\"@type\":\"Person\",\"@id\":\"https:\/\/crusoe.audiencelabs.com.br\/#\/schema\/person\/f87f73cfe89e5360de2c006bd4bd6a74\",\"name\":\"Milena Armando\",\"image\":{\"@type\":\"ImageObject\",\"inLanguage\":\"pt-BR\",\"@id\":\"https:\/\/crusoe.audiencelabs.com.br\/#\/schema\/person\/image\/\",\"url\":\"https:\/\/secure.gravatar.com\/avatar\/ea14ecddc9e9d202b698b18f9f69e09c9fd74cfbed5c6008d55f11faefdbdab7?s=96&d=mm&r=g\",\"contentUrl\":\"https:\/\/secure.gravatar.com\/avatar\/ea14ecddc9e9d202b698b18f9f69e09c9fd74cfbed5c6008d55f11faefdbdab7?s=96&d=mm&r=g\",\"caption\":\"Milena Armando\"},\"description\":\"Jornalista, redatora e revisora.\",\"url\":\"https:\/\/crusoe.audiencelabs.com.br\/author\/milena\/\"}]}<\/script>\n<!-- \/ Yoast SEO plugin. -->","yoast_head_json":{"title":"Cientistas testam m\u00e9todo que pode reverter sintomas do Alzheimer","robots":{"index":"index","follow":"follow","max-snippet":"max-snippet:-1","max-image-preview":"max-image-preview:large","max-video-preview":"max-video-preview:-1"},"canonical":"https:\/\/crusoe.audiencelabs.com.br\/cientistas-testam-metodo-que-pode-reverter-sintomas-do-alzheimer\/","og_locale":"pt_BR","og_type":"article","og_title":"Cientistas testam m\u00e9todo que pode reverter sintomas do Alzheimer","og_description":"Cientistas da Universidade de Barcelona alcan\u00e7aram um avan\u00e7o no campo da terapia g\u00eanica ao conseguirem reverter sintomas de Alzheimer em modelos animais. O estudo foca na recupera\u00e7\u00e3o de fun\u00e7\u00f5es cognitivas comprometidas, abrindo novas perspectivas no enfrentamento de uma das condi\u00e7\u00f5es mais desafiadoras da medicina. Detalhes do estudo A abordagem se destaca por atuar diretamente nas [&hellip;]","og_url":"https:\/\/crusoe.audiencelabs.com.br\/cientistas-testam-metodo-que-pode-reverter-sintomas-do-alzheimer\/","og_site_name":"Variedades - Cruso\u00e9","article_published_time":"2026-04-02T00:32:46+00:00","author":"Milena Armando","twitter_card":"summary_large_image","twitter_misc":{"Escrito por":"Milena Armando","Est. tempo de leitura":"2 minutos"},"schema":{"@context":"https:\/\/schema.org","@graph":[{"@type":"WebPage","@id":"https:\/\/crusoe.audiencelabs.com.br\/cientistas-testam-metodo-que-pode-reverter-sintomas-do-alzheimer\/","url":"https:\/\/crusoe.audiencelabs.com.br\/cientistas-testam-metodo-que-pode-reverter-sintomas-do-alzheimer\/","name":"Cientistas testam m\u00e9todo que pode reverter sintomas do Alzheimer","isPartOf":{"@id":"https:\/\/crusoe.audiencelabs.com.br\/#website"},"primaryImageOfPage":{"@id":"https:\/\/crusoe.audiencelabs.com.br\/cientistas-testam-metodo-que-pode-reverter-sintomas-do-alzheimer\/#primaryimage"},"image":{"@id":"https:\/\/crusoe.audiencelabs.com.br\/cientistas-testam-metodo-que-pode-reverter-sintomas-do-alzheimer\/#primaryimage"},"thumbnailUrl":"https:\/\/cdn.crusoe.com.br\/uploads\/2026\/04\/homem-idoso-enfrentando-doenca-de-alzheimer_23-2149043744.avif","datePublished":"2026-04-02T00:32:46+00:00","author":{"@id":"https:\/\/crusoe.audiencelabs.com.br\/#\/schema\/person\/f87f73cfe89e5360de2c006bd4bd6a74"},"breadcrumb":{"@id":"https:\/\/crusoe.audiencelabs.com.br\/cientistas-testam-metodo-que-pode-reverter-sintomas-do-alzheimer\/#breadcrumb"},"inLanguage":"pt-BR","potentialAction":[{"@type":"ReadAction","target":["https:\/\/crusoe.audiencelabs.com.br\/cientistas-testam-metodo-que-pode-reverter-sintomas-do-alzheimer\/"]}]},{"@type":"ImageObject","inLanguage":"pt-BR","@id":"https:\/\/crusoe.audiencelabs.com.br\/cientistas-testam-metodo-que-pode-reverter-sintomas-do-alzheimer\/#primaryimage","url":"https:\/\/cdn.crusoe.com.br\/uploads\/2026\/04\/homem-idoso-enfrentando-doenca-de-alzheimer_23-2149043744.avif","contentUrl":"https:\/\/cdn.crusoe.com.br\/uploads\/2026\/04\/homem-idoso-enfrentando-doenca-de-alzheimer_23-2149043744.avif","width":740,"height":494,"caption":"Reprodu\u00e7\u00e3o: Freepik"},{"@type":"BreadcrumbList","@id":"https:\/\/crusoe.audiencelabs.com.br\/cientistas-testam-metodo-que-pode-reverter-sintomas-do-alzheimer\/#breadcrumb","itemListElement":[{"@type":"ListItem","position":1,"name":"Home","item":"https:\/\/crusoe.audiencelabs.com.br\/"},{"@type":"ListItem","position":2,"name":"Cientistas testam m\u00e9todo que pode reverter sintomas do Alzheimer"}]},{"@type":"WebSite","@id":"https:\/\/crusoe.audiencelabs.com.br\/#website","url":"https:\/\/crusoe.audiencelabs.com.br\/","name":"Variedades - Cruso\u00e9","description":"","potentialAction":[{"@type":"SearchAction","target":{"@type":"EntryPoint","urlTemplate":"https:\/\/crusoe.audiencelabs.com.br\/?s={search_term_string}"},"query-input":{"@type":"PropertyValueSpecification","valueRequired":true,"valueName":"search_term_string"}}],"inLanguage":"pt-BR"},{"@type":"Person","@id":"https:\/\/crusoe.audiencelabs.com.br\/#\/schema\/person\/f87f73cfe89e5360de2c006bd4bd6a74","name":"Milena Armando","image":{"@type":"ImageObject","inLanguage":"pt-BR","@id":"https:\/\/crusoe.audiencelabs.com.br\/#\/schema\/person\/image\/","url":"https:\/\/secure.gravatar.com\/avatar\/ea14ecddc9e9d202b698b18f9f69e09c9fd74cfbed5c6008d55f11faefdbdab7?s=96&d=mm&r=g","contentUrl":"https:\/\/secure.gravatar.com\/avatar\/ea14ecddc9e9d202b698b18f9f69e09c9fd74cfbed5c6008d55f11faefdbdab7?s=96&d=mm&r=g","caption":"Milena Armando"},"description":"Jornalista, redatora e revisora.","url":"https:\/\/crusoe.audiencelabs.com.br\/author\/milena\/"}]}},"_links":{"self":[{"href":"https:\/\/crusoe.audiencelabs.com.br\/wp-json\/wp\/v2\/posts\/36064","targetHints":{"allow":["GET"]}}],"collection":[{"href":"https:\/\/crusoe.audiencelabs.com.br\/wp-json\/wp\/v2\/posts"}],"about":[{"href":"https:\/\/crusoe.audiencelabs.com.br\/wp-json\/wp\/v2\/types\/post"}],"author":[{"embeddable":true,"href":"https:\/\/crusoe.audiencelabs.com.br\/wp-json\/wp\/v2\/users\/5"}],"replies":[{"embeddable":true,"href":"https:\/\/crusoe.audiencelabs.com.br\/wp-json\/wp\/v2\/comments?post=36064"}],"version-history":[{"count":1,"href":"https:\/\/crusoe.audiencelabs.com.br\/wp-json\/wp\/v2\/posts\/36064\/revisions"}],"predecessor-version":[{"id":36068,"href":"https:\/\/crusoe.audiencelabs.com.br\/wp-json\/wp\/v2\/posts\/36064\/revisions\/36068"}],"wp:featuredmedia":[{"embeddable":true,"href":"https:\/\/crusoe.audiencelabs.com.br\/wp-json\/wp\/v2\/media\/36066"}],"wp:attachment":[{"href":"https:\/\/crusoe.audiencelabs.com.br\/wp-json\/wp\/v2\/media?parent=36064"}],"wp:term":[{"taxonomy":"category","embeddable":true,"href":"https:\/\/crusoe.audiencelabs.com.br\/wp-json\/wp\/v2\/categories?post=36064"},{"taxonomy":"post_tag","embeddable":true,"href":"https:\/\/crusoe.audiencelabs.com.br\/wp-json\/wp\/v2\/tags?post=36064"}],"curies":[{"name":"wp","href":"https:\/\/api.w.org\/{rel}","templated":true}]}}