{"id":36054,"date":"2026-04-01T20:32:28","date_gmt":"2026-04-01T23:32:28","guid":{"rendered":"https:\/\/crusoe.audiencelabs.com.br\/?p=36054"},"modified":"2026-04-01T08:36:45","modified_gmt":"2026-04-01T11:36:45","slug":"nova-proposta-do-governo-pode-acabar-com-multas-e-pontos-na-carteira-em-todo-o-pais","status":"publish","type":"post","link":"https:\/\/crusoe.audiencelabs.com.br\/nova-proposta-do-governo-pode-acabar-com-multas-e-pontos-na-carteira-em-todo-o-pais\/","title":{"rendered":"Nova proposta do governo pode acabar com multas e pontos na carteira em todo o pa\u00eds"},"content":{"rendered":"<div class=\"flex flex-col text-sm pb-25\">\n<section class=\"text-token-text-primary w-full focus:outline-none [--shadow-height:45px] has-data-writing-block:pointer-events-none has-data-writing-block:-mt-(--shadow-height) has-data-writing-block:pt-(--shadow-height) [&amp;:has([data-writing-block])&gt;*]:pointer-events-auto scroll-mt-[calc(var(--header-height)+min(200px,max(70px,20svh)))]\" dir=\"auto\" data-turn-id=\"request-WEB:a0a59a5f-0e9e-4b60-b942-507c3fa229f4-13\" data-testid=\"conversation-turn-28\" data-scroll-anchor=\"true\" data-turn=\"assistant\">\n<div class=\"text-base my-auto mx-auto pb-10 [--thread-content-margin:var(--thread-content-margin-xs,calc(var(--spacing)*4))] @w-sm\/main:[--thread-content-margin:var(--thread-content-margin-sm,calc(var(--spacing)*6))] @w-lg\/main:[--thread-content-margin:var(--thread-content-margin-lg,calc(var(--spacing)*16))] px-(--thread-content-margin)\">\n<div class=\"[--thread-content-max-width:40rem] @w-lg\/main:[--thread-content-max-width:48rem] mx-auto max-w-(--thread-content-max-width) flex-1 group\/turn-messages focus-visible:outline-hidden relative flex w-full min-w-0 flex-col agent-turn\">\n<div class=\"flex max-w-full flex-col gap-4 grow\">\n<div class=\"min-h-8 text-message relative flex w-full flex-col items-end gap-2 text-start break-words whitespace-normal outline-none keyboard-focused:focus-ring [.text-message+&amp;]:mt-1\" dir=\"auto\" data-message-author-role=\"assistant\" data-message-id=\"bd0c0abd-2ee9-41a3-8d4b-ed9a6d2ebafa\" data-message-model-slug=\"gpt-5-3\" data-turn-start-message=\"true\">\n<div class=\"flex w-full flex-col gap-1 empty:hidden\">\n<div class=\"markdown prose dark:prose-invert w-full wrap-break-word dark markdown-new-styling\">\n<p data-start=\"0\" data-end=\"294\">O <span class=\"hover:entity-accent entity-underline inline cursor-pointer align-baseline\"><span class=\"whitespace-normal\">Governo Federal<\/span><\/span>, sob lideran\u00e7a do presidente <strong>Lul<span class=\"hover:entity-accent entity-underline inline cursor-pointer align-baseline\"><span class=\"whitespace-normal\">a <\/span><\/span><\/strong><span class=\"hover:entity-accent entity-underline inline cursor-pointer align-baseline\"><span class=\"whitespace-normal\">(PT)<\/span><\/span>, avalia a <strong>possibilidade de suspender multas aplicadas em sistemas de ped\u00e1gio sem cancelas<\/strong>, conhecidos como\u00a0<strong><span class=\"hover:entity-accent entity-underline inline cursor-pointer align-baseline\"><span class=\"whitespace-normal\">free flow<\/span><\/span>,<\/strong> j\u00e1 adotados em diversas rodovias do pa\u00eds.<\/p>\n<p data-start=\"296\" data-end=\"655\">Desde sua implementa\u00e7\u00e3o, o sistema tem gerado um grande volume de multas, muitas delas atribu\u00eddas \u00e0 falta de sinaliza\u00e7\u00e3o adequada e de informa\u00e7\u00f5es aos motoristas.<\/p>\n<p data-start=\"296\" data-end=\"655\">A medida ainda est\u00e1 em an\u00e1lise e busca corrigir falhas regulat\u00f3rias identificadas no modelo. Por enquanto, o <span class=\"hover:entity-accent entity-underline inline cursor-pointer align-baseline\"><span class=\"whitespace-normal\">Minist\u00e9rio dos Transportes<\/span><\/span> refor\u00e7a que as penalidades seguem v\u00e1lidas.<\/p>\n<h2 data-section-id=\"ruwsq8\" data-start=\"657\" data-end=\"695\">Poss\u00edvel suspens\u00e3o e impacto<\/h2>\n<p data-start=\"697\" data-end=\"948\">A proposta em discuss\u00e3o pretende aliviar motoristas prejudicados e responder \u00e0s cr\u00edticas que o modelo vem recebendo.<\/p>\n<p data-start=\"697\" data-end=\"948\">Caso avance, a suspens\u00e3o permitiria a regulariza\u00e7\u00e3o das infra\u00e7\u00f5es at\u00e9 30 de dezembro, evitando multas e a perda de pontos na CNH.<\/p>\n<p data-start=\"1233\" data-end=\"1519\">O debate sobre o free flow ganhou dimens\u00e3o pol\u00edtica, especialmente em <span class=\"hover:entity-accent entity-underline inline cursor-pointer align-baseline\"><span class=\"whitespace-normal\">S\u00e3o Paulo<\/span><\/span>, onde o sistema \u00e9 utilizado. O presidente Lula e o governador <span class=\"hover:entity-accent entity-underline inline cursor-pointer align-baseline\"><span class=\"whitespace-normal\">Tarc\u00edsio de Freitas<\/span><\/span> trocaram cr\u00edticas sobre a responsabilidade pelo aumento das multas.<\/p>\n<h2 data-section-id=\"18yisv5\" data-start=\"1661\" data-end=\"1697\">Como funciona o sistema free flow<\/h2>\n<p data-start=\"1699\" data-end=\"1951\">O modelo substitui as tradicionais pra\u00e7as de ped\u00e1gio por p\u00f3rticos eletr\u00f4nicos que identificam os ve\u00edculos por meio de leitura de placas ou tags autom\u00e1ticas. A proposta \u00e9 tornar o tr\u00e1fego mais fluido, reduzindo filas, acidentes e consumo de combust\u00edvel.<\/p>\n<figure id=\"attachment_36056\" aria-describedby=\"caption-attachment-36056\" style=\"width: 581px\" class=\"wp-caption aligncenter\"><img loading=\"lazy\" decoding=\"async\" class=\" wp-image-36056\" src=\"https:\/\/cdn.crusoe.com.br\/uploads\/2026\/04\/free-flow.avif\" alt=\"\" width=\"581\" height=\"391\" srcset=\"https:\/\/cdn.crusoe.com.br\/uploads\/2026\/04\/free-flow.avif 984w, https:\/\/cdn.crusoe.com.br\/uploads\/2026\/04\/free-flow-300x202.avif 300w, https:\/\/cdn.crusoe.com.br\/uploads\/2026\/04\/free-flow-768x517.avif 768w, https:\/\/cdn.crusoe.com.br\/uploads\/2026\/04\/free-flow-750x505.avif 750w\" sizes=\"auto, (max-width: 581px) 100vw, 581px\" \/><figcaption id=\"caption-attachment-36056\" class=\"wp-caption-text\"><strong>Free flow &#8211; Reprodu\u00e7\u00e3o: G1<\/strong><\/figcaption><\/figure>\n<p data-start=\"1953\" data-end=\"2128\">Apesar dos benef\u00edcios, a falta de comunica\u00e7\u00e3o sobre o funcionamento do sistema tem gerado d\u00favidas e erros por parte dos usu\u00e1rios, resultando em autua\u00e7\u00f5es frequentes.<\/p>\n<h2 data-section-id=\"1exii8p\" data-start=\"2130\" data-end=\"2148\">Pr\u00f3ximos passos<\/h2>\n<p data-start=\"2150\" data-end=\"2356\">A decis\u00e3o final sobre a suspens\u00e3o das multas pode impactar milh\u00f5es de motoristas. O governo avalia alternativas para corrigir falhas no modelo e aprimorar sua aplica\u00e7\u00e3o.<\/p>\n<p data-start=\"2358\" data-end=\"2574\" data-is-last-node=\"\" data-is-only-node=\"\">At\u00e9 que haja uma defini\u00e7\u00e3o oficial, as multas continuam em vigor. Por isso, motoristas devem se manter atentos \u00e0s regras atuais e acompanhar poss\u00edveis mudan\u00e7as que podem afetar de forma significativa o uso das rodovias no pa\u00eds.<\/p>\n<\/div>\n<\/div>\n<\/div>\n<\/div>\n<\/div>\n<\/div>\n<\/section>\n<\/div>\n","protected":false},"excerpt":{"rendered":"<p>O Governo Federal, sob lideran\u00e7a do presidente Lula (PT), avalia a possibilidade de suspender multas aplicadas em sistemas de ped\u00e1gio sem cancelas, conhecidos como\u00a0free flow, j\u00e1 adotados em diversas rodovias do pa\u00eds. Desde sua implementa\u00e7\u00e3o, o sistema tem gerado um grande volume de multas, muitas delas atribu\u00eddas \u00e0 falta de sinaliza\u00e7\u00e3o adequada e de informa\u00e7\u00f5es [&hellip;]<\/p>\n","protected":false},"author":5,"featured_media":36055,"comment_status":"open","ping_status":"open","sticky":false,"template":"","format":"standard","meta":{"jnews-multi-image_gallery":[],"jnews_single_post":{"subtitle":""},"jnews_primary_category":[],"jnews_override_counter":[],"jnews_post_split":[],"footnotes":""},"categories":[1],"tags":[54,6863,1278],"class_list":["post-36054","post","type-post","status-publish","format-standard","has-post-thumbnail","hentry","category-geral","tag-cnh","tag-free-flow","tag-multas"],"yoast_head":"<!-- This site is optimized with the Yoast SEO plugin v25.0 - https:\/\/yoast.com\/wordpress\/plugins\/seo\/ -->\n<title>Nova proposta do governo pode acabar com multas e pontos na carteira em todo o pa\u00eds<\/title>\n<meta name=\"robots\" content=\"index, follow, max-snippet:-1, max-image-preview:large, max-video-preview:-1\" \/>\n<link rel=\"canonical\" href=\"https:\/\/crusoe.audiencelabs.com.br\/nova-proposta-do-governo-pode-acabar-com-multas-e-pontos-na-carteira-em-todo-o-pais\/\" \/>\n<meta property=\"og:locale\" content=\"pt_BR\" \/>\n<meta property=\"og:type\" content=\"article\" \/>\n<meta property=\"og:title\" content=\"Nova proposta do governo pode acabar com multas e pontos na carteira em todo o pa\u00eds\" \/>\n<meta property=\"og:description\" content=\"O Governo Federal, sob lideran\u00e7a do presidente Lula (PT), avalia a possibilidade de suspender multas aplicadas em sistemas de ped\u00e1gio sem cancelas, conhecidos como\u00a0free flow, j\u00e1 adotados em diversas rodovias do pa\u00eds. Desde sua implementa\u00e7\u00e3o, o sistema tem gerado um grande volume de multas, muitas delas atribu\u00eddas \u00e0 falta de sinaliza\u00e7\u00e3o adequada e de informa\u00e7\u00f5es [&hellip;]\" \/>\n<meta property=\"og:url\" content=\"https:\/\/crusoe.audiencelabs.com.br\/nova-proposta-do-governo-pode-acabar-com-multas-e-pontos-na-carteira-em-todo-o-pais\/\" \/>\n<meta property=\"og:site_name\" content=\"Variedades - Cruso\u00e9\" \/>\n<meta property=\"article:published_time\" content=\"2026-04-01T23:32:28+00:00\" \/>\n<meta name=\"author\" content=\"Milena Armando\" \/>\n<meta name=\"twitter:card\" content=\"summary_large_image\" \/>\n<meta name=\"twitter:label1\" content=\"Escrito por\" \/>\n\t<meta name=\"twitter:data1\" content=\"Milena Armando\" \/>\n\t<meta name=\"twitter:label2\" content=\"Est. tempo de leitura\" \/>\n\t<meta name=\"twitter:data2\" content=\"3 minutos\" \/>\n<script type=\"application\/ld+json\" class=\"yoast-schema-graph\">{\"@context\":\"https:\/\/schema.org\",\"@graph\":[{\"@type\":\"WebPage\",\"@id\":\"https:\/\/crusoe.audiencelabs.com.br\/nova-proposta-do-governo-pode-acabar-com-multas-e-pontos-na-carteira-em-todo-o-pais\/\",\"url\":\"https:\/\/crusoe.audiencelabs.com.br\/nova-proposta-do-governo-pode-acabar-com-multas-e-pontos-na-carteira-em-todo-o-pais\/\",\"name\":\"Nova proposta do governo pode acabar com multas e pontos na carteira em todo o pa\u00eds\",\"isPartOf\":{\"@id\":\"https:\/\/crusoe.audiencelabs.com.br\/#website\"},\"primaryImageOfPage\":{\"@id\":\"https:\/\/crusoe.audiencelabs.com.br\/nova-proposta-do-governo-pode-acabar-com-multas-e-pontos-na-carteira-em-todo-o-pais\/#primaryimage\"},\"image\":{\"@id\":\"https:\/\/crusoe.audiencelabs.com.br\/nova-proposta-do-governo-pode-acabar-com-multas-e-pontos-na-carteira-em-todo-o-pais\/#primaryimage\"},\"thumbnailUrl\":\"https:\/\/cdn.crusoe.com.br\/uploads\/2026\/04\/10-de-setembro-de-2019-brasil-o-homem-possui-carteira-de-motorista-nacional-cnh-documento-oficial-do-brasil-que-atesta-a-capacidade-do-cidadao-de-dirigir-veiculos-terrestres_68852-51.avif\",\"datePublished\":\"2026-04-01T23:32:28+00:00\",\"author\":{\"@id\":\"https:\/\/crusoe.audiencelabs.com.br\/#\/schema\/person\/f87f73cfe89e5360de2c006bd4bd6a74\"},\"breadcrumb\":{\"@id\":\"https:\/\/crusoe.audiencelabs.com.br\/nova-proposta-do-governo-pode-acabar-com-multas-e-pontos-na-carteira-em-todo-o-pais\/#breadcrumb\"},\"inLanguage\":\"pt-BR\",\"potentialAction\":[{\"@type\":\"ReadAction\",\"target\":[\"https:\/\/crusoe.audiencelabs.com.br\/nova-proposta-do-governo-pode-acabar-com-multas-e-pontos-na-carteira-em-todo-o-pais\/\"]}]},{\"@type\":\"ImageObject\",\"inLanguage\":\"pt-BR\",\"@id\":\"https:\/\/crusoe.audiencelabs.com.br\/nova-proposta-do-governo-pode-acabar-com-multas-e-pontos-na-carteira-em-todo-o-pais\/#primaryimage\",\"url\":\"https:\/\/cdn.crusoe.com.br\/uploads\/2026\/04\/10-de-setembro-de-2019-brasil-o-homem-possui-carteira-de-motorista-nacional-cnh-documento-oficial-do-brasil-que-atesta-a-capacidade-do-cidadao-de-dirigir-veiculos-terrestres_68852-51.avif\",\"contentUrl\":\"https:\/\/cdn.crusoe.com.br\/uploads\/2026\/04\/10-de-setembro-de-2019-brasil-o-homem-possui-carteira-de-motorista-nacional-cnh-documento-oficial-do-brasil-que-atesta-a-capacidade-do-cidadao-de-dirigir-veiculos-terrestres_68852-51.avif\",\"width\":626,\"height\":417,\"caption\":\"Reprodu\u00e7\u00e3o: Freepik\"},{\"@type\":\"BreadcrumbList\",\"@id\":\"https:\/\/crusoe.audiencelabs.com.br\/nova-proposta-do-governo-pode-acabar-com-multas-e-pontos-na-carteira-em-todo-o-pais\/#breadcrumb\",\"itemListElement\":[{\"@type\":\"ListItem\",\"position\":1,\"name\":\"Home\",\"item\":\"https:\/\/crusoe.audiencelabs.com.br\/\"},{\"@type\":\"ListItem\",\"position\":2,\"name\":\"Nova proposta do governo pode acabar com multas e pontos na carteira em todo o pa\u00eds\"}]},{\"@type\":\"WebSite\",\"@id\":\"https:\/\/crusoe.audiencelabs.com.br\/#website\",\"url\":\"https:\/\/crusoe.audiencelabs.com.br\/\",\"name\":\"Variedades - Cruso\u00e9\",\"description\":\"\",\"potentialAction\":[{\"@type\":\"SearchAction\",\"target\":{\"@type\":\"EntryPoint\",\"urlTemplate\":\"https:\/\/crusoe.audiencelabs.com.br\/?s={search_term_string}\"},\"query-input\":{\"@type\":\"PropertyValueSpecification\",\"valueRequired\":true,\"valueName\":\"search_term_string\"}}],\"inLanguage\":\"pt-BR\"},{\"@type\":\"Person\",\"@id\":\"https:\/\/crusoe.audiencelabs.com.br\/#\/schema\/person\/f87f73cfe89e5360de2c006bd4bd6a74\",\"name\":\"Milena Armando\",\"image\":{\"@type\":\"ImageObject\",\"inLanguage\":\"pt-BR\",\"@id\":\"https:\/\/crusoe.audiencelabs.com.br\/#\/schema\/person\/image\/\",\"url\":\"https:\/\/secure.gravatar.com\/avatar\/ea14ecddc9e9d202b698b18f9f69e09c9fd74cfbed5c6008d55f11faefdbdab7?s=96&d=mm&r=g\",\"contentUrl\":\"https:\/\/secure.gravatar.com\/avatar\/ea14ecddc9e9d202b698b18f9f69e09c9fd74cfbed5c6008d55f11faefdbdab7?s=96&d=mm&r=g\",\"caption\":\"Milena Armando\"},\"description\":\"Jornalista, redatora e revisora.\",\"url\":\"https:\/\/crusoe.audiencelabs.com.br\/author\/milena\/\"}]}<\/script>\n<!-- \/ Yoast SEO plugin. -->","yoast_head_json":{"title":"Nova proposta do governo pode acabar com multas e pontos na carteira em todo o pa\u00eds","robots":{"index":"index","follow":"follow","max-snippet":"max-snippet:-1","max-image-preview":"max-image-preview:large","max-video-preview":"max-video-preview:-1"},"canonical":"https:\/\/crusoe.audiencelabs.com.br\/nova-proposta-do-governo-pode-acabar-com-multas-e-pontos-na-carteira-em-todo-o-pais\/","og_locale":"pt_BR","og_type":"article","og_title":"Nova proposta do governo pode acabar com multas e pontos na carteira em todo o pa\u00eds","og_description":"O Governo Federal, sob lideran\u00e7a do presidente Lula (PT), avalia a possibilidade de suspender multas aplicadas em sistemas de ped\u00e1gio sem cancelas, conhecidos como\u00a0free flow, j\u00e1 adotados em diversas rodovias do pa\u00eds. Desde sua implementa\u00e7\u00e3o, o sistema tem gerado um grande volume de multas, muitas delas atribu\u00eddas \u00e0 falta de sinaliza\u00e7\u00e3o adequada e de informa\u00e7\u00f5es [&hellip;]","og_url":"https:\/\/crusoe.audiencelabs.com.br\/nova-proposta-do-governo-pode-acabar-com-multas-e-pontos-na-carteira-em-todo-o-pais\/","og_site_name":"Variedades - Cruso\u00e9","article_published_time":"2026-04-01T23:32:28+00:00","author":"Milena Armando","twitter_card":"summary_large_image","twitter_misc":{"Escrito por":"Milena Armando","Est. tempo de leitura":"3 minutos"},"schema":{"@context":"https:\/\/schema.org","@graph":[{"@type":"WebPage","@id":"https:\/\/crusoe.audiencelabs.com.br\/nova-proposta-do-governo-pode-acabar-com-multas-e-pontos-na-carteira-em-todo-o-pais\/","url":"https:\/\/crusoe.audiencelabs.com.br\/nova-proposta-do-governo-pode-acabar-com-multas-e-pontos-na-carteira-em-todo-o-pais\/","name":"Nova proposta do governo pode acabar com multas e pontos na carteira em todo o pa\u00eds","isPartOf":{"@id":"https:\/\/crusoe.audiencelabs.com.br\/#website"},"primaryImageOfPage":{"@id":"https:\/\/crusoe.audiencelabs.com.br\/nova-proposta-do-governo-pode-acabar-com-multas-e-pontos-na-carteira-em-todo-o-pais\/#primaryimage"},"image":{"@id":"https:\/\/crusoe.audiencelabs.com.br\/nova-proposta-do-governo-pode-acabar-com-multas-e-pontos-na-carteira-em-todo-o-pais\/#primaryimage"},"thumbnailUrl":"https:\/\/cdn.crusoe.com.br\/uploads\/2026\/04\/10-de-setembro-de-2019-brasil-o-homem-possui-carteira-de-motorista-nacional-cnh-documento-oficial-do-brasil-que-atesta-a-capacidade-do-cidadao-de-dirigir-veiculos-terrestres_68852-51.avif","datePublished":"2026-04-01T23:32:28+00:00","author":{"@id":"https:\/\/crusoe.audiencelabs.com.br\/#\/schema\/person\/f87f73cfe89e5360de2c006bd4bd6a74"},"breadcrumb":{"@id":"https:\/\/crusoe.audiencelabs.com.br\/nova-proposta-do-governo-pode-acabar-com-multas-e-pontos-na-carteira-em-todo-o-pais\/#breadcrumb"},"inLanguage":"pt-BR","potentialAction":[{"@type":"ReadAction","target":["https:\/\/crusoe.audiencelabs.com.br\/nova-proposta-do-governo-pode-acabar-com-multas-e-pontos-na-carteira-em-todo-o-pais\/"]}]},{"@type":"ImageObject","inLanguage":"pt-BR","@id":"https:\/\/crusoe.audiencelabs.com.br\/nova-proposta-do-governo-pode-acabar-com-multas-e-pontos-na-carteira-em-todo-o-pais\/#primaryimage","url":"https:\/\/cdn.crusoe.com.br\/uploads\/2026\/04\/10-de-setembro-de-2019-brasil-o-homem-possui-carteira-de-motorista-nacional-cnh-documento-oficial-do-brasil-que-atesta-a-capacidade-do-cidadao-de-dirigir-veiculos-terrestres_68852-51.avif","contentUrl":"https:\/\/cdn.crusoe.com.br\/uploads\/2026\/04\/10-de-setembro-de-2019-brasil-o-homem-possui-carteira-de-motorista-nacional-cnh-documento-oficial-do-brasil-que-atesta-a-capacidade-do-cidadao-de-dirigir-veiculos-terrestres_68852-51.avif","width":626,"height":417,"caption":"Reprodu\u00e7\u00e3o: Freepik"},{"@type":"BreadcrumbList","@id":"https:\/\/crusoe.audiencelabs.com.br\/nova-proposta-do-governo-pode-acabar-com-multas-e-pontos-na-carteira-em-todo-o-pais\/#breadcrumb","itemListElement":[{"@type":"ListItem","position":1,"name":"Home","item":"https:\/\/crusoe.audiencelabs.com.br\/"},{"@type":"ListItem","position":2,"name":"Nova proposta do governo pode acabar com multas e pontos na carteira em todo o pa\u00eds"}]},{"@type":"WebSite","@id":"https:\/\/crusoe.audiencelabs.com.br\/#website","url":"https:\/\/crusoe.audiencelabs.com.br\/","name":"Variedades - Cruso\u00e9","description":"","potentialAction":[{"@type":"SearchAction","target":{"@type":"EntryPoint","urlTemplate":"https:\/\/crusoe.audiencelabs.com.br\/?s={search_term_string}"},"query-input":{"@type":"PropertyValueSpecification","valueRequired":true,"valueName":"search_term_string"}}],"inLanguage":"pt-BR"},{"@type":"Person","@id":"https:\/\/crusoe.audiencelabs.com.br\/#\/schema\/person\/f87f73cfe89e5360de2c006bd4bd6a74","name":"Milena Armando","image":{"@type":"ImageObject","inLanguage":"pt-BR","@id":"https:\/\/crusoe.audiencelabs.com.br\/#\/schema\/person\/image\/","url":"https:\/\/secure.gravatar.com\/avatar\/ea14ecddc9e9d202b698b18f9f69e09c9fd74cfbed5c6008d55f11faefdbdab7?s=96&d=mm&r=g","contentUrl":"https:\/\/secure.gravatar.com\/avatar\/ea14ecddc9e9d202b698b18f9f69e09c9fd74cfbed5c6008d55f11faefdbdab7?s=96&d=mm&r=g","caption":"Milena Armando"},"description":"Jornalista, redatora e revisora.","url":"https:\/\/crusoe.audiencelabs.com.br\/author\/milena\/"}]}},"_links":{"self":[{"href":"https:\/\/crusoe.audiencelabs.com.br\/wp-json\/wp\/v2\/posts\/36054","targetHints":{"allow":["GET"]}}],"collection":[{"href":"https:\/\/crusoe.audiencelabs.com.br\/wp-json\/wp\/v2\/posts"}],"about":[{"href":"https:\/\/crusoe.audiencelabs.com.br\/wp-json\/wp\/v2\/types\/post"}],"author":[{"embeddable":true,"href":"https:\/\/crusoe.audiencelabs.com.br\/wp-json\/wp\/v2\/users\/5"}],"replies":[{"embeddable":true,"href":"https:\/\/crusoe.audiencelabs.com.br\/wp-json\/wp\/v2\/comments?post=36054"}],"version-history":[{"count":1,"href":"https:\/\/crusoe.audiencelabs.com.br\/wp-json\/wp\/v2\/posts\/36054\/revisions"}],"predecessor-version":[{"id":36057,"href":"https:\/\/crusoe.audiencelabs.com.br\/wp-json\/wp\/v2\/posts\/36054\/revisions\/36057"}],"wp:featuredmedia":[{"embeddable":true,"href":"https:\/\/crusoe.audiencelabs.com.br\/wp-json\/wp\/v2\/media\/36055"}],"wp:attachment":[{"href":"https:\/\/crusoe.audiencelabs.com.br\/wp-json\/wp\/v2\/media?parent=36054"}],"wp:term":[{"taxonomy":"category","embeddable":true,"href":"https:\/\/crusoe.audiencelabs.com.br\/wp-json\/wp\/v2\/categories?post=36054"},{"taxonomy":"post_tag","embeddable":true,"href":"https:\/\/crusoe.audiencelabs.com.br\/wp-json\/wp\/v2\/tags?post=36054"}],"curies":[{"name":"wp","href":"https:\/\/api.w.org\/{rel}","templated":true}]}}