{"id":36040,"date":"2026-04-01T19:04:00","date_gmt":"2026-04-01T22:04:00","guid":{"rendered":"https:\/\/crusoe.audiencelabs.com.br\/?p=36040"},"modified":"2026-04-01T08:21:44","modified_gmt":"2026-04-01T11:21:44","slug":"capital-das-feiras-e-eleita-a-segunda-melhor-capital-do-brasil-para-se-viver-diz-pesquisa","status":"publish","type":"post","link":"https:\/\/crusoe.audiencelabs.com.br\/capital-das-feiras-e-eleita-a-segunda-melhor-capital-do-brasil-para-se-viver-diz-pesquisa\/","title":{"rendered":"&#8220;Capital das feiras&#8221; \u00e9 eleita a segunda melhor capital do Brasil para se viver, diz pesquisa"},"content":{"rendered":"<p data-start=\"0\" data-end=\"253\">A capital goiana, <strong><span class=\"hover:entity-accent entity-underline inline cursor-pointer align-baseline\"><span class=\"whitespace-normal\">Goi\u00e2nia<\/span><\/span><\/strong>, conhecida como a \u201c<strong>capital das feiras<\/strong>\u201d pelo grande n\u00famero de feiras livres cadastradas \u2014 atualmente mais de 120 \u2014, foi apontada em 2025 como a <strong>segunda melhor capital do Brasil em qualidade de vida.<\/strong><\/p>\n<p data-start=\"255\" data-end=\"542\">O resultado \u00e9 do <span class=\"hover:entity-accent entity-underline inline cursor-pointer align-baseline\"><span class=\"whitespace-normal\">\u00cdndice de Progresso Social (<a href=\"https:\/\/ipsbrasil.org.br\/pt\/blog\/noticias\/10\"><strong>IPS<\/strong><\/a>)<\/span><\/span>, levantamento elaborado pela <span class=\"hover:entity-accent entity-underline inline cursor-pointer align-baseline\"><span class=\"whitespace-normal\">Social Progress Imperative<\/span><\/span>, que avalia o bem-estar da popula\u00e7\u00e3o com base em indicadores sociais e ambientais.<\/p>\n<p data-start=\"255\" data-end=\"542\"><strong>No ranking do ano passado, Goi\u00e2nia aparece atr\u00e1s apenas de <span class=\"hover:entity-accent entity-underline inline cursor-pointer align-baseline\"><span class=\"whitespace-normal\">Bras\u00edlia (DF)<\/span><\/span>.<\/strong><\/p>\n<h2 data-section-id=\"61e8bw\" data-start=\"544\" data-end=\"573\">Destaque de Goi\u00e2nia no IPS<\/h2>\n<p data-start=\"575\" data-end=\"807\">O IPS analisa 53 indicadores, incluindo \u00e1reas como saneamento, sa\u00fade, moradia e acesso a servi\u00e7os b\u00e1sicos. Goi\u00e2nia teve desempenho expressivo, especialmente em \u201c<strong>\u00c1gua e Saneamento<\/strong>\u201d, com 91,88 pontos, e em \u201c<strong>Moradia<\/strong>\u201d, com 94,96 pontos.<\/p>\n<p data-start=\"809\" data-end=\"1002\">Esses resultados colocam a cidade \u00e0 frente de capitais como <span class=\"hover:entity-accent entity-underline inline cursor-pointer align-baseline\"><span class=\"whitespace-normal\">Florian\u00f3polis (SC)<\/span><\/span> e <span class=\"hover:entity-accent entity-underline inline cursor-pointer align-baseline\"><span class=\"whitespace-normal\">Curitiba (PR)<\/span><\/span>, que registraram pontua\u00e7\u00f5es inferiores nesses quesitos.<\/p>\n<p data-start=\"1004\" data-end=\"1226\">No ranking geral entre todos os munic\u00edpios brasileiros, Goi\u00e2nia ocupa a quarta posi\u00e7\u00e3o, ficando atr\u00e1s de <span class=\"hover:entity-accent entity-underline inline cursor-pointer align-baseline\"><span class=\"whitespace-normal\">Gavi\u00e3o Peixoto (SP)<\/span><\/span>, <span class=\"hover:entity-accent entity-underline inline cursor-pointer align-baseline\"><span class=\"whitespace-normal\">Bras\u00edlia (DF)<\/span><\/span> e <span class=\"hover:entity-accent entity-underline inline cursor-pointer align-baseline\"><span class=\"whitespace-normal\">S\u00e3o Carlos (SP)<\/span><\/span>.<\/p>\n<h2 data-section-id=\"1h4ne8m\" data-start=\"1228\" data-end=\"1261\">Compara\u00e7\u00e3o com outras capitais<\/h2>\n<p data-start=\"1263\" data-end=\"1481\">O desempenho de Goi\u00e2nia supera o de cidades tradicionalmente reconhecidas pela qualidade de vida, reflexo de pol\u00edticas p\u00fablicas voltadas \u00e0 gest\u00e3o eficiente de recursos h\u00eddricos e \u00e0 melhoria das condi\u00e7\u00f5es habitacionais.<\/p>\n<p data-start=\"1483\" data-end=\"1687\">Ao longo dos anos, a capital goiana tem investido na constru\u00e7\u00e3o de um ambiente urbano mais equilibrado e funcional, enfrentando desafios comuns \u00e0s grandes cidades brasileiras com estrat\u00e9gias consistentes.<\/p>\n<h2 data-section-id=\"fsg3a3\" data-start=\"1689\" data-end=\"1715\">Desafios e perspectivas<\/h2>\n<p data-start=\"1717\" data-end=\"1938\">Apesar dos resultados positivos, o levantamento tamb\u00e9m aponta \u00e1reas que ainda demandam aten\u00e7\u00e3o, como seguran\u00e7a e inclus\u00e3o social. Avan\u00e7ar nesses pontos ser\u00e1 fundamental para manter e ampliar a qualidade de vida na cidade.<\/p>\n<p data-start=\"1940\" data-end=\"2242\" data-is-last-node=\"\" data-is-only-node=\"\">O IPS 2025 refor\u00e7a o protagonismo de Goi\u00e2nia no cen\u00e1rio nacional e evidencia como pol\u00edticas p\u00fablicas bem estruturadas podem gerar impactos concretos no cotidiano da popula\u00e7\u00e3o.<\/p>\n<p data-start=\"1940\" data-end=\"2242\" data-is-last-node=\"\" data-is-only-node=\"\">Com os desafios \u00e0 frente, a cidade tem a oportunidade de evoluir ainda mais e consolidar seu modelo de desenvolvimento urbano.<\/p>\n","protected":false},"excerpt":{"rendered":"<p>A capital goiana, Goi\u00e2nia, conhecida como a \u201ccapital das feiras\u201d pelo grande n\u00famero de feiras livres cadastradas \u2014 atualmente mais de 120 \u2014, foi apontada em 2025 como a segunda melhor capital do Brasil em qualidade de vida. O resultado \u00e9 do \u00cdndice de Progresso Social (IPS), levantamento elaborado pela Social Progress Imperative, que avalia [&hellip;]<\/p>\n","protected":false},"author":5,"featured_media":36045,"comment_status":"open","ping_status":"open","sticky":false,"template":"","format":"standard","meta":{"jnews-multi-image_gallery":[],"jnews_single_post":{"subtitle":"","format":"standard","jnews_video_option_group":[[]],"override":[{"template":"2","parallax":"1","fullscreen":"1","layout":"right-sidebar","sidebar":"default-sidebar","second_sidebar":"default-sidebar","sticky_sidebar":"1","share_position":"hide","share_float_style":"share-monocrhome","show_featured":"1","show_post_meta":"1","show_post_author":"1","show_post_date":"1","post_date_format":"default","post_date_format_custom":"Y\/m\/d","show_post_category":"1","show_post_reading_time":"0","post_reading_time_wpm":"300","post_calculate_word_method":"str_word_count","show_zoom_button":"0","zoom_button_out_step":"2","zoom_button_in_step":"3","show_post_tag":"1","show_popup_post":"1","number_popup_post":"1","show_author_box":"1","show_post_related":"0"}],"image_override":[{"single_post_thumbnail_size":"crop-500","single_post_gallery_size":"crop-500"}],"trending_post_position":"meta","trending_post_label":"Trending","sponsored_post_label":"Sponsored by","disable_ad":"0"},"jnews_primary_category":[],"jnews_override_counter":{"view_counter_number":"0","share_counter_number":"0","like_counter_number":"0","dislike_counter_number":"0"},"jnews_post_split":{"post_split":[{"template":"1","tag":"h2","numbering":"asc","mode":"normal","first":"0","enable_toc":"0","toc_type":"normal"}]},"footnotes":""},"categories":[1],"tags":[3742,5910,806],"class_list":["post-36040","post","type-post","status-publish","format-standard","has-post-thumbnail","hentry","category-geral","tag-goiania","tag-ips","tag-qualidade-de-vida"],"yoast_head":"<!-- This site is optimized with the Yoast SEO plugin v25.0 - https:\/\/yoast.com\/wordpress\/plugins\/seo\/ -->\n<title>&quot;Capital das feiras&quot; \u00e9 eleita a segunda melhor capital do Brasil para se viver, diz pesquisa<\/title>\n<meta name=\"robots\" content=\"index, follow, max-snippet:-1, max-image-preview:large, max-video-preview:-1\" \/>\n<link rel=\"canonical\" href=\"https:\/\/crusoe.audiencelabs.com.br\/capital-das-feiras-e-eleita-a-segunda-melhor-capital-do-brasil-para-se-viver-diz-pesquisa\/\" \/>\n<meta property=\"og:locale\" content=\"pt_BR\" \/>\n<meta property=\"og:type\" content=\"article\" \/>\n<meta property=\"og:title\" content=\"&quot;Capital das feiras&quot; \u00e9 eleita a segunda melhor capital do Brasil para se viver, diz pesquisa\" \/>\n<meta property=\"og:description\" content=\"A capital goiana, Goi\u00e2nia, conhecida como a \u201ccapital das feiras\u201d pelo grande n\u00famero de feiras livres cadastradas \u2014 atualmente mais de 120 \u2014, foi apontada em 2025 como a segunda melhor capital do Brasil em qualidade de vida. O resultado \u00e9 do \u00cdndice de Progresso Social (IPS), levantamento elaborado pela Social Progress Imperative, que avalia [&hellip;]\" \/>\n<meta property=\"og:url\" content=\"https:\/\/crusoe.audiencelabs.com.br\/capital-das-feiras-e-eleita-a-segunda-melhor-capital-do-brasil-para-se-viver-diz-pesquisa\/\" \/>\n<meta property=\"og:site_name\" content=\"Variedades - Cruso\u00e9\" \/>\n<meta property=\"article:published_time\" content=\"2026-04-01T22:04:00+00:00\" \/>\n<meta name=\"author\" content=\"Milena Armando\" \/>\n<meta name=\"twitter:card\" content=\"summary_large_image\" \/>\n<meta name=\"twitter:label1\" content=\"Escrito por\" \/>\n\t<meta name=\"twitter:data1\" content=\"Milena Armando\" \/>\n\t<meta name=\"twitter:label2\" content=\"Est. tempo de leitura\" \/>\n\t<meta name=\"twitter:data2\" content=\"2 minutos\" \/>\n<script type=\"application\/ld+json\" class=\"yoast-schema-graph\">{\"@context\":\"https:\/\/schema.org\",\"@graph\":[{\"@type\":\"WebPage\",\"@id\":\"https:\/\/crusoe.audiencelabs.com.br\/capital-das-feiras-e-eleita-a-segunda-melhor-capital-do-brasil-para-se-viver-diz-pesquisa\/\",\"url\":\"https:\/\/crusoe.audiencelabs.com.br\/capital-das-feiras-e-eleita-a-segunda-melhor-capital-do-brasil-para-se-viver-diz-pesquisa\/\",\"name\":\"\\\"Capital das feiras\\\" \u00e9 eleita a segunda melhor capital do Brasil para se viver, diz pesquisa\",\"isPartOf\":{\"@id\":\"https:\/\/crusoe.audiencelabs.com.br\/#website\"},\"primaryImageOfPage\":{\"@id\":\"https:\/\/crusoe.audiencelabs.com.br\/capital-das-feiras-e-eleita-a-segunda-melhor-capital-do-brasil-para-se-viver-diz-pesquisa\/#primaryimage\"},\"image\":{\"@id\":\"https:\/\/crusoe.audiencelabs.com.br\/capital-das-feiras-e-eleita-a-segunda-melhor-capital-do-brasil-para-se-viver-diz-pesquisa\/#primaryimage\"},\"thumbnailUrl\":\"https:\/\/cdn.crusoe.com.br\/uploads\/2026\/04\/angry-cow-park-no-centro-de-goiania-goias-brasil-patrimonio-do-turismo_1153727-162.avif\",\"datePublished\":\"2026-04-01T22:04:00+00:00\",\"author\":{\"@id\":\"https:\/\/crusoe.audiencelabs.com.br\/#\/schema\/person\/f87f73cfe89e5360de2c006bd4bd6a74\"},\"breadcrumb\":{\"@id\":\"https:\/\/crusoe.audiencelabs.com.br\/capital-das-feiras-e-eleita-a-segunda-melhor-capital-do-brasil-para-se-viver-diz-pesquisa\/#breadcrumb\"},\"inLanguage\":\"pt-BR\",\"potentialAction\":[{\"@type\":\"ReadAction\",\"target\":[\"https:\/\/crusoe.audiencelabs.com.br\/capital-das-feiras-e-eleita-a-segunda-melhor-capital-do-brasil-para-se-viver-diz-pesquisa\/\"]}]},{\"@type\":\"ImageObject\",\"inLanguage\":\"pt-BR\",\"@id\":\"https:\/\/crusoe.audiencelabs.com.br\/capital-das-feiras-e-eleita-a-segunda-melhor-capital-do-brasil-para-se-viver-diz-pesquisa\/#primaryimage\",\"url\":\"https:\/\/cdn.crusoe.com.br\/uploads\/2026\/04\/angry-cow-park-no-centro-de-goiania-goias-brasil-patrimonio-do-turismo_1153727-162.avif\",\"contentUrl\":\"https:\/\/cdn.crusoe.com.br\/uploads\/2026\/04\/angry-cow-park-no-centro-de-goiania-goias-brasil-patrimonio-do-turismo_1153727-162.avif\",\"width\":626,\"height\":352,\"caption\":\"Reprodu\u00e7\u00e3o: Freepik\"},{\"@type\":\"BreadcrumbList\",\"@id\":\"https:\/\/crusoe.audiencelabs.com.br\/capital-das-feiras-e-eleita-a-segunda-melhor-capital-do-brasil-para-se-viver-diz-pesquisa\/#breadcrumb\",\"itemListElement\":[{\"@type\":\"ListItem\",\"position\":1,\"name\":\"Home\",\"item\":\"https:\/\/crusoe.audiencelabs.com.br\/\"},{\"@type\":\"ListItem\",\"position\":2,\"name\":\"&#8220;Capital das feiras&#8221; \u00e9 eleita a segunda melhor capital do Brasil para se viver, diz pesquisa\"}]},{\"@type\":\"WebSite\",\"@id\":\"https:\/\/crusoe.audiencelabs.com.br\/#website\",\"url\":\"https:\/\/crusoe.audiencelabs.com.br\/\",\"name\":\"Variedades - Cruso\u00e9\",\"description\":\"\",\"potentialAction\":[{\"@type\":\"SearchAction\",\"target\":{\"@type\":\"EntryPoint\",\"urlTemplate\":\"https:\/\/crusoe.audiencelabs.com.br\/?s={search_term_string}\"},\"query-input\":{\"@type\":\"PropertyValueSpecification\",\"valueRequired\":true,\"valueName\":\"search_term_string\"}}],\"inLanguage\":\"pt-BR\"},{\"@type\":\"Person\",\"@id\":\"https:\/\/crusoe.audiencelabs.com.br\/#\/schema\/person\/f87f73cfe89e5360de2c006bd4bd6a74\",\"name\":\"Milena Armando\",\"image\":{\"@type\":\"ImageObject\",\"inLanguage\":\"pt-BR\",\"@id\":\"https:\/\/crusoe.audiencelabs.com.br\/#\/schema\/person\/image\/\",\"url\":\"https:\/\/secure.gravatar.com\/avatar\/ea14ecddc9e9d202b698b18f9f69e09c9fd74cfbed5c6008d55f11faefdbdab7?s=96&d=mm&r=g\",\"contentUrl\":\"https:\/\/secure.gravatar.com\/avatar\/ea14ecddc9e9d202b698b18f9f69e09c9fd74cfbed5c6008d55f11faefdbdab7?s=96&d=mm&r=g\",\"caption\":\"Milena Armando\"},\"description\":\"Jornalista, redatora e revisora.\",\"url\":\"https:\/\/crusoe.audiencelabs.com.br\/author\/milena\/\"}]}<\/script>\n<!-- \/ Yoast SEO plugin. -->","yoast_head_json":{"title":"\"Capital das feiras\" \u00e9 eleita a segunda melhor capital do Brasil para se viver, diz pesquisa","robots":{"index":"index","follow":"follow","max-snippet":"max-snippet:-1","max-image-preview":"max-image-preview:large","max-video-preview":"max-video-preview:-1"},"canonical":"https:\/\/crusoe.audiencelabs.com.br\/capital-das-feiras-e-eleita-a-segunda-melhor-capital-do-brasil-para-se-viver-diz-pesquisa\/","og_locale":"pt_BR","og_type":"article","og_title":"\"Capital das feiras\" \u00e9 eleita a segunda melhor capital do Brasil para se viver, diz pesquisa","og_description":"A capital goiana, Goi\u00e2nia, conhecida como a \u201ccapital das feiras\u201d pelo grande n\u00famero de feiras livres cadastradas \u2014 atualmente mais de 120 \u2014, foi apontada em 2025 como a segunda melhor capital do Brasil em qualidade de vida. O resultado \u00e9 do \u00cdndice de Progresso Social (IPS), levantamento elaborado pela Social Progress Imperative, que avalia [&hellip;]","og_url":"https:\/\/crusoe.audiencelabs.com.br\/capital-das-feiras-e-eleita-a-segunda-melhor-capital-do-brasil-para-se-viver-diz-pesquisa\/","og_site_name":"Variedades - Cruso\u00e9","article_published_time":"2026-04-01T22:04:00+00:00","author":"Milena Armando","twitter_card":"summary_large_image","twitter_misc":{"Escrito por":"Milena Armando","Est. tempo de leitura":"2 minutos"},"schema":{"@context":"https:\/\/schema.org","@graph":[{"@type":"WebPage","@id":"https:\/\/crusoe.audiencelabs.com.br\/capital-das-feiras-e-eleita-a-segunda-melhor-capital-do-brasil-para-se-viver-diz-pesquisa\/","url":"https:\/\/crusoe.audiencelabs.com.br\/capital-das-feiras-e-eleita-a-segunda-melhor-capital-do-brasil-para-se-viver-diz-pesquisa\/","name":"\"Capital das feiras\" \u00e9 eleita a segunda melhor capital do Brasil para se viver, diz pesquisa","isPartOf":{"@id":"https:\/\/crusoe.audiencelabs.com.br\/#website"},"primaryImageOfPage":{"@id":"https:\/\/crusoe.audiencelabs.com.br\/capital-das-feiras-e-eleita-a-segunda-melhor-capital-do-brasil-para-se-viver-diz-pesquisa\/#primaryimage"},"image":{"@id":"https:\/\/crusoe.audiencelabs.com.br\/capital-das-feiras-e-eleita-a-segunda-melhor-capital-do-brasil-para-se-viver-diz-pesquisa\/#primaryimage"},"thumbnailUrl":"https:\/\/cdn.crusoe.com.br\/uploads\/2026\/04\/angry-cow-park-no-centro-de-goiania-goias-brasil-patrimonio-do-turismo_1153727-162.avif","datePublished":"2026-04-01T22:04:00+00:00","author":{"@id":"https:\/\/crusoe.audiencelabs.com.br\/#\/schema\/person\/f87f73cfe89e5360de2c006bd4bd6a74"},"breadcrumb":{"@id":"https:\/\/crusoe.audiencelabs.com.br\/capital-das-feiras-e-eleita-a-segunda-melhor-capital-do-brasil-para-se-viver-diz-pesquisa\/#breadcrumb"},"inLanguage":"pt-BR","potentialAction":[{"@type":"ReadAction","target":["https:\/\/crusoe.audiencelabs.com.br\/capital-das-feiras-e-eleita-a-segunda-melhor-capital-do-brasil-para-se-viver-diz-pesquisa\/"]}]},{"@type":"ImageObject","inLanguage":"pt-BR","@id":"https:\/\/crusoe.audiencelabs.com.br\/capital-das-feiras-e-eleita-a-segunda-melhor-capital-do-brasil-para-se-viver-diz-pesquisa\/#primaryimage","url":"https:\/\/cdn.crusoe.com.br\/uploads\/2026\/04\/angry-cow-park-no-centro-de-goiania-goias-brasil-patrimonio-do-turismo_1153727-162.avif","contentUrl":"https:\/\/cdn.crusoe.com.br\/uploads\/2026\/04\/angry-cow-park-no-centro-de-goiania-goias-brasil-patrimonio-do-turismo_1153727-162.avif","width":626,"height":352,"caption":"Reprodu\u00e7\u00e3o: Freepik"},{"@type":"BreadcrumbList","@id":"https:\/\/crusoe.audiencelabs.com.br\/capital-das-feiras-e-eleita-a-segunda-melhor-capital-do-brasil-para-se-viver-diz-pesquisa\/#breadcrumb","itemListElement":[{"@type":"ListItem","position":1,"name":"Home","item":"https:\/\/crusoe.audiencelabs.com.br\/"},{"@type":"ListItem","position":2,"name":"&#8220;Capital das feiras&#8221; \u00e9 eleita a segunda melhor capital do Brasil para se viver, diz pesquisa"}]},{"@type":"WebSite","@id":"https:\/\/crusoe.audiencelabs.com.br\/#website","url":"https:\/\/crusoe.audiencelabs.com.br\/","name":"Variedades - Cruso\u00e9","description":"","potentialAction":[{"@type":"SearchAction","target":{"@type":"EntryPoint","urlTemplate":"https:\/\/crusoe.audiencelabs.com.br\/?s={search_term_string}"},"query-input":{"@type":"PropertyValueSpecification","valueRequired":true,"valueName":"search_term_string"}}],"inLanguage":"pt-BR"},{"@type":"Person","@id":"https:\/\/crusoe.audiencelabs.com.br\/#\/schema\/person\/f87f73cfe89e5360de2c006bd4bd6a74","name":"Milena Armando","image":{"@type":"ImageObject","inLanguage":"pt-BR","@id":"https:\/\/crusoe.audiencelabs.com.br\/#\/schema\/person\/image\/","url":"https:\/\/secure.gravatar.com\/avatar\/ea14ecddc9e9d202b698b18f9f69e09c9fd74cfbed5c6008d55f11faefdbdab7?s=96&d=mm&r=g","contentUrl":"https:\/\/secure.gravatar.com\/avatar\/ea14ecddc9e9d202b698b18f9f69e09c9fd74cfbed5c6008d55f11faefdbdab7?s=96&d=mm&r=g","caption":"Milena Armando"},"description":"Jornalista, redatora e revisora.","url":"https:\/\/crusoe.audiencelabs.com.br\/author\/milena\/"}]}},"_links":{"self":[{"href":"https:\/\/crusoe.audiencelabs.com.br\/wp-json\/wp\/v2\/posts\/36040","targetHints":{"allow":["GET"]}}],"collection":[{"href":"https:\/\/crusoe.audiencelabs.com.br\/wp-json\/wp\/v2\/posts"}],"about":[{"href":"https:\/\/crusoe.audiencelabs.com.br\/wp-json\/wp\/v2\/types\/post"}],"author":[{"embeddable":true,"href":"https:\/\/crusoe.audiencelabs.com.br\/wp-json\/wp\/v2\/users\/5"}],"replies":[{"embeddable":true,"href":"https:\/\/crusoe.audiencelabs.com.br\/wp-json\/wp\/v2\/comments?post=36040"}],"version-history":[{"count":3,"href":"https:\/\/crusoe.audiencelabs.com.br\/wp-json\/wp\/v2\/posts\/36040\/revisions"}],"predecessor-version":[{"id":36048,"href":"https:\/\/crusoe.audiencelabs.com.br\/wp-json\/wp\/v2\/posts\/36040\/revisions\/36048"}],"wp:featuredmedia":[{"embeddable":true,"href":"https:\/\/crusoe.audiencelabs.com.br\/wp-json\/wp\/v2\/media\/36045"}],"wp:attachment":[{"href":"https:\/\/crusoe.audiencelabs.com.br\/wp-json\/wp\/v2\/media?parent=36040"}],"wp:term":[{"taxonomy":"category","embeddable":true,"href":"https:\/\/crusoe.audiencelabs.com.br\/wp-json\/wp\/v2\/categories?post=36040"},{"taxonomy":"post_tag","embeddable":true,"href":"https:\/\/crusoe.audiencelabs.com.br\/wp-json\/wp\/v2\/tags?post=36040"}],"curies":[{"name":"wp","href":"https:\/\/api.w.org\/{rel}","templated":true}]}}