{"id":36028,"date":"2026-04-01T13:32:39","date_gmt":"2026-04-01T16:32:39","guid":{"rendered":"https:\/\/crusoe.audiencelabs.com.br\/?p=36028"},"modified":"2026-04-01T07:54:21","modified_gmt":"2026-04-01T10:54:21","slug":"os-itens-pessoais-que-a-tripulacao-da-artemis-ii-levara-para-a-lua","status":"publish","type":"post","link":"https:\/\/crusoe.audiencelabs.com.br\/os-itens-pessoais-que-a-tripulacao-da-artemis-ii-levara-para-a-lua\/","title":{"rendered":"Os itens pessoais que a tripula\u00e7\u00e3o da Artemis II levar\u00e1 para a Lua"},"content":{"rendered":"<p><span style=\"font-weight: 400\">A aguardada miss\u00e3o lunar <strong>Artemis II<\/strong> tem lan\u00e7amento previsto para esta <strong>quarta-feira (1\u00ba), por volta das 19h20 (hor\u00e1rio de Bras\u00edlia)<\/strong>, a partir do Centro Espacial Kennedy, nos Estados Unidos.<\/span><\/p>\n<p><span style=\"font-weight: 400\">A miss\u00e3o marca o retorno de voos tripulados \u00e0 \u00f3rbita lunar ap\u00f3s mais de cinco d\u00e9cadas, consolidando um novo cap\u00edtulo na explora\u00e7\u00e3o espacial.\u00a0<\/span><\/p>\n<p><span style=\"font-weight: 400\">A tripula\u00e7\u00e3o \u00e9 formada pelos astronautas<strong> Reid Wiseman, Christina Koch, Victor Glover e Jeremy Hansen<\/strong>.\u00a0<\/span><\/p>\n<h2>Miss\u00e3o e objetivos da Artemis II<\/h2>\n<p><span style=\"font-weight: 400\">O principal objetivo da Artemis II \u00e9 <strong>testar sistemas essenciais, como suporte \u00e0 vida, navega\u00e7\u00e3o e comunica\u00e7\u00e3o em espa\u00e7o profundo.\u00a0<\/strong><\/span><\/p>\n<p><span style=\"font-weight: 400\">Esses testes s\u00e3o fundamentais para miss\u00f5es futuras que pretendem estabelecer uma presen\u00e7a humana sustent\u00e1vel na Lua.<\/span><\/p>\n<p><span style=\"font-weight: 400\">A miss\u00e3o tamb\u00e9m destaca a import\u00e2ncia da coopera\u00e7\u00e3o internacional e da diversidade na explora\u00e7\u00e3o espacial, fatores considerados estrat\u00e9gicos para o avan\u00e7o de projetos de longa dura\u00e7\u00e3o fora da Terra.<\/span><\/p>\n<h2>Astronautas e seus itens pessoais<\/h2>\n<p><span style=\"font-weight: 400\">Cada integrante levar\u00e1 itens pessoais, refor\u00e7ando o car\u00e1ter simb\u00f3lico e hist\u00f3rico da jornada.<\/span><\/p>\n<h3><span style=\"font-weight: 400\">Reid Wiseman<\/span><\/h3>\n<p><span style=\"font-weight: 400\">Comandante da miss\u00e3o e ex-piloto da Marinha dos EUA, pretende levar um <strong>bloco de notas<\/strong> para registrar suas experi\u00eancias ao longo da viagem.<\/span><\/p>\n<h3><span style=\"font-weight: 400\">Christina Koch<\/span><\/h3>\n<p><span style=\"font-weight: 400\">Christina far\u00e1 hist\u00f3ria como uma das primeiras mulheres a integrar uma miss\u00e3o lunar desse porte. Ela levar\u00e1 um <strong>objeto pessoal ligado \u00e0 sua conex\u00e3o com o espa\u00e7o desde a inf\u00e2ncia<\/strong>.<\/span><\/p>\n<h3><span style=\"font-weight: 400\">Victor Glover<\/span><\/h3>\n<p><span style=\"font-weight: 400\">Victor \u00e9 o primeiro astronauta negro a participar de uma miss\u00e3o lunar e afirmou que levar\u00e1 na miss\u00e3o uma <strong>B\u00edblia<\/strong>, <strong>suas alian\u00e7as de casamento<\/strong> e<strong> lembran\u00e7as de fam\u00edlia<\/strong>. Incluir\u00e1 tamb\u00e9m uma <strong>colet\u00e2nea de cita\u00e7\u00f5es inspiradoras reunidas pelo astronauta da Apollo 9, Rusty Schweickart<\/strong>.<\/span><\/p>\n<h3><span style=\"font-weight: 400\">Jeremy Hansen<\/span><\/h3>\n<p><span style=\"font-weight: 400\">O representante da Ag\u00eancia Espacial Canadense levar\u00e1 <strong>quatro pingentes em formato de lua<\/strong> para presentear sua esposa e seus tr\u00eas filhos, todos gravados com a frase \u201cLua e volta\u201d e adornados com suas respectivas pedras de nascimento. <\/span><span style=\"font-weight: 400\">Al\u00e9m disso, o astronauta tamb\u00e9m incluir\u00e1 na bagagem itens tradicionais de seu pa\u00eds, como <strong>xarope e biscoitos<\/strong>.<\/span><\/p>\n<h2>Prepara\u00e7\u00e3o e impacto da miss\u00e3o<\/h2>\n<p><span style=\"font-weight: 400\">A equipe vem passando por treinamentos intensivos para garantir o sucesso da opera\u00e7\u00e3o, considerada um dos passos mais importantes na retomada das miss\u00f5es lunares tripuladas.<\/span><\/p>\n<p><span style=\"font-weight: 400\">Mais do que um avan\u00e7o t\u00e9cnico, a Artemis II simboliza uma nova era na explora\u00e7\u00e3o espacial. A miss\u00e3o deve contribuir para futuras viagens mais longas, incluindo projetos que visam levar humanos a Marte.<\/span><\/p>\n<p><span style=\"font-weight: 400\">Al\u00e9m disso, a expedi\u00e7\u00e3o busca inspirar novas gera\u00e7\u00f5es de cientistas, engenheiros e exploradores, mostrando que a presen\u00e7a humana no espa\u00e7o continua a evoluir, e que os pr\u00f3ximos cap\u00edtulos dessa hist\u00f3ria j\u00e1 est\u00e3o em constru\u00e7\u00e3o.\u00a0<\/span><\/p>\n","protected":false},"excerpt":{"rendered":"<p>A aguardada miss\u00e3o lunar Artemis II tem lan\u00e7amento previsto para esta quarta-feira (1\u00ba), por volta das 19h20 (hor\u00e1rio de Bras\u00edlia), a partir do Centro Espacial Kennedy, nos Estados Unidos. A miss\u00e3o marca o retorno de voos tripulados \u00e0 \u00f3rbita lunar ap\u00f3s mais de cinco d\u00e9cadas, consolidando um novo cap\u00edtulo na explora\u00e7\u00e3o espacial.\u00a0 A tripula\u00e7\u00e3o \u00e9 [&hellip;]<\/p>\n","protected":false},"author":5,"featured_media":36029,"comment_status":"open","ping_status":"open","sticky":false,"template":"","format":"standard","meta":{"jnews-multi-image_gallery":[],"jnews_single_post":{"subtitle":""},"jnews_primary_category":[],"jnews_override_counter":[],"jnews_post_split":[],"footnotes":""},"categories":[1],"tags":[6858,6120,1177,6859],"class_list":["post-36028","post","type-post","status-publish","format-standard","has-post-thumbnail","hentry","category-geral","tag-artemis-ii","tag-astronautas","tag-lua","tag-objetos-pessoais"],"yoast_head":"<!-- This site is optimized with the Yoast SEO plugin v25.0 - https:\/\/yoast.com\/wordpress\/plugins\/seo\/ -->\n<title>Os itens pessoais que a tripula\u00e7\u00e3o da Artemis II levar\u00e1 para a Lua<\/title>\n<meta name=\"robots\" content=\"index, follow, max-snippet:-1, max-image-preview:large, max-video-preview:-1\" \/>\n<link rel=\"canonical\" href=\"https:\/\/crusoe.audiencelabs.com.br\/os-itens-pessoais-que-a-tripulacao-da-artemis-ii-levara-para-a-lua\/\" \/>\n<meta property=\"og:locale\" content=\"pt_BR\" \/>\n<meta property=\"og:type\" content=\"article\" \/>\n<meta property=\"og:title\" content=\"Os itens pessoais que a tripula\u00e7\u00e3o da Artemis II levar\u00e1 para a Lua\" \/>\n<meta property=\"og:description\" content=\"A aguardada miss\u00e3o lunar Artemis II tem lan\u00e7amento previsto para esta quarta-feira (1\u00ba), por volta das 19h20 (hor\u00e1rio de Bras\u00edlia), a partir do Centro Espacial Kennedy, nos Estados Unidos. A miss\u00e3o marca o retorno de voos tripulados \u00e0 \u00f3rbita lunar ap\u00f3s mais de cinco d\u00e9cadas, consolidando um novo cap\u00edtulo na explora\u00e7\u00e3o espacial.\u00a0 A tripula\u00e7\u00e3o \u00e9 [&hellip;]\" \/>\n<meta property=\"og:url\" content=\"https:\/\/crusoe.audiencelabs.com.br\/os-itens-pessoais-que-a-tripulacao-da-artemis-ii-levara-para-a-lua\/\" \/>\n<meta property=\"og:site_name\" content=\"Variedades - Cruso\u00e9\" \/>\n<meta property=\"article:published_time\" content=\"2026-04-01T16:32:39+00:00\" \/>\n<meta property=\"og:image\" content=\"https:\/\/cdn.crusoe.com.br\/uploads\/2026\/04\/1536x864_cmsv2_ef10d638-54b9-5691-b517-71dd68639bcf-9488382.webp\" \/>\n\t<meta property=\"og:image:width\" content=\"1536\" \/>\n\t<meta property=\"og:image:height\" content=\"864\" \/>\n\t<meta property=\"og:image:type\" content=\"image\/webp\" \/>\n<meta name=\"author\" content=\"Milena Armando\" \/>\n<meta name=\"twitter:card\" content=\"summary_large_image\" \/>\n<meta name=\"twitter:label1\" content=\"Escrito por\" \/>\n\t<meta name=\"twitter:data1\" content=\"Milena Armando\" \/>\n\t<meta name=\"twitter:label2\" content=\"Est. tempo de leitura\" \/>\n\t<meta name=\"twitter:data2\" content=\"3 minutos\" \/>\n<script type=\"application\/ld+json\" class=\"yoast-schema-graph\">{\"@context\":\"https:\/\/schema.org\",\"@graph\":[{\"@type\":\"WebPage\",\"@id\":\"https:\/\/crusoe.audiencelabs.com.br\/os-itens-pessoais-que-a-tripulacao-da-artemis-ii-levara-para-a-lua\/\",\"url\":\"https:\/\/crusoe.audiencelabs.com.br\/os-itens-pessoais-que-a-tripulacao-da-artemis-ii-levara-para-a-lua\/\",\"name\":\"Os itens pessoais que a tripula\u00e7\u00e3o da Artemis II levar\u00e1 para a Lua\",\"isPartOf\":{\"@id\":\"https:\/\/crusoe.audiencelabs.com.br\/#website\"},\"primaryImageOfPage\":{\"@id\":\"https:\/\/crusoe.audiencelabs.com.br\/os-itens-pessoais-que-a-tripulacao-da-artemis-ii-levara-para-a-lua\/#primaryimage\"},\"image\":{\"@id\":\"https:\/\/crusoe.audiencelabs.com.br\/os-itens-pessoais-que-a-tripulacao-da-artemis-ii-levara-para-a-lua\/#primaryimage\"},\"thumbnailUrl\":\"https:\/\/cdn.crusoe.com.br\/uploads\/2026\/04\/1536x864_cmsv2_ef10d638-54b9-5691-b517-71dd68639bcf-9488382.webp\",\"datePublished\":\"2026-04-01T16:32:39+00:00\",\"author\":{\"@id\":\"https:\/\/crusoe.audiencelabs.com.br\/#\/schema\/person\/f87f73cfe89e5360de2c006bd4bd6a74\"},\"breadcrumb\":{\"@id\":\"https:\/\/crusoe.audiencelabs.com.br\/os-itens-pessoais-que-a-tripulacao-da-artemis-ii-levara-para-a-lua\/#breadcrumb\"},\"inLanguage\":\"pt-BR\",\"potentialAction\":[{\"@type\":\"ReadAction\",\"target\":[\"https:\/\/crusoe.audiencelabs.com.br\/os-itens-pessoais-que-a-tripulacao-da-artemis-ii-levara-para-a-lua\/\"]}]},{\"@type\":\"ImageObject\",\"inLanguage\":\"pt-BR\",\"@id\":\"https:\/\/crusoe.audiencelabs.com.br\/os-itens-pessoais-que-a-tripulacao-da-artemis-ii-levara-para-a-lua\/#primaryimage\",\"url\":\"https:\/\/cdn.crusoe.com.br\/uploads\/2026\/04\/1536x864_cmsv2_ef10d638-54b9-5691-b517-71dd68639bcf-9488382.webp\",\"contentUrl\":\"https:\/\/cdn.crusoe.com.br\/uploads\/2026\/04\/1536x864_cmsv2_ef10d638-54b9-5691-b517-71dd68639bcf-9488382.webp\",\"width\":1536,\"height\":864,\"caption\":\"Tripula\u00e7\u00e3o da Artemis II - Reprodu\u00e7\u00e3o: EuroNews\"},{\"@type\":\"BreadcrumbList\",\"@id\":\"https:\/\/crusoe.audiencelabs.com.br\/os-itens-pessoais-que-a-tripulacao-da-artemis-ii-levara-para-a-lua\/#breadcrumb\",\"itemListElement\":[{\"@type\":\"ListItem\",\"position\":1,\"name\":\"Home\",\"item\":\"https:\/\/crusoe.audiencelabs.com.br\/\"},{\"@type\":\"ListItem\",\"position\":2,\"name\":\"Os itens pessoais que a tripula\u00e7\u00e3o da Artemis II levar\u00e1 para a Lua\"}]},{\"@type\":\"WebSite\",\"@id\":\"https:\/\/crusoe.audiencelabs.com.br\/#website\",\"url\":\"https:\/\/crusoe.audiencelabs.com.br\/\",\"name\":\"Variedades - Cruso\u00e9\",\"description\":\"\",\"potentialAction\":[{\"@type\":\"SearchAction\",\"target\":{\"@type\":\"EntryPoint\",\"urlTemplate\":\"https:\/\/crusoe.audiencelabs.com.br\/?s={search_term_string}\"},\"query-input\":{\"@type\":\"PropertyValueSpecification\",\"valueRequired\":true,\"valueName\":\"search_term_string\"}}],\"inLanguage\":\"pt-BR\"},{\"@type\":\"Person\",\"@id\":\"https:\/\/crusoe.audiencelabs.com.br\/#\/schema\/person\/f87f73cfe89e5360de2c006bd4bd6a74\",\"name\":\"Milena Armando\",\"image\":{\"@type\":\"ImageObject\",\"inLanguage\":\"pt-BR\",\"@id\":\"https:\/\/crusoe.audiencelabs.com.br\/#\/schema\/person\/image\/\",\"url\":\"https:\/\/secure.gravatar.com\/avatar\/ea14ecddc9e9d202b698b18f9f69e09c9fd74cfbed5c6008d55f11faefdbdab7?s=96&d=mm&r=g\",\"contentUrl\":\"https:\/\/secure.gravatar.com\/avatar\/ea14ecddc9e9d202b698b18f9f69e09c9fd74cfbed5c6008d55f11faefdbdab7?s=96&d=mm&r=g\",\"caption\":\"Milena Armando\"},\"description\":\"Jornalista, redatora e revisora.\",\"url\":\"https:\/\/crusoe.audiencelabs.com.br\/author\/milena\/\"}]}<\/script>\n<!-- \/ Yoast SEO plugin. -->","yoast_head_json":{"title":"Os itens pessoais que a tripula\u00e7\u00e3o da Artemis II levar\u00e1 para a Lua","robots":{"index":"index","follow":"follow","max-snippet":"max-snippet:-1","max-image-preview":"max-image-preview:large","max-video-preview":"max-video-preview:-1"},"canonical":"https:\/\/crusoe.audiencelabs.com.br\/os-itens-pessoais-que-a-tripulacao-da-artemis-ii-levara-para-a-lua\/","og_locale":"pt_BR","og_type":"article","og_title":"Os itens pessoais que a tripula\u00e7\u00e3o da Artemis II levar\u00e1 para a Lua","og_description":"A aguardada miss\u00e3o lunar Artemis II tem lan\u00e7amento previsto para esta quarta-feira (1\u00ba), por volta das 19h20 (hor\u00e1rio de Bras\u00edlia), a partir do Centro Espacial Kennedy, nos Estados Unidos. A miss\u00e3o marca o retorno de voos tripulados \u00e0 \u00f3rbita lunar ap\u00f3s mais de cinco d\u00e9cadas, consolidando um novo cap\u00edtulo na explora\u00e7\u00e3o espacial.\u00a0 A tripula\u00e7\u00e3o \u00e9 [&hellip;]","og_url":"https:\/\/crusoe.audiencelabs.com.br\/os-itens-pessoais-que-a-tripulacao-da-artemis-ii-levara-para-a-lua\/","og_site_name":"Variedades - Cruso\u00e9","article_published_time":"2026-04-01T16:32:39+00:00","og_image":[{"width":1536,"height":864,"url":"https:\/\/cdn.crusoe.com.br\/uploads\/2026\/04\/1536x864_cmsv2_ef10d638-54b9-5691-b517-71dd68639bcf-9488382.webp","type":"image\/webp"}],"author":"Milena Armando","twitter_card":"summary_large_image","twitter_misc":{"Escrito por":"Milena Armando","Est. tempo de leitura":"3 minutos"},"schema":{"@context":"https:\/\/schema.org","@graph":[{"@type":"WebPage","@id":"https:\/\/crusoe.audiencelabs.com.br\/os-itens-pessoais-que-a-tripulacao-da-artemis-ii-levara-para-a-lua\/","url":"https:\/\/crusoe.audiencelabs.com.br\/os-itens-pessoais-que-a-tripulacao-da-artemis-ii-levara-para-a-lua\/","name":"Os itens pessoais que a tripula\u00e7\u00e3o da Artemis II levar\u00e1 para a Lua","isPartOf":{"@id":"https:\/\/crusoe.audiencelabs.com.br\/#website"},"primaryImageOfPage":{"@id":"https:\/\/crusoe.audiencelabs.com.br\/os-itens-pessoais-que-a-tripulacao-da-artemis-ii-levara-para-a-lua\/#primaryimage"},"image":{"@id":"https:\/\/crusoe.audiencelabs.com.br\/os-itens-pessoais-que-a-tripulacao-da-artemis-ii-levara-para-a-lua\/#primaryimage"},"thumbnailUrl":"https:\/\/cdn.crusoe.com.br\/uploads\/2026\/04\/1536x864_cmsv2_ef10d638-54b9-5691-b517-71dd68639bcf-9488382.webp","datePublished":"2026-04-01T16:32:39+00:00","author":{"@id":"https:\/\/crusoe.audiencelabs.com.br\/#\/schema\/person\/f87f73cfe89e5360de2c006bd4bd6a74"},"breadcrumb":{"@id":"https:\/\/crusoe.audiencelabs.com.br\/os-itens-pessoais-que-a-tripulacao-da-artemis-ii-levara-para-a-lua\/#breadcrumb"},"inLanguage":"pt-BR","potentialAction":[{"@type":"ReadAction","target":["https:\/\/crusoe.audiencelabs.com.br\/os-itens-pessoais-que-a-tripulacao-da-artemis-ii-levara-para-a-lua\/"]}]},{"@type":"ImageObject","inLanguage":"pt-BR","@id":"https:\/\/crusoe.audiencelabs.com.br\/os-itens-pessoais-que-a-tripulacao-da-artemis-ii-levara-para-a-lua\/#primaryimage","url":"https:\/\/cdn.crusoe.com.br\/uploads\/2026\/04\/1536x864_cmsv2_ef10d638-54b9-5691-b517-71dd68639bcf-9488382.webp","contentUrl":"https:\/\/cdn.crusoe.com.br\/uploads\/2026\/04\/1536x864_cmsv2_ef10d638-54b9-5691-b517-71dd68639bcf-9488382.webp","width":1536,"height":864,"caption":"Tripula\u00e7\u00e3o da Artemis II - Reprodu\u00e7\u00e3o: EuroNews"},{"@type":"BreadcrumbList","@id":"https:\/\/crusoe.audiencelabs.com.br\/os-itens-pessoais-que-a-tripulacao-da-artemis-ii-levara-para-a-lua\/#breadcrumb","itemListElement":[{"@type":"ListItem","position":1,"name":"Home","item":"https:\/\/crusoe.audiencelabs.com.br\/"},{"@type":"ListItem","position":2,"name":"Os itens pessoais que a tripula\u00e7\u00e3o da Artemis II levar\u00e1 para a Lua"}]},{"@type":"WebSite","@id":"https:\/\/crusoe.audiencelabs.com.br\/#website","url":"https:\/\/crusoe.audiencelabs.com.br\/","name":"Variedades - Cruso\u00e9","description":"","potentialAction":[{"@type":"SearchAction","target":{"@type":"EntryPoint","urlTemplate":"https:\/\/crusoe.audiencelabs.com.br\/?s={search_term_string}"},"query-input":{"@type":"PropertyValueSpecification","valueRequired":true,"valueName":"search_term_string"}}],"inLanguage":"pt-BR"},{"@type":"Person","@id":"https:\/\/crusoe.audiencelabs.com.br\/#\/schema\/person\/f87f73cfe89e5360de2c006bd4bd6a74","name":"Milena Armando","image":{"@type":"ImageObject","inLanguage":"pt-BR","@id":"https:\/\/crusoe.audiencelabs.com.br\/#\/schema\/person\/image\/","url":"https:\/\/secure.gravatar.com\/avatar\/ea14ecddc9e9d202b698b18f9f69e09c9fd74cfbed5c6008d55f11faefdbdab7?s=96&d=mm&r=g","contentUrl":"https:\/\/secure.gravatar.com\/avatar\/ea14ecddc9e9d202b698b18f9f69e09c9fd74cfbed5c6008d55f11faefdbdab7?s=96&d=mm&r=g","caption":"Milena Armando"},"description":"Jornalista, redatora e revisora.","url":"https:\/\/crusoe.audiencelabs.com.br\/author\/milena\/"}]}},"_links":{"self":[{"href":"https:\/\/crusoe.audiencelabs.com.br\/wp-json\/wp\/v2\/posts\/36028","targetHints":{"allow":["GET"]}}],"collection":[{"href":"https:\/\/crusoe.audiencelabs.com.br\/wp-json\/wp\/v2\/posts"}],"about":[{"href":"https:\/\/crusoe.audiencelabs.com.br\/wp-json\/wp\/v2\/types\/post"}],"author":[{"embeddable":true,"href":"https:\/\/crusoe.audiencelabs.com.br\/wp-json\/wp\/v2\/users\/5"}],"replies":[{"embeddable":true,"href":"https:\/\/crusoe.audiencelabs.com.br\/wp-json\/wp\/v2\/comments?post=36028"}],"version-history":[{"count":2,"href":"https:\/\/crusoe.audiencelabs.com.br\/wp-json\/wp\/v2\/posts\/36028\/revisions"}],"predecessor-version":[{"id":36031,"href":"https:\/\/crusoe.audiencelabs.com.br\/wp-json\/wp\/v2\/posts\/36028\/revisions\/36031"}],"wp:featuredmedia":[{"embeddable":true,"href":"https:\/\/crusoe.audiencelabs.com.br\/wp-json\/wp\/v2\/media\/36029"}],"wp:attachment":[{"href":"https:\/\/crusoe.audiencelabs.com.br\/wp-json\/wp\/v2\/media?parent=36028"}],"wp:term":[{"taxonomy":"category","embeddable":true,"href":"https:\/\/crusoe.audiencelabs.com.br\/wp-json\/wp\/v2\/categories?post=36028"},{"taxonomy":"post_tag","embeddable":true,"href":"https:\/\/crusoe.audiencelabs.com.br\/wp-json\/wp\/v2\/tags?post=36028"}],"curies":[{"name":"wp","href":"https:\/\/api.w.org\/{rel}","templated":true}]}}