{"id":36017,"date":"2026-04-01T11:37:27","date_gmt":"2026-04-01T14:37:27","guid":{"rendered":"https:\/\/crusoe.audiencelabs.com.br\/?p=36017"},"modified":"2026-04-01T07:38:23","modified_gmt":"2026-04-01T10:38:23","slug":"rua-que-tem-cruzes-pintadas-no-chao-virou-sinonimo-de-tragedia-no-brasil","status":"publish","type":"post","link":"https:\/\/crusoe.audiencelabs.com.br\/rua-que-tem-cruzes-pintadas-no-chao-virou-sinonimo-de-tragedia-no-brasil\/","title":{"rendered":"Rua que tem cruzes pintadas no ch\u00e3o virou sin\u00f4nimo de trag\u00e9dia no Brasil"},"content":{"rendered":"<p data-start=\"0\" data-end=\"324\">Na tarde da \u00faltima segunda-feira (30\/3), a <strong>Rua Conde de Bonfim, na <span class=\"hover:entity-accent entity-underline inline cursor-pointer align-baseline\"><span class=\"whitespace-normal\">Tijuca<\/span><\/span>, Zona Norte do <span class=\"hover:entity-accent entity-underline inline cursor-pointer align-baseline\"><span class=\"whitespace-normal\">Rio de Janeiro<\/span><\/span><\/strong>, foi palco de um grave acidente que resultou na morte de <strong><span class=\"hover:entity-accent entity-underline inline cursor-pointer align-baseline\"><span class=\"whitespace-normal\">Emanoelle Martins Guedes de Farias<\/span><\/span>, de 40 anos, e de seu filho, <span class=\"hover:entity-accent entity-underline inline cursor-pointer align-baseline\"><span class=\"whitespace-normal\">Francisco Farias Antunes<\/span><\/span>, de 9 anos.<\/strong><\/p>\n<p data-start=\"326\" data-end=\"687\">Eles seguiam pela faixa da esquerda em uma bicicleta el\u00e9trica quando teriam sido fechados por um carro n\u00e3o identificado. Com a manobra, acabaram caindo na pista exclusiva de \u00f4nibus e foram atingidos por um coletivo da linha 606.<\/p>\n<p data-start=\"326\" data-end=\"687\">Emanoelle morreu no local, enquanto Francisco chegou a ser socorrido, mas n\u00e3o resistiu aos ferimentos durante o trajeto ao hospital.<\/p>\n<p data-start=\"689\" data-end=\"882\">No dia seguinte (31\/3), o trecho amanheceu com <strong>duas cruzes pintadas no asfalto<\/strong> e uma mensagem pedindo a implanta\u00e7\u00e3o de ciclovia.<\/p>\n<h2 data-section-id=\"u1v3e0\" data-start=\"884\" data-end=\"925\">Press\u00e3o por infraestrutura ciclovi\u00e1ria<\/h2>\n<p data-start=\"927\" data-end=\"1116\">A trag\u00e9dia gerou como\u00e7\u00e3o e intensificou a cobran\u00e7a por <strong>mais seguran\u00e7a para ciclistas<\/strong>. Moradores passaram a exigir medidas, como a cria\u00e7\u00e3o de ciclovias bem delimitadas.<\/p>\n<p data-start=\"1118\" data-end=\"1370\">No Rio, acidentes envolvendo bicicletas n\u00e3o s\u00e3o raros. A aus\u00eancia de espa\u00e7os exclusivos aumenta significativamente os riscos para quem utiliza esse meio de transporte no dia a dia.<\/p>\n<h2 data-section-id=\"3n5jml\" data-start=\"1372\" data-end=\"1388\">Investiga\u00e7\u00f5es<\/h2>\n<p data-start=\"1390\" data-end=\"1535\">O caso \u00e9 acompanhado pela <span class=\"hover:entity-accent entity-underline inline cursor-pointer align-baseline\"><span class=\"whitespace-normal\">Pol\u00edcia Civil do Estado do Rio de Janeiro<\/span><\/span> e est\u00e1 sendo investigado como homic\u00eddio culposo, quando n\u00e3o h\u00e1 inten\u00e7\u00e3o de matar.<\/p>\n<p data-start=\"1537\" data-end=\"1747\">As autoridades buscam esclarecer se a a\u00e7\u00e3o do carro que teria fechado a bicicleta foi determinante para o acidente. Imagens de c\u00e2meras de seguran\u00e7a est\u00e3o sendo analisadas para reconstituir a din\u00e2mica dos fatos.<\/p>\n<p data-start=\"1749\" data-end=\"1954\">O motorista do \u00f4nibus afirmou que n\u00e3o conseguiu evitar o impacto ap\u00f3s a queda das v\u00edtimas. No entanto, registros iniciais indicam que a condu\u00e7\u00e3o do coletivo tamb\u00e9m ser\u00e1 avaliada no curso das investiga\u00e7\u00f5es.<\/p>\n<figure id=\"attachment_36024\" aria-describedby=\"caption-attachment-36024\" style=\"width: 590px\" class=\"wp-caption aligncenter\"><img loading=\"lazy\" decoding=\"async\" class=\" wp-image-36024\" src=\"https:\/\/cdn.crusoe.com.br\/uploads\/2026\/04\/4566.webp\" alt=\"\" width=\"590\" height=\"368\" srcset=\"https:\/\/cdn.crusoe.com.br\/uploads\/2026\/04\/4566.webp 770w, https:\/\/cdn.crusoe.com.br\/uploads\/2026\/04\/4566-300x187.webp 300w, https:\/\/cdn.crusoe.com.br\/uploads\/2026\/04\/4566-768x479.webp 768w, https:\/\/cdn.crusoe.com.br\/uploads\/2026\/04\/4566-750x468.webp 750w\" sizes=\"auto, (max-width: 590px) 100vw, 590px\" \/><figcaption id=\"caption-attachment-36024\" class=\"wp-caption-text\">Reprodu\u00e7\u00e3o: Tribuna do Sert\u00e3o<\/figcaption><\/figure>\n<h2 data-section-id=\"1kd2ar2\" data-start=\"1956\" data-end=\"1983\">Necessidade de melhorias<\/h2>\n<p data-start=\"1985\" data-end=\"2236\">A legisla\u00e7\u00e3o brasileira prev\u00ea a implanta\u00e7\u00e3o de ciclovias em \u00e1reas urbanas, mas a execu\u00e7\u00e3o ainda enfrenta entraves.<\/p>\n<p data-start=\"1985\" data-end=\"2236\">Embora o Rio conte com trechos estruturados, especialmente na orla, a malha ciclovi\u00e1ria \u00e9 considerada insuficiente e pouco integrada.<\/p>\n<p data-start=\"2238\" data-end=\"2378\">Al\u00e9m disso, problemas como expans\u00e3o lenta e manuten\u00e7\u00e3o prec\u00e1ria contribuem para aumentar a vulnerabilidade dos ciclistas nas vias da cidade.<\/p>\n<h2 data-section-id=\"1iyqokm\" data-start=\"2380\" data-end=\"2411\">Mobiliza\u00e7\u00e3o e pr\u00f3ximas a\u00e7\u00f5es<\/h2>\n<p data-start=\"2413\" data-end=\"2651\">Ap\u00f3s o acidente, a mobiliza\u00e7\u00e3o por mudan\u00e7as ganhou for\u00e7a. A prefeitura anunciou a inten\u00e7\u00e3o de regulamentar o uso de ciclomotores, incluindo bicicletas el\u00e9tricas, medida associada \u00e0 gest\u00e3o do prefeito <span class=\"hover:entity-accent entity-underline inline cursor-pointer align-baseline\"><span class=\"whitespace-normal\">Eduardo Cavaliere<\/span><\/span>.<\/p>\n<p data-start=\"2653\" data-end=\"2852\" data-is-last-node=\"\" data-is-only-node=\"\">Tamb\u00e9m est\u00e3o em discuss\u00e3o a\u00e7\u00f5es voltadas \u00e0 amplia\u00e7\u00e3o da rede ciclovi\u00e1ria e campanhas educativas para motoristas e ciclistas. O objetivo \u00e9 reduzir acidentes e tornar o tr\u00e2nsito mais seguro para todos.<\/p>\n","protected":false},"excerpt":{"rendered":"<p>Na tarde da \u00faltima segunda-feira (30\/3), a Rua Conde de Bonfim, na Tijuca, Zona Norte do Rio de Janeiro, foi palco de um grave acidente que resultou na morte de Emanoelle Martins Guedes de Farias, de 40 anos, e de seu filho, Francisco Farias Antunes, de 9 anos. Eles seguiam pela faixa da esquerda em [&hellip;]<\/p>\n","protected":false},"author":5,"featured_media":36025,"comment_status":"open","ping_status":"open","sticky":false,"template":"","format":"standard","meta":{"jnews-multi-image_gallery":[],"jnews_single_post":{"subtitle":"","format":"standard","jnews_video_option_group":[[]],"override":[{"template":"2","parallax":"1","fullscreen":"1","layout":"right-sidebar","sidebar":"default-sidebar","second_sidebar":"default-sidebar","sticky_sidebar":"1","share_position":"hide","share_float_style":"share-monocrhome","show_featured":"1","show_post_meta":"1","show_post_author":"1","show_post_date":"1","post_date_format":"default","post_date_format_custom":"Y\/m\/d","show_post_category":"1","show_post_reading_time":"0","post_reading_time_wpm":"300","post_calculate_word_method":"str_word_count","show_zoom_button":"0","zoom_button_out_step":"2","zoom_button_in_step":"3","show_post_tag":"1","show_popup_post":"1","number_popup_post":"1","show_author_box":"1","show_post_related":"0"}],"image_override":[{"single_post_thumbnail_size":"crop-500","single_post_gallery_size":"crop-500"}],"trending_post_position":"meta","trending_post_label":"Trending","sponsored_post_label":"Sponsored by","disable_ad":"0"},"jnews_primary_category":[],"jnews_override_counter":{"view_counter_number":"0","share_counter_number":"0","like_counter_number":"0","dislike_counter_number":"0"},"jnews_post_split":{"post_split":[{"template":"1","tag":"h2","numbering":"asc","mode":"normal","first":"0","enable_toc":"0","toc_type":"normal"}]},"footnotes":""},"categories":[1],"tags":[2717,6857,644],"class_list":["post-36017","post","type-post","status-publish","format-standard","has-post-thumbnail","hentry","category-geral","tag-acidente","tag-ciclovia","tag-rio-de-janeiro"],"yoast_head":"<!-- This site is optimized with the Yoast SEO plugin v25.0 - https:\/\/yoast.com\/wordpress\/plugins\/seo\/ -->\n<title>Rua que tem cruzes pintadas no ch\u00e3o virou sin\u00f4nimo de trag\u00e9dia no Brasil<\/title>\n<meta name=\"robots\" content=\"index, follow, max-snippet:-1, max-image-preview:large, max-video-preview:-1\" \/>\n<link rel=\"canonical\" href=\"https:\/\/crusoe.audiencelabs.com.br\/rua-que-tem-cruzes-pintadas-no-chao-virou-sinonimo-de-tragedia-no-brasil\/\" \/>\n<meta property=\"og:locale\" content=\"pt_BR\" \/>\n<meta property=\"og:type\" content=\"article\" \/>\n<meta property=\"og:title\" content=\"Rua que tem cruzes pintadas no ch\u00e3o virou sin\u00f4nimo de trag\u00e9dia no Brasil\" \/>\n<meta property=\"og:description\" content=\"Na tarde da \u00faltima segunda-feira (30\/3), a Rua Conde de Bonfim, na Tijuca, Zona Norte do Rio de Janeiro, foi palco de um grave acidente que resultou na morte de Emanoelle Martins Guedes de Farias, de 40 anos, e de seu filho, Francisco Farias Antunes, de 9 anos. Eles seguiam pela faixa da esquerda em [&hellip;]\" \/>\n<meta property=\"og:url\" content=\"https:\/\/crusoe.audiencelabs.com.br\/rua-que-tem-cruzes-pintadas-no-chao-virou-sinonimo-de-tragedia-no-brasil\/\" \/>\n<meta property=\"og:site_name\" content=\"Variedades - Cruso\u00e9\" \/>\n<meta property=\"article:published_time\" content=\"2026-04-01T14:37:27+00:00\" \/>\n<meta property=\"og:image\" content=\"https:\/\/cdn.crusoe.com.br\/uploads\/2026\/04\/Captura-de-tela-2026-04-01-073628.jpg\" \/>\n\t<meta property=\"og:image:width\" content=\"471\" \/>\n\t<meta property=\"og:image:height\" content=\"267\" \/>\n\t<meta property=\"og:image:type\" content=\"image\/jpeg\" \/>\n<meta name=\"author\" content=\"Milena Armando\" \/>\n<meta name=\"twitter:card\" content=\"summary_large_image\" \/>\n<meta name=\"twitter:label1\" content=\"Escrito por\" \/>\n\t<meta name=\"twitter:data1\" content=\"Milena Armando\" \/>\n\t<meta name=\"twitter:label2\" content=\"Est. tempo de leitura\" \/>\n\t<meta name=\"twitter:data2\" content=\"3 minutos\" \/>\n<script type=\"application\/ld+json\" class=\"yoast-schema-graph\">{\"@context\":\"https:\/\/schema.org\",\"@graph\":[{\"@type\":\"WebPage\",\"@id\":\"https:\/\/crusoe.audiencelabs.com.br\/rua-que-tem-cruzes-pintadas-no-chao-virou-sinonimo-de-tragedia-no-brasil\/\",\"url\":\"https:\/\/crusoe.audiencelabs.com.br\/rua-que-tem-cruzes-pintadas-no-chao-virou-sinonimo-de-tragedia-no-brasil\/\",\"name\":\"Rua que tem cruzes pintadas no ch\u00e3o virou sin\u00f4nimo de trag\u00e9dia no Brasil\",\"isPartOf\":{\"@id\":\"https:\/\/crusoe.audiencelabs.com.br\/#website\"},\"primaryImageOfPage\":{\"@id\":\"https:\/\/crusoe.audiencelabs.com.br\/rua-que-tem-cruzes-pintadas-no-chao-virou-sinonimo-de-tragedia-no-brasil\/#primaryimage\"},\"image\":{\"@id\":\"https:\/\/crusoe.audiencelabs.com.br\/rua-que-tem-cruzes-pintadas-no-chao-virou-sinonimo-de-tragedia-no-brasil\/#primaryimage\"},\"thumbnailUrl\":\"https:\/\/cdn.crusoe.com.br\/uploads\/2026\/04\/Captura-de-tela-2026-04-01-073628.jpg\",\"datePublished\":\"2026-04-01T14:37:27+00:00\",\"author\":{\"@id\":\"https:\/\/crusoe.audiencelabs.com.br\/#\/schema\/person\/f87f73cfe89e5360de2c006bd4bd6a74\"},\"breadcrumb\":{\"@id\":\"https:\/\/crusoe.audiencelabs.com.br\/rua-que-tem-cruzes-pintadas-no-chao-virou-sinonimo-de-tragedia-no-brasil\/#breadcrumb\"},\"inLanguage\":\"pt-BR\",\"potentialAction\":[{\"@type\":\"ReadAction\",\"target\":[\"https:\/\/crusoe.audiencelabs.com.br\/rua-que-tem-cruzes-pintadas-no-chao-virou-sinonimo-de-tragedia-no-brasil\/\"]}]},{\"@type\":\"ImageObject\",\"inLanguage\":\"pt-BR\",\"@id\":\"https:\/\/crusoe.audiencelabs.com.br\/rua-que-tem-cruzes-pintadas-no-chao-virou-sinonimo-de-tragedia-no-brasil\/#primaryimage\",\"url\":\"https:\/\/cdn.crusoe.com.br\/uploads\/2026\/04\/Captura-de-tela-2026-04-01-073628.jpg\",\"contentUrl\":\"https:\/\/cdn.crusoe.com.br\/uploads\/2026\/04\/Captura-de-tela-2026-04-01-073628.jpg\",\"width\":471,\"height\":267,\"caption\":\"Reprodu\u00e7\u00e3o: Agencia O Globo\"},{\"@type\":\"BreadcrumbList\",\"@id\":\"https:\/\/crusoe.audiencelabs.com.br\/rua-que-tem-cruzes-pintadas-no-chao-virou-sinonimo-de-tragedia-no-brasil\/#breadcrumb\",\"itemListElement\":[{\"@type\":\"ListItem\",\"position\":1,\"name\":\"Home\",\"item\":\"https:\/\/crusoe.audiencelabs.com.br\/\"},{\"@type\":\"ListItem\",\"position\":2,\"name\":\"Rua que tem cruzes pintadas no ch\u00e3o virou sin\u00f4nimo de trag\u00e9dia no Brasil\"}]},{\"@type\":\"WebSite\",\"@id\":\"https:\/\/crusoe.audiencelabs.com.br\/#website\",\"url\":\"https:\/\/crusoe.audiencelabs.com.br\/\",\"name\":\"Variedades - Cruso\u00e9\",\"description\":\"\",\"potentialAction\":[{\"@type\":\"SearchAction\",\"target\":{\"@type\":\"EntryPoint\",\"urlTemplate\":\"https:\/\/crusoe.audiencelabs.com.br\/?s={search_term_string}\"},\"query-input\":{\"@type\":\"PropertyValueSpecification\",\"valueRequired\":true,\"valueName\":\"search_term_string\"}}],\"inLanguage\":\"pt-BR\"},{\"@type\":\"Person\",\"@id\":\"https:\/\/crusoe.audiencelabs.com.br\/#\/schema\/person\/f87f73cfe89e5360de2c006bd4bd6a74\",\"name\":\"Milena Armando\",\"image\":{\"@type\":\"ImageObject\",\"inLanguage\":\"pt-BR\",\"@id\":\"https:\/\/crusoe.audiencelabs.com.br\/#\/schema\/person\/image\/\",\"url\":\"https:\/\/secure.gravatar.com\/avatar\/ea14ecddc9e9d202b698b18f9f69e09c9fd74cfbed5c6008d55f11faefdbdab7?s=96&d=mm&r=g\",\"contentUrl\":\"https:\/\/secure.gravatar.com\/avatar\/ea14ecddc9e9d202b698b18f9f69e09c9fd74cfbed5c6008d55f11faefdbdab7?s=96&d=mm&r=g\",\"caption\":\"Milena Armando\"},\"description\":\"Jornalista, redatora e revisora.\",\"url\":\"https:\/\/crusoe.audiencelabs.com.br\/author\/milena\/\"}]}<\/script>\n<!-- \/ Yoast SEO plugin. -->","yoast_head_json":{"title":"Rua que tem cruzes pintadas no ch\u00e3o virou sin\u00f4nimo de trag\u00e9dia no Brasil","robots":{"index":"index","follow":"follow","max-snippet":"max-snippet:-1","max-image-preview":"max-image-preview:large","max-video-preview":"max-video-preview:-1"},"canonical":"https:\/\/crusoe.audiencelabs.com.br\/rua-que-tem-cruzes-pintadas-no-chao-virou-sinonimo-de-tragedia-no-brasil\/","og_locale":"pt_BR","og_type":"article","og_title":"Rua que tem cruzes pintadas no ch\u00e3o virou sin\u00f4nimo de trag\u00e9dia no Brasil","og_description":"Na tarde da \u00faltima segunda-feira (30\/3), a Rua Conde de Bonfim, na Tijuca, Zona Norte do Rio de Janeiro, foi palco de um grave acidente que resultou na morte de Emanoelle Martins Guedes de Farias, de 40 anos, e de seu filho, Francisco Farias Antunes, de 9 anos. Eles seguiam pela faixa da esquerda em [&hellip;]","og_url":"https:\/\/crusoe.audiencelabs.com.br\/rua-que-tem-cruzes-pintadas-no-chao-virou-sinonimo-de-tragedia-no-brasil\/","og_site_name":"Variedades - Cruso\u00e9","article_published_time":"2026-04-01T14:37:27+00:00","og_image":[{"width":471,"height":267,"url":"https:\/\/cdn.crusoe.com.br\/uploads\/2026\/04\/Captura-de-tela-2026-04-01-073628.jpg","type":"image\/jpeg"}],"author":"Milena Armando","twitter_card":"summary_large_image","twitter_misc":{"Escrito por":"Milena Armando","Est. tempo de leitura":"3 minutos"},"schema":{"@context":"https:\/\/schema.org","@graph":[{"@type":"WebPage","@id":"https:\/\/crusoe.audiencelabs.com.br\/rua-que-tem-cruzes-pintadas-no-chao-virou-sinonimo-de-tragedia-no-brasil\/","url":"https:\/\/crusoe.audiencelabs.com.br\/rua-que-tem-cruzes-pintadas-no-chao-virou-sinonimo-de-tragedia-no-brasil\/","name":"Rua que tem cruzes pintadas no ch\u00e3o virou sin\u00f4nimo de trag\u00e9dia no Brasil","isPartOf":{"@id":"https:\/\/crusoe.audiencelabs.com.br\/#website"},"primaryImageOfPage":{"@id":"https:\/\/crusoe.audiencelabs.com.br\/rua-que-tem-cruzes-pintadas-no-chao-virou-sinonimo-de-tragedia-no-brasil\/#primaryimage"},"image":{"@id":"https:\/\/crusoe.audiencelabs.com.br\/rua-que-tem-cruzes-pintadas-no-chao-virou-sinonimo-de-tragedia-no-brasil\/#primaryimage"},"thumbnailUrl":"https:\/\/cdn.crusoe.com.br\/uploads\/2026\/04\/Captura-de-tela-2026-04-01-073628.jpg","datePublished":"2026-04-01T14:37:27+00:00","author":{"@id":"https:\/\/crusoe.audiencelabs.com.br\/#\/schema\/person\/f87f73cfe89e5360de2c006bd4bd6a74"},"breadcrumb":{"@id":"https:\/\/crusoe.audiencelabs.com.br\/rua-que-tem-cruzes-pintadas-no-chao-virou-sinonimo-de-tragedia-no-brasil\/#breadcrumb"},"inLanguage":"pt-BR","potentialAction":[{"@type":"ReadAction","target":["https:\/\/crusoe.audiencelabs.com.br\/rua-que-tem-cruzes-pintadas-no-chao-virou-sinonimo-de-tragedia-no-brasil\/"]}]},{"@type":"ImageObject","inLanguage":"pt-BR","@id":"https:\/\/crusoe.audiencelabs.com.br\/rua-que-tem-cruzes-pintadas-no-chao-virou-sinonimo-de-tragedia-no-brasil\/#primaryimage","url":"https:\/\/cdn.crusoe.com.br\/uploads\/2026\/04\/Captura-de-tela-2026-04-01-073628.jpg","contentUrl":"https:\/\/cdn.crusoe.com.br\/uploads\/2026\/04\/Captura-de-tela-2026-04-01-073628.jpg","width":471,"height":267,"caption":"Reprodu\u00e7\u00e3o: Agencia O Globo"},{"@type":"BreadcrumbList","@id":"https:\/\/crusoe.audiencelabs.com.br\/rua-que-tem-cruzes-pintadas-no-chao-virou-sinonimo-de-tragedia-no-brasil\/#breadcrumb","itemListElement":[{"@type":"ListItem","position":1,"name":"Home","item":"https:\/\/crusoe.audiencelabs.com.br\/"},{"@type":"ListItem","position":2,"name":"Rua que tem cruzes pintadas no ch\u00e3o virou sin\u00f4nimo de trag\u00e9dia no Brasil"}]},{"@type":"WebSite","@id":"https:\/\/crusoe.audiencelabs.com.br\/#website","url":"https:\/\/crusoe.audiencelabs.com.br\/","name":"Variedades - Cruso\u00e9","description":"","potentialAction":[{"@type":"SearchAction","target":{"@type":"EntryPoint","urlTemplate":"https:\/\/crusoe.audiencelabs.com.br\/?s={search_term_string}"},"query-input":{"@type":"PropertyValueSpecification","valueRequired":true,"valueName":"search_term_string"}}],"inLanguage":"pt-BR"},{"@type":"Person","@id":"https:\/\/crusoe.audiencelabs.com.br\/#\/schema\/person\/f87f73cfe89e5360de2c006bd4bd6a74","name":"Milena Armando","image":{"@type":"ImageObject","inLanguage":"pt-BR","@id":"https:\/\/crusoe.audiencelabs.com.br\/#\/schema\/person\/image\/","url":"https:\/\/secure.gravatar.com\/avatar\/ea14ecddc9e9d202b698b18f9f69e09c9fd74cfbed5c6008d55f11faefdbdab7?s=96&d=mm&r=g","contentUrl":"https:\/\/secure.gravatar.com\/avatar\/ea14ecddc9e9d202b698b18f9f69e09c9fd74cfbed5c6008d55f11faefdbdab7?s=96&d=mm&r=g","caption":"Milena Armando"},"description":"Jornalista, redatora e revisora.","url":"https:\/\/crusoe.audiencelabs.com.br\/author\/milena\/"}]}},"_links":{"self":[{"href":"https:\/\/crusoe.audiencelabs.com.br\/wp-json\/wp\/v2\/posts\/36017","targetHints":{"allow":["GET"]}}],"collection":[{"href":"https:\/\/crusoe.audiencelabs.com.br\/wp-json\/wp\/v2\/posts"}],"about":[{"href":"https:\/\/crusoe.audiencelabs.com.br\/wp-json\/wp\/v2\/types\/post"}],"author":[{"embeddable":true,"href":"https:\/\/crusoe.audiencelabs.com.br\/wp-json\/wp\/v2\/users\/5"}],"replies":[{"embeddable":true,"href":"https:\/\/crusoe.audiencelabs.com.br\/wp-json\/wp\/v2\/comments?post=36017"}],"version-history":[{"count":4,"href":"https:\/\/crusoe.audiencelabs.com.br\/wp-json\/wp\/v2\/posts\/36017\/revisions"}],"predecessor-version":[{"id":36026,"href":"https:\/\/crusoe.audiencelabs.com.br\/wp-json\/wp\/v2\/posts\/36017\/revisions\/36026"}],"wp:featuredmedia":[{"embeddable":true,"href":"https:\/\/crusoe.audiencelabs.com.br\/wp-json\/wp\/v2\/media\/36025"}],"wp:attachment":[{"href":"https:\/\/crusoe.audiencelabs.com.br\/wp-json\/wp\/v2\/media?parent=36017"}],"wp:term":[{"taxonomy":"category","embeddable":true,"href":"https:\/\/crusoe.audiencelabs.com.br\/wp-json\/wp\/v2\/categories?post=36017"},{"taxonomy":"post_tag","embeddable":true,"href":"https:\/\/crusoe.audiencelabs.com.br\/wp-json\/wp\/v2\/tags?post=36017"}],"curies":[{"name":"wp","href":"https:\/\/api.w.org\/{rel}","templated":true}]}}