{"id":36007,"date":"2026-04-01T09:33:12","date_gmt":"2026-04-01T12:33:12","guid":{"rendered":"https:\/\/crusoe.audiencelabs.com.br\/?p=36007"},"modified":"2026-04-01T07:02:43","modified_gmt":"2026-04-01T10:02:43","slug":"o-projeto-que-esta-dando-o-que-falar-rio-de-janeiro-pode-deixar-de-ser-parte-do-brasil","status":"publish","type":"post","link":"https:\/\/crusoe.audiencelabs.com.br\/o-projeto-que-esta-dando-o-que-falar-rio-de-janeiro-pode-deixar-de-ser-parte-do-brasil\/","title":{"rendered":"O projeto que est\u00e1 dando o que falar: Rio de Janeiro pode deixar de ser parte do Brasil"},"content":{"rendered":"<div class=\"flex flex-col text-sm pb-25\">\n<section class=\"text-token-text-primary w-full focus:outline-none [--shadow-height:45px] has-data-writing-block:pointer-events-none has-data-writing-block:-mt-(--shadow-height) has-data-writing-block:pt-(--shadow-height) [&amp;:has([data-writing-block])&gt;*]:pointer-events-auto scroll-mt-[calc(var(--header-height)+min(200px,max(70px,20svh)))]\" dir=\"auto\" data-turn-id=\"request-WEB:a0a59a5f-0e9e-4b60-b942-507c3fa229f4-0\" data-testid=\"conversation-turn-2\" data-scroll-anchor=\"true\" data-turn=\"assistant\">\n<div class=\"text-base my-auto mx-auto pb-10 [--thread-content-margin:var(--thread-content-margin-xs,calc(var(--spacing)*4))] @w-sm\/main:[--thread-content-margin:var(--thread-content-margin-sm,calc(var(--spacing)*6))] @w-lg\/main:[--thread-content-margin:var(--thread-content-margin-lg,calc(var(--spacing)*16))] px-(--thread-content-margin)\">\n<div class=\"[--thread-content-max-width:40rem] @w-lg\/main:[--thread-content-max-width:48rem] mx-auto max-w-(--thread-content-max-width) flex-1 group\/turn-messages focus-visible:outline-hidden relative flex w-full min-w-0 flex-col agent-turn\">\n<div class=\"flex max-w-full flex-col gap-4 grow\">\n<div class=\"min-h-8 text-message relative flex w-full flex-col items-end gap-2 text-start break-words whitespace-normal outline-none keyboard-focused:focus-ring [.text-message+&amp;]:mt-1\" dir=\"auto\" data-message-author-role=\"assistant\" data-message-id=\"668a19d0-2b58-4e94-abc5-aa81b9c61d4c\" data-message-model-slug=\"gpt-5-3\" data-turn-start-message=\"true\">\n<div class=\"flex w-full flex-col gap-1 empty:hidden\">\n<div class=\"markdown prose dark:prose-invert w-full wrap-break-word dark markdown-new-styling\">\n<p data-start=\"0\" data-end=\"322\">Um plano pol\u00edtico controverso vem provocando repercuss\u00e3o no cen\u00e1rio eleitoral brasileiro. <strong><span class=\"hover:entity-accent entity-underline inline cursor-pointer align-baseline\"><span class=\"whitespace-normal\">Renan Santos<\/span><\/span>, pr\u00e9-candidato \u00e0 Presid\u00eancia<\/strong>, apresentou a <strong>proposta de separar o <span class=\"hover:entity-accent entity-underline inline cursor-pointer align-baseline\"><span class=\"whitespace-normal\">Rio de Janeiro<\/span><\/span> do restante do pa\u00eds<\/strong>.<\/p>\n<p data-start=\"324\" data-end=\"715\">A ideia prev\u00ea a recria\u00e7\u00e3o do antigo <strong><span class=\"hover:entity-accent entity-underline inline cursor-pointer align-baseline\"><span class=\"whitespace-normal\">Estado da Guanabara<\/span><\/span><\/strong>, conferindo \u00e0 capital <strong>maior autonomia administrativa<\/strong>, inclusive sobre pol\u00edticas de seguran\u00e7a p\u00fablica e gest\u00e3o or\u00e7ament\u00e1ria.<\/p>\n<p data-start=\"324\" data-end=\"715\">Segundo o pr\u00e9-candidato, a medida seria uma resposta \u00e0 degrada\u00e7\u00e3o institucional e aos problemas de corrup\u00e7\u00e3o que, em sua vis\u00e3o, se agravaram ap\u00f3s o Rio deixar de ser a capital federal, em 1960.<\/p>\n<p data-start=\"717\" data-end=\"1070\">Renan Santos defende que a transforma\u00e7\u00e3o do Rio em uma esp\u00e9cie de cidade-estado, inspirada em modelos internacionais, permitiria respostas mais r\u00e1pidas ao crime organizado e estimularia uma retomada econ\u00f4mica.<\/p>\n<p data-start=\"717\" data-end=\"1070\">Ainda assim, a proposta levanta d\u00favidas quanto \u00e0 sua viabilidade, especialmente diante das exig\u00eancias legais para mudan\u00e7as desse porte no pa\u00eds.<\/p>\n<h2 data-section-id=\"gavgkx\" data-start=\"1072\" data-end=\"1096\">Detalhes da proposta<\/h2>\n<p data-start=\"1098\" data-end=\"1437\">A recria\u00e7\u00e3o da Guanabara implicaria uma profunda reestrutura\u00e7\u00e3o pol\u00edtica. O processo exigiria altera\u00e7\u00f5es na Constitui\u00e7\u00e3o, aprova\u00e7\u00e3o pelo Congresso Nacional e valida\u00e7\u00e3o por meio de plebiscito.<\/p>\n<p data-start=\"1098\" data-end=\"1437\">Para o pr\u00e9-candidato, esse novo arranjo daria ao Rio maior capacidade de implementar pol\u00edticas espec\u00edficas para enfrentar seus desafios hist\u00f3ricos.<\/p>\n<p data-start=\"1439\" data-end=\"1713\">Cr\u00edticos, por\u00e9m, destacam entraves, como a redistribui\u00e7\u00e3o de recursos financeiros, a reorganiza\u00e7\u00e3o de servi\u00e7os p\u00fablicos e os impactos federativos. Al\u00e9m disso, a proposta pode enfrentar resist\u00eancia pol\u00edtica de outras regi\u00f5es e do governo federal.<\/p>\n<h2 data-section-id=\"1ip6sfz\" data-start=\"1715\" data-end=\"1743\">Papel das For\u00e7as Armadas<\/h2>\n<p data-start=\"1745\" data-end=\"1955\">Outro ponto central do plano envolve o uso das <span class=\"hover:entity-accent entity-underline inline cursor-pointer align-baseline\"><span class=\"whitespace-normal\">For\u00e7as Armadas <\/span><\/span>no combate ao crime organizado. Renan Santos defende que uma atua\u00e7\u00e3o mais incisiva seria essencial para restabelecer a ordem.<\/p>\n<p data-start=\"1957\" data-end=\"2241\">A proposta poderia se apoiar em instrumentos como a <a href=\"https:\/\/www.gov.br\/defesa\/pt-br\/assuntos\/exercicios-e-operacoes\/garantia-da-lei-e-da-ordem\"><strong>Garantia da Lei e da Ordem<\/strong><\/a> (GLO), mas divide opini\u00f5es.<\/p>\n<p data-start=\"1957\" data-end=\"2241\">Enquanto alguns enxergam a medida como uma resposta pr\u00e1tica \u00e0 viol\u00eancia urbana, outros alertam para os riscos de uma militariza\u00e7\u00e3o excessiva e seus poss\u00edveis efeitos colaterais.<\/p>\n<h2 data-section-id=\"s83vuz\" data-start=\"2592\" data-end=\"2617\">Olhando para o futuro<\/h2>\n<p data-start=\"2619\" data-end=\"2871\">Caso avance, a proposta pode redesenhar o panorama pol\u00edtico nacional, criando um precedente relevante para reorganiza\u00e7\u00f5es territoriais no Brasil. Os impactos econ\u00f4micos, sociais e culturais para o Rio de Janeiro seriam profundos.<\/p>\n<p data-start=\"2873\" data-end=\"3043\" data-is-last-node=\"\" data-is-only-node=\"\">Por ora, no entanto, a concretiza\u00e7\u00e3o da ideia depende de um longo caminho institucional, e de um n\u00edvel de apoio pol\u00edtico e popular que ainda parece estar longe de ser garantido.<\/p>\n<\/div>\n<\/div>\n<\/div>\n<\/div>\n<\/div>\n<\/div>\n<\/section>\n<\/div>\n","protected":false},"excerpt":{"rendered":"<p>Um plano pol\u00edtico controverso vem provocando repercuss\u00e3o no cen\u00e1rio eleitoral brasileiro. Renan Santos, pr\u00e9-candidato \u00e0 Presid\u00eancia, apresentou a proposta de separar o Rio de Janeiro do restante do pa\u00eds. A ideia prev\u00ea a recria\u00e7\u00e3o do antigo Estado da Guanabara, conferindo \u00e0 capital maior autonomia administrativa, inclusive sobre pol\u00edticas de seguran\u00e7a p\u00fablica e gest\u00e3o or\u00e7ament\u00e1ria. Segundo [&hellip;]<\/p>\n","protected":false},"author":5,"featured_media":36008,"comment_status":"open","ping_status":"open","sticky":false,"template":"","format":"standard","meta":{"jnews-multi-image_gallery":[],"jnews_single_post":{"subtitle":""},"jnews_primary_category":[],"jnews_override_counter":[],"jnews_post_split":[],"footnotes":""},"categories":[1],"tags":[6855,6854,644],"class_list":["post-36007","post","type-post","status-publish","format-standard","has-post-thumbnail","hentry","category-geral","tag-guanabara","tag-renan-santos","tag-rio-de-janeiro"],"yoast_head":"<!-- This site is optimized with the Yoast SEO plugin v25.0 - https:\/\/yoast.com\/wordpress\/plugins\/seo\/ -->\n<title>O projeto que est\u00e1 dando o que falar: Rio de Janeiro pode deixar de ser parte do Brasil<\/title>\n<meta name=\"robots\" content=\"index, follow, max-snippet:-1, max-image-preview:large, max-video-preview:-1\" \/>\n<link rel=\"canonical\" href=\"https:\/\/crusoe.audiencelabs.com.br\/o-projeto-que-esta-dando-o-que-falar-rio-de-janeiro-pode-deixar-de-ser-parte-do-brasil\/\" \/>\n<meta property=\"og:locale\" content=\"pt_BR\" \/>\n<meta property=\"og:type\" content=\"article\" \/>\n<meta property=\"og:title\" content=\"O projeto que est\u00e1 dando o que falar: Rio de Janeiro pode deixar de ser parte do Brasil\" \/>\n<meta property=\"og:description\" content=\"Um plano pol\u00edtico controverso vem provocando repercuss\u00e3o no cen\u00e1rio eleitoral brasileiro. Renan Santos, pr\u00e9-candidato \u00e0 Presid\u00eancia, apresentou a proposta de separar o Rio de Janeiro do restante do pa\u00eds. A ideia prev\u00ea a recria\u00e7\u00e3o do antigo Estado da Guanabara, conferindo \u00e0 capital maior autonomia administrativa, inclusive sobre pol\u00edticas de seguran\u00e7a p\u00fablica e gest\u00e3o or\u00e7ament\u00e1ria. Segundo [&hellip;]\" \/>\n<meta property=\"og:url\" content=\"https:\/\/crusoe.audiencelabs.com.br\/o-projeto-que-esta-dando-o-que-falar-rio-de-janeiro-pode-deixar-de-ser-parte-do-brasil\/\" \/>\n<meta property=\"og:site_name\" content=\"Variedades - Cruso\u00e9\" \/>\n<meta property=\"article:published_time\" content=\"2026-04-01T12:33:12+00:00\" \/>\n<meta name=\"author\" content=\"Milena Armando\" \/>\n<meta name=\"twitter:card\" content=\"summary_large_image\" \/>\n<meta name=\"twitter:label1\" content=\"Escrito por\" \/>\n\t<meta name=\"twitter:data1\" content=\"Milena Armando\" \/>\n\t<meta name=\"twitter:label2\" content=\"Est. tempo de leitura\" \/>\n\t<meta name=\"twitter:data2\" content=\"3 minutos\" \/>\n<script type=\"application\/ld+json\" class=\"yoast-schema-graph\">{\"@context\":\"https:\/\/schema.org\",\"@graph\":[{\"@type\":\"WebPage\",\"@id\":\"https:\/\/crusoe.audiencelabs.com.br\/o-projeto-que-esta-dando-o-que-falar-rio-de-janeiro-pode-deixar-de-ser-parte-do-brasil\/\",\"url\":\"https:\/\/crusoe.audiencelabs.com.br\/o-projeto-que-esta-dando-o-que-falar-rio-de-janeiro-pode-deixar-de-ser-parte-do-brasil\/\",\"name\":\"O projeto que est\u00e1 dando o que falar: Rio de Janeiro pode deixar de ser parte do Brasil\",\"isPartOf\":{\"@id\":\"https:\/\/crusoe.audiencelabs.com.br\/#website\"},\"primaryImageOfPage\":{\"@id\":\"https:\/\/crusoe.audiencelabs.com.br\/o-projeto-que-esta-dando-o-que-falar-rio-de-janeiro-pode-deixar-de-ser-parte-do-brasil\/#primaryimage\"},\"image\":{\"@id\":\"https:\/\/crusoe.audiencelabs.com.br\/o-projeto-que-esta-dando-o-que-falar-rio-de-janeiro-pode-deixar-de-ser-parte-do-brasil\/#primaryimage\"},\"thumbnailUrl\":\"https:\/\/cdn.crusoe.com.br\/uploads\/2026\/04\/praia-de-ipanema-no-rio-de-janeiro-brasil-pessoa-curtindo-a-praia-de-ipanema-no-rio-de-janeiro_63139-799.avif\",\"datePublished\":\"2026-04-01T12:33:12+00:00\",\"author\":{\"@id\":\"https:\/\/crusoe.audiencelabs.com.br\/#\/schema\/person\/f87f73cfe89e5360de2c006bd4bd6a74\"},\"breadcrumb\":{\"@id\":\"https:\/\/crusoe.audiencelabs.com.br\/o-projeto-que-esta-dando-o-que-falar-rio-de-janeiro-pode-deixar-de-ser-parte-do-brasil\/#breadcrumb\"},\"inLanguage\":\"pt-BR\",\"potentialAction\":[{\"@type\":\"ReadAction\",\"target\":[\"https:\/\/crusoe.audiencelabs.com.br\/o-projeto-que-esta-dando-o-que-falar-rio-de-janeiro-pode-deixar-de-ser-parte-do-brasil\/\"]}]},{\"@type\":\"ImageObject\",\"inLanguage\":\"pt-BR\",\"@id\":\"https:\/\/crusoe.audiencelabs.com.br\/o-projeto-que-esta-dando-o-que-falar-rio-de-janeiro-pode-deixar-de-ser-parte-do-brasil\/#primaryimage\",\"url\":\"https:\/\/cdn.crusoe.com.br\/uploads\/2026\/04\/praia-de-ipanema-no-rio-de-janeiro-brasil-pessoa-curtindo-a-praia-de-ipanema-no-rio-de-janeiro_63139-799.avif\",\"contentUrl\":\"https:\/\/cdn.crusoe.com.br\/uploads\/2026\/04\/praia-de-ipanema-no-rio-de-janeiro-brasil-pessoa-curtindo-a-praia-de-ipanema-no-rio-de-janeiro_63139-799.avif\",\"width\":626,\"height\":417,\"caption\":\"Reprodu\u00e7\u00e3o: Freepik\"},{\"@type\":\"BreadcrumbList\",\"@id\":\"https:\/\/crusoe.audiencelabs.com.br\/o-projeto-que-esta-dando-o-que-falar-rio-de-janeiro-pode-deixar-de-ser-parte-do-brasil\/#breadcrumb\",\"itemListElement\":[{\"@type\":\"ListItem\",\"position\":1,\"name\":\"Home\",\"item\":\"https:\/\/crusoe.audiencelabs.com.br\/\"},{\"@type\":\"ListItem\",\"position\":2,\"name\":\"O projeto que est\u00e1 dando o que falar: Rio de Janeiro pode deixar de ser parte do Brasil\"}]},{\"@type\":\"WebSite\",\"@id\":\"https:\/\/crusoe.audiencelabs.com.br\/#website\",\"url\":\"https:\/\/crusoe.audiencelabs.com.br\/\",\"name\":\"Variedades - Cruso\u00e9\",\"description\":\"\",\"potentialAction\":[{\"@type\":\"SearchAction\",\"target\":{\"@type\":\"EntryPoint\",\"urlTemplate\":\"https:\/\/crusoe.audiencelabs.com.br\/?s={search_term_string}\"},\"query-input\":{\"@type\":\"PropertyValueSpecification\",\"valueRequired\":true,\"valueName\":\"search_term_string\"}}],\"inLanguage\":\"pt-BR\"},{\"@type\":\"Person\",\"@id\":\"https:\/\/crusoe.audiencelabs.com.br\/#\/schema\/person\/f87f73cfe89e5360de2c006bd4bd6a74\",\"name\":\"Milena Armando\",\"image\":{\"@type\":\"ImageObject\",\"inLanguage\":\"pt-BR\",\"@id\":\"https:\/\/crusoe.audiencelabs.com.br\/#\/schema\/person\/image\/\",\"url\":\"https:\/\/secure.gravatar.com\/avatar\/ea14ecddc9e9d202b698b18f9f69e09c9fd74cfbed5c6008d55f11faefdbdab7?s=96&d=mm&r=g\",\"contentUrl\":\"https:\/\/secure.gravatar.com\/avatar\/ea14ecddc9e9d202b698b18f9f69e09c9fd74cfbed5c6008d55f11faefdbdab7?s=96&d=mm&r=g\",\"caption\":\"Milena Armando\"},\"description\":\"Jornalista, redatora e revisora.\",\"url\":\"https:\/\/crusoe.audiencelabs.com.br\/author\/milena\/\"}]}<\/script>\n<!-- \/ Yoast SEO plugin. -->","yoast_head_json":{"title":"O projeto que est\u00e1 dando o que falar: Rio de Janeiro pode deixar de ser parte do Brasil","robots":{"index":"index","follow":"follow","max-snippet":"max-snippet:-1","max-image-preview":"max-image-preview:large","max-video-preview":"max-video-preview:-1"},"canonical":"https:\/\/crusoe.audiencelabs.com.br\/o-projeto-que-esta-dando-o-que-falar-rio-de-janeiro-pode-deixar-de-ser-parte-do-brasil\/","og_locale":"pt_BR","og_type":"article","og_title":"O projeto que est\u00e1 dando o que falar: Rio de Janeiro pode deixar de ser parte do Brasil","og_description":"Um plano pol\u00edtico controverso vem provocando repercuss\u00e3o no cen\u00e1rio eleitoral brasileiro. Renan Santos, pr\u00e9-candidato \u00e0 Presid\u00eancia, apresentou a proposta de separar o Rio de Janeiro do restante do pa\u00eds. A ideia prev\u00ea a recria\u00e7\u00e3o do antigo Estado da Guanabara, conferindo \u00e0 capital maior autonomia administrativa, inclusive sobre pol\u00edticas de seguran\u00e7a p\u00fablica e gest\u00e3o or\u00e7ament\u00e1ria. Segundo [&hellip;]","og_url":"https:\/\/crusoe.audiencelabs.com.br\/o-projeto-que-esta-dando-o-que-falar-rio-de-janeiro-pode-deixar-de-ser-parte-do-brasil\/","og_site_name":"Variedades - Cruso\u00e9","article_published_time":"2026-04-01T12:33:12+00:00","author":"Milena Armando","twitter_card":"summary_large_image","twitter_misc":{"Escrito por":"Milena Armando","Est. tempo de leitura":"3 minutos"},"schema":{"@context":"https:\/\/schema.org","@graph":[{"@type":"WebPage","@id":"https:\/\/crusoe.audiencelabs.com.br\/o-projeto-que-esta-dando-o-que-falar-rio-de-janeiro-pode-deixar-de-ser-parte-do-brasil\/","url":"https:\/\/crusoe.audiencelabs.com.br\/o-projeto-que-esta-dando-o-que-falar-rio-de-janeiro-pode-deixar-de-ser-parte-do-brasil\/","name":"O projeto que est\u00e1 dando o que falar: Rio de Janeiro pode deixar de ser parte do Brasil","isPartOf":{"@id":"https:\/\/crusoe.audiencelabs.com.br\/#website"},"primaryImageOfPage":{"@id":"https:\/\/crusoe.audiencelabs.com.br\/o-projeto-que-esta-dando-o-que-falar-rio-de-janeiro-pode-deixar-de-ser-parte-do-brasil\/#primaryimage"},"image":{"@id":"https:\/\/crusoe.audiencelabs.com.br\/o-projeto-que-esta-dando-o-que-falar-rio-de-janeiro-pode-deixar-de-ser-parte-do-brasil\/#primaryimage"},"thumbnailUrl":"https:\/\/cdn.crusoe.com.br\/uploads\/2026\/04\/praia-de-ipanema-no-rio-de-janeiro-brasil-pessoa-curtindo-a-praia-de-ipanema-no-rio-de-janeiro_63139-799.avif","datePublished":"2026-04-01T12:33:12+00:00","author":{"@id":"https:\/\/crusoe.audiencelabs.com.br\/#\/schema\/person\/f87f73cfe89e5360de2c006bd4bd6a74"},"breadcrumb":{"@id":"https:\/\/crusoe.audiencelabs.com.br\/o-projeto-que-esta-dando-o-que-falar-rio-de-janeiro-pode-deixar-de-ser-parte-do-brasil\/#breadcrumb"},"inLanguage":"pt-BR","potentialAction":[{"@type":"ReadAction","target":["https:\/\/crusoe.audiencelabs.com.br\/o-projeto-que-esta-dando-o-que-falar-rio-de-janeiro-pode-deixar-de-ser-parte-do-brasil\/"]}]},{"@type":"ImageObject","inLanguage":"pt-BR","@id":"https:\/\/crusoe.audiencelabs.com.br\/o-projeto-que-esta-dando-o-que-falar-rio-de-janeiro-pode-deixar-de-ser-parte-do-brasil\/#primaryimage","url":"https:\/\/cdn.crusoe.com.br\/uploads\/2026\/04\/praia-de-ipanema-no-rio-de-janeiro-brasil-pessoa-curtindo-a-praia-de-ipanema-no-rio-de-janeiro_63139-799.avif","contentUrl":"https:\/\/cdn.crusoe.com.br\/uploads\/2026\/04\/praia-de-ipanema-no-rio-de-janeiro-brasil-pessoa-curtindo-a-praia-de-ipanema-no-rio-de-janeiro_63139-799.avif","width":626,"height":417,"caption":"Reprodu\u00e7\u00e3o: Freepik"},{"@type":"BreadcrumbList","@id":"https:\/\/crusoe.audiencelabs.com.br\/o-projeto-que-esta-dando-o-que-falar-rio-de-janeiro-pode-deixar-de-ser-parte-do-brasil\/#breadcrumb","itemListElement":[{"@type":"ListItem","position":1,"name":"Home","item":"https:\/\/crusoe.audiencelabs.com.br\/"},{"@type":"ListItem","position":2,"name":"O projeto que est\u00e1 dando o que falar: Rio de Janeiro pode deixar de ser parte do Brasil"}]},{"@type":"WebSite","@id":"https:\/\/crusoe.audiencelabs.com.br\/#website","url":"https:\/\/crusoe.audiencelabs.com.br\/","name":"Variedades - Cruso\u00e9","description":"","potentialAction":[{"@type":"SearchAction","target":{"@type":"EntryPoint","urlTemplate":"https:\/\/crusoe.audiencelabs.com.br\/?s={search_term_string}"},"query-input":{"@type":"PropertyValueSpecification","valueRequired":true,"valueName":"search_term_string"}}],"inLanguage":"pt-BR"},{"@type":"Person","@id":"https:\/\/crusoe.audiencelabs.com.br\/#\/schema\/person\/f87f73cfe89e5360de2c006bd4bd6a74","name":"Milena Armando","image":{"@type":"ImageObject","inLanguage":"pt-BR","@id":"https:\/\/crusoe.audiencelabs.com.br\/#\/schema\/person\/image\/","url":"https:\/\/secure.gravatar.com\/avatar\/ea14ecddc9e9d202b698b18f9f69e09c9fd74cfbed5c6008d55f11faefdbdab7?s=96&d=mm&r=g","contentUrl":"https:\/\/secure.gravatar.com\/avatar\/ea14ecddc9e9d202b698b18f9f69e09c9fd74cfbed5c6008d55f11faefdbdab7?s=96&d=mm&r=g","caption":"Milena Armando"},"description":"Jornalista, redatora e revisora.","url":"https:\/\/crusoe.audiencelabs.com.br\/author\/milena\/"}]}},"_links":{"self":[{"href":"https:\/\/crusoe.audiencelabs.com.br\/wp-json\/wp\/v2\/posts\/36007","targetHints":{"allow":["GET"]}}],"collection":[{"href":"https:\/\/crusoe.audiencelabs.com.br\/wp-json\/wp\/v2\/posts"}],"about":[{"href":"https:\/\/crusoe.audiencelabs.com.br\/wp-json\/wp\/v2\/types\/post"}],"author":[{"embeddable":true,"href":"https:\/\/crusoe.audiencelabs.com.br\/wp-json\/wp\/v2\/users\/5"}],"replies":[{"embeddable":true,"href":"https:\/\/crusoe.audiencelabs.com.br\/wp-json\/wp\/v2\/comments?post=36007"}],"version-history":[{"count":2,"href":"https:\/\/crusoe.audiencelabs.com.br\/wp-json\/wp\/v2\/posts\/36007\/revisions"}],"predecessor-version":[{"id":36010,"href":"https:\/\/crusoe.audiencelabs.com.br\/wp-json\/wp\/v2\/posts\/36007\/revisions\/36010"}],"wp:featuredmedia":[{"embeddable":true,"href":"https:\/\/crusoe.audiencelabs.com.br\/wp-json\/wp\/v2\/media\/36008"}],"wp:attachment":[{"href":"https:\/\/crusoe.audiencelabs.com.br\/wp-json\/wp\/v2\/media?parent=36007"}],"wp:term":[{"taxonomy":"category","embeddable":true,"href":"https:\/\/crusoe.audiencelabs.com.br\/wp-json\/wp\/v2\/categories?post=36007"},{"taxonomy":"post_tag","embeddable":true,"href":"https:\/\/crusoe.audiencelabs.com.br\/wp-json\/wp\/v2\/tags?post=36007"}],"curies":[{"name":"wp","href":"https:\/\/api.w.org\/{rel}","templated":true}]}}