{"id":36002,"date":"2026-04-01T08:32:33","date_gmt":"2026-04-01T11:32:33","guid":{"rendered":"https:\/\/crusoe.audiencelabs.com.br\/?p=36002"},"modified":"2026-04-01T06:52:29","modified_gmt":"2026-04-01T09:52:29","slug":"presidente-surpreende-ao-bancar-ajuda-a-cuba-com-r-5-800","status":"publish","type":"post","link":"https:\/\/crusoe.audiencelabs.com.br\/presidente-surpreende-ao-bancar-ajuda-a-cuba-com-r-5-800\/","title":{"rendered":"Presidente surpreende ao bancar ajuda a Cuba com R$ 5.800"},"content":{"rendered":"<p><span style=\"font-weight: 400\">Na \u00faltima segunda-feira (30\/3), a <strong>presidente do M\u00e9xico<\/strong>, <strong>Claudia Sheinbaum<\/strong>, direcionou uma <strong>doa\u00e7\u00e3o pessoal<\/strong> de <strong>20 mil pesos<\/strong>, cerca de US$ 1.100 <\/span><span style=\"font-weight: 400\">\u2014 <\/span><span style=\"font-weight: 400\">valor aproximado de <strong>R$ 5.800<\/strong><\/span><span style=\"font-weight: 400\">\u2014<\/span><span style=\"font-weight: 400\"> \u00e0 associa\u00e7\u00e3o civil &#8220;<strong>Humanidad con Am\u00e9rica Latina<\/strong>&#8220;.\u00a0<\/span><\/p>\n<p><span style=\"font-weight: 400\">Esta associa\u00e7\u00e3o visa fornecer ajuda humanit\u00e1ria a <strong>Cuba<\/strong>, que enfrenta uma acentuada <strong><a href=\"https:\/\/crusoe.audiencelabs.com.br\/apos-crise-no-combustivel-populacao-comecou-a-usar-carro-movido-a-carvao-em-todo-este-pais\/\">crise energ\u00e9tica<\/a> recentemente agravada.\u00a0<\/strong><\/span><\/p>\n<p><span style=\"font-weight: 400\">O gesto da presidente mexicana apresenta-se n\u00e3o apenas como uma oferta financeira, mas como um exemplo de comprometimento pessoal por parte de um l\u00edder internacional perante uma situa\u00e7\u00e3o humanit\u00e1ria grave.<\/span><\/p>\n<h2><span style=\"font-weight: 400\">Crise cubana<\/span><\/h2>\n<p><span style=\"font-weight: 400\">Desde janeiro de 2023, Cuba atravessa um cen\u00e1rio de dificuldades intensificadas pelo <strong>embargo energ\u00e9tico imposto pelos Estados Unidos<\/strong>.\u00a0<\/span><\/p>\n<p><span style=\"font-weight: 400\">Com a produ\u00e7\u00e3o de petr\u00f3leo da ilha insuficiente para suprir suas necessidades, apag\u00f5es t\u00eam se tornado rotineiros, afetando a vida de mais de 9 milh\u00f5es de cubanos.\u00a0<\/span><\/p>\n<h2><span style=\"font-weight: 400\">Fortalecimento dos la\u00e7os M\u00e9xico-Cuba<\/span><\/h2>\n<p><span style=\"font-weight: 400\">A doa\u00e7\u00e3o de Sheinbaum n\u00e3o deve ser vista como uma a\u00e7\u00e3o isolada. Ela reflete um hist\u00f3rico de <strong>assist\u00eancia m\u00fatua entre M\u00e9xico e Cuba.\u00a0<\/strong><\/span><\/p>\n<figure id=\"attachment_36004\" aria-describedby=\"caption-attachment-36004\" style=\"width: 469px\" class=\"wp-caption aligncenter\"><img loading=\"lazy\" decoding=\"async\" class=\" wp-image-36004\" src=\"https:\/\/cdn.crusoe.com.br\/uploads\/2026\/04\/Claudia-Sheinbaum.webp\" alt=\"\" width=\"469\" height=\"312\" srcset=\"https:\/\/cdn.crusoe.com.br\/uploads\/2026\/04\/Claudia-Sheinbaum.webp 419w, https:\/\/cdn.crusoe.com.br\/uploads\/2026\/04\/Claudia-Sheinbaum-300x200.webp 300w\" sizes=\"auto, (max-width: 469px) 100vw, 469px\" \/><figcaption id=\"caption-attachment-36004\" class=\"wp-caption-text\">Claudia Sheinbaum &#8211; Reprodu\u00e7\u00e3o: Manuel Velasquez\/Getty Images<\/figcaption><\/figure>\n<p><span style=\"font-weight: 400\">Intelectuais e pol\u00edticos de ambos os pa\u00edses t\u00eam uma rela\u00e7\u00e3o marcada por v\u00e1rias d\u00e9cadas de coopera\u00e7\u00e3o e solidariedade.\u00a0<\/span><\/p>\n<p><span style=\"font-weight: 400\">No contexto atual, essa ajuda assume novas dimens\u00f5es, com membros do partido Morena, no qual Sheinbaum \u00e9 filiada, expressando seu apoio ao povo cubano.<\/span><\/p>\n<p><span style=\"font-weight: 400\">Contudo, h\u00e1 cr\u00edticas internas no M\u00e9xico. A oposi\u00e7\u00e3o pol\u00edtica questiona a aplica\u00e7\u00e3o de assist\u00eancia externa diante das necessidades internas do pais.<\/span><\/p>\n<h2><span style=\"font-weight: 400\">Interven\u00e7\u00e3o\u00a0<\/span><\/h2>\n<p><span style=\"font-weight: 400\">Enquanto iniciativas individuais, como a de Sheinbaum, oferecem al\u00edvio, outros desenvolvimentos no cen\u00e1rio internacional t\u00eam trazido esperan\u00e7as para Cuba.\u00a0<\/span><\/p>\n<p><span style=\"font-weight: 400\">O recente desembarque do petroleiro russo Anatoly Kolodkin em Cuba, autorizado pelos Estados Unidos por motivos humanit\u00e1rios, representa um al\u00edvio tempor\u00e1rio na crise. <\/span><span style=\"font-weight: 400\">Com aproximadamente 730 mil barris de petr\u00f3leo, esta \u00e9 a primeira remessa significativa desde o in\u00edcio das san\u00e7\u00f5es.<\/span><\/p>\n<h2><span style=\"font-weight: 400\">A<\/span><span style=\"font-weight: 400\">l\u00edvio tempor\u00e1rio<\/span><\/h2>\n<p><span style=\"font-weight: 400\">Ainda que o gesto mexicano seja pequeno comparado \u00e0s necessidades totais da ilha, ele se junta a uma s\u00e9rie de esfor\u00e7os internacionais para aliviar a crise energ\u00e9tica de Cuba.\u00a0<\/span><\/p>\n<p><span style=\"font-weight: 400\">A complexidade do embargo e as san\u00e7\u00f5es internacionais tornam necess\u00e1rias essas colabora\u00e7\u00f5es para desenhar novos caminhos de coopera\u00e7\u00e3o regional.<\/span><\/p>\n<p><span style=\"font-weight: 400\">As a\u00e7\u00f5es de ajuda, seja de pa\u00edses vizinhos ou transportadores distantes, sublinham a import\u00e2ncia da solidariedade em tempos de restri\u00e7\u00f5es econ\u00f4micas e pol\u00edticas.\u00a0<\/span><\/p>\n<p><span style=\"font-weight: 400\">A comunidade internacional continua a observar os desdobramentos na regi\u00e3o, avaliando se esses gestos s\u00e3o capazes de proporcionar mudan\u00e7as no cen\u00e1rio econ\u00f4mico cubano.<\/span><\/p>\n","protected":false},"excerpt":{"rendered":"<p>Na \u00faltima segunda-feira (30\/3), a presidente do M\u00e9xico, Claudia Sheinbaum, direcionou uma doa\u00e7\u00e3o pessoal de 20 mil pesos, cerca de US$ 1.100 \u2014 valor aproximado de R$ 5.800\u2014 \u00e0 associa\u00e7\u00e3o civil &#8220;Humanidad con Am\u00e9rica Latina&#8220;.\u00a0 Esta associa\u00e7\u00e3o visa fornecer ajuda humanit\u00e1ria a Cuba, que enfrenta uma acentuada crise energ\u00e9tica recentemente agravada.\u00a0 O gesto da presidente [&hellip;]<\/p>\n","protected":false},"author":5,"featured_media":36003,"comment_status":"open","ping_status":"open","sticky":false,"template":"","format":"standard","meta":{"jnews-multi-image_gallery":[],"jnews_single_post":{"subtitle":""},"jnews_primary_category":[],"jnews_override_counter":[],"jnews_post_split":[],"footnotes":""},"categories":[1],"tags":[6853,2113,1994,6852,6851],"class_list":["post-36002","post","type-post","status-publish","format-standard","has-post-thumbnail","hentry","category-geral","tag-claudia-sheinbaum","tag-crise-energetica","tag-cuba","tag-doacao","tag-presidente-do-mexico"],"yoast_head":"<!-- This site is optimized with the Yoast SEO plugin v25.0 - https:\/\/yoast.com\/wordpress\/plugins\/seo\/ -->\n<title>Presidente surpreende ao bancar ajuda a Cuba com R$ 5.800<\/title>\n<meta name=\"robots\" content=\"index, follow, max-snippet:-1, max-image-preview:large, max-video-preview:-1\" \/>\n<link rel=\"canonical\" href=\"https:\/\/crusoe.audiencelabs.com.br\/presidente-surpreende-ao-bancar-ajuda-a-cuba-com-r-5-800\/\" \/>\n<meta property=\"og:locale\" content=\"pt_BR\" \/>\n<meta property=\"og:type\" content=\"article\" \/>\n<meta property=\"og:title\" content=\"Presidente surpreende ao bancar ajuda a Cuba com R$ 5.800\" \/>\n<meta property=\"og:description\" content=\"Na \u00faltima segunda-feira (30\/3), a presidente do M\u00e9xico, Claudia Sheinbaum, direcionou uma doa\u00e7\u00e3o pessoal de 20 mil pesos, cerca de US$ 1.100 \u2014 valor aproximado de R$ 5.800\u2014 \u00e0 associa\u00e7\u00e3o civil &#8220;Humanidad con Am\u00e9rica Latina&#8220;.\u00a0 Esta associa\u00e7\u00e3o visa fornecer ajuda humanit\u00e1ria a Cuba, que enfrenta uma acentuada crise energ\u00e9tica recentemente agravada.\u00a0 O gesto da presidente [&hellip;]\" \/>\n<meta property=\"og:url\" content=\"https:\/\/crusoe.audiencelabs.com.br\/presidente-surpreende-ao-bancar-ajuda-a-cuba-com-r-5-800\/\" \/>\n<meta property=\"og:site_name\" content=\"Variedades - Cruso\u00e9\" \/>\n<meta property=\"article:published_time\" content=\"2026-04-01T11:32:33+00:00\" \/>\n<meta name=\"author\" content=\"Milena Armando\" \/>\n<meta name=\"twitter:card\" content=\"summary_large_image\" \/>\n<meta name=\"twitter:label1\" content=\"Escrito por\" \/>\n\t<meta name=\"twitter:data1\" content=\"Milena Armando\" \/>\n\t<meta name=\"twitter:label2\" content=\"Est. tempo de leitura\" \/>\n\t<meta name=\"twitter:data2\" content=\"3 minutos\" \/>\n<script type=\"application\/ld+json\" class=\"yoast-schema-graph\">{\"@context\":\"https:\/\/schema.org\",\"@graph\":[{\"@type\":\"WebPage\",\"@id\":\"https:\/\/crusoe.audiencelabs.com.br\/presidente-surpreende-ao-bancar-ajuda-a-cuba-com-r-5-800\/\",\"url\":\"https:\/\/crusoe.audiencelabs.com.br\/presidente-surpreende-ao-bancar-ajuda-a-cuba-com-r-5-800\/\",\"name\":\"Presidente surpreende ao bancar ajuda a Cuba com R$ 5.800\",\"isPartOf\":{\"@id\":\"https:\/\/crusoe.audiencelabs.com.br\/#website\"},\"primaryImageOfPage\":{\"@id\":\"https:\/\/crusoe.audiencelabs.com.br\/presidente-surpreende-ao-bancar-ajuda-a-cuba-com-r-5-800\/#primaryimage\"},\"image\":{\"@id\":\"https:\/\/crusoe.audiencelabs.com.br\/presidente-surpreende-ao-bancar-ajuda-a-cuba-com-r-5-800\/#primaryimage\"},\"thumbnailUrl\":\"https:\/\/cdn.crusoe.com.br\/uploads\/2026\/04\/ruas-historicas-da-velha-havana-cuba_1168123-72231.avif\",\"datePublished\":\"2026-04-01T11:32:33+00:00\",\"author\":{\"@id\":\"https:\/\/crusoe.audiencelabs.com.br\/#\/schema\/person\/f87f73cfe89e5360de2c006bd4bd6a74\"},\"breadcrumb\":{\"@id\":\"https:\/\/crusoe.audiencelabs.com.br\/presidente-surpreende-ao-bancar-ajuda-a-cuba-com-r-5-800\/#breadcrumb\"},\"inLanguage\":\"pt-BR\",\"potentialAction\":[{\"@type\":\"ReadAction\",\"target\":[\"https:\/\/crusoe.audiencelabs.com.br\/presidente-surpreende-ao-bancar-ajuda-a-cuba-com-r-5-800\/\"]}]},{\"@type\":\"ImageObject\",\"inLanguage\":\"pt-BR\",\"@id\":\"https:\/\/crusoe.audiencelabs.com.br\/presidente-surpreende-ao-bancar-ajuda-a-cuba-com-r-5-800\/#primaryimage\",\"url\":\"https:\/\/cdn.crusoe.com.br\/uploads\/2026\/04\/ruas-historicas-da-velha-havana-cuba_1168123-72231.avif\",\"contentUrl\":\"https:\/\/cdn.crusoe.com.br\/uploads\/2026\/04\/ruas-historicas-da-velha-havana-cuba_1168123-72231.avif\",\"width\":626,\"height\":417,\"caption\":\"Reprodu\u00e7\u00e3o: Freepik\"},{\"@type\":\"BreadcrumbList\",\"@id\":\"https:\/\/crusoe.audiencelabs.com.br\/presidente-surpreende-ao-bancar-ajuda-a-cuba-com-r-5-800\/#breadcrumb\",\"itemListElement\":[{\"@type\":\"ListItem\",\"position\":1,\"name\":\"Home\",\"item\":\"https:\/\/crusoe.audiencelabs.com.br\/\"},{\"@type\":\"ListItem\",\"position\":2,\"name\":\"Presidente surpreende ao bancar ajuda a Cuba com R$ 5.800\"}]},{\"@type\":\"WebSite\",\"@id\":\"https:\/\/crusoe.audiencelabs.com.br\/#website\",\"url\":\"https:\/\/crusoe.audiencelabs.com.br\/\",\"name\":\"Variedades - Cruso\u00e9\",\"description\":\"\",\"potentialAction\":[{\"@type\":\"SearchAction\",\"target\":{\"@type\":\"EntryPoint\",\"urlTemplate\":\"https:\/\/crusoe.audiencelabs.com.br\/?s={search_term_string}\"},\"query-input\":{\"@type\":\"PropertyValueSpecification\",\"valueRequired\":true,\"valueName\":\"search_term_string\"}}],\"inLanguage\":\"pt-BR\"},{\"@type\":\"Person\",\"@id\":\"https:\/\/crusoe.audiencelabs.com.br\/#\/schema\/person\/f87f73cfe89e5360de2c006bd4bd6a74\",\"name\":\"Milena Armando\",\"image\":{\"@type\":\"ImageObject\",\"inLanguage\":\"pt-BR\",\"@id\":\"https:\/\/crusoe.audiencelabs.com.br\/#\/schema\/person\/image\/\",\"url\":\"https:\/\/secure.gravatar.com\/avatar\/ea14ecddc9e9d202b698b18f9f69e09c9fd74cfbed5c6008d55f11faefdbdab7?s=96&d=mm&r=g\",\"contentUrl\":\"https:\/\/secure.gravatar.com\/avatar\/ea14ecddc9e9d202b698b18f9f69e09c9fd74cfbed5c6008d55f11faefdbdab7?s=96&d=mm&r=g\",\"caption\":\"Milena Armando\"},\"description\":\"Jornalista, redatora e revisora.\",\"url\":\"https:\/\/crusoe.audiencelabs.com.br\/author\/milena\/\"}]}<\/script>\n<!-- \/ Yoast SEO plugin. -->","yoast_head_json":{"title":"Presidente surpreende ao bancar ajuda a Cuba com R$ 5.800","robots":{"index":"index","follow":"follow","max-snippet":"max-snippet:-1","max-image-preview":"max-image-preview:large","max-video-preview":"max-video-preview:-1"},"canonical":"https:\/\/crusoe.audiencelabs.com.br\/presidente-surpreende-ao-bancar-ajuda-a-cuba-com-r-5-800\/","og_locale":"pt_BR","og_type":"article","og_title":"Presidente surpreende ao bancar ajuda a Cuba com R$ 5.800","og_description":"Na \u00faltima segunda-feira (30\/3), a presidente do M\u00e9xico, Claudia Sheinbaum, direcionou uma doa\u00e7\u00e3o pessoal de 20 mil pesos, cerca de US$ 1.100 \u2014 valor aproximado de R$ 5.800\u2014 \u00e0 associa\u00e7\u00e3o civil &#8220;Humanidad con Am\u00e9rica Latina&#8220;.\u00a0 Esta associa\u00e7\u00e3o visa fornecer ajuda humanit\u00e1ria a Cuba, que enfrenta uma acentuada crise energ\u00e9tica recentemente agravada.\u00a0 O gesto da presidente [&hellip;]","og_url":"https:\/\/crusoe.audiencelabs.com.br\/presidente-surpreende-ao-bancar-ajuda-a-cuba-com-r-5-800\/","og_site_name":"Variedades - Cruso\u00e9","article_published_time":"2026-04-01T11:32:33+00:00","author":"Milena Armando","twitter_card":"summary_large_image","twitter_misc":{"Escrito por":"Milena Armando","Est. tempo de leitura":"3 minutos"},"schema":{"@context":"https:\/\/schema.org","@graph":[{"@type":"WebPage","@id":"https:\/\/crusoe.audiencelabs.com.br\/presidente-surpreende-ao-bancar-ajuda-a-cuba-com-r-5-800\/","url":"https:\/\/crusoe.audiencelabs.com.br\/presidente-surpreende-ao-bancar-ajuda-a-cuba-com-r-5-800\/","name":"Presidente surpreende ao bancar ajuda a Cuba com R$ 5.800","isPartOf":{"@id":"https:\/\/crusoe.audiencelabs.com.br\/#website"},"primaryImageOfPage":{"@id":"https:\/\/crusoe.audiencelabs.com.br\/presidente-surpreende-ao-bancar-ajuda-a-cuba-com-r-5-800\/#primaryimage"},"image":{"@id":"https:\/\/crusoe.audiencelabs.com.br\/presidente-surpreende-ao-bancar-ajuda-a-cuba-com-r-5-800\/#primaryimage"},"thumbnailUrl":"https:\/\/cdn.crusoe.com.br\/uploads\/2026\/04\/ruas-historicas-da-velha-havana-cuba_1168123-72231.avif","datePublished":"2026-04-01T11:32:33+00:00","author":{"@id":"https:\/\/crusoe.audiencelabs.com.br\/#\/schema\/person\/f87f73cfe89e5360de2c006bd4bd6a74"},"breadcrumb":{"@id":"https:\/\/crusoe.audiencelabs.com.br\/presidente-surpreende-ao-bancar-ajuda-a-cuba-com-r-5-800\/#breadcrumb"},"inLanguage":"pt-BR","potentialAction":[{"@type":"ReadAction","target":["https:\/\/crusoe.audiencelabs.com.br\/presidente-surpreende-ao-bancar-ajuda-a-cuba-com-r-5-800\/"]}]},{"@type":"ImageObject","inLanguage":"pt-BR","@id":"https:\/\/crusoe.audiencelabs.com.br\/presidente-surpreende-ao-bancar-ajuda-a-cuba-com-r-5-800\/#primaryimage","url":"https:\/\/cdn.crusoe.com.br\/uploads\/2026\/04\/ruas-historicas-da-velha-havana-cuba_1168123-72231.avif","contentUrl":"https:\/\/cdn.crusoe.com.br\/uploads\/2026\/04\/ruas-historicas-da-velha-havana-cuba_1168123-72231.avif","width":626,"height":417,"caption":"Reprodu\u00e7\u00e3o: Freepik"},{"@type":"BreadcrumbList","@id":"https:\/\/crusoe.audiencelabs.com.br\/presidente-surpreende-ao-bancar-ajuda-a-cuba-com-r-5-800\/#breadcrumb","itemListElement":[{"@type":"ListItem","position":1,"name":"Home","item":"https:\/\/crusoe.audiencelabs.com.br\/"},{"@type":"ListItem","position":2,"name":"Presidente surpreende ao bancar ajuda a Cuba com R$ 5.800"}]},{"@type":"WebSite","@id":"https:\/\/crusoe.audiencelabs.com.br\/#website","url":"https:\/\/crusoe.audiencelabs.com.br\/","name":"Variedades - Cruso\u00e9","description":"","potentialAction":[{"@type":"SearchAction","target":{"@type":"EntryPoint","urlTemplate":"https:\/\/crusoe.audiencelabs.com.br\/?s={search_term_string}"},"query-input":{"@type":"PropertyValueSpecification","valueRequired":true,"valueName":"search_term_string"}}],"inLanguage":"pt-BR"},{"@type":"Person","@id":"https:\/\/crusoe.audiencelabs.com.br\/#\/schema\/person\/f87f73cfe89e5360de2c006bd4bd6a74","name":"Milena Armando","image":{"@type":"ImageObject","inLanguage":"pt-BR","@id":"https:\/\/crusoe.audiencelabs.com.br\/#\/schema\/person\/image\/","url":"https:\/\/secure.gravatar.com\/avatar\/ea14ecddc9e9d202b698b18f9f69e09c9fd74cfbed5c6008d55f11faefdbdab7?s=96&d=mm&r=g","contentUrl":"https:\/\/secure.gravatar.com\/avatar\/ea14ecddc9e9d202b698b18f9f69e09c9fd74cfbed5c6008d55f11faefdbdab7?s=96&d=mm&r=g","caption":"Milena Armando"},"description":"Jornalista, redatora e revisora.","url":"https:\/\/crusoe.audiencelabs.com.br\/author\/milena\/"}]}},"_links":{"self":[{"href":"https:\/\/crusoe.audiencelabs.com.br\/wp-json\/wp\/v2\/posts\/36002","targetHints":{"allow":["GET"]}}],"collection":[{"href":"https:\/\/crusoe.audiencelabs.com.br\/wp-json\/wp\/v2\/posts"}],"about":[{"href":"https:\/\/crusoe.audiencelabs.com.br\/wp-json\/wp\/v2\/types\/post"}],"author":[{"embeddable":true,"href":"https:\/\/crusoe.audiencelabs.com.br\/wp-json\/wp\/v2\/users\/5"}],"replies":[{"embeddable":true,"href":"https:\/\/crusoe.audiencelabs.com.br\/wp-json\/wp\/v2\/comments?post=36002"}],"version-history":[{"count":2,"href":"https:\/\/crusoe.audiencelabs.com.br\/wp-json\/wp\/v2\/posts\/36002\/revisions"}],"predecessor-version":[{"id":36006,"href":"https:\/\/crusoe.audiencelabs.com.br\/wp-json\/wp\/v2\/posts\/36002\/revisions\/36006"}],"wp:featuredmedia":[{"embeddable":true,"href":"https:\/\/crusoe.audiencelabs.com.br\/wp-json\/wp\/v2\/media\/36003"}],"wp:attachment":[{"href":"https:\/\/crusoe.audiencelabs.com.br\/wp-json\/wp\/v2\/media?parent=36002"}],"wp:term":[{"taxonomy":"category","embeddable":true,"href":"https:\/\/crusoe.audiencelabs.com.br\/wp-json\/wp\/v2\/categories?post=36002"},{"taxonomy":"post_tag","embeddable":true,"href":"https:\/\/crusoe.audiencelabs.com.br\/wp-json\/wp\/v2\/tags?post=36002"}],"curies":[{"name":"wp","href":"https:\/\/api.w.org\/{rel}","templated":true}]}}