{"id":35935,"date":"2026-03-31T16:30:32","date_gmt":"2026-03-31T19:30:32","guid":{"rendered":"https:\/\/crusoe.audiencelabs.com.br\/?p=35935"},"modified":"2026-03-31T12:28:45","modified_gmt":"2026-03-31T15:28:45","slug":"o-que-acontece-no-corpo-de-quem-tem-barriga-de-chope-a-resposta-preocupa-medicos","status":"publish","type":"post","link":"https:\/\/crusoe.audiencelabs.com.br\/o-que-acontece-no-corpo-de-quem-tem-barriga-de-chope-a-resposta-preocupa-medicos\/","title":{"rendered":"O que acontece no corpo de quem tem \u201cbarriga de chope\u201d? A resposta preocupa m\u00e9dicos"},"content":{"rendered":"<p>A famosa &#8220;barriga de chope&#8221; vai muito al\u00e9m de uma quest\u00e3o est\u00e9tica segundo a ci\u00eancia. Segundo um estudo apresentado no fim de 2025 durante um congresso da Sociedade Radiol\u00f3gica da Am\u00e9rica do Norte, o ac\u00famulo de gordura abdominal pode afetar diretamente o cora\u00e7\u00e3o, inclusive em pessoas que ainda n\u00e3o apresentam sintomas.<\/p>\n<p>Logo no in\u00edcio, os pesquisadores deixam claro um ponto importante: n\u00e3o \u00e9 apenas o peso total que define o risco \u00e0 sa\u00fade. A forma como a gordura se distribui no corpo pode ser ainda mais determinante.<\/p>\n<h2>Efeito no funcionamento do cora\u00e7\u00e3o<\/h2>\n<p data-start=\"651\" data-end=\"848\">O estudo analisou mais de 2.200 adultos entre 46 e 78 anos, todos sem diagn\u00f3stico pr\u00e9vio de doen\u00e7a cardiovascular. Os participantes passaram por exames detalhados de resson\u00e2ncia magn\u00e9tica card\u00edaca.<\/p>\n<p data-start=\"850\" data-end=\"1041\">Ao comparar o \u00edndice de massa corporal com a rela\u00e7\u00e3o cintura-quadril, os cientistas perceberam que a gordura concentrada no abd\u00f4men estava mais associada a altera\u00e7\u00f5es preocupantes no cora\u00e7\u00e3o.<\/p>\n<p data-start=\"1043\" data-end=\"1275\">Na pr\u00e1tica, isso significa que pessoas com \u201cbarriga de chope\u201d apresentaram mudan\u00e7as estruturais no \u00f3rg\u00e3o. O m\u00fasculo card\u00edaco, especialmente o ventr\u00edculo esquerdo, ficou mais espesso, enquanto o espa\u00e7o interno das cavidades diminuiu.<\/p>\n<p data-start=\"1043\" data-end=\"1275\">Al\u00e9m disso, o cora\u00e7\u00e3o passa a agir contra uma press\u00e3o elevada e chega a se adaptar. O problema \u00e9 que essa adapta\u00e7\u00e3o n\u00e3o \u00e9 saud\u00e1vel. O espessamento do m\u00fasculo reduz a capacidade do cora\u00e7\u00e3o de se encher de sangue. Ele at\u00e9 consegue bombear, mas perde efici\u00eancia.<\/p>\n<p data-start=\"2222\" data-end=\"2334\">No in\u00edcio, o corpo compensa com batimentos mais r\u00e1pidos. Por\u00e9m, essa estrat\u00e9gia n\u00e3o se sustenta por muito tempo.<\/p>\n<p data-start=\"2336\" data-end=\"2532\">Com a progress\u00e3o, pode surgir um tipo de insufici\u00eancia card\u00edaca em que o cora\u00e7\u00e3o n\u00e3o relaxa adequadamente. Isso compromete a circula\u00e7\u00e3o de oxig\u00eanio e nutrientes, mesmo antes de sintomas evidentes.<\/p>\n<h2 data-start=\"1043\" data-end=\"1275\">\u00c9 perigosa?<\/h2>\n<p data-start=\"1325\" data-end=\"1484\">Esse tipo de gordura, chamada de visceral, se acumula ao redor de \u00f3rg\u00e3os como f\u00edgado e intestino. Diferente da gordura subcut\u00e2nea, ela \u00e9 metabolicamente ativa.<\/p>\n<p data-start=\"1486\" data-end=\"1648\">Isso quer dizer que ela libera subst\u00e2ncias inflamat\u00f3rias na corrente sangu\u00ednea. Como consequ\u00eancia, o corpo entra em um estado de inflama\u00e7\u00e3o cr\u00f4nica de baixo grau.<\/p>\n<p data-start=\"1650\" data-end=\"1696\">Esse processo favorece uma s\u00e9rie de problemas; <strong>s\u00e3o eles:<\/strong><\/p>\n<ul data-start=\"1698\" data-end=\"1785\">\n<li data-section-id=\"vomo1y\" data-start=\"1698\" data-end=\"1724\">Resist\u00eancia \u00e0 insulina<\/li>\n<li data-section-id=\"1eqfs2c\" data-start=\"1725\" data-end=\"1753\">Altera\u00e7\u00f5es no colesterol<\/li>\n<li data-section-id=\"z7o86z\" data-start=\"1754\" data-end=\"1785\">Aumento da press\u00e3o arterial<\/li>\n<\/ul>\n<p data-start=\"1787\" data-end=\"1858\">Todos esses fatores, combinados, aumentam a sobrecarga sobre o cora\u00e7\u00e3o.<\/p>\n<h2 data-start=\"1787\" data-end=\"1858\">Como identificar os riscos e reverter?<\/h2>\n<p data-start=\"1787\" data-end=\"1858\">De acordo com especialistas, o ideal \u00e9 que a identifica\u00e7\u00e3o seja feita com profissionais qualificados. No entanto, medidas simples podem auxiliar; uma delas \u00e9 medir a circunfer\u00eancia da cintura.<\/p>\n<p data-start=\"1787\" data-end=\"1858\">De acordo com a Organiza\u00e7\u00e3o Mundial da Sa\u00fade, valores acima de 90 cm para homens e 80 cm para mulheres indicam maior risco cardiovascular.<\/p>\n<p data-start=\"1787\" data-end=\"1858\">J\u00e1 sobre como reverter isso, especialistas destacam que a atividade f\u00edsica regular e alimenta\u00e7\u00e3o equilibrada s\u00e3o as principais estrat\u00e9gias. Mesmo sem grande perda de peso, j\u00e1 \u00e9 poss\u00edvel reduzir esse tipo de gordura e melhorar a sa\u00fade do cora\u00e7\u00e3o.<\/p>\n","protected":false},"excerpt":{"rendered":"<p>A famosa &#8220;barriga de chope&#8221; vai muito al\u00e9m de uma quest\u00e3o est\u00e9tica segundo a ci\u00eancia. Segundo um estudo apresentado no fim de 2025 durante um congresso da Sociedade Radiol\u00f3gica da Am\u00e9rica do Norte, o ac\u00famulo de gordura abdominal pode afetar diretamente o cora\u00e7\u00e3o, inclusive em pessoas que ainda n\u00e3o apresentam sintomas. Logo no in\u00edcio, os [&hellip;]<\/p>\n","protected":false},"author":15,"featured_media":35936,"comment_status":"open","ping_status":"open","sticky":false,"template":"","format":"standard","meta":{"jnews-multi-image_gallery":[],"jnews_single_post":{"format":"standard","jnews_video_option_group":[[]],"override":[{"template":"2","parallax":"1","fullscreen":"1","layout":"right-sidebar","sidebar":"default-sidebar","second_sidebar":"default-sidebar","sticky_sidebar":"1","share_position":"hide","share_float_style":"share-monocrhome","show_featured":"1","show_post_meta":"1","show_post_author":"1","show_post_date":"1","post_date_format":"default","post_date_format_custom":"Y\/m\/d","show_post_category":"1","show_post_reading_time":"0","post_reading_time_wpm":"300","post_calculate_word_method":"str_word_count","show_zoom_button":"0","zoom_button_out_step":"2","zoom_button_in_step":"3","show_post_tag":"1","show_popup_post":"1","number_popup_post":"1","show_author_box":"1","show_post_related":"0"}],"image_override":[{"single_post_thumbnail_size":"crop-500","single_post_gallery_size":"crop-500"}],"trending_post_position":"meta","trending_post_label":"Trending","sponsored_post_label":"Sponsored by","disable_ad":"0","subtitle":"M\u00e9dicos e cient\u00edstas revelam que os efeitos da \"barriga de chope\" v\u00e3o muito al\u00e9m da est\u00e9tica"},"jnews_primary_category":[],"jnews_override_counter":{"view_counter_number":"0","share_counter_number":"0","like_counter_number":"0","dislike_counter_number":"0"},"jnews_post_split":{"post_split":[{"template":"1","tag":"h2","numbering":"asc","mode":"normal","first":"0","enable_toc":"0","toc_type":"normal"}]},"footnotes":""},"categories":[1],"tags":[999,6138,6824,251,250,1004,6825,252,806,234],"class_list":["post-35935","post","type-post","status-publish","format-standard","has-post-thumbnail","hentry","category-geral","tag-alimentacao-saudavel","tag-atividade-fisica","tag-barriga-de-chope","tag-ciencia","tag-coracao","tag-figado","tag-intestino","tag-medicina","tag-qualidade-de-vida","tag-saude"],"yoast_head":"<!-- This site is optimized with the Yoast SEO plugin v25.0 - https:\/\/yoast.com\/wordpress\/plugins\/seo\/ -->\n<title>O que acontece no corpo de quem tem \u201cbarriga de chope\u201d? A resposta preocupa m\u00e9dicos<\/title>\n<meta name=\"robots\" content=\"index, follow, max-snippet:-1, max-image-preview:large, max-video-preview:-1\" \/>\n<link rel=\"canonical\" href=\"https:\/\/crusoe.audiencelabs.com.br\/o-que-acontece-no-corpo-de-quem-tem-barriga-de-chope-a-resposta-preocupa-medicos\/\" \/>\n<meta property=\"og:locale\" content=\"pt_BR\" \/>\n<meta property=\"og:type\" content=\"article\" \/>\n<meta property=\"og:title\" content=\"O que acontece no corpo de quem tem \u201cbarriga de chope\u201d? A resposta preocupa m\u00e9dicos\" \/>\n<meta property=\"og:description\" content=\"A famosa &#8220;barriga de chope&#8221; vai muito al\u00e9m de uma quest\u00e3o est\u00e9tica segundo a ci\u00eancia. Segundo um estudo apresentado no fim de 2025 durante um congresso da Sociedade Radiol\u00f3gica da Am\u00e9rica do Norte, o ac\u00famulo de gordura abdominal pode afetar diretamente o cora\u00e7\u00e3o, inclusive em pessoas que ainda n\u00e3o apresentam sintomas. Logo no in\u00edcio, os [&hellip;]\" \/>\n<meta property=\"og:url\" content=\"https:\/\/crusoe.audiencelabs.com.br\/o-que-acontece-no-corpo-de-quem-tem-barriga-de-chope-a-resposta-preocupa-medicos\/\" \/>\n<meta property=\"og:site_name\" content=\"Variedades - Cruso\u00e9\" \/>\n<meta property=\"article:published_time\" content=\"2026-03-31T19:30:32+00:00\" \/>\n<meta property=\"og:image\" content=\"https:\/\/cdn.crusoe.com.br\/uploads\/2026\/03\/pexels-towfiqu-barbhuiya-3440682-11911053.jpg\" \/>\n\t<meta property=\"og:image:width\" content=\"640\" \/>\n\t<meta property=\"og:image:height\" content=\"427\" \/>\n\t<meta property=\"og:image:type\" content=\"image\/jpeg\" \/>\n<meta name=\"author\" content=\"J\u00falio Nesi\" \/>\n<meta name=\"twitter:card\" content=\"summary_large_image\" \/>\n<meta name=\"twitter:label1\" content=\"Escrito por\" \/>\n\t<meta name=\"twitter:data1\" content=\"J\u00falio Nesi\" \/>\n\t<meta name=\"twitter:label2\" content=\"Est. tempo de leitura\" \/>\n\t<meta name=\"twitter:data2\" content=\"3 minutos\" \/>\n<script type=\"application\/ld+json\" class=\"yoast-schema-graph\">{\"@context\":\"https:\/\/schema.org\",\"@graph\":[{\"@type\":\"WebPage\",\"@id\":\"https:\/\/crusoe.audiencelabs.com.br\/o-que-acontece-no-corpo-de-quem-tem-barriga-de-chope-a-resposta-preocupa-medicos\/\",\"url\":\"https:\/\/crusoe.audiencelabs.com.br\/o-que-acontece-no-corpo-de-quem-tem-barriga-de-chope-a-resposta-preocupa-medicos\/\",\"name\":\"O que acontece no corpo de quem tem \u201cbarriga de chope\u201d? A resposta preocupa m\u00e9dicos\",\"isPartOf\":{\"@id\":\"https:\/\/crusoe.audiencelabs.com.br\/#website\"},\"primaryImageOfPage\":{\"@id\":\"https:\/\/crusoe.audiencelabs.com.br\/o-que-acontece-no-corpo-de-quem-tem-barriga-de-chope-a-resposta-preocupa-medicos\/#primaryimage\"},\"image\":{\"@id\":\"https:\/\/crusoe.audiencelabs.com.br\/o-que-acontece-no-corpo-de-quem-tem-barriga-de-chope-a-resposta-preocupa-medicos\/#primaryimage\"},\"thumbnailUrl\":\"https:\/\/cdn.crusoe.com.br\/uploads\/2026\/03\/pexels-towfiqu-barbhuiya-3440682-11911053.jpg\",\"datePublished\":\"2026-03-31T19:30:32+00:00\",\"author\":{\"@id\":\"https:\/\/crusoe.audiencelabs.com.br\/#\/schema\/person\/0cca5874eda7d72cef71e77a9a9c2143\"},\"breadcrumb\":{\"@id\":\"https:\/\/crusoe.audiencelabs.com.br\/o-que-acontece-no-corpo-de-quem-tem-barriga-de-chope-a-resposta-preocupa-medicos\/#breadcrumb\"},\"inLanguage\":\"pt-BR\",\"potentialAction\":[{\"@type\":\"ReadAction\",\"target\":[\"https:\/\/crusoe.audiencelabs.com.br\/o-que-acontece-no-corpo-de-quem-tem-barriga-de-chope-a-resposta-preocupa-medicos\/\"]}]},{\"@type\":\"ImageObject\",\"inLanguage\":\"pt-BR\",\"@id\":\"https:\/\/crusoe.audiencelabs.com.br\/o-que-acontece-no-corpo-de-quem-tem-barriga-de-chope-a-resposta-preocupa-medicos\/#primaryimage\",\"url\":\"https:\/\/cdn.crusoe.com.br\/uploads\/2026\/03\/pexels-towfiqu-barbhuiya-3440682-11911053.jpg\",\"contentUrl\":\"https:\/\/cdn.crusoe.com.br\/uploads\/2026\/03\/pexels-towfiqu-barbhuiya-3440682-11911053.jpg\",\"width\":640,\"height\":427,\"caption\":\"Reprodu\u00e7\u00e3o: Pexels \/ Towfiqu barbhuiya\"},{\"@type\":\"BreadcrumbList\",\"@id\":\"https:\/\/crusoe.audiencelabs.com.br\/o-que-acontece-no-corpo-de-quem-tem-barriga-de-chope-a-resposta-preocupa-medicos\/#breadcrumb\",\"itemListElement\":[{\"@type\":\"ListItem\",\"position\":1,\"name\":\"Home\",\"item\":\"https:\/\/crusoe.audiencelabs.com.br\/\"},{\"@type\":\"ListItem\",\"position\":2,\"name\":\"O que acontece no corpo de quem tem \u201cbarriga de chope\u201d? A resposta preocupa m\u00e9dicos\"}]},{\"@type\":\"WebSite\",\"@id\":\"https:\/\/crusoe.audiencelabs.com.br\/#website\",\"url\":\"https:\/\/crusoe.audiencelabs.com.br\/\",\"name\":\"Variedades - Cruso\u00e9\",\"description\":\"\",\"potentialAction\":[{\"@type\":\"SearchAction\",\"target\":{\"@type\":\"EntryPoint\",\"urlTemplate\":\"https:\/\/crusoe.audiencelabs.com.br\/?s={search_term_string}\"},\"query-input\":{\"@type\":\"PropertyValueSpecification\",\"valueRequired\":true,\"valueName\":\"search_term_string\"}}],\"inLanguage\":\"pt-BR\"},{\"@type\":\"Person\",\"@id\":\"https:\/\/crusoe.audiencelabs.com.br\/#\/schema\/person\/0cca5874eda7d72cef71e77a9a9c2143\",\"name\":\"J\u00falio Nesi\",\"image\":{\"@type\":\"ImageObject\",\"inLanguage\":\"pt-BR\",\"@id\":\"https:\/\/crusoe.audiencelabs.com.br\/#\/schema\/person\/image\/\",\"url\":\"https:\/\/secure.gravatar.com\/avatar\/c22eb47c3e2320e71637346b980e09f63de9f75742d3335f94a26b83dff70473?s=96&d=mm&r=g\",\"contentUrl\":\"https:\/\/secure.gravatar.com\/avatar\/c22eb47c3e2320e71637346b980e09f63de9f75742d3335f94a26b83dff70473?s=96&d=mm&r=g\",\"caption\":\"J\u00falio Nesi\"},\"description\":\"Jornalista alagoano formado pela UFAL, j\u00e1 atuei em produ\u00e7\u00e3o de conte\u00fado digital para portais, r\u00e1dio e redes sociais.\",\"sameAs\":[\"www.linkedin.com\/in\/j\u00falio-nesi\"],\"url\":\"https:\/\/crusoe.audiencelabs.com.br\/author\/julionesi\/\"}]}<\/script>\n<!-- \/ Yoast SEO plugin. -->","yoast_head_json":{"title":"O que acontece no corpo de quem tem \u201cbarriga de chope\u201d? A resposta preocupa m\u00e9dicos","robots":{"index":"index","follow":"follow","max-snippet":"max-snippet:-1","max-image-preview":"max-image-preview:large","max-video-preview":"max-video-preview:-1"},"canonical":"https:\/\/crusoe.audiencelabs.com.br\/o-que-acontece-no-corpo-de-quem-tem-barriga-de-chope-a-resposta-preocupa-medicos\/","og_locale":"pt_BR","og_type":"article","og_title":"O que acontece no corpo de quem tem \u201cbarriga de chope\u201d? A resposta preocupa m\u00e9dicos","og_description":"A famosa &#8220;barriga de chope&#8221; vai muito al\u00e9m de uma quest\u00e3o est\u00e9tica segundo a ci\u00eancia. Segundo um estudo apresentado no fim de 2025 durante um congresso da Sociedade Radiol\u00f3gica da Am\u00e9rica do Norte, o ac\u00famulo de gordura abdominal pode afetar diretamente o cora\u00e7\u00e3o, inclusive em pessoas que ainda n\u00e3o apresentam sintomas. Logo no in\u00edcio, os [&hellip;]","og_url":"https:\/\/crusoe.audiencelabs.com.br\/o-que-acontece-no-corpo-de-quem-tem-barriga-de-chope-a-resposta-preocupa-medicos\/","og_site_name":"Variedades - Cruso\u00e9","article_published_time":"2026-03-31T19:30:32+00:00","og_image":[{"width":640,"height":427,"url":"https:\/\/cdn.crusoe.com.br\/uploads\/2026\/03\/pexels-towfiqu-barbhuiya-3440682-11911053.jpg","type":"image\/jpeg"}],"author":"J\u00falio Nesi","twitter_card":"summary_large_image","twitter_misc":{"Escrito por":"J\u00falio Nesi","Est. tempo de leitura":"3 minutos"},"schema":{"@context":"https:\/\/schema.org","@graph":[{"@type":"WebPage","@id":"https:\/\/crusoe.audiencelabs.com.br\/o-que-acontece-no-corpo-de-quem-tem-barriga-de-chope-a-resposta-preocupa-medicos\/","url":"https:\/\/crusoe.audiencelabs.com.br\/o-que-acontece-no-corpo-de-quem-tem-barriga-de-chope-a-resposta-preocupa-medicos\/","name":"O que acontece no corpo de quem tem \u201cbarriga de chope\u201d? A resposta preocupa m\u00e9dicos","isPartOf":{"@id":"https:\/\/crusoe.audiencelabs.com.br\/#website"},"primaryImageOfPage":{"@id":"https:\/\/crusoe.audiencelabs.com.br\/o-que-acontece-no-corpo-de-quem-tem-barriga-de-chope-a-resposta-preocupa-medicos\/#primaryimage"},"image":{"@id":"https:\/\/crusoe.audiencelabs.com.br\/o-que-acontece-no-corpo-de-quem-tem-barriga-de-chope-a-resposta-preocupa-medicos\/#primaryimage"},"thumbnailUrl":"https:\/\/cdn.crusoe.com.br\/uploads\/2026\/03\/pexels-towfiqu-barbhuiya-3440682-11911053.jpg","datePublished":"2026-03-31T19:30:32+00:00","author":{"@id":"https:\/\/crusoe.audiencelabs.com.br\/#\/schema\/person\/0cca5874eda7d72cef71e77a9a9c2143"},"breadcrumb":{"@id":"https:\/\/crusoe.audiencelabs.com.br\/o-que-acontece-no-corpo-de-quem-tem-barriga-de-chope-a-resposta-preocupa-medicos\/#breadcrumb"},"inLanguage":"pt-BR","potentialAction":[{"@type":"ReadAction","target":["https:\/\/crusoe.audiencelabs.com.br\/o-que-acontece-no-corpo-de-quem-tem-barriga-de-chope-a-resposta-preocupa-medicos\/"]}]},{"@type":"ImageObject","inLanguage":"pt-BR","@id":"https:\/\/crusoe.audiencelabs.com.br\/o-que-acontece-no-corpo-de-quem-tem-barriga-de-chope-a-resposta-preocupa-medicos\/#primaryimage","url":"https:\/\/cdn.crusoe.com.br\/uploads\/2026\/03\/pexels-towfiqu-barbhuiya-3440682-11911053.jpg","contentUrl":"https:\/\/cdn.crusoe.com.br\/uploads\/2026\/03\/pexels-towfiqu-barbhuiya-3440682-11911053.jpg","width":640,"height":427,"caption":"Reprodu\u00e7\u00e3o: Pexels \/ Towfiqu barbhuiya"},{"@type":"BreadcrumbList","@id":"https:\/\/crusoe.audiencelabs.com.br\/o-que-acontece-no-corpo-de-quem-tem-barriga-de-chope-a-resposta-preocupa-medicos\/#breadcrumb","itemListElement":[{"@type":"ListItem","position":1,"name":"Home","item":"https:\/\/crusoe.audiencelabs.com.br\/"},{"@type":"ListItem","position":2,"name":"O que acontece no corpo de quem tem \u201cbarriga de chope\u201d? A resposta preocupa m\u00e9dicos"}]},{"@type":"WebSite","@id":"https:\/\/crusoe.audiencelabs.com.br\/#website","url":"https:\/\/crusoe.audiencelabs.com.br\/","name":"Variedades - Cruso\u00e9","description":"","potentialAction":[{"@type":"SearchAction","target":{"@type":"EntryPoint","urlTemplate":"https:\/\/crusoe.audiencelabs.com.br\/?s={search_term_string}"},"query-input":{"@type":"PropertyValueSpecification","valueRequired":true,"valueName":"search_term_string"}}],"inLanguage":"pt-BR"},{"@type":"Person","@id":"https:\/\/crusoe.audiencelabs.com.br\/#\/schema\/person\/0cca5874eda7d72cef71e77a9a9c2143","name":"J\u00falio Nesi","image":{"@type":"ImageObject","inLanguage":"pt-BR","@id":"https:\/\/crusoe.audiencelabs.com.br\/#\/schema\/person\/image\/","url":"https:\/\/secure.gravatar.com\/avatar\/c22eb47c3e2320e71637346b980e09f63de9f75742d3335f94a26b83dff70473?s=96&d=mm&r=g","contentUrl":"https:\/\/secure.gravatar.com\/avatar\/c22eb47c3e2320e71637346b980e09f63de9f75742d3335f94a26b83dff70473?s=96&d=mm&r=g","caption":"J\u00falio Nesi"},"description":"Jornalista alagoano formado pela UFAL, j\u00e1 atuei em produ\u00e7\u00e3o de conte\u00fado digital para portais, r\u00e1dio e redes sociais.","sameAs":["www.linkedin.com\/in\/j\u00falio-nesi"],"url":"https:\/\/crusoe.audiencelabs.com.br\/author\/julionesi\/"}]}},"_links":{"self":[{"href":"https:\/\/crusoe.audiencelabs.com.br\/wp-json\/wp\/v2\/posts\/35935","targetHints":{"allow":["GET"]}}],"collection":[{"href":"https:\/\/crusoe.audiencelabs.com.br\/wp-json\/wp\/v2\/posts"}],"about":[{"href":"https:\/\/crusoe.audiencelabs.com.br\/wp-json\/wp\/v2\/types\/post"}],"author":[{"embeddable":true,"href":"https:\/\/crusoe.audiencelabs.com.br\/wp-json\/wp\/v2\/users\/15"}],"replies":[{"embeddable":true,"href":"https:\/\/crusoe.audiencelabs.com.br\/wp-json\/wp\/v2\/comments?post=35935"}],"version-history":[{"count":1,"href":"https:\/\/crusoe.audiencelabs.com.br\/wp-json\/wp\/v2\/posts\/35935\/revisions"}],"predecessor-version":[{"id":35937,"href":"https:\/\/crusoe.audiencelabs.com.br\/wp-json\/wp\/v2\/posts\/35935\/revisions\/35937"}],"wp:featuredmedia":[{"embeddable":true,"href":"https:\/\/crusoe.audiencelabs.com.br\/wp-json\/wp\/v2\/media\/35936"}],"wp:attachment":[{"href":"https:\/\/crusoe.audiencelabs.com.br\/wp-json\/wp\/v2\/media?parent=35935"}],"wp:term":[{"taxonomy":"category","embeddable":true,"href":"https:\/\/crusoe.audiencelabs.com.br\/wp-json\/wp\/v2\/categories?post=35935"},{"taxonomy":"post_tag","embeddable":true,"href":"https:\/\/crusoe.audiencelabs.com.br\/wp-json\/wp\/v2\/tags?post=35935"}],"curies":[{"name":"wp","href":"https:\/\/api.w.org\/{rel}","templated":true}]}}