{"id":35928,"date":"2026-03-31T13:09:00","date_gmt":"2026-03-31T16:09:00","guid":{"rendered":"https:\/\/crusoe.audiencelabs.com.br\/?p=35928"},"modified":"2026-03-31T11:24:47","modified_gmt":"2026-03-31T14:24:47","slug":"por-conta-da-guerra-o-espaco-aereo-foi-fechado-em-todo-este-pais","status":"publish","type":"post","link":"https:\/\/crusoe.audiencelabs.com.br\/por-conta-da-guerra-o-espaco-aereo-foi-fechado-em-todo-este-pais\/","title":{"rendered":"Por conta da guerra, o espa\u00e7o a\u00e9reo foi fechado em todo este pa\u00eds"},"content":{"rendered":"<p>A Espanha decidiu fechar o pr\u00f3prio espa\u00e7o a\u00e9reo para voos ligados \u00e0 guerra contra o Ir\u00e3. A medida atinge diretamente aeronaves dos Estados Unidos envolvidas nas opera\u00e7\u00f5es militares no Oriente M\u00e9dio.<\/p>\n<p>A decis\u00e3o foi confirmada pela ministra da Defesa, Margarita Robles. Segundo ela, o pa\u00eds n\u00e3o autoriza nem o uso do espa\u00e7o a\u00e9reo nem de bases militares para a\u00e7\u00f5es relacionadas ao conflito.<\/p>\n<p>Na pr\u00e1tica, isso obriga avi\u00f5es militares a mudarem completamente suas rotas. Em vez de cruzar o territ\u00f3rio espanhol, eles precisam contornar o pa\u00eds, o que complica a log\u00edstica das opera\u00e7\u00f5es.<\/p>\n<p>Os pa\u00edses que desrespeitarem essa medida podem entrar em crise diplom\u00e1tica com a Espanha e sofrer san\u00e7\u00f5es econ\u00f4micas e outras medidas de retalia\u00e7\u00e3o.<\/p>\n<h2>Vai al\u00e9m de aeronaves<\/h2>\n<p>A restri\u00e7\u00e3o n\u00e3o vale apenas para aeronaves que saem da pr\u00f3pria Espanha. Tamb\u00e9m afeta voos vindos de outros pa\u00edses europeus, como Reino Unido e Fran\u00e7a, desde que estejam ligados \u00e0 ofensiva contra o Ir\u00e3.<\/p>\n<p>Apesar do bloqueio, existe uma exce\u00e7\u00e3o: situa\u00e7\u00f5es de emerg\u00eancia. Nesses casos, o tr\u00e1fego pode ser autorizado por quest\u00f5es de seguran\u00e7a. Essa medida serve tanto para aeronaves quanto para outros meios.<\/p>\n<h2>Postura consistente<\/h2>\n<p>Essa postura do governo espanhol n\u00e3o \u00e9 recente. As autoridades do pa\u00eds j\u00e1 vinham recusando o uso de bases militares conjuntas, como as de Rota e Mor\u00f3n, para opera\u00e7\u00f5es ligadas \u00e0 guerra.<\/p>\n<p>O primeiro-ministro Pedro S\u00e1nchez tem sido um dos l\u00edderes europeus mais cr\u00edticos aos ataques dos Estados Unidos e de Israel contra o Ir\u00e3. Ele classificou as a\u00e7\u00f5es como imprudentes e fora das regras do direito internacional.<\/p>\n<p>Al\u00e9m das cr\u00edticas e da oposi\u00e7\u00e3o \u00e0 guerra, o posicionamento tamb\u00e9m vem do fato de que o pa\u00eds europeu evita ser &#8220;puxado&#8221; para conflitos b\u00e9licos. Al\u00e9m de evitar participar da guerra, o governo espanhol tamb\u00e9m indicou que n\u00e3o ir\u00e1 facilitar o caminho para ela.<\/p>\n<p>A resist\u00eancia da Espanha tamb\u00e9m causou atritos diplom\u00e1ticos com Washington. Houve at\u00e9 amea\u00e7a de retalia\u00e7\u00e3o econ\u00f4mica por parte do governo norte-americano.<\/p>\n","protected":false},"excerpt":{"rendered":"<p>A Espanha decidiu fechar o pr\u00f3prio espa\u00e7o a\u00e9reo para voos ligados \u00e0 guerra contra o Ir\u00e3. A medida atinge diretamente aeronaves dos Estados Unidos envolvidas nas opera\u00e7\u00f5es militares no Oriente M\u00e9dio. A decis\u00e3o foi confirmada pela ministra da Defesa, Margarita Robles. Segundo ela, o pa\u00eds n\u00e3o autoriza nem o uso do espa\u00e7o a\u00e9reo nem de [&hellip;]<\/p>\n","protected":false},"author":15,"featured_media":35929,"comment_status":"open","ping_status":"open","sticky":false,"template":"","format":"standard","meta":{"jnews-multi-image_gallery":[],"jnews_single_post":{"format":"standard","jnews_video_option_group":[[]],"override":[{"template":"2","parallax":"1","fullscreen":"1","layout":"right-sidebar","sidebar":"default-sidebar","second_sidebar":"default-sidebar","sticky_sidebar":"1","share_position":"hide","share_float_style":"share-monocrhome","show_featured":"1","show_post_meta":"1","show_post_author":"1","show_post_date":"1","post_date_format":"default","post_date_format_custom":"Y\/m\/d","show_post_category":"1","show_post_reading_time":"0","post_reading_time_wpm":"300","post_calculate_word_method":"str_word_count","show_zoom_button":"0","zoom_button_out_step":"2","zoom_button_in_step":"3","show_post_tag":"1","show_popup_post":"1","number_popup_post":"1","show_author_box":"1","show_post_related":"0"}],"image_override":[{"single_post_thumbnail_size":"crop-500","single_post_gallery_size":"crop-500"}],"trending_post_position":"meta","trending_post_label":"Trending","sponsored_post_label":"Sponsored by","disable_ad":"0","subtitle":"A medida vem com o objetivo de n\u00e3o facilitar acesso \u00e0 guerra e evitar participa\u00e7\u00e3o indireta do pa\u00eds"},"jnews_primary_category":[],"jnews_override_counter":{"view_counter_number":"0","share_counter_number":"0","like_counter_number":"0","dislike_counter_number":"0"},"jnews_post_split":{"post_split":[{"template":"1","tag":"h2","numbering":"asc","mode":"normal","first":"0","enable_toc":"0","toc_type":"normal"}]},"footnotes":""},"categories":[1],"tags":[6226,948,1258,205,1086,3059,5928,6822],"class_list":["post-35928","post","type-post","status-publish","format-standard","has-post-thumbnail","hentry","category-geral","tag-avioes","tag-espanha","tag-eua","tag-europa","tag-guerra","tag-ira","tag-oriente-medio","tag-trpafego-aereo"],"yoast_head":"<!-- This site is optimized with the Yoast SEO plugin v25.0 - https:\/\/yoast.com\/wordpress\/plugins\/seo\/ -->\n<title>Por conta da guerra, o espa\u00e7o a\u00e9reo foi fechado em todo este pa\u00eds<\/title>\n<meta name=\"robots\" content=\"index, follow, max-snippet:-1, max-image-preview:large, max-video-preview:-1\" \/>\n<link rel=\"canonical\" href=\"https:\/\/crusoe.audiencelabs.com.br\/por-conta-da-guerra-o-espaco-aereo-foi-fechado-em-todo-este-pais\/\" \/>\n<meta property=\"og:locale\" content=\"pt_BR\" \/>\n<meta property=\"og:type\" content=\"article\" \/>\n<meta property=\"og:title\" content=\"Por conta da guerra, o espa\u00e7o a\u00e9reo foi fechado em todo este pa\u00eds\" \/>\n<meta property=\"og:description\" content=\"A Espanha decidiu fechar o pr\u00f3prio espa\u00e7o a\u00e9reo para voos ligados \u00e0 guerra contra o Ir\u00e3. A medida atinge diretamente aeronaves dos Estados Unidos envolvidas nas opera\u00e7\u00f5es militares no Oriente M\u00e9dio. A decis\u00e3o foi confirmada pela ministra da Defesa, Margarita Robles. Segundo ela, o pa\u00eds n\u00e3o autoriza nem o uso do espa\u00e7o a\u00e9reo nem de [&hellip;]\" \/>\n<meta property=\"og:url\" content=\"https:\/\/crusoe.audiencelabs.com.br\/por-conta-da-guerra-o-espaco-aereo-foi-fechado-em-todo-este-pais\/\" \/>\n<meta property=\"og:site_name\" content=\"Variedades - Cruso\u00e9\" \/>\n<meta property=\"article:published_time\" content=\"2026-03-31T16:09:00+00:00\" \/>\n<meta property=\"og:image\" content=\"https:\/\/cdn.crusoe.com.br\/uploads\/2026\/03\/torben-gettermann-VqlZe9lmaos-unsplash.jpg\" \/>\n\t<meta property=\"og:image:width\" content=\"640\" \/>\n\t<meta property=\"og:image:height\" content=\"427\" \/>\n\t<meta property=\"og:image:type\" content=\"image\/jpeg\" \/>\n<meta name=\"author\" content=\"J\u00falio Nesi\" \/>\n<meta name=\"twitter:card\" content=\"summary_large_image\" \/>\n<meta name=\"twitter:label1\" content=\"Escrito por\" \/>\n\t<meta name=\"twitter:data1\" content=\"J\u00falio Nesi\" \/>\n\t<meta name=\"twitter:label2\" content=\"Est. tempo de leitura\" \/>\n\t<meta name=\"twitter:data2\" content=\"2 minutos\" \/>\n<script type=\"application\/ld+json\" class=\"yoast-schema-graph\">{\"@context\":\"https:\/\/schema.org\",\"@graph\":[{\"@type\":\"WebPage\",\"@id\":\"https:\/\/crusoe.audiencelabs.com.br\/por-conta-da-guerra-o-espaco-aereo-foi-fechado-em-todo-este-pais\/\",\"url\":\"https:\/\/crusoe.audiencelabs.com.br\/por-conta-da-guerra-o-espaco-aereo-foi-fechado-em-todo-este-pais\/\",\"name\":\"Por conta da guerra, o espa\u00e7o a\u00e9reo foi fechado em todo este pa\u00eds\",\"isPartOf\":{\"@id\":\"https:\/\/crusoe.audiencelabs.com.br\/#website\"},\"primaryImageOfPage\":{\"@id\":\"https:\/\/crusoe.audiencelabs.com.br\/por-conta-da-guerra-o-espaco-aereo-foi-fechado-em-todo-este-pais\/#primaryimage\"},\"image\":{\"@id\":\"https:\/\/crusoe.audiencelabs.com.br\/por-conta-da-guerra-o-espaco-aereo-foi-fechado-em-todo-este-pais\/#primaryimage\"},\"thumbnailUrl\":\"https:\/\/cdn.crusoe.com.br\/uploads\/2026\/03\/torben-gettermann-VqlZe9lmaos-unsplash.jpg\",\"datePublished\":\"2026-03-31T16:09:00+00:00\",\"author\":{\"@id\":\"https:\/\/crusoe.audiencelabs.com.br\/#\/schema\/person\/0cca5874eda7d72cef71e77a9a9c2143\"},\"breadcrumb\":{\"@id\":\"https:\/\/crusoe.audiencelabs.com.br\/por-conta-da-guerra-o-espaco-aereo-foi-fechado-em-todo-este-pais\/#breadcrumb\"},\"inLanguage\":\"pt-BR\",\"potentialAction\":[{\"@type\":\"ReadAction\",\"target\":[\"https:\/\/crusoe.audiencelabs.com.br\/por-conta-da-guerra-o-espaco-aereo-foi-fechado-em-todo-este-pais\/\"]}]},{\"@type\":\"ImageObject\",\"inLanguage\":\"pt-BR\",\"@id\":\"https:\/\/crusoe.audiencelabs.com.br\/por-conta-da-guerra-o-espaco-aereo-foi-fechado-em-todo-este-pais\/#primaryimage\",\"url\":\"https:\/\/cdn.crusoe.com.br\/uploads\/2026\/03\/torben-gettermann-VqlZe9lmaos-unsplash.jpg\",\"contentUrl\":\"https:\/\/cdn.crusoe.com.br\/uploads\/2026\/03\/torben-gettermann-VqlZe9lmaos-unsplash.jpg\",\"width\":640,\"height\":427,\"caption\":\"Reprodu\u00e7\u00e3o: Unsplash \/ Torben Gettermann\"},{\"@type\":\"BreadcrumbList\",\"@id\":\"https:\/\/crusoe.audiencelabs.com.br\/por-conta-da-guerra-o-espaco-aereo-foi-fechado-em-todo-este-pais\/#breadcrumb\",\"itemListElement\":[{\"@type\":\"ListItem\",\"position\":1,\"name\":\"Home\",\"item\":\"https:\/\/crusoe.audiencelabs.com.br\/\"},{\"@type\":\"ListItem\",\"position\":2,\"name\":\"Por conta da guerra, o espa\u00e7o a\u00e9reo foi fechado em todo este pa\u00eds\"}]},{\"@type\":\"WebSite\",\"@id\":\"https:\/\/crusoe.audiencelabs.com.br\/#website\",\"url\":\"https:\/\/crusoe.audiencelabs.com.br\/\",\"name\":\"Variedades - Cruso\u00e9\",\"description\":\"\",\"potentialAction\":[{\"@type\":\"SearchAction\",\"target\":{\"@type\":\"EntryPoint\",\"urlTemplate\":\"https:\/\/crusoe.audiencelabs.com.br\/?s={search_term_string}\"},\"query-input\":{\"@type\":\"PropertyValueSpecification\",\"valueRequired\":true,\"valueName\":\"search_term_string\"}}],\"inLanguage\":\"pt-BR\"},{\"@type\":\"Person\",\"@id\":\"https:\/\/crusoe.audiencelabs.com.br\/#\/schema\/person\/0cca5874eda7d72cef71e77a9a9c2143\",\"name\":\"J\u00falio Nesi\",\"image\":{\"@type\":\"ImageObject\",\"inLanguage\":\"pt-BR\",\"@id\":\"https:\/\/crusoe.audiencelabs.com.br\/#\/schema\/person\/image\/\",\"url\":\"https:\/\/secure.gravatar.com\/avatar\/c22eb47c3e2320e71637346b980e09f63de9f75742d3335f94a26b83dff70473?s=96&d=mm&r=g\",\"contentUrl\":\"https:\/\/secure.gravatar.com\/avatar\/c22eb47c3e2320e71637346b980e09f63de9f75742d3335f94a26b83dff70473?s=96&d=mm&r=g\",\"caption\":\"J\u00falio Nesi\"},\"description\":\"Jornalista alagoano formado pela UFAL, j\u00e1 atuei em produ\u00e7\u00e3o de conte\u00fado digital para portais, r\u00e1dio e redes sociais.\",\"sameAs\":[\"www.linkedin.com\/in\/j\u00falio-nesi\"],\"url\":\"https:\/\/crusoe.audiencelabs.com.br\/author\/julionesi\/\"}]}<\/script>\n<!-- \/ Yoast SEO plugin. -->","yoast_head_json":{"title":"Por conta da guerra, o espa\u00e7o a\u00e9reo foi fechado em todo este pa\u00eds","robots":{"index":"index","follow":"follow","max-snippet":"max-snippet:-1","max-image-preview":"max-image-preview:large","max-video-preview":"max-video-preview:-1"},"canonical":"https:\/\/crusoe.audiencelabs.com.br\/por-conta-da-guerra-o-espaco-aereo-foi-fechado-em-todo-este-pais\/","og_locale":"pt_BR","og_type":"article","og_title":"Por conta da guerra, o espa\u00e7o a\u00e9reo foi fechado em todo este pa\u00eds","og_description":"A Espanha decidiu fechar o pr\u00f3prio espa\u00e7o a\u00e9reo para voos ligados \u00e0 guerra contra o Ir\u00e3. A medida atinge diretamente aeronaves dos Estados Unidos envolvidas nas opera\u00e7\u00f5es militares no Oriente M\u00e9dio. A decis\u00e3o foi confirmada pela ministra da Defesa, Margarita Robles. Segundo ela, o pa\u00eds n\u00e3o autoriza nem o uso do espa\u00e7o a\u00e9reo nem de [&hellip;]","og_url":"https:\/\/crusoe.audiencelabs.com.br\/por-conta-da-guerra-o-espaco-aereo-foi-fechado-em-todo-este-pais\/","og_site_name":"Variedades - Cruso\u00e9","article_published_time":"2026-03-31T16:09:00+00:00","og_image":[{"width":640,"height":427,"url":"https:\/\/cdn.crusoe.com.br\/uploads\/2026\/03\/torben-gettermann-VqlZe9lmaos-unsplash.jpg","type":"image\/jpeg"}],"author":"J\u00falio Nesi","twitter_card":"summary_large_image","twitter_misc":{"Escrito por":"J\u00falio Nesi","Est. tempo de leitura":"2 minutos"},"schema":{"@context":"https:\/\/schema.org","@graph":[{"@type":"WebPage","@id":"https:\/\/crusoe.audiencelabs.com.br\/por-conta-da-guerra-o-espaco-aereo-foi-fechado-em-todo-este-pais\/","url":"https:\/\/crusoe.audiencelabs.com.br\/por-conta-da-guerra-o-espaco-aereo-foi-fechado-em-todo-este-pais\/","name":"Por conta da guerra, o espa\u00e7o a\u00e9reo foi fechado em todo este pa\u00eds","isPartOf":{"@id":"https:\/\/crusoe.audiencelabs.com.br\/#website"},"primaryImageOfPage":{"@id":"https:\/\/crusoe.audiencelabs.com.br\/por-conta-da-guerra-o-espaco-aereo-foi-fechado-em-todo-este-pais\/#primaryimage"},"image":{"@id":"https:\/\/crusoe.audiencelabs.com.br\/por-conta-da-guerra-o-espaco-aereo-foi-fechado-em-todo-este-pais\/#primaryimage"},"thumbnailUrl":"https:\/\/cdn.crusoe.com.br\/uploads\/2026\/03\/torben-gettermann-VqlZe9lmaos-unsplash.jpg","datePublished":"2026-03-31T16:09:00+00:00","author":{"@id":"https:\/\/crusoe.audiencelabs.com.br\/#\/schema\/person\/0cca5874eda7d72cef71e77a9a9c2143"},"breadcrumb":{"@id":"https:\/\/crusoe.audiencelabs.com.br\/por-conta-da-guerra-o-espaco-aereo-foi-fechado-em-todo-este-pais\/#breadcrumb"},"inLanguage":"pt-BR","potentialAction":[{"@type":"ReadAction","target":["https:\/\/crusoe.audiencelabs.com.br\/por-conta-da-guerra-o-espaco-aereo-foi-fechado-em-todo-este-pais\/"]}]},{"@type":"ImageObject","inLanguage":"pt-BR","@id":"https:\/\/crusoe.audiencelabs.com.br\/por-conta-da-guerra-o-espaco-aereo-foi-fechado-em-todo-este-pais\/#primaryimage","url":"https:\/\/cdn.crusoe.com.br\/uploads\/2026\/03\/torben-gettermann-VqlZe9lmaos-unsplash.jpg","contentUrl":"https:\/\/cdn.crusoe.com.br\/uploads\/2026\/03\/torben-gettermann-VqlZe9lmaos-unsplash.jpg","width":640,"height":427,"caption":"Reprodu\u00e7\u00e3o: Unsplash \/ Torben Gettermann"},{"@type":"BreadcrumbList","@id":"https:\/\/crusoe.audiencelabs.com.br\/por-conta-da-guerra-o-espaco-aereo-foi-fechado-em-todo-este-pais\/#breadcrumb","itemListElement":[{"@type":"ListItem","position":1,"name":"Home","item":"https:\/\/crusoe.audiencelabs.com.br\/"},{"@type":"ListItem","position":2,"name":"Por conta da guerra, o espa\u00e7o a\u00e9reo foi fechado em todo este pa\u00eds"}]},{"@type":"WebSite","@id":"https:\/\/crusoe.audiencelabs.com.br\/#website","url":"https:\/\/crusoe.audiencelabs.com.br\/","name":"Variedades - Cruso\u00e9","description":"","potentialAction":[{"@type":"SearchAction","target":{"@type":"EntryPoint","urlTemplate":"https:\/\/crusoe.audiencelabs.com.br\/?s={search_term_string}"},"query-input":{"@type":"PropertyValueSpecification","valueRequired":true,"valueName":"search_term_string"}}],"inLanguage":"pt-BR"},{"@type":"Person","@id":"https:\/\/crusoe.audiencelabs.com.br\/#\/schema\/person\/0cca5874eda7d72cef71e77a9a9c2143","name":"J\u00falio Nesi","image":{"@type":"ImageObject","inLanguage":"pt-BR","@id":"https:\/\/crusoe.audiencelabs.com.br\/#\/schema\/person\/image\/","url":"https:\/\/secure.gravatar.com\/avatar\/c22eb47c3e2320e71637346b980e09f63de9f75742d3335f94a26b83dff70473?s=96&d=mm&r=g","contentUrl":"https:\/\/secure.gravatar.com\/avatar\/c22eb47c3e2320e71637346b980e09f63de9f75742d3335f94a26b83dff70473?s=96&d=mm&r=g","caption":"J\u00falio Nesi"},"description":"Jornalista alagoano formado pela UFAL, j\u00e1 atuei em produ\u00e7\u00e3o de conte\u00fado digital para portais, r\u00e1dio e redes sociais.","sameAs":["www.linkedin.com\/in\/j\u00falio-nesi"],"url":"https:\/\/crusoe.audiencelabs.com.br\/author\/julionesi\/"}]}},"_links":{"self":[{"href":"https:\/\/crusoe.audiencelabs.com.br\/wp-json\/wp\/v2\/posts\/35928","targetHints":{"allow":["GET"]}}],"collection":[{"href":"https:\/\/crusoe.audiencelabs.com.br\/wp-json\/wp\/v2\/posts"}],"about":[{"href":"https:\/\/crusoe.audiencelabs.com.br\/wp-json\/wp\/v2\/types\/post"}],"author":[{"embeddable":true,"href":"https:\/\/crusoe.audiencelabs.com.br\/wp-json\/wp\/v2\/users\/15"}],"replies":[{"embeddable":true,"href":"https:\/\/crusoe.audiencelabs.com.br\/wp-json\/wp\/v2\/comments?post=35928"}],"version-history":[{"count":2,"href":"https:\/\/crusoe.audiencelabs.com.br\/wp-json\/wp\/v2\/posts\/35928\/revisions"}],"predecessor-version":[{"id":35931,"href":"https:\/\/crusoe.audiencelabs.com.br\/wp-json\/wp\/v2\/posts\/35928\/revisions\/35931"}],"wp:featuredmedia":[{"embeddable":true,"href":"https:\/\/crusoe.audiencelabs.com.br\/wp-json\/wp\/v2\/media\/35929"}],"wp:attachment":[{"href":"https:\/\/crusoe.audiencelabs.com.br\/wp-json\/wp\/v2\/media?parent=35928"}],"wp:term":[{"taxonomy":"category","embeddable":true,"href":"https:\/\/crusoe.audiencelabs.com.br\/wp-json\/wp\/v2\/categories?post=35928"},{"taxonomy":"post_tag","embeddable":true,"href":"https:\/\/crusoe.audiencelabs.com.br\/wp-json\/wp\/v2\/tags?post=35928"}],"curies":[{"name":"wp","href":"https:\/\/api.w.org\/{rel}","templated":true}]}}