{"id":35917,"date":"2026-03-31T11:05:28","date_gmt":"2026-03-31T14:05:28","guid":{"rendered":"https:\/\/crusoe.audiencelabs.com.br\/?p=35917"},"modified":"2026-03-31T09:24:15","modified_gmt":"2026-03-31T12:24:15","slug":"cientistas-avisam-fenomeno-climatico-pode-mudar-o-clima-do-brasil-a-partir-de-julho","status":"publish","type":"post","link":"https:\/\/crusoe.audiencelabs.com.br\/cientistas-avisam-fenomeno-climatico-pode-mudar-o-clima-do-brasil-a-partir-de-julho\/","title":{"rendered":"Cientistas avisam: fen\u00f4meno clim\u00e1tico pode mudar o clima do Brasil a partir de julho"},"content":{"rendered":"<p>A Administra\u00e7\u00e3o Nacional Oce\u00e2nica e Atmosf\u00e9rica (NOAA) alertou que existe uma alta chance de acontecer a forma\u00e7\u00e3o do &#8220;El Ni\u00f1o&#8221; neste ano, o que pode afetar o clima do Brasil. A informa\u00e7\u00e3o consta no Boletim da Previs\u00e3o Clim\u00e1tica (CPC), divulgado neste m\u00eas, e aponta que o fen\u00f4meno clim\u00e1tico pode afetar o pa\u00eds entre julho e agosto.<\/p>\n<p>De acordo com o comunicado, h\u00e1 uma chance de 62% do fen\u00f4meno se formar ainda neste ano. O \u00faltimo El Ni\u00f1o registrado come\u00e7ou em 2023 e continuou at\u00e9 a primeira metade de 2024. Desde ent\u00e3o o fen\u00f4meno &#8220;La Ni\u00f1a&#8221; tem predominado, que ficou at\u00e9 abril de 2025, se desfez e ent\u00e3o se reformou em outubro do mesmo ano.<\/p>\n<h2>O que s\u00e3o El Ni\u00f1o e La Ni\u00f1a?<\/h2>\n<p>Tanto o El Ni\u00f1o quanto a La Ni\u00f1a s\u00e3o fen\u00f4menos que afetam o oce\u00e2no Pac\u00edfico e a atmosfera do planeta Terra. O El Ni\u00f1o \u00e9 o aquecimento anormal dessas \u00e1guas, causando chuvas no Sul do Brasil e seca no Norte\/Nordeste. A La Ni\u00f1a \u00e9 o resfriamento, gerando o efeito oposto: seca no Sul e mais chuvas no Norte\/Nordeste.<\/p>\n<p>Al\u00e9m do Brasil, cada um desses fen\u00f4menos afeta o clima em diversos outros pa\u00edses. O El Ni\u00f1o geralmente provoca secas na Austr\u00e1lia e Indon\u00e9sia e invernos mais quentes e \u00famidos no Sul do Brasil. J\u00e1 a La Ni\u00f1a, al\u00e9m das secas no sul, provoca mais chuvas e at\u00e9 tempestades cicl\u00f4nicas em outros pa\u00edses como Austr\u00e1lia e Indon\u00e9sia.<\/p>\n<p>Esses fen\u00f4menos, que ocorrem a cada 2 a 7 anos, t\u00eam impacto global, alterando a agricultura, o regime de chuvas e as temperaturas.<\/p>\n<h2>Desastres no RS<\/h2>\n<p>A passagem do \u00faltimo El Ni\u00f1o foi especialmente chamativa no Brasil, pois causou as chuvas que resultaram no maior desastre clim\u00e1tico que j\u00e1 assolou a regi\u00e3o sul do pa\u00eds.<\/p>\n<p>No caso foram as diversas inunda\u00e7\u00f5es registradas em diversos munic\u00edpios do Rio Grande do Sul (RS), que resultaram em mortes, perdas materiais, preju\u00edzos econ\u00f4micos e grandes danos \u00e0 agricultura e \u00e0 pecu\u00e1ria regional.<\/p>\n<p>De acordo com dados divulgados pelo governo federal, cerca de 2,4 milh\u00f5es de pessoas de 478 munic\u00edpios foram afetadas pelas fortes chuvas, com grande parte perdendo suas casas. Al\u00e9m disso, as inunda\u00e7\u00f5es causaram 183 mortes.<\/p>\n","protected":false},"excerpt":{"rendered":"<p>A Administra\u00e7\u00e3o Nacional Oce\u00e2nica e Atmosf\u00e9rica (NOAA) alertou que existe uma alta chance de acontecer a forma\u00e7\u00e3o do &#8220;El Ni\u00f1o&#8221; neste ano, o que pode afetar o clima do Brasil. A informa\u00e7\u00e3o consta no Boletim da Previs\u00e3o Clim\u00e1tica (CPC), divulgado neste m\u00eas, e aponta que o fen\u00f4meno clim\u00e1tico pode afetar o pa\u00eds entre julho e [&hellip;]<\/p>\n","protected":false},"author":15,"featured_media":35918,"comment_status":"open","ping_status":"open","sticky":false,"template":"","format":"standard","meta":{"jnews-multi-image_gallery":[],"jnews_single_post":{"format":"standard","jnews_video_option_group":[[]],"override":[{"template":"2","parallax":"1","fullscreen":"1","layout":"right-sidebar","sidebar":"default-sidebar","second_sidebar":"default-sidebar","sticky_sidebar":"1","share_position":"hide","share_float_style":"share-monocrhome","show_featured":"1","show_post_meta":"1","show_post_author":"1","show_post_date":"1","post_date_format":"default","post_date_format_custom":"Y\/m\/d","show_post_category":"1","show_post_reading_time":"0","post_reading_time_wpm":"300","post_calculate_word_method":"str_word_count","show_zoom_button":"0","zoom_button_out_step":"2","zoom_button_in_step":"3","show_post_tag":"1","show_popup_post":"1","number_popup_post":"1","show_author_box":"1","show_post_related":"0"}],"image_override":[{"single_post_thumbnail_size":"crop-500","single_post_gallery_size":"crop-500"}],"trending_post_position":"meta","trending_post_label":"Trending","sponsored_post_label":"Sponsored by","disable_ad":"0","subtitle":"O fen\u00f4meno foi respons\u00e1vel pelas inunda\u00e7\u00f5es que assolaram o Rio Grande do Sul (RS)"},"jnews_primary_category":[],"jnews_override_counter":{"view_counter_number":"0","share_counter_number":"0","like_counter_number":"0","dislike_counter_number":"0"},"jnews_post_split":{"post_split":[{"template":"1","tag":"h2","numbering":"asc","mode":"normal","first":"0","enable_toc":"0","toc_type":"normal"}]},"footnotes":""},"categories":[1],"tags":[47,1687,1105,5879,2958,1688],"class_list":["post-35917","post","type-post","status-publish","format-standard","has-post-thumbnail","hentry","category-geral","tag-brasil","tag-chuva","tag-clima","tag-el-nino","tag-la-nina","tag-seca"],"yoast_head":"<!-- This site is optimized with the Yoast SEO plugin v25.0 - https:\/\/yoast.com\/wordpress\/plugins\/seo\/ -->\n<title>Cientistas avisam: fen\u00f4meno clim\u00e1tico pode mudar o clima do Brasil a partir de julho<\/title>\n<meta name=\"robots\" content=\"index, follow, max-snippet:-1, max-image-preview:large, max-video-preview:-1\" \/>\n<link rel=\"canonical\" href=\"https:\/\/crusoe.audiencelabs.com.br\/cientistas-avisam-fenomeno-climatico-pode-mudar-o-clima-do-brasil-a-partir-de-julho\/\" \/>\n<meta property=\"og:locale\" content=\"pt_BR\" \/>\n<meta property=\"og:type\" content=\"article\" \/>\n<meta property=\"og:title\" content=\"Cientistas avisam: fen\u00f4meno clim\u00e1tico pode mudar o clima do Brasil a partir de julho\" \/>\n<meta property=\"og:description\" content=\"A Administra\u00e7\u00e3o Nacional Oce\u00e2nica e Atmosf\u00e9rica (NOAA) alertou que existe uma alta chance de acontecer a forma\u00e7\u00e3o do &#8220;El Ni\u00f1o&#8221; neste ano, o que pode afetar o clima do Brasil. A informa\u00e7\u00e3o consta no Boletim da Previs\u00e3o Clim\u00e1tica (CPC), divulgado neste m\u00eas, e aponta que o fen\u00f4meno clim\u00e1tico pode afetar o pa\u00eds entre julho e [&hellip;]\" \/>\n<meta property=\"og:url\" content=\"https:\/\/crusoe.audiencelabs.com.br\/cientistas-avisam-fenomeno-climatico-pode-mudar-o-clima-do-brasil-a-partir-de-julho\/\" \/>\n<meta property=\"og:site_name\" content=\"Variedades - Cruso\u00e9\" \/>\n<meta property=\"article:published_time\" content=\"2026-03-31T14:05:28+00:00\" \/>\n<meta property=\"og:image\" content=\"https:\/\/cdn.crusoe.com.br\/uploads\/2026\/03\/dave-hoefler-llEjCH71E9o-unsplash.jpg\" \/>\n\t<meta property=\"og:image:width\" content=\"640\" \/>\n\t<meta property=\"og:image:height\" content=\"427\" \/>\n\t<meta property=\"og:image:type\" content=\"image\/jpeg\" \/>\n<meta name=\"author\" content=\"J\u00falio Nesi\" \/>\n<meta name=\"twitter:card\" content=\"summary_large_image\" \/>\n<meta name=\"twitter:label1\" content=\"Escrito por\" \/>\n\t<meta name=\"twitter:data1\" content=\"J\u00falio Nesi\" \/>\n\t<meta name=\"twitter:label2\" content=\"Est. tempo de leitura\" \/>\n\t<meta name=\"twitter:data2\" content=\"3 minutos\" \/>\n<script type=\"application\/ld+json\" class=\"yoast-schema-graph\">{\"@context\":\"https:\/\/schema.org\",\"@graph\":[{\"@type\":\"WebPage\",\"@id\":\"https:\/\/crusoe.audiencelabs.com.br\/cientistas-avisam-fenomeno-climatico-pode-mudar-o-clima-do-brasil-a-partir-de-julho\/\",\"url\":\"https:\/\/crusoe.audiencelabs.com.br\/cientistas-avisam-fenomeno-climatico-pode-mudar-o-clima-do-brasil-a-partir-de-julho\/\",\"name\":\"Cientistas avisam: fen\u00f4meno clim\u00e1tico pode mudar o clima do Brasil a partir de julho\",\"isPartOf\":{\"@id\":\"https:\/\/crusoe.audiencelabs.com.br\/#website\"},\"primaryImageOfPage\":{\"@id\":\"https:\/\/crusoe.audiencelabs.com.br\/cientistas-avisam-fenomeno-climatico-pode-mudar-o-clima-do-brasil-a-partir-de-julho\/#primaryimage\"},\"image\":{\"@id\":\"https:\/\/crusoe.audiencelabs.com.br\/cientistas-avisam-fenomeno-climatico-pode-mudar-o-clima-do-brasil-a-partir-de-julho\/#primaryimage\"},\"thumbnailUrl\":\"https:\/\/cdn.crusoe.com.br\/uploads\/2026\/03\/dave-hoefler-llEjCH71E9o-unsplash.jpg\",\"datePublished\":\"2026-03-31T14:05:28+00:00\",\"author\":{\"@id\":\"https:\/\/crusoe.audiencelabs.com.br\/#\/schema\/person\/0cca5874eda7d72cef71e77a9a9c2143\"},\"breadcrumb\":{\"@id\":\"https:\/\/crusoe.audiencelabs.com.br\/cientistas-avisam-fenomeno-climatico-pode-mudar-o-clima-do-brasil-a-partir-de-julho\/#breadcrumb\"},\"inLanguage\":\"pt-BR\",\"potentialAction\":[{\"@type\":\"ReadAction\",\"target\":[\"https:\/\/crusoe.audiencelabs.com.br\/cientistas-avisam-fenomeno-climatico-pode-mudar-o-clima-do-brasil-a-partir-de-julho\/\"]}]},{\"@type\":\"ImageObject\",\"inLanguage\":\"pt-BR\",\"@id\":\"https:\/\/crusoe.audiencelabs.com.br\/cientistas-avisam-fenomeno-climatico-pode-mudar-o-clima-do-brasil-a-partir-de-julho\/#primaryimage\",\"url\":\"https:\/\/cdn.crusoe.com.br\/uploads\/2026\/03\/dave-hoefler-llEjCH71E9o-unsplash.jpg\",\"contentUrl\":\"https:\/\/cdn.crusoe.com.br\/uploads\/2026\/03\/dave-hoefler-llEjCH71E9o-unsplash.jpg\",\"width\":640,\"height\":427,\"caption\":\"Reprodu\u00e7\u00e3o: Unsplash \/ Dave Hoefler\"},{\"@type\":\"BreadcrumbList\",\"@id\":\"https:\/\/crusoe.audiencelabs.com.br\/cientistas-avisam-fenomeno-climatico-pode-mudar-o-clima-do-brasil-a-partir-de-julho\/#breadcrumb\",\"itemListElement\":[{\"@type\":\"ListItem\",\"position\":1,\"name\":\"Home\",\"item\":\"https:\/\/crusoe.audiencelabs.com.br\/\"},{\"@type\":\"ListItem\",\"position\":2,\"name\":\"Cientistas avisam: fen\u00f4meno clim\u00e1tico pode mudar o clima do Brasil a partir de julho\"}]},{\"@type\":\"WebSite\",\"@id\":\"https:\/\/crusoe.audiencelabs.com.br\/#website\",\"url\":\"https:\/\/crusoe.audiencelabs.com.br\/\",\"name\":\"Variedades - Cruso\u00e9\",\"description\":\"\",\"potentialAction\":[{\"@type\":\"SearchAction\",\"target\":{\"@type\":\"EntryPoint\",\"urlTemplate\":\"https:\/\/crusoe.audiencelabs.com.br\/?s={search_term_string}\"},\"query-input\":{\"@type\":\"PropertyValueSpecification\",\"valueRequired\":true,\"valueName\":\"search_term_string\"}}],\"inLanguage\":\"pt-BR\"},{\"@type\":\"Person\",\"@id\":\"https:\/\/crusoe.audiencelabs.com.br\/#\/schema\/person\/0cca5874eda7d72cef71e77a9a9c2143\",\"name\":\"J\u00falio Nesi\",\"image\":{\"@type\":\"ImageObject\",\"inLanguage\":\"pt-BR\",\"@id\":\"https:\/\/crusoe.audiencelabs.com.br\/#\/schema\/person\/image\/\",\"url\":\"https:\/\/secure.gravatar.com\/avatar\/c22eb47c3e2320e71637346b980e09f63de9f75742d3335f94a26b83dff70473?s=96&d=mm&r=g\",\"contentUrl\":\"https:\/\/secure.gravatar.com\/avatar\/c22eb47c3e2320e71637346b980e09f63de9f75742d3335f94a26b83dff70473?s=96&d=mm&r=g\",\"caption\":\"J\u00falio Nesi\"},\"description\":\"Jornalista alagoano formado pela UFAL, j\u00e1 atuei em produ\u00e7\u00e3o de conte\u00fado digital para portais, r\u00e1dio e redes sociais.\",\"sameAs\":[\"www.linkedin.com\/in\/j\u00falio-nesi\"],\"url\":\"https:\/\/crusoe.audiencelabs.com.br\/author\/julionesi\/\"}]}<\/script>\n<!-- \/ Yoast SEO plugin. -->","yoast_head_json":{"title":"Cientistas avisam: fen\u00f4meno clim\u00e1tico pode mudar o clima do Brasil a partir de julho","robots":{"index":"index","follow":"follow","max-snippet":"max-snippet:-1","max-image-preview":"max-image-preview:large","max-video-preview":"max-video-preview:-1"},"canonical":"https:\/\/crusoe.audiencelabs.com.br\/cientistas-avisam-fenomeno-climatico-pode-mudar-o-clima-do-brasil-a-partir-de-julho\/","og_locale":"pt_BR","og_type":"article","og_title":"Cientistas avisam: fen\u00f4meno clim\u00e1tico pode mudar o clima do Brasil a partir de julho","og_description":"A Administra\u00e7\u00e3o Nacional Oce\u00e2nica e Atmosf\u00e9rica (NOAA) alertou que existe uma alta chance de acontecer a forma\u00e7\u00e3o do &#8220;El Ni\u00f1o&#8221; neste ano, o que pode afetar o clima do Brasil. A informa\u00e7\u00e3o consta no Boletim da Previs\u00e3o Clim\u00e1tica (CPC), divulgado neste m\u00eas, e aponta que o fen\u00f4meno clim\u00e1tico pode afetar o pa\u00eds entre julho e [&hellip;]","og_url":"https:\/\/crusoe.audiencelabs.com.br\/cientistas-avisam-fenomeno-climatico-pode-mudar-o-clima-do-brasil-a-partir-de-julho\/","og_site_name":"Variedades - Cruso\u00e9","article_published_time":"2026-03-31T14:05:28+00:00","og_image":[{"width":640,"height":427,"url":"https:\/\/cdn.crusoe.com.br\/uploads\/2026\/03\/dave-hoefler-llEjCH71E9o-unsplash.jpg","type":"image\/jpeg"}],"author":"J\u00falio Nesi","twitter_card":"summary_large_image","twitter_misc":{"Escrito por":"J\u00falio Nesi","Est. tempo de leitura":"3 minutos"},"schema":{"@context":"https:\/\/schema.org","@graph":[{"@type":"WebPage","@id":"https:\/\/crusoe.audiencelabs.com.br\/cientistas-avisam-fenomeno-climatico-pode-mudar-o-clima-do-brasil-a-partir-de-julho\/","url":"https:\/\/crusoe.audiencelabs.com.br\/cientistas-avisam-fenomeno-climatico-pode-mudar-o-clima-do-brasil-a-partir-de-julho\/","name":"Cientistas avisam: fen\u00f4meno clim\u00e1tico pode mudar o clima do Brasil a partir de julho","isPartOf":{"@id":"https:\/\/crusoe.audiencelabs.com.br\/#website"},"primaryImageOfPage":{"@id":"https:\/\/crusoe.audiencelabs.com.br\/cientistas-avisam-fenomeno-climatico-pode-mudar-o-clima-do-brasil-a-partir-de-julho\/#primaryimage"},"image":{"@id":"https:\/\/crusoe.audiencelabs.com.br\/cientistas-avisam-fenomeno-climatico-pode-mudar-o-clima-do-brasil-a-partir-de-julho\/#primaryimage"},"thumbnailUrl":"https:\/\/cdn.crusoe.com.br\/uploads\/2026\/03\/dave-hoefler-llEjCH71E9o-unsplash.jpg","datePublished":"2026-03-31T14:05:28+00:00","author":{"@id":"https:\/\/crusoe.audiencelabs.com.br\/#\/schema\/person\/0cca5874eda7d72cef71e77a9a9c2143"},"breadcrumb":{"@id":"https:\/\/crusoe.audiencelabs.com.br\/cientistas-avisam-fenomeno-climatico-pode-mudar-o-clima-do-brasil-a-partir-de-julho\/#breadcrumb"},"inLanguage":"pt-BR","potentialAction":[{"@type":"ReadAction","target":["https:\/\/crusoe.audiencelabs.com.br\/cientistas-avisam-fenomeno-climatico-pode-mudar-o-clima-do-brasil-a-partir-de-julho\/"]}]},{"@type":"ImageObject","inLanguage":"pt-BR","@id":"https:\/\/crusoe.audiencelabs.com.br\/cientistas-avisam-fenomeno-climatico-pode-mudar-o-clima-do-brasil-a-partir-de-julho\/#primaryimage","url":"https:\/\/cdn.crusoe.com.br\/uploads\/2026\/03\/dave-hoefler-llEjCH71E9o-unsplash.jpg","contentUrl":"https:\/\/cdn.crusoe.com.br\/uploads\/2026\/03\/dave-hoefler-llEjCH71E9o-unsplash.jpg","width":640,"height":427,"caption":"Reprodu\u00e7\u00e3o: Unsplash \/ Dave Hoefler"},{"@type":"BreadcrumbList","@id":"https:\/\/crusoe.audiencelabs.com.br\/cientistas-avisam-fenomeno-climatico-pode-mudar-o-clima-do-brasil-a-partir-de-julho\/#breadcrumb","itemListElement":[{"@type":"ListItem","position":1,"name":"Home","item":"https:\/\/crusoe.audiencelabs.com.br\/"},{"@type":"ListItem","position":2,"name":"Cientistas avisam: fen\u00f4meno clim\u00e1tico pode mudar o clima do Brasil a partir de julho"}]},{"@type":"WebSite","@id":"https:\/\/crusoe.audiencelabs.com.br\/#website","url":"https:\/\/crusoe.audiencelabs.com.br\/","name":"Variedades - Cruso\u00e9","description":"","potentialAction":[{"@type":"SearchAction","target":{"@type":"EntryPoint","urlTemplate":"https:\/\/crusoe.audiencelabs.com.br\/?s={search_term_string}"},"query-input":{"@type":"PropertyValueSpecification","valueRequired":true,"valueName":"search_term_string"}}],"inLanguage":"pt-BR"},{"@type":"Person","@id":"https:\/\/crusoe.audiencelabs.com.br\/#\/schema\/person\/0cca5874eda7d72cef71e77a9a9c2143","name":"J\u00falio Nesi","image":{"@type":"ImageObject","inLanguage":"pt-BR","@id":"https:\/\/crusoe.audiencelabs.com.br\/#\/schema\/person\/image\/","url":"https:\/\/secure.gravatar.com\/avatar\/c22eb47c3e2320e71637346b980e09f63de9f75742d3335f94a26b83dff70473?s=96&d=mm&r=g","contentUrl":"https:\/\/secure.gravatar.com\/avatar\/c22eb47c3e2320e71637346b980e09f63de9f75742d3335f94a26b83dff70473?s=96&d=mm&r=g","caption":"J\u00falio Nesi"},"description":"Jornalista alagoano formado pela UFAL, j\u00e1 atuei em produ\u00e7\u00e3o de conte\u00fado digital para portais, r\u00e1dio e redes sociais.","sameAs":["www.linkedin.com\/in\/j\u00falio-nesi"],"url":"https:\/\/crusoe.audiencelabs.com.br\/author\/julionesi\/"}]}},"_links":{"self":[{"href":"https:\/\/crusoe.audiencelabs.com.br\/wp-json\/wp\/v2\/posts\/35917","targetHints":{"allow":["GET"]}}],"collection":[{"href":"https:\/\/crusoe.audiencelabs.com.br\/wp-json\/wp\/v2\/posts"}],"about":[{"href":"https:\/\/crusoe.audiencelabs.com.br\/wp-json\/wp\/v2\/types\/post"}],"author":[{"embeddable":true,"href":"https:\/\/crusoe.audiencelabs.com.br\/wp-json\/wp\/v2\/users\/15"}],"replies":[{"embeddable":true,"href":"https:\/\/crusoe.audiencelabs.com.br\/wp-json\/wp\/v2\/comments?post=35917"}],"version-history":[{"count":2,"href":"https:\/\/crusoe.audiencelabs.com.br\/wp-json\/wp\/v2\/posts\/35917\/revisions"}],"predecessor-version":[{"id":35920,"href":"https:\/\/crusoe.audiencelabs.com.br\/wp-json\/wp\/v2\/posts\/35917\/revisions\/35920"}],"wp:featuredmedia":[{"embeddable":true,"href":"https:\/\/crusoe.audiencelabs.com.br\/wp-json\/wp\/v2\/media\/35918"}],"wp:attachment":[{"href":"https:\/\/crusoe.audiencelabs.com.br\/wp-json\/wp\/v2\/media?parent=35917"}],"wp:term":[{"taxonomy":"category","embeddable":true,"href":"https:\/\/crusoe.audiencelabs.com.br\/wp-json\/wp\/v2\/categories?post=35917"},{"taxonomy":"post_tag","embeddable":true,"href":"https:\/\/crusoe.audiencelabs.com.br\/wp-json\/wp\/v2\/tags?post=35917"}],"curies":[{"name":"wp","href":"https:\/\/api.w.org\/{rel}","templated":true}]}}