{"id":35903,"date":"2026-04-04T17:03:55","date_gmt":"2026-04-04T20:03:55","guid":{"rendered":"https:\/\/crusoe.audiencelabs.com.br\/?p=35903"},"modified":"2026-03-31T20:03:09","modified_gmt":"2026-03-31T23:03:09","slug":"por-que-esse-paraiso-brasileiro-ja-foi-chamado-de-ilha-maldita-a-historia-e-assustadora","status":"publish","type":"post","link":"https:\/\/crusoe.audiencelabs.com.br\/por-que-esse-paraiso-brasileiro-ja-foi-chamado-de-ilha-maldita-a-historia-e-assustadora\/","title":{"rendered":"Por que esse para\u00edso brasileiro j\u00e1 foi chamado de \u201cIlha Maldita\u201d? A hist\u00f3ria \u00e9 assustadora"},"content":{"rendered":"<div class=\"flex flex-col text-sm pb-25\">\n<section class=\"text-token-text-primary w-full focus:outline-none [--shadow-height:45px] has-data-writing-block:pointer-events-none has-data-writing-block:-mt-(--shadow-height) has-data-writing-block:pt-(--shadow-height) [&amp;:has([data-writing-block])&gt;*]:pointer-events-auto scroll-mt-[calc(var(--header-height)+min(200px,max(70px,20svh)))]\" dir=\"auto\" data-turn-id=\"request-WEB:c6978287-b90f-4615-8597-57189816beea-28\" data-testid=\"conversation-turn-32\" data-scroll-anchor=\"true\" data-turn=\"assistant\">\n<div class=\"text-base my-auto mx-auto pb-10 [--thread-content-margin:var(--thread-content-margin-xs,calc(var(--spacing)*4))] @w-sm\/main:[--thread-content-margin:var(--thread-content-margin-sm,calc(var(--spacing)*6))] @w-lg\/main:[--thread-content-margin:var(--thread-content-margin-lg,calc(var(--spacing)*16))] px-(--thread-content-margin)\">\n<div class=\"[--thread-content-max-width:40rem] @w-lg\/main:[--thread-content-max-width:48rem] mx-auto max-w-(--thread-content-max-width) flex-1 group\/turn-messages focus-visible:outline-hidden relative flex w-full min-w-0 flex-col agent-turn\">\n<div class=\"flex max-w-full flex-col gap-4 grow\">\n<div class=\"min-h-8 text-message relative flex w-full flex-col items-end gap-2 text-start break-words whitespace-normal outline-none keyboard-focused:focus-ring [.text-message+&amp;]:mt-1\" dir=\"auto\" data-message-author-role=\"assistant\" data-message-id=\"7fd4ab56-89dc-44fb-b46e-7cad493d794c\" data-message-model-slug=\"gpt-5-3\" data-turn-start-message=\"true\">\n<div class=\"flex w-full flex-col gap-1 empty:hidden\">\n<div class=\"markdown prose dark:prose-invert w-full wrap-break-word dark markdown-new-styling\">\n<p data-start=\"0\" data-end=\"356\">Conhecido hoje por suas paisagens paradis\u00edacas e \u00e1guas cristalinas, o a<strong>rquip\u00e9lago de <span class=\"hover:entity-accent entity-underline inline cursor-pointer align-baseline\"><span class=\"whitespace-normal\">Fernando de Noronha, <\/span><\/span><\/strong><span class=\"hover:entity-accent entity-underline inline cursor-pointer align-baseline\"><span class=\"whitespace-normal\">em Pernambuco,<\/span><\/span>\u00a0j\u00e1 teve um passado bem diferente, e sombrio.<\/p>\n<p data-start=\"0\" data-end=\"356\">Antes de se tornar um dos destinos tur\u00edsticos mais desejados do Brasil, o local foi apelidado de \u201c<strong>Ilha Maldita<\/strong>\u201d por causa de sua hist\u00f3ria marcada por <strong>isolamento, puni\u00e7\u00e3o e sofrimento<\/strong>. Saiba mais!<\/p>\n<h2 data-section-id=\"1rn4836\" data-start=\"358\" data-end=\"387\">De para\u00edso a col\u00f4nia penal<\/h2>\n<p data-start=\"389\" data-end=\"715\">Durante os per\u00edodos colonial e imperial, Fernando de Noronha foi utilizado como col\u00f4nia penal. Sua localiza\u00e7\u00e3o isolada, a cerca de 350 km do continente, fazia do arquip\u00e9lago um lugar ideal para manter presos longe da sociedade. Ao longo dos s\u00e9culos 18 e 19, <strong>criminosos e presos pol\u00edticos<\/strong> foram enviados para l\u00e1.<\/p>\n<p data-start=\"717\" data-end=\"972\">As condi\u00e7\u00f5es eram extremamente duras. Relatos hist\u00f3ricos apontam que os detentos enfrentavam trabalhos for\u00e7ados, escassez de recursos e vigil\u00e2ncia constante. Fugir era praticamente imposs\u00edvel, j\u00e1 que o oceano ao redor funcionava como uma barreira.<\/p>\n<h2 data-section-id=\"1rybvhg\" data-start=\"974\" data-end=\"1004\">O apelido de \u201cIlha Maldita\u201d<\/h2>\n<p data-start=\"1006\" data-end=\"1314\">Foi nesse contexto que surgiu o apelido \u201cIlha Maldita\u201d. O nome refletia o sofrimento dos prisioneiros e a sensa\u00e7\u00e3o de abandono e isolamento extremo.<\/p>\n<p data-start=\"1006\" data-end=\"1314\">Para muitos, ser enviado para Noronha era visto como uma senten\u00e7a quase definitiva, marcada pela dist\u00e2ncia da fam\u00edlia e pela dificuldade de retorno. Al\u00e9m disso, a presen\u00e7a de doen\u00e7as, condi\u00e7\u00f5es prec\u00e1rias de higiene e a rigidez da disciplina refor\u00e7avam a imagem negativa do local.<\/p>\n<\/div>\n<div class=\"markdown prose dark:prose-invert w-full wrap-break-word dark markdown-new-styling\">\n<p data-start=\"1478\" data-end=\"1744\">Com o passar do tempo, o arquip\u00e9lago tamb\u00e9m ganhou import\u00e2ncia militar. Durante o s\u00e9culo 20, especialmente em per\u00edodos de conflito, Fernando de Noronha foi utilizado como ponto estrat\u00e9gico de defesa, o que manteve o acesso ao local bastante restrito por muitos anos.<\/p>\n<h2 data-section-id=\"1rdvagw\" data-start=\"1746\" data-end=\"1786\">De passado sombrio a destino desejado<\/h2>\n<p data-start=\"1788\" data-end=\"2018\">Hoje, a realidade \u00e9 completamente diferente. <span class=\"hover:entity-accent entity-underline inline cursor-pointer align-baseline\"><span class=\"whitespace-normal\">Fernando de Noronha<\/span><\/span> \u00e9 reconhecido internacionalmente por sua biodiversidade e preserva\u00e7\u00e3o ambiental, sendo considerado um dos melhores destinos de ecoturismo do mundo.<\/p>\n<p data-start=\"2020\" data-end=\"2244\">Suas praias, como a<a href=\"https:\/\/crusoe.audiencelabs.com.br\/nem-no-caribe-nem-no-pacifico-onde-fica-a-melhor-praia-do-mundo-e-o-que-tem-de-atraente\/\"><strong> Ba\u00eda do Sancho<\/strong><\/a>, frequentemente aparecem em rankings globais entre as mais bonitas do planeta. O turismo controlado e as pol\u00edticas de conserva\u00e7\u00e3o ajudam a manter o equil\u00edbrio entre visita\u00e7\u00e3o e preserva\u00e7\u00e3o.<\/p>\n<h2 data-section-id=\"lfy8z5\" data-start=\"2246\" data-end=\"2277\">Um contraste que impressiona<\/h2>\n<p data-start=\"2279\" data-end=\"2548\">A hist\u00f3ria de Fernando de Noronha mostra como um mesmo lugar pode carregar significados completamente distintos ao longo do tempo.<\/p>\n<p data-start=\"2279\" data-end=\"2548\">De s\u00edmbolo de puni\u00e7\u00e3o e isolamento a refer\u00eancia em beleza natural, o arquip\u00e9lago carrega um passado pouco conhecido por muitos visitantes.<\/p>\n<p data-start=\"2550\" data-end=\"2718\" data-is-last-node=\"\" data-is-only-node=\"\">Esse contraste entre hist\u00f3ria e paisagem \u00e9 o que torna o destino ainda mais fascinante, um verdadeiro para\u00edso que j\u00e1 foi visto, um dia, como o oposto disso.<\/p>\n<\/div>\n<\/div>\n<\/div>\n<\/div>\n<\/div>\n<\/div>\n<\/section>\n<\/div>\n","protected":false},"excerpt":{"rendered":"<p>Conhecido hoje por suas paisagens paradis\u00edacas e \u00e1guas cristalinas, o arquip\u00e9lago de Fernando de Noronha, em Pernambuco,\u00a0j\u00e1 teve um passado bem diferente, e sombrio. Antes de se tornar um dos destinos tur\u00edsticos mais desejados do Brasil, o local foi apelidado de \u201cIlha Maldita\u201d por causa de sua hist\u00f3ria marcada por isolamento, puni\u00e7\u00e3o e sofrimento. Saiba [&hellip;]<\/p>\n","protected":false},"author":5,"featured_media":35904,"comment_status":"open","ping_status":"open","sticky":false,"template":"","format":"standard","meta":{"jnews-multi-image_gallery":[],"jnews_single_post":{"subtitle":"","format":"standard","jnews_video_option_group":[[]],"override":[{"template":"2","parallax":"1","fullscreen":"1","layout":"right-sidebar","sidebar":"default-sidebar","second_sidebar":"default-sidebar","sticky_sidebar":"1","share_position":"hide","share_float_style":"share-monocrhome","show_featured":"1","show_post_meta":"1","show_post_author":"1","show_post_date":"1","post_date_format":"default","post_date_format_custom":"Y\/m\/d","show_post_category":"1","show_post_reading_time":"0","post_reading_time_wpm":"300","post_calculate_word_method":"str_word_count","show_zoom_button":"0","zoom_button_out_step":"2","zoom_button_in_step":"3","show_post_tag":"1","show_popup_post":"1","number_popup_post":"1","show_author_box":"1","show_post_related":"0"}],"image_override":[{"single_post_thumbnail_size":"crop-500","single_post_gallery_size":"crop-500"}],"trending_post_position":"meta","trending_post_label":"Trending","sponsored_post_label":"Sponsored by","disable_ad":"0"},"jnews_primary_category":[],"jnews_override_counter":{"view_counter_number":"0","share_counter_number":"0","like_counter_number":"0","dislike_counter_number":"0"},"jnews_post_split":{"post_split":[{"template":"1","tag":"h2","numbering":"asc","mode":"normal","first":"0","enable_toc":"0","toc_type":"normal"}]},"footnotes":""},"categories":[1],"tags":[1808,6850,1958],"class_list":["post-35903","post","type-post","status-publish","format-standard","has-post-thumbnail","hentry","category-geral","tag-fernando-de-noronha","tag-ilha-maldita","tag-prisao"],"yoast_head":"<!-- This site is optimized with the Yoast SEO plugin v25.0 - https:\/\/yoast.com\/wordpress\/plugins\/seo\/ -->\n<title>Por que esse para\u00edso brasileiro j\u00e1 foi chamado de \u201cIlha Maldita\u201d? A hist\u00f3ria \u00e9 assustadora<\/title>\n<meta name=\"robots\" content=\"index, follow, max-snippet:-1, max-image-preview:large, max-video-preview:-1\" \/>\n<link rel=\"canonical\" href=\"https:\/\/crusoe.audiencelabs.com.br\/por-que-esse-paraiso-brasileiro-ja-foi-chamado-de-ilha-maldita-a-historia-e-assustadora\/\" \/>\n<meta property=\"og:locale\" content=\"pt_BR\" \/>\n<meta property=\"og:type\" content=\"article\" \/>\n<meta property=\"og:title\" content=\"Por que esse para\u00edso brasileiro j\u00e1 foi chamado de \u201cIlha Maldita\u201d? A hist\u00f3ria \u00e9 assustadora\" \/>\n<meta property=\"og:description\" content=\"Conhecido hoje por suas paisagens paradis\u00edacas e \u00e1guas cristalinas, o arquip\u00e9lago de Fernando de Noronha, em Pernambuco,\u00a0j\u00e1 teve um passado bem diferente, e sombrio. Antes de se tornar um dos destinos tur\u00edsticos mais desejados do Brasil, o local foi apelidado de \u201cIlha Maldita\u201d por causa de sua hist\u00f3ria marcada por isolamento, puni\u00e7\u00e3o e sofrimento. Saiba [&hellip;]\" \/>\n<meta property=\"og:url\" content=\"https:\/\/crusoe.audiencelabs.com.br\/por-que-esse-paraiso-brasileiro-ja-foi-chamado-de-ilha-maldita-a-historia-e-assustadora\/\" \/>\n<meta property=\"og:site_name\" content=\"Variedades - Cruso\u00e9\" \/>\n<meta property=\"article:published_time\" content=\"2026-04-04T20:03:55+00:00\" \/>\n<meta name=\"author\" content=\"Milena Armando\" \/>\n<meta name=\"twitter:card\" content=\"summary_large_image\" \/>\n<meta name=\"twitter:label1\" content=\"Escrito por\" \/>\n\t<meta name=\"twitter:data1\" content=\"Milena Armando\" \/>\n\t<meta name=\"twitter:label2\" content=\"Est. tempo de leitura\" \/>\n\t<meta name=\"twitter:data2\" content=\"3 minutos\" \/>\n<script type=\"application\/ld+json\" class=\"yoast-schema-graph\">{\"@context\":\"https:\/\/schema.org\",\"@graph\":[{\"@type\":\"WebPage\",\"@id\":\"https:\/\/crusoe.audiencelabs.com.br\/por-que-esse-paraiso-brasileiro-ja-foi-chamado-de-ilha-maldita-a-historia-e-assustadora\/\",\"url\":\"https:\/\/crusoe.audiencelabs.com.br\/por-que-esse-paraiso-brasileiro-ja-foi-chamado-de-ilha-maldita-a-historia-e-assustadora\/\",\"name\":\"Por que esse para\u00edso brasileiro j\u00e1 foi chamado de \u201cIlha Maldita\u201d? A hist\u00f3ria \u00e9 assustadora\",\"isPartOf\":{\"@id\":\"https:\/\/crusoe.audiencelabs.com.br\/#website\"},\"primaryImageOfPage\":{\"@id\":\"https:\/\/crusoe.audiencelabs.com.br\/por-que-esse-paraiso-brasileiro-ja-foi-chamado-de-ilha-maldita-a-historia-e-assustadora\/#primaryimage\"},\"image\":{\"@id\":\"https:\/\/crusoe.audiencelabs.com.br\/por-que-esse-paraiso-brasileiro-ja-foi-chamado-de-ilha-maldita-a-historia-e-assustadora\/#primaryimage\"},\"thumbnailUrl\":\"https:\/\/cdn.crusoe.com.br\/uploads\/2026\/03\/natureza-fernando-de-noronha-archilepago-no-estado-de-pernambuco-brasil_1153727-25.avif\",\"datePublished\":\"2026-04-04T20:03:55+00:00\",\"author\":{\"@id\":\"https:\/\/crusoe.audiencelabs.com.br\/#\/schema\/person\/f87f73cfe89e5360de2c006bd4bd6a74\"},\"breadcrumb\":{\"@id\":\"https:\/\/crusoe.audiencelabs.com.br\/por-que-esse-paraiso-brasileiro-ja-foi-chamado-de-ilha-maldita-a-historia-e-assustadora\/#breadcrumb\"},\"inLanguage\":\"pt-BR\",\"potentialAction\":[{\"@type\":\"ReadAction\",\"target\":[\"https:\/\/crusoe.audiencelabs.com.br\/por-que-esse-paraiso-brasileiro-ja-foi-chamado-de-ilha-maldita-a-historia-e-assustadora\/\"]}]},{\"@type\":\"ImageObject\",\"inLanguage\":\"pt-BR\",\"@id\":\"https:\/\/crusoe.audiencelabs.com.br\/por-que-esse-paraiso-brasileiro-ja-foi-chamado-de-ilha-maldita-a-historia-e-assustadora\/#primaryimage\",\"url\":\"https:\/\/cdn.crusoe.com.br\/uploads\/2026\/03\/natureza-fernando-de-noronha-archilepago-no-estado-de-pernambuco-brasil_1153727-25.avif\",\"contentUrl\":\"https:\/\/cdn.crusoe.com.br\/uploads\/2026\/03\/natureza-fernando-de-noronha-archilepago-no-estado-de-pernambuco-brasil_1153727-25.avif\",\"width\":626,\"height\":352,\"caption\":\"Reprodu\u00e7\u00e3o: Freepik\"},{\"@type\":\"BreadcrumbList\",\"@id\":\"https:\/\/crusoe.audiencelabs.com.br\/por-que-esse-paraiso-brasileiro-ja-foi-chamado-de-ilha-maldita-a-historia-e-assustadora\/#breadcrumb\",\"itemListElement\":[{\"@type\":\"ListItem\",\"position\":1,\"name\":\"Home\",\"item\":\"https:\/\/crusoe.audiencelabs.com.br\/\"},{\"@type\":\"ListItem\",\"position\":2,\"name\":\"Por que esse para\u00edso brasileiro j\u00e1 foi chamado de \u201cIlha Maldita\u201d? A hist\u00f3ria \u00e9 assustadora\"}]},{\"@type\":\"WebSite\",\"@id\":\"https:\/\/crusoe.audiencelabs.com.br\/#website\",\"url\":\"https:\/\/crusoe.audiencelabs.com.br\/\",\"name\":\"Variedades - Cruso\u00e9\",\"description\":\"\",\"potentialAction\":[{\"@type\":\"SearchAction\",\"target\":{\"@type\":\"EntryPoint\",\"urlTemplate\":\"https:\/\/crusoe.audiencelabs.com.br\/?s={search_term_string}\"},\"query-input\":{\"@type\":\"PropertyValueSpecification\",\"valueRequired\":true,\"valueName\":\"search_term_string\"}}],\"inLanguage\":\"pt-BR\"},{\"@type\":\"Person\",\"@id\":\"https:\/\/crusoe.audiencelabs.com.br\/#\/schema\/person\/f87f73cfe89e5360de2c006bd4bd6a74\",\"name\":\"Milena Armando\",\"image\":{\"@type\":\"ImageObject\",\"inLanguage\":\"pt-BR\",\"@id\":\"https:\/\/crusoe.audiencelabs.com.br\/#\/schema\/person\/image\/\",\"url\":\"https:\/\/secure.gravatar.com\/avatar\/ea14ecddc9e9d202b698b18f9f69e09c9fd74cfbed5c6008d55f11faefdbdab7?s=96&d=mm&r=g\",\"contentUrl\":\"https:\/\/secure.gravatar.com\/avatar\/ea14ecddc9e9d202b698b18f9f69e09c9fd74cfbed5c6008d55f11faefdbdab7?s=96&d=mm&r=g\",\"caption\":\"Milena Armando\"},\"description\":\"Jornalista, redatora e revisora.\",\"url\":\"https:\/\/crusoe.audiencelabs.com.br\/author\/milena\/\"}]}<\/script>\n<!-- \/ Yoast SEO plugin. -->","yoast_head_json":{"title":"Por que esse para\u00edso brasileiro j\u00e1 foi chamado de \u201cIlha Maldita\u201d? A hist\u00f3ria \u00e9 assustadora","robots":{"index":"index","follow":"follow","max-snippet":"max-snippet:-1","max-image-preview":"max-image-preview:large","max-video-preview":"max-video-preview:-1"},"canonical":"https:\/\/crusoe.audiencelabs.com.br\/por-que-esse-paraiso-brasileiro-ja-foi-chamado-de-ilha-maldita-a-historia-e-assustadora\/","og_locale":"pt_BR","og_type":"article","og_title":"Por que esse para\u00edso brasileiro j\u00e1 foi chamado de \u201cIlha Maldita\u201d? A hist\u00f3ria \u00e9 assustadora","og_description":"Conhecido hoje por suas paisagens paradis\u00edacas e \u00e1guas cristalinas, o arquip\u00e9lago de Fernando de Noronha, em Pernambuco,\u00a0j\u00e1 teve um passado bem diferente, e sombrio. Antes de se tornar um dos destinos tur\u00edsticos mais desejados do Brasil, o local foi apelidado de \u201cIlha Maldita\u201d por causa de sua hist\u00f3ria marcada por isolamento, puni\u00e7\u00e3o e sofrimento. Saiba [&hellip;]","og_url":"https:\/\/crusoe.audiencelabs.com.br\/por-que-esse-paraiso-brasileiro-ja-foi-chamado-de-ilha-maldita-a-historia-e-assustadora\/","og_site_name":"Variedades - Cruso\u00e9","article_published_time":"2026-04-04T20:03:55+00:00","author":"Milena Armando","twitter_card":"summary_large_image","twitter_misc":{"Escrito por":"Milena Armando","Est. tempo de leitura":"3 minutos"},"schema":{"@context":"https:\/\/schema.org","@graph":[{"@type":"WebPage","@id":"https:\/\/crusoe.audiencelabs.com.br\/por-que-esse-paraiso-brasileiro-ja-foi-chamado-de-ilha-maldita-a-historia-e-assustadora\/","url":"https:\/\/crusoe.audiencelabs.com.br\/por-que-esse-paraiso-brasileiro-ja-foi-chamado-de-ilha-maldita-a-historia-e-assustadora\/","name":"Por que esse para\u00edso brasileiro j\u00e1 foi chamado de \u201cIlha Maldita\u201d? A hist\u00f3ria \u00e9 assustadora","isPartOf":{"@id":"https:\/\/crusoe.audiencelabs.com.br\/#website"},"primaryImageOfPage":{"@id":"https:\/\/crusoe.audiencelabs.com.br\/por-que-esse-paraiso-brasileiro-ja-foi-chamado-de-ilha-maldita-a-historia-e-assustadora\/#primaryimage"},"image":{"@id":"https:\/\/crusoe.audiencelabs.com.br\/por-que-esse-paraiso-brasileiro-ja-foi-chamado-de-ilha-maldita-a-historia-e-assustadora\/#primaryimage"},"thumbnailUrl":"https:\/\/cdn.crusoe.com.br\/uploads\/2026\/03\/natureza-fernando-de-noronha-archilepago-no-estado-de-pernambuco-brasil_1153727-25.avif","datePublished":"2026-04-04T20:03:55+00:00","author":{"@id":"https:\/\/crusoe.audiencelabs.com.br\/#\/schema\/person\/f87f73cfe89e5360de2c006bd4bd6a74"},"breadcrumb":{"@id":"https:\/\/crusoe.audiencelabs.com.br\/por-que-esse-paraiso-brasileiro-ja-foi-chamado-de-ilha-maldita-a-historia-e-assustadora\/#breadcrumb"},"inLanguage":"pt-BR","potentialAction":[{"@type":"ReadAction","target":["https:\/\/crusoe.audiencelabs.com.br\/por-que-esse-paraiso-brasileiro-ja-foi-chamado-de-ilha-maldita-a-historia-e-assustadora\/"]}]},{"@type":"ImageObject","inLanguage":"pt-BR","@id":"https:\/\/crusoe.audiencelabs.com.br\/por-que-esse-paraiso-brasileiro-ja-foi-chamado-de-ilha-maldita-a-historia-e-assustadora\/#primaryimage","url":"https:\/\/cdn.crusoe.com.br\/uploads\/2026\/03\/natureza-fernando-de-noronha-archilepago-no-estado-de-pernambuco-brasil_1153727-25.avif","contentUrl":"https:\/\/cdn.crusoe.com.br\/uploads\/2026\/03\/natureza-fernando-de-noronha-archilepago-no-estado-de-pernambuco-brasil_1153727-25.avif","width":626,"height":352,"caption":"Reprodu\u00e7\u00e3o: Freepik"},{"@type":"BreadcrumbList","@id":"https:\/\/crusoe.audiencelabs.com.br\/por-que-esse-paraiso-brasileiro-ja-foi-chamado-de-ilha-maldita-a-historia-e-assustadora\/#breadcrumb","itemListElement":[{"@type":"ListItem","position":1,"name":"Home","item":"https:\/\/crusoe.audiencelabs.com.br\/"},{"@type":"ListItem","position":2,"name":"Por que esse para\u00edso brasileiro j\u00e1 foi chamado de \u201cIlha Maldita\u201d? A hist\u00f3ria \u00e9 assustadora"}]},{"@type":"WebSite","@id":"https:\/\/crusoe.audiencelabs.com.br\/#website","url":"https:\/\/crusoe.audiencelabs.com.br\/","name":"Variedades - Cruso\u00e9","description":"","potentialAction":[{"@type":"SearchAction","target":{"@type":"EntryPoint","urlTemplate":"https:\/\/crusoe.audiencelabs.com.br\/?s={search_term_string}"},"query-input":{"@type":"PropertyValueSpecification","valueRequired":true,"valueName":"search_term_string"}}],"inLanguage":"pt-BR"},{"@type":"Person","@id":"https:\/\/crusoe.audiencelabs.com.br\/#\/schema\/person\/f87f73cfe89e5360de2c006bd4bd6a74","name":"Milena Armando","image":{"@type":"ImageObject","inLanguage":"pt-BR","@id":"https:\/\/crusoe.audiencelabs.com.br\/#\/schema\/person\/image\/","url":"https:\/\/secure.gravatar.com\/avatar\/ea14ecddc9e9d202b698b18f9f69e09c9fd74cfbed5c6008d55f11faefdbdab7?s=96&d=mm&r=g","contentUrl":"https:\/\/secure.gravatar.com\/avatar\/ea14ecddc9e9d202b698b18f9f69e09c9fd74cfbed5c6008d55f11faefdbdab7?s=96&d=mm&r=g","caption":"Milena Armando"},"description":"Jornalista, redatora e revisora.","url":"https:\/\/crusoe.audiencelabs.com.br\/author\/milena\/"}]}},"_links":{"self":[{"href":"https:\/\/crusoe.audiencelabs.com.br\/wp-json\/wp\/v2\/posts\/35903","targetHints":{"allow":["GET"]}}],"collection":[{"href":"https:\/\/crusoe.audiencelabs.com.br\/wp-json\/wp\/v2\/posts"}],"about":[{"href":"https:\/\/crusoe.audiencelabs.com.br\/wp-json\/wp\/v2\/types\/post"}],"author":[{"embeddable":true,"href":"https:\/\/crusoe.audiencelabs.com.br\/wp-json\/wp\/v2\/users\/5"}],"replies":[{"embeddable":true,"href":"https:\/\/crusoe.audiencelabs.com.br\/wp-json\/wp\/v2\/comments?post=35903"}],"version-history":[{"count":3,"href":"https:\/\/crusoe.audiencelabs.com.br\/wp-json\/wp\/v2\/posts\/35903\/revisions"}],"predecessor-version":[{"id":35984,"href":"https:\/\/crusoe.audiencelabs.com.br\/wp-json\/wp\/v2\/posts\/35903\/revisions\/35984"}],"wp:featuredmedia":[{"embeddable":true,"href":"https:\/\/crusoe.audiencelabs.com.br\/wp-json\/wp\/v2\/media\/35904"}],"wp:attachment":[{"href":"https:\/\/crusoe.audiencelabs.com.br\/wp-json\/wp\/v2\/media?parent=35903"}],"wp:term":[{"taxonomy":"category","embeddable":true,"href":"https:\/\/crusoe.audiencelabs.com.br\/wp-json\/wp\/v2\/categories?post=35903"},{"taxonomy":"post_tag","embeddable":true,"href":"https:\/\/crusoe.audiencelabs.com.br\/wp-json\/wp\/v2\/tags?post=35903"}],"curies":[{"name":"wp","href":"https:\/\/api.w.org\/{rel}","templated":true}]}}