{"id":35897,"date":"2026-04-04T15:35:56","date_gmt":"2026-04-04T18:35:56","guid":{"rendered":"https:\/\/crusoe.audiencelabs.com.br\/?p=35897"},"modified":"2026-03-31T19:55:20","modified_gmt":"2026-03-31T22:55:20","slug":"por-que-sentimos-o-cheiro-da-chuva-a-ciencia-explica","status":"publish","type":"post","link":"https:\/\/crusoe.audiencelabs.com.br\/por-que-sentimos-o-cheiro-da-chuva-a-ciencia-explica\/","title":{"rendered":"Por que sentimos o cheiro da chuva? A ci\u00eancia explica"},"content":{"rendered":"<p data-start=\"0\" data-end=\"256\">Poucas sensa\u00e7\u00f5es s\u00e3o t\u00e3o marcantes quanto o <strong>cheiro da chuva se aproximando<\/strong>.<\/p>\n<p data-start=\"0\" data-end=\"256\">Esse aroma caracter\u00edstico, que muitas pessoas associam a conforto e frescor, tem uma explica\u00e7\u00e3o cient\u00edfica, e envolve uma combina\u00e7\u00e3o de processos naturais que acontecem no solo e no ar.<\/p>\n<p data-start=\"284\" data-end=\"496\">O cheiro da chuva \u00e9 conhecido como <em><strong><span class=\"hover:entity-accent entity-underline inline cursor-pointer align-baseline\"><span class=\"whitespace-normal\">petrichor<\/span><\/span><\/strong><\/em>, um termo criado por cientistas para descrever o aroma liberado quando a \u00e1gua entra em contato com superf\u00edcies secas, como o solo.<\/p>\n<h2 data-section-id=\"11v7hb\" data-start=\"498\" data-end=\"525\">De onde vem esse cheiro?<\/h2>\n<p data-start=\"527\" data-end=\"786\">Antes mesmo da chuva cair, o ar pode carregar odores espec\u00edficos. Um dos respons\u00e1veis \u00e9 o <strong>oz\u00f4nio<\/strong>, um g\u00e1s que pode ser formado durante tempestades e levado pelo vento at\u00e9 o n\u00edvel do solo, contribuindo para aquele cheiro met\u00e1lico que algumas pessoas percebem.<\/p>\n<p data-start=\"788\" data-end=\"1084\">J\u00e1 quando as primeiras gotas atingem o ch\u00e3o, ocorre outro processo importante: a <strong>libera\u00e7\u00e3o de compostos produzidos por microrganismos presentes na terra.<\/strong><\/p>\n<p data-start=\"788\" data-end=\"1084\">Um deles \u00e9 a <strong><span class=\"hover:entity-accent entity-underline inline cursor-pointer align-baseline\"><span class=\"whitespace-normal\">geosmina<\/span><\/span><\/strong>, subst\u00e2ncia gerada por bact\u00e9rias do solo que tem um cheiro terroso bastante caracter\u00edstico.<\/p>\n<h2 data-section-id=\"agzthu\" data-start=\"1086\" data-end=\"1115\">O papel das gotas de chuva<\/h2>\n<p data-start=\"1117\" data-end=\"1367\">Quando a chuva atinge o solo seco, pequenas bolhas de ar se formam e estouram, liberando part\u00edculas microsc\u00f3picas no ar.<\/p>\n<p data-start=\"1117\" data-end=\"1367\">Essas part\u00edculas carregam os compostos respons\u00e1veis pelo cheiro e os espalham, permitindo que sejam percebidos mesmo \u00e0 dist\u00e2ncia.<\/p>\n<p data-start=\"1369\" data-end=\"1550\">Esse mecanismo \u00e9 mais intenso ap\u00f3s per\u00edodos de seca, quando h\u00e1 maior ac\u00famulo dessas subst\u00e2ncias no solo, o que explica por que o cheiro costuma ser mais forte nas primeiras chuvas.<\/p>\n<h2 data-section-id=\"16tc4wt\" data-start=\"1552\" data-end=\"1584\">Por que gostamos desse aroma?<\/h2>\n<p data-start=\"1586\" data-end=\"1870\">Especialistas acreditam que a sensa\u00e7\u00e3o agrad\u00e1vel associada ao cheiro da chuva pode ter ra\u00edzes evolutivas.<\/p>\n<p data-start=\"1586\" data-end=\"1870\">Para os seres humanos ao longo da hist\u00f3ria, a chuva sempre esteve ligada \u00e0 disponibilidade de \u00e1gua e \u00e0 sobreviv\u00eancia, o que pode ter criado uma associa\u00e7\u00e3o positiva com esse odor.<\/p>\n<p data-start=\"1912\" data-end=\"2187\" data-is-last-node=\"\" data-is-only-node=\"\">O cheiro da chuva \u00e9 um exemplo de como processos naturais aparentemente simples envolvem uma complexa intera\u00e7\u00e3o entre qu\u00edmica, biologia e clima.<\/p>\n<p data-start=\"1912\" data-end=\"2187\" data-is-last-node=\"\" data-is-only-node=\"\">Mais do que um detalhe do cotidiano, ele revela como o ambiente ao nosso redor influencia nossas percep\u00e7\u00f5es e emo\u00e7\u00f5es.<\/p>\n","protected":false},"excerpt":{"rendered":"<p>Poucas sensa\u00e7\u00f5es s\u00e3o t\u00e3o marcantes quanto o cheiro da chuva se aproximando. Esse aroma caracter\u00edstico, que muitas pessoas associam a conforto e frescor, tem uma explica\u00e7\u00e3o cient\u00edfica, e envolve uma combina\u00e7\u00e3o de processos naturais que acontecem no solo e no ar. O cheiro da chuva \u00e9 conhecido como petrichor, um termo criado por cientistas para [&hellip;]<\/p>\n","protected":false},"author":5,"featured_media":35898,"comment_status":"open","ping_status":"open","sticky":false,"template":"","format":"standard","meta":{"jnews-multi-image_gallery":[],"jnews_single_post":{"subtitle":"","format":"standard","jnews_video_option_group":[[]],"override":[{"template":"2","parallax":"1","fullscreen":"1","layout":"right-sidebar","sidebar":"default-sidebar","second_sidebar":"default-sidebar","sticky_sidebar":"1","share_position":"hide","share_float_style":"share-monocrhome","show_featured":"1","show_post_meta":"1","show_post_author":"1","show_post_date":"1","post_date_format":"default","post_date_format_custom":"Y\/m\/d","show_post_category":"1","show_post_reading_time":"0","post_reading_time_wpm":"300","post_calculate_word_method":"str_word_count","show_zoom_button":"0","zoom_button_out_step":"2","zoom_button_in_step":"3","show_post_tag":"1","show_popup_post":"1","number_popup_post":"1","show_author_box":"1","show_post_related":"0"}],"image_override":[{"single_post_thumbnail_size":"crop-500","single_post_gallery_size":"crop-500"}],"trending_post_position":"meta","trending_post_label":"Trending","sponsored_post_label":"Sponsored by","disable_ad":"0"},"jnews_primary_category":[],"jnews_override_counter":{"view_counter_number":"0","share_counter_number":"0","like_counter_number":"0","dislike_counter_number":"0"},"jnews_post_split":{"post_split":[{"template":"1","tag":"h2","numbering":"asc","mode":"normal","first":"0","enable_toc":"0","toc_type":"normal"}]},"footnotes":""},"categories":[1],"tags":[1207,1687,288],"class_list":["post-35897","post","type-post","status-publish","format-standard","has-post-thumbnail","hentry","category-geral","tag-cheiro","tag-chuva","tag-dicas"],"yoast_head":"<!-- This site is optimized with the Yoast SEO plugin v25.0 - https:\/\/yoast.com\/wordpress\/plugins\/seo\/ -->\n<title>Por que sentimos o cheiro da chuva? A ci\u00eancia explica<\/title>\n<meta name=\"robots\" content=\"index, follow, max-snippet:-1, max-image-preview:large, max-video-preview:-1\" \/>\n<link rel=\"canonical\" href=\"https:\/\/crusoe.audiencelabs.com.br\/por-que-sentimos-o-cheiro-da-chuva-a-ciencia-explica\/\" \/>\n<meta property=\"og:locale\" content=\"pt_BR\" \/>\n<meta property=\"og:type\" content=\"article\" \/>\n<meta property=\"og:title\" content=\"Por que sentimos o cheiro da chuva? A ci\u00eancia explica\" \/>\n<meta property=\"og:description\" content=\"Poucas sensa\u00e7\u00f5es s\u00e3o t\u00e3o marcantes quanto o cheiro da chuva se aproximando. Esse aroma caracter\u00edstico, que muitas pessoas associam a conforto e frescor, tem uma explica\u00e7\u00e3o cient\u00edfica, e envolve uma combina\u00e7\u00e3o de processos naturais que acontecem no solo e no ar. O cheiro da chuva \u00e9 conhecido como petrichor, um termo criado por cientistas para [&hellip;]\" \/>\n<meta property=\"og:url\" content=\"https:\/\/crusoe.audiencelabs.com.br\/por-que-sentimos-o-cheiro-da-chuva-a-ciencia-explica\/\" \/>\n<meta property=\"og:site_name\" content=\"Variedades - Cruso\u00e9\" \/>\n<meta property=\"article:published_time\" content=\"2026-04-04T18:35:56+00:00\" \/>\n<meta name=\"author\" content=\"Milena Armando\" \/>\n<meta name=\"twitter:card\" content=\"summary_large_image\" \/>\n<meta name=\"twitter:label1\" content=\"Escrito por\" \/>\n\t<meta name=\"twitter:data1\" content=\"Milena Armando\" \/>\n\t<meta name=\"twitter:label2\" content=\"Est. tempo de leitura\" \/>\n\t<meta name=\"twitter:data2\" content=\"3 minutos\" \/>\n<script type=\"application\/ld+json\" class=\"yoast-schema-graph\">{\"@context\":\"https:\/\/schema.org\",\"@graph\":[{\"@type\":\"WebPage\",\"@id\":\"https:\/\/crusoe.audiencelabs.com.br\/por-que-sentimos-o-cheiro-da-chuva-a-ciencia-explica\/\",\"url\":\"https:\/\/crusoe.audiencelabs.com.br\/por-que-sentimos-o-cheiro-da-chuva-a-ciencia-explica\/\",\"name\":\"Por que sentimos o cheiro da chuva? A ci\u00eancia explica\",\"isPartOf\":{\"@id\":\"https:\/\/crusoe.audiencelabs.com.br\/#website\"},\"primaryImageOfPage\":{\"@id\":\"https:\/\/crusoe.audiencelabs.com.br\/por-que-sentimos-o-cheiro-da-chuva-a-ciencia-explica\/#primaryimage\"},\"image\":{\"@id\":\"https:\/\/crusoe.audiencelabs.com.br\/por-que-sentimos-o-cheiro-da-chuva-a-ciencia-explica\/#primaryimage\"},\"thumbnailUrl\":\"https:\/\/cdn.crusoe.com.br\/uploads\/2026\/03\/chuva-fora-das-janelas-da-vila_1321-908.avif\",\"datePublished\":\"2026-04-04T18:35:56+00:00\",\"author\":{\"@id\":\"https:\/\/crusoe.audiencelabs.com.br\/#\/schema\/person\/f87f73cfe89e5360de2c006bd4bd6a74\"},\"breadcrumb\":{\"@id\":\"https:\/\/crusoe.audiencelabs.com.br\/por-que-sentimos-o-cheiro-da-chuva-a-ciencia-explica\/#breadcrumb\"},\"inLanguage\":\"pt-BR\",\"potentialAction\":[{\"@type\":\"ReadAction\",\"target\":[\"https:\/\/crusoe.audiencelabs.com.br\/por-que-sentimos-o-cheiro-da-chuva-a-ciencia-explica\/\"]}]},{\"@type\":\"ImageObject\",\"inLanguage\":\"pt-BR\",\"@id\":\"https:\/\/crusoe.audiencelabs.com.br\/por-que-sentimos-o-cheiro-da-chuva-a-ciencia-explica\/#primaryimage\",\"url\":\"https:\/\/cdn.crusoe.com.br\/uploads\/2026\/03\/chuva-fora-das-janelas-da-vila_1321-908.avif\",\"contentUrl\":\"https:\/\/cdn.crusoe.com.br\/uploads\/2026\/03\/chuva-fora-das-janelas-da-vila_1321-908.avif\",\"width\":626,\"height\":417,\"caption\":\"Reprodu\u00e7\u00e3o: Freepik\"},{\"@type\":\"BreadcrumbList\",\"@id\":\"https:\/\/crusoe.audiencelabs.com.br\/por-que-sentimos-o-cheiro-da-chuva-a-ciencia-explica\/#breadcrumb\",\"itemListElement\":[{\"@type\":\"ListItem\",\"position\":1,\"name\":\"Home\",\"item\":\"https:\/\/crusoe.audiencelabs.com.br\/\"},{\"@type\":\"ListItem\",\"position\":2,\"name\":\"Por que sentimos o cheiro da chuva? A ci\u00eancia explica\"}]},{\"@type\":\"WebSite\",\"@id\":\"https:\/\/crusoe.audiencelabs.com.br\/#website\",\"url\":\"https:\/\/crusoe.audiencelabs.com.br\/\",\"name\":\"Variedades - Cruso\u00e9\",\"description\":\"\",\"potentialAction\":[{\"@type\":\"SearchAction\",\"target\":{\"@type\":\"EntryPoint\",\"urlTemplate\":\"https:\/\/crusoe.audiencelabs.com.br\/?s={search_term_string}\"},\"query-input\":{\"@type\":\"PropertyValueSpecification\",\"valueRequired\":true,\"valueName\":\"search_term_string\"}}],\"inLanguage\":\"pt-BR\"},{\"@type\":\"Person\",\"@id\":\"https:\/\/crusoe.audiencelabs.com.br\/#\/schema\/person\/f87f73cfe89e5360de2c006bd4bd6a74\",\"name\":\"Milena Armando\",\"image\":{\"@type\":\"ImageObject\",\"inLanguage\":\"pt-BR\",\"@id\":\"https:\/\/crusoe.audiencelabs.com.br\/#\/schema\/person\/image\/\",\"url\":\"https:\/\/secure.gravatar.com\/avatar\/ea14ecddc9e9d202b698b18f9f69e09c9fd74cfbed5c6008d55f11faefdbdab7?s=96&d=mm&r=g\",\"contentUrl\":\"https:\/\/secure.gravatar.com\/avatar\/ea14ecddc9e9d202b698b18f9f69e09c9fd74cfbed5c6008d55f11faefdbdab7?s=96&d=mm&r=g\",\"caption\":\"Milena Armando\"},\"description\":\"Jornalista, redatora e revisora.\",\"url\":\"https:\/\/crusoe.audiencelabs.com.br\/author\/milena\/\"}]}<\/script>\n<!-- \/ Yoast SEO plugin. -->","yoast_head_json":{"title":"Por que sentimos o cheiro da chuva? A ci\u00eancia explica","robots":{"index":"index","follow":"follow","max-snippet":"max-snippet:-1","max-image-preview":"max-image-preview:large","max-video-preview":"max-video-preview:-1"},"canonical":"https:\/\/crusoe.audiencelabs.com.br\/por-que-sentimos-o-cheiro-da-chuva-a-ciencia-explica\/","og_locale":"pt_BR","og_type":"article","og_title":"Por que sentimos o cheiro da chuva? A ci\u00eancia explica","og_description":"Poucas sensa\u00e7\u00f5es s\u00e3o t\u00e3o marcantes quanto o cheiro da chuva se aproximando. Esse aroma caracter\u00edstico, que muitas pessoas associam a conforto e frescor, tem uma explica\u00e7\u00e3o cient\u00edfica, e envolve uma combina\u00e7\u00e3o de processos naturais que acontecem no solo e no ar. O cheiro da chuva \u00e9 conhecido como petrichor, um termo criado por cientistas para [&hellip;]","og_url":"https:\/\/crusoe.audiencelabs.com.br\/por-que-sentimos-o-cheiro-da-chuva-a-ciencia-explica\/","og_site_name":"Variedades - Cruso\u00e9","article_published_time":"2026-04-04T18:35:56+00:00","author":"Milena Armando","twitter_card":"summary_large_image","twitter_misc":{"Escrito por":"Milena Armando","Est. tempo de leitura":"3 minutos"},"schema":{"@context":"https:\/\/schema.org","@graph":[{"@type":"WebPage","@id":"https:\/\/crusoe.audiencelabs.com.br\/por-que-sentimos-o-cheiro-da-chuva-a-ciencia-explica\/","url":"https:\/\/crusoe.audiencelabs.com.br\/por-que-sentimos-o-cheiro-da-chuva-a-ciencia-explica\/","name":"Por que sentimos o cheiro da chuva? A ci\u00eancia explica","isPartOf":{"@id":"https:\/\/crusoe.audiencelabs.com.br\/#website"},"primaryImageOfPage":{"@id":"https:\/\/crusoe.audiencelabs.com.br\/por-que-sentimos-o-cheiro-da-chuva-a-ciencia-explica\/#primaryimage"},"image":{"@id":"https:\/\/crusoe.audiencelabs.com.br\/por-que-sentimos-o-cheiro-da-chuva-a-ciencia-explica\/#primaryimage"},"thumbnailUrl":"https:\/\/cdn.crusoe.com.br\/uploads\/2026\/03\/chuva-fora-das-janelas-da-vila_1321-908.avif","datePublished":"2026-04-04T18:35:56+00:00","author":{"@id":"https:\/\/crusoe.audiencelabs.com.br\/#\/schema\/person\/f87f73cfe89e5360de2c006bd4bd6a74"},"breadcrumb":{"@id":"https:\/\/crusoe.audiencelabs.com.br\/por-que-sentimos-o-cheiro-da-chuva-a-ciencia-explica\/#breadcrumb"},"inLanguage":"pt-BR","potentialAction":[{"@type":"ReadAction","target":["https:\/\/crusoe.audiencelabs.com.br\/por-que-sentimos-o-cheiro-da-chuva-a-ciencia-explica\/"]}]},{"@type":"ImageObject","inLanguage":"pt-BR","@id":"https:\/\/crusoe.audiencelabs.com.br\/por-que-sentimos-o-cheiro-da-chuva-a-ciencia-explica\/#primaryimage","url":"https:\/\/cdn.crusoe.com.br\/uploads\/2026\/03\/chuva-fora-das-janelas-da-vila_1321-908.avif","contentUrl":"https:\/\/cdn.crusoe.com.br\/uploads\/2026\/03\/chuva-fora-das-janelas-da-vila_1321-908.avif","width":626,"height":417,"caption":"Reprodu\u00e7\u00e3o: Freepik"},{"@type":"BreadcrumbList","@id":"https:\/\/crusoe.audiencelabs.com.br\/por-que-sentimos-o-cheiro-da-chuva-a-ciencia-explica\/#breadcrumb","itemListElement":[{"@type":"ListItem","position":1,"name":"Home","item":"https:\/\/crusoe.audiencelabs.com.br\/"},{"@type":"ListItem","position":2,"name":"Por que sentimos o cheiro da chuva? A ci\u00eancia explica"}]},{"@type":"WebSite","@id":"https:\/\/crusoe.audiencelabs.com.br\/#website","url":"https:\/\/crusoe.audiencelabs.com.br\/","name":"Variedades - Cruso\u00e9","description":"","potentialAction":[{"@type":"SearchAction","target":{"@type":"EntryPoint","urlTemplate":"https:\/\/crusoe.audiencelabs.com.br\/?s={search_term_string}"},"query-input":{"@type":"PropertyValueSpecification","valueRequired":true,"valueName":"search_term_string"}}],"inLanguage":"pt-BR"},{"@type":"Person","@id":"https:\/\/crusoe.audiencelabs.com.br\/#\/schema\/person\/f87f73cfe89e5360de2c006bd4bd6a74","name":"Milena Armando","image":{"@type":"ImageObject","inLanguage":"pt-BR","@id":"https:\/\/crusoe.audiencelabs.com.br\/#\/schema\/person\/image\/","url":"https:\/\/secure.gravatar.com\/avatar\/ea14ecddc9e9d202b698b18f9f69e09c9fd74cfbed5c6008d55f11faefdbdab7?s=96&d=mm&r=g","contentUrl":"https:\/\/secure.gravatar.com\/avatar\/ea14ecddc9e9d202b698b18f9f69e09c9fd74cfbed5c6008d55f11faefdbdab7?s=96&d=mm&r=g","caption":"Milena Armando"},"description":"Jornalista, redatora e revisora.","url":"https:\/\/crusoe.audiencelabs.com.br\/author\/milena\/"}]}},"_links":{"self":[{"href":"https:\/\/crusoe.audiencelabs.com.br\/wp-json\/wp\/v2\/posts\/35897","targetHints":{"allow":["GET"]}}],"collection":[{"href":"https:\/\/crusoe.audiencelabs.com.br\/wp-json\/wp\/v2\/posts"}],"about":[{"href":"https:\/\/crusoe.audiencelabs.com.br\/wp-json\/wp\/v2\/types\/post"}],"author":[{"embeddable":true,"href":"https:\/\/crusoe.audiencelabs.com.br\/wp-json\/wp\/v2\/users\/5"}],"replies":[{"embeddable":true,"href":"https:\/\/crusoe.audiencelabs.com.br\/wp-json\/wp\/v2\/comments?post=35897"}],"version-history":[{"count":3,"href":"https:\/\/crusoe.audiencelabs.com.br\/wp-json\/wp\/v2\/posts\/35897\/revisions"}],"predecessor-version":[{"id":35980,"href":"https:\/\/crusoe.audiencelabs.com.br\/wp-json\/wp\/v2\/posts\/35897\/revisions\/35980"}],"wp:featuredmedia":[{"embeddable":true,"href":"https:\/\/crusoe.audiencelabs.com.br\/wp-json\/wp\/v2\/media\/35898"}],"wp:attachment":[{"href":"https:\/\/crusoe.audiencelabs.com.br\/wp-json\/wp\/v2\/media?parent=35897"}],"wp:term":[{"taxonomy":"category","embeddable":true,"href":"https:\/\/crusoe.audiencelabs.com.br\/wp-json\/wp\/v2\/categories?post=35897"},{"taxonomy":"post_tag","embeddable":true,"href":"https:\/\/crusoe.audiencelabs.com.br\/wp-json\/wp\/v2\/tags?post=35897"}],"curies":[{"name":"wp","href":"https:\/\/api.w.org\/{rel}","templated":true}]}}