{"id":35891,"date":"2026-04-04T14:34:23","date_gmt":"2026-04-04T17:34:23","guid":{"rendered":"https:\/\/crusoe.audiencelabs.com.br\/?p=35891"},"modified":"2026-03-31T19:35:05","modified_gmt":"2026-03-31T22:35:05","slug":"nem-medicos-nem-cientistas-as-profissoes-ligadas-a-menor-risco-de-alzheimer","status":"publish","type":"post","link":"https:\/\/crusoe.audiencelabs.com.br\/nem-medicos-nem-cientistas-as-profissoes-ligadas-a-menor-risco-de-alzheimer\/","title":{"rendered":"Nem m\u00e9dicos, nem cientistas: as profiss\u00f5es ligadas a menor risco de Alzheimer"},"content":{"rendered":"<div class=\"flex flex-col text-sm pb-25\">\n<section class=\"text-token-text-primary w-full focus:outline-none [--shadow-height:45px] has-data-writing-block:pointer-events-none has-data-writing-block:-mt-(--shadow-height) has-data-writing-block:pt-(--shadow-height) [&amp;:has([data-writing-block])&gt;*]:pointer-events-auto scroll-mt-[calc(var(--header-height)+min(200px,max(70px,20svh)))]\" dir=\"auto\" data-turn-id=\"request-WEB:c6978287-b90f-4615-8597-57189816beea-24\" data-testid=\"conversation-turn-24\" data-scroll-anchor=\"true\" data-turn=\"assistant\">\n<div class=\"text-base my-auto mx-auto pb-10 [--thread-content-margin:var(--thread-content-margin-xs,calc(var(--spacing)*4))] @w-sm\/main:[--thread-content-margin:var(--thread-content-margin-sm,calc(var(--spacing)*6))] @w-lg\/main:[--thread-content-margin:var(--thread-content-margin-lg,calc(var(--spacing)*16))] px-(--thread-content-margin)\">\n<div class=\"[--thread-content-max-width:40rem] @w-lg\/main:[--thread-content-max-width:48rem] mx-auto max-w-(--thread-content-max-width) flex-1 group\/turn-messages focus-visible:outline-hidden relative flex w-full min-w-0 flex-col agent-turn\">\n<div class=\"flex max-w-full flex-col gap-4 grow\">\n<div class=\"min-h-8 text-message relative flex w-full flex-col items-end gap-2 text-start break-words whitespace-normal outline-none keyboard-focused:focus-ring [.text-message+&amp;]:mt-1\" dir=\"auto\" data-message-author-role=\"assistant\" data-message-id=\"9e8b25b9-5ad0-4d0b-856d-e45bef3abf80\" data-message-model-slug=\"gpt-5-3\" data-turn-start-message=\"true\">\n<div class=\"flex w-full flex-col gap-1 empty:hidden\">\n<div class=\"markdown prose dark:prose-invert w-full wrap-break-word dark markdown-new-styling\">\n<p data-start=\"0\" data-end=\"318\">Quando se fala em <strong>preven\u00e7\u00e3o do <span class=\"hover:entity-accent entity-underline inline cursor-pointer align-baseline\"><span class=\"whitespace-normal\">Alzheimer<\/span><\/span><\/strong>, \u00e9 comum pensar em fatores como alimenta\u00e7\u00e3o, gen\u00e9tica e pr\u00e1tica de exerc\u00edcios.<\/p>\n<p data-start=\"0\" data-end=\"318\">No entanto, estudos t\u00eam apontado que a <strong>profiss\u00e3o exercida ao longo da vida<\/strong> tamb\u00e9m pode influenciar o risco de desenvolver a doen\u00e7a, e os resultados surpreendem.<\/p>\n<h2 data-section-id=\"7efsq\" data-start=\"320\" data-end=\"349\">Profiss\u00f5es com menor risco de Alzheimer<\/h2>\n<p data-start=\"351\" data-end=\"602\">Pesquisas indicam que ocupa\u00e7\u00f5es que exigem<strong> intera\u00e7\u00e3o social constante<\/strong>, <strong>tomada de decis\u00e3o e atividades cognitivas variadas<\/strong> est\u00e3o associadas a um menor risco de Alzheimer. Curiosamente, n\u00e3o s\u00e3o apenas m\u00e9dicos ou cientistas que se destacam nesse aspecto.<\/p>\n<p data-start=\"604\" data-end=\"888\">Profiss\u00f5es como <strong>professores, vendedores, assistentes sociais, gestores e motoristas<\/strong> aparecem entre aquelas com menor incid\u00eancia da doen\u00e7a.<\/p>\n<p data-start=\"604\" data-end=\"888\">Isso acontece porque essas atividades estimulam o c\u00e9rebro de diferentes formas ao longo do tempo, criando uma esp\u00e9cie de reserva cognitiva.<\/p>\n<h2 data-section-id=\"145sqwd\" data-start=\"890\" data-end=\"922\">O papel da estimula\u00e7\u00e3o mental<\/h2>\n<p data-start=\"924\" data-end=\"1173\">A reserva cognitiva \u00e9 a capacidade do c\u00e9rebro de compensar danos ao longo do envelhecimento. Quanto mais ele \u00e9 estimulado, seja por meio de intera\u00e7\u00f5es, resolu\u00e7\u00e3o de problemas ou adapta\u00e7\u00e3o a novas situa\u00e7\u00f5es, maior tende a ser essa prote\u00e7\u00e3o.<\/p>\n<p data-start=\"1175\" data-end=\"1429\">Profiss\u00f5es din\u00e2micas, que exigem comunica\u00e7\u00e3o frequente, aprendizado cont\u00ednuo e flexibilidade, ajudam a fortalecer essas conex\u00f5es neurais.<\/p>\n<p data-start=\"1175\" data-end=\"1429\">Por outro lado, trabalhos muito repetitivos ou com baixa demanda cognitiva podem oferecer menos est\u00edmulo ao c\u00e9rebro.<\/p>\n<h2 data-section-id=\"1npkz5q\" data-start=\"1431\" data-end=\"1462\">Contato social faz diferen\u00e7a<\/h2>\n<p data-start=\"1464\" data-end=\"1696\">Outro fator relevante \u00e9 o n\u00edvel de intera\u00e7\u00e3o social. Pessoas que mant\u00eam contato frequente com outras podem\u00a0 apresentar menor risco de decl\u00ednio cognitivo. Isso porque a conviv\u00eancia estimula mem\u00f3ria, linguagem, empatia e racioc\u00ednio.<\/p>\n<p data-start=\"1698\" data-end=\"1843\">Nesse sentido, carreiras que envolvem atendimento ao p\u00fablico, trabalho em equipe e lideran\u00e7a podem contribuir para a sa\u00fade mental a longo prazo.<\/p>\n<h2 data-section-id=\"brn3gw\" data-start=\"1845\" data-end=\"1874\">Nem s\u00f3 a profiss\u00e3o importa<\/h2>\n<p data-start=\"1876\" data-end=\"2119\">Apesar dos achados, especialistas refor\u00e7am que a profiss\u00e3o, por si s\u00f3, n\u00e3o determina o risco de Alzheimer. H\u00e1 outros fatores importantes, como <strong>h\u00e1bitos de vida, qualidade do sono, alimenta\u00e7\u00e3o equilibrada e pr\u00e1tica regular de atividades f\u00edsicas.<\/strong><\/p>\n<p data-start=\"2121\" data-end=\"2247\">Al\u00e9m disso, manter o c\u00e9rebro ativo fora do trabalho, com leitura, estudos, jogos ou novas habilidades, tamb\u00e9m \u00e9 fundamental.<\/p>\n<h2 data-section-id=\"1n9hius\" data-start=\"2249\" data-end=\"2282\">Um novo olhar sobre o trabalho<\/h2>\n<p data-start=\"2284\" data-end=\"2584\">Esses estudos ajudam a ampliar a compreens\u00e3o sobre o envelhecimento cerebral, mostrando que o dia a dia profissional pode ter impacto na sa\u00fade ao longo dos anos.<\/p>\n<p data-start=\"2284\" data-end=\"2584\">Mais do que o t\u00edtulo da profiss\u00e3o, o que parece fazer diferen\u00e7a \u00e9 o n\u00edvel de est\u00edmulo mental, social e emocional envolvido nas atividades.<\/p>\n<p data-start=\"2586\" data-end=\"2763\" data-is-last-node=\"\" data-is-only-node=\"\">Assim, escolher ou adaptar a rotina de trabalho para incluir mais desafios e intera\u00e7\u00f5es pode ser um aliado importante na preserva\u00e7\u00e3o da mem\u00f3ria e da qualidade de vida no futuro.<\/p>\n<\/div>\n<\/div>\n<\/div>\n<\/div>\n<\/div>\n<\/div>\n<\/section>\n<\/div>\n","protected":false},"excerpt":{"rendered":"<p>Quando se fala em preven\u00e7\u00e3o do Alzheimer, \u00e9 comum pensar em fatores como alimenta\u00e7\u00e3o, gen\u00e9tica e pr\u00e1tica de exerc\u00edcios. No entanto, estudos t\u00eam apontado que a profiss\u00e3o exercida ao longo da vida tamb\u00e9m pode influenciar o risco de desenvolver a doen\u00e7a, e os resultados surpreendem. Profiss\u00f5es com menor risco de Alzheimer Pesquisas indicam que ocupa\u00e7\u00f5es [&hellip;]<\/p>\n","protected":false},"author":5,"featured_media":35892,"comment_status":"open","ping_status":"open","sticky":false,"template":"","format":"standard","meta":{"jnews-multi-image_gallery":[],"jnews_single_post":{"subtitle":"","format":"standard","jnews_video_option_group":[[]],"override":[{"template":"2","parallax":"1","fullscreen":"1","layout":"right-sidebar","sidebar":"default-sidebar","second_sidebar":"default-sidebar","sticky_sidebar":"1","share_position":"hide","share_float_style":"share-monocrhome","show_featured":"1","show_post_meta":"1","show_post_author":"1","show_post_date":"1","post_date_format":"default","post_date_format_custom":"Y\/m\/d","show_post_category":"1","show_post_reading_time":"0","post_reading_time_wpm":"300","post_calculate_word_method":"str_word_count","show_zoom_button":"0","zoom_button_out_step":"2","zoom_button_in_step":"3","show_post_tag":"1","show_popup_post":"1","number_popup_post":"1","show_author_box":"1","show_post_related":"0"}],"image_override":[{"single_post_thumbnail_size":"crop-500","single_post_gallery_size":"crop-500"}],"trending_post_position":"meta","trending_post_label":"Trending","sponsored_post_label":"Sponsored by","disable_ad":"0"},"jnews_primary_category":[],"jnews_override_counter":{"view_counter_number":"0","share_counter_number":"0","like_counter_number":"0","dislike_counter_number":"0"},"jnews_post_split":{"post_split":[{"template":"1","tag":"h2","numbering":"asc","mode":"normal","first":"0","enable_toc":"0","toc_type":"normal"}]},"footnotes":""},"categories":[1],"tags":[1249,681,708],"class_list":["post-35891","post","type-post","status-publish","format-standard","has-post-thumbnail","hentry","category-geral","tag-alzheimer","tag-profissoes","tag-trabalho"],"yoast_head":"<!-- This site is optimized with the Yoast SEO plugin v25.0 - https:\/\/yoast.com\/wordpress\/plugins\/seo\/ -->\n<title>Nem m\u00e9dicos, nem cientistas: as profiss\u00f5es ligadas a menor risco de Alzheimer<\/title>\n<meta name=\"robots\" content=\"index, follow, max-snippet:-1, max-image-preview:large, max-video-preview:-1\" \/>\n<link rel=\"canonical\" href=\"https:\/\/crusoe.audiencelabs.com.br\/nem-medicos-nem-cientistas-as-profissoes-ligadas-a-menor-risco-de-alzheimer\/\" \/>\n<meta property=\"og:locale\" content=\"pt_BR\" \/>\n<meta property=\"og:type\" content=\"article\" \/>\n<meta property=\"og:title\" content=\"Nem m\u00e9dicos, nem cientistas: as profiss\u00f5es ligadas a menor risco de Alzheimer\" \/>\n<meta property=\"og:description\" content=\"Quando se fala em preven\u00e7\u00e3o do Alzheimer, \u00e9 comum pensar em fatores como alimenta\u00e7\u00e3o, gen\u00e9tica e pr\u00e1tica de exerc\u00edcios. No entanto, estudos t\u00eam apontado que a profiss\u00e3o exercida ao longo da vida tamb\u00e9m pode influenciar o risco de desenvolver a doen\u00e7a, e os resultados surpreendem. Profiss\u00f5es com menor risco de Alzheimer Pesquisas indicam que ocupa\u00e7\u00f5es [&hellip;]\" \/>\n<meta property=\"og:url\" content=\"https:\/\/crusoe.audiencelabs.com.br\/nem-medicos-nem-cientistas-as-profissoes-ligadas-a-menor-risco-de-alzheimer\/\" \/>\n<meta property=\"og:site_name\" content=\"Variedades - Cruso\u00e9\" \/>\n<meta property=\"article:published_time\" content=\"2026-04-04T17:34:23+00:00\" \/>\n<meta name=\"author\" content=\"Milena Armando\" \/>\n<meta name=\"twitter:card\" content=\"summary_large_image\" \/>\n<meta name=\"twitter:label1\" content=\"Escrito por\" \/>\n\t<meta name=\"twitter:data1\" content=\"Milena Armando\" \/>\n\t<meta name=\"twitter:label2\" content=\"Est. tempo de leitura\" \/>\n\t<meta name=\"twitter:data2\" content=\"3 minutos\" \/>\n<script type=\"application\/ld+json\" class=\"yoast-schema-graph\">{\"@context\":\"https:\/\/schema.org\",\"@graph\":[{\"@type\":\"WebPage\",\"@id\":\"https:\/\/crusoe.audiencelabs.com.br\/nem-medicos-nem-cientistas-as-profissoes-ligadas-a-menor-risco-de-alzheimer\/\",\"url\":\"https:\/\/crusoe.audiencelabs.com.br\/nem-medicos-nem-cientistas-as-profissoes-ligadas-a-menor-risco-de-alzheimer\/\",\"name\":\"Nem m\u00e9dicos, nem cientistas: as profiss\u00f5es ligadas a menor risco de Alzheimer\",\"isPartOf\":{\"@id\":\"https:\/\/crusoe.audiencelabs.com.br\/#website\"},\"primaryImageOfPage\":{\"@id\":\"https:\/\/crusoe.audiencelabs.com.br\/nem-medicos-nem-cientistas-as-profissoes-ligadas-a-menor-risco-de-alzheimer\/#primaryimage\"},\"image\":{\"@id\":\"https:\/\/crusoe.audiencelabs.com.br\/nem-medicos-nem-cientistas-as-profissoes-ligadas-a-menor-risco-de-alzheimer\/#primaryimage\"},\"thumbnailUrl\":\"https:\/\/cdn.crusoe.com.br\/uploads\/2026\/03\/demencia-em-idosos-perda-de-memoria-conscientizacao-de-alzheimer-doenca-de-parkinson_874904-121678.avif\",\"datePublished\":\"2026-04-04T17:34:23+00:00\",\"author\":{\"@id\":\"https:\/\/crusoe.audiencelabs.com.br\/#\/schema\/person\/f87f73cfe89e5360de2c006bd4bd6a74\"},\"breadcrumb\":{\"@id\":\"https:\/\/crusoe.audiencelabs.com.br\/nem-medicos-nem-cientistas-as-profissoes-ligadas-a-menor-risco-de-alzheimer\/#breadcrumb\"},\"inLanguage\":\"pt-BR\",\"potentialAction\":[{\"@type\":\"ReadAction\",\"target\":[\"https:\/\/crusoe.audiencelabs.com.br\/nem-medicos-nem-cientistas-as-profissoes-ligadas-a-menor-risco-de-alzheimer\/\"]}]},{\"@type\":\"ImageObject\",\"inLanguage\":\"pt-BR\",\"@id\":\"https:\/\/crusoe.audiencelabs.com.br\/nem-medicos-nem-cientistas-as-profissoes-ligadas-a-menor-risco-de-alzheimer\/#primaryimage\",\"url\":\"https:\/\/cdn.crusoe.com.br\/uploads\/2026\/03\/demencia-em-idosos-perda-de-memoria-conscientizacao-de-alzheimer-doenca-de-parkinson_874904-121678.avif\",\"contentUrl\":\"https:\/\/cdn.crusoe.com.br\/uploads\/2026\/03\/demencia-em-idosos-perda-de-memoria-conscientizacao-de-alzheimer-doenca-de-parkinson_874904-121678.avif\",\"width\":740,\"height\":415,\"caption\":\"Reprodu\u00e7\u00e3o: Freepik\"},{\"@type\":\"BreadcrumbList\",\"@id\":\"https:\/\/crusoe.audiencelabs.com.br\/nem-medicos-nem-cientistas-as-profissoes-ligadas-a-menor-risco-de-alzheimer\/#breadcrumb\",\"itemListElement\":[{\"@type\":\"ListItem\",\"position\":1,\"name\":\"Home\",\"item\":\"https:\/\/crusoe.audiencelabs.com.br\/\"},{\"@type\":\"ListItem\",\"position\":2,\"name\":\"Nem m\u00e9dicos, nem cientistas: as profiss\u00f5es ligadas a menor risco de Alzheimer\"}]},{\"@type\":\"WebSite\",\"@id\":\"https:\/\/crusoe.audiencelabs.com.br\/#website\",\"url\":\"https:\/\/crusoe.audiencelabs.com.br\/\",\"name\":\"Variedades - Cruso\u00e9\",\"description\":\"\",\"potentialAction\":[{\"@type\":\"SearchAction\",\"target\":{\"@type\":\"EntryPoint\",\"urlTemplate\":\"https:\/\/crusoe.audiencelabs.com.br\/?s={search_term_string}\"},\"query-input\":{\"@type\":\"PropertyValueSpecification\",\"valueRequired\":true,\"valueName\":\"search_term_string\"}}],\"inLanguage\":\"pt-BR\"},{\"@type\":\"Person\",\"@id\":\"https:\/\/crusoe.audiencelabs.com.br\/#\/schema\/person\/f87f73cfe89e5360de2c006bd4bd6a74\",\"name\":\"Milena Armando\",\"image\":{\"@type\":\"ImageObject\",\"inLanguage\":\"pt-BR\",\"@id\":\"https:\/\/crusoe.audiencelabs.com.br\/#\/schema\/person\/image\/\",\"url\":\"https:\/\/secure.gravatar.com\/avatar\/ea14ecddc9e9d202b698b18f9f69e09c9fd74cfbed5c6008d55f11faefdbdab7?s=96&d=mm&r=g\",\"contentUrl\":\"https:\/\/secure.gravatar.com\/avatar\/ea14ecddc9e9d202b698b18f9f69e09c9fd74cfbed5c6008d55f11faefdbdab7?s=96&d=mm&r=g\",\"caption\":\"Milena Armando\"},\"description\":\"Jornalista, redatora e revisora.\",\"url\":\"https:\/\/crusoe.audiencelabs.com.br\/author\/milena\/\"}]}<\/script>\n<!-- \/ Yoast SEO plugin. -->","yoast_head_json":{"title":"Nem m\u00e9dicos, nem cientistas: as profiss\u00f5es ligadas a menor risco de Alzheimer","robots":{"index":"index","follow":"follow","max-snippet":"max-snippet:-1","max-image-preview":"max-image-preview:large","max-video-preview":"max-video-preview:-1"},"canonical":"https:\/\/crusoe.audiencelabs.com.br\/nem-medicos-nem-cientistas-as-profissoes-ligadas-a-menor-risco-de-alzheimer\/","og_locale":"pt_BR","og_type":"article","og_title":"Nem m\u00e9dicos, nem cientistas: as profiss\u00f5es ligadas a menor risco de Alzheimer","og_description":"Quando se fala em preven\u00e7\u00e3o do Alzheimer, \u00e9 comum pensar em fatores como alimenta\u00e7\u00e3o, gen\u00e9tica e pr\u00e1tica de exerc\u00edcios. No entanto, estudos t\u00eam apontado que a profiss\u00e3o exercida ao longo da vida tamb\u00e9m pode influenciar o risco de desenvolver a doen\u00e7a, e os resultados surpreendem. Profiss\u00f5es com menor risco de Alzheimer Pesquisas indicam que ocupa\u00e7\u00f5es [&hellip;]","og_url":"https:\/\/crusoe.audiencelabs.com.br\/nem-medicos-nem-cientistas-as-profissoes-ligadas-a-menor-risco-de-alzheimer\/","og_site_name":"Variedades - Cruso\u00e9","article_published_time":"2026-04-04T17:34:23+00:00","author":"Milena Armando","twitter_card":"summary_large_image","twitter_misc":{"Escrito por":"Milena Armando","Est. tempo de leitura":"3 minutos"},"schema":{"@context":"https:\/\/schema.org","@graph":[{"@type":"WebPage","@id":"https:\/\/crusoe.audiencelabs.com.br\/nem-medicos-nem-cientistas-as-profissoes-ligadas-a-menor-risco-de-alzheimer\/","url":"https:\/\/crusoe.audiencelabs.com.br\/nem-medicos-nem-cientistas-as-profissoes-ligadas-a-menor-risco-de-alzheimer\/","name":"Nem m\u00e9dicos, nem cientistas: as profiss\u00f5es ligadas a menor risco de Alzheimer","isPartOf":{"@id":"https:\/\/crusoe.audiencelabs.com.br\/#website"},"primaryImageOfPage":{"@id":"https:\/\/crusoe.audiencelabs.com.br\/nem-medicos-nem-cientistas-as-profissoes-ligadas-a-menor-risco-de-alzheimer\/#primaryimage"},"image":{"@id":"https:\/\/crusoe.audiencelabs.com.br\/nem-medicos-nem-cientistas-as-profissoes-ligadas-a-menor-risco-de-alzheimer\/#primaryimage"},"thumbnailUrl":"https:\/\/cdn.crusoe.com.br\/uploads\/2026\/03\/demencia-em-idosos-perda-de-memoria-conscientizacao-de-alzheimer-doenca-de-parkinson_874904-121678.avif","datePublished":"2026-04-04T17:34:23+00:00","author":{"@id":"https:\/\/crusoe.audiencelabs.com.br\/#\/schema\/person\/f87f73cfe89e5360de2c006bd4bd6a74"},"breadcrumb":{"@id":"https:\/\/crusoe.audiencelabs.com.br\/nem-medicos-nem-cientistas-as-profissoes-ligadas-a-menor-risco-de-alzheimer\/#breadcrumb"},"inLanguage":"pt-BR","potentialAction":[{"@type":"ReadAction","target":["https:\/\/crusoe.audiencelabs.com.br\/nem-medicos-nem-cientistas-as-profissoes-ligadas-a-menor-risco-de-alzheimer\/"]}]},{"@type":"ImageObject","inLanguage":"pt-BR","@id":"https:\/\/crusoe.audiencelabs.com.br\/nem-medicos-nem-cientistas-as-profissoes-ligadas-a-menor-risco-de-alzheimer\/#primaryimage","url":"https:\/\/cdn.crusoe.com.br\/uploads\/2026\/03\/demencia-em-idosos-perda-de-memoria-conscientizacao-de-alzheimer-doenca-de-parkinson_874904-121678.avif","contentUrl":"https:\/\/cdn.crusoe.com.br\/uploads\/2026\/03\/demencia-em-idosos-perda-de-memoria-conscientizacao-de-alzheimer-doenca-de-parkinson_874904-121678.avif","width":740,"height":415,"caption":"Reprodu\u00e7\u00e3o: Freepik"},{"@type":"BreadcrumbList","@id":"https:\/\/crusoe.audiencelabs.com.br\/nem-medicos-nem-cientistas-as-profissoes-ligadas-a-menor-risco-de-alzheimer\/#breadcrumb","itemListElement":[{"@type":"ListItem","position":1,"name":"Home","item":"https:\/\/crusoe.audiencelabs.com.br\/"},{"@type":"ListItem","position":2,"name":"Nem m\u00e9dicos, nem cientistas: as profiss\u00f5es ligadas a menor risco de Alzheimer"}]},{"@type":"WebSite","@id":"https:\/\/crusoe.audiencelabs.com.br\/#website","url":"https:\/\/crusoe.audiencelabs.com.br\/","name":"Variedades - Cruso\u00e9","description":"","potentialAction":[{"@type":"SearchAction","target":{"@type":"EntryPoint","urlTemplate":"https:\/\/crusoe.audiencelabs.com.br\/?s={search_term_string}"},"query-input":{"@type":"PropertyValueSpecification","valueRequired":true,"valueName":"search_term_string"}}],"inLanguage":"pt-BR"},{"@type":"Person","@id":"https:\/\/crusoe.audiencelabs.com.br\/#\/schema\/person\/f87f73cfe89e5360de2c006bd4bd6a74","name":"Milena Armando","image":{"@type":"ImageObject","inLanguage":"pt-BR","@id":"https:\/\/crusoe.audiencelabs.com.br\/#\/schema\/person\/image\/","url":"https:\/\/secure.gravatar.com\/avatar\/ea14ecddc9e9d202b698b18f9f69e09c9fd74cfbed5c6008d55f11faefdbdab7?s=96&d=mm&r=g","contentUrl":"https:\/\/secure.gravatar.com\/avatar\/ea14ecddc9e9d202b698b18f9f69e09c9fd74cfbed5c6008d55f11faefdbdab7?s=96&d=mm&r=g","caption":"Milena Armando"},"description":"Jornalista, redatora e revisora.","url":"https:\/\/crusoe.audiencelabs.com.br\/author\/milena\/"}]}},"_links":{"self":[{"href":"https:\/\/crusoe.audiencelabs.com.br\/wp-json\/wp\/v2\/posts\/35891","targetHints":{"allow":["GET"]}}],"collection":[{"href":"https:\/\/crusoe.audiencelabs.com.br\/wp-json\/wp\/v2\/posts"}],"about":[{"href":"https:\/\/crusoe.audiencelabs.com.br\/wp-json\/wp\/v2\/types\/post"}],"author":[{"embeddable":true,"href":"https:\/\/crusoe.audiencelabs.com.br\/wp-json\/wp\/v2\/users\/5"}],"replies":[{"embeddable":true,"href":"https:\/\/crusoe.audiencelabs.com.br\/wp-json\/wp\/v2\/comments?post=35891"}],"version-history":[{"count":3,"href":"https:\/\/crusoe.audiencelabs.com.br\/wp-json\/wp\/v2\/posts\/35891\/revisions"}],"predecessor-version":[{"id":35974,"href":"https:\/\/crusoe.audiencelabs.com.br\/wp-json\/wp\/v2\/posts\/35891\/revisions\/35974"}],"wp:featuredmedia":[{"embeddable":true,"href":"https:\/\/crusoe.audiencelabs.com.br\/wp-json\/wp\/v2\/media\/35892"}],"wp:attachment":[{"href":"https:\/\/crusoe.audiencelabs.com.br\/wp-json\/wp\/v2\/media?parent=35891"}],"wp:term":[{"taxonomy":"category","embeddable":true,"href":"https:\/\/crusoe.audiencelabs.com.br\/wp-json\/wp\/v2\/categories?post=35891"},{"taxonomy":"post_tag","embeddable":true,"href":"https:\/\/crusoe.audiencelabs.com.br\/wp-json\/wp\/v2\/tags?post=35891"}],"curies":[{"name":"wp","href":"https:\/\/api.w.org\/{rel}","templated":true}]}}