{"id":35875,"date":"2026-03-31T21:07:27","date_gmt":"2026-04-01T00:07:27","guid":{"rendered":"https:\/\/crusoe.audiencelabs.com.br\/?p=35875"},"modified":"2026-03-31T17:29:17","modified_gmt":"2026-03-31T20:29:17","slug":"quando-sera-a-estreia-de-avenida-brasil-2-globo-ja-tem-uma-data-em-mente","status":"publish","type":"post","link":"https:\/\/crusoe.audiencelabs.com.br\/quando-sera-a-estreia-de-avenida-brasil-2-globo-ja-tem-uma-data-em-mente\/","title":{"rendered":"Quando ser\u00e1 a estreia de Avenida Brasil 2? Globo j\u00e1 tem uma data em mente"},"content":{"rendered":"<div class=\"flex flex-col text-sm pb-25\">\n<section class=\"text-token-text-primary w-full focus:outline-none [--shadow-height:45px] has-data-writing-block:pointer-events-none has-data-writing-block:-mt-(--shadow-height) has-data-writing-block:pt-(--shadow-height) [&amp;:has([data-writing-block])&gt;*]:pointer-events-auto scroll-mt-[calc(var(--header-height)+min(200px,max(70px,20svh)))]\" dir=\"auto\" data-turn-id=\"request-WEB:c6978287-b90f-4615-8597-57189816beea-20\" data-testid=\"conversation-turn-16\" data-scroll-anchor=\"true\" data-turn=\"assistant\">\n<div class=\"text-base my-auto mx-auto pb-10 [--thread-content-margin:var(--thread-content-margin-xs,calc(var(--spacing)*4))] @w-sm\/main:[--thread-content-margin:var(--thread-content-margin-sm,calc(var(--spacing)*6))] @w-lg\/main:[--thread-content-margin:var(--thread-content-margin-lg,calc(var(--spacing)*16))] px-(--thread-content-margin)\">\n<div class=\"[--thread-content-max-width:40rem] @w-lg\/main:[--thread-content-max-width:48rem] mx-auto max-w-(--thread-content-max-width) flex-1 group\/turn-messages focus-visible:outline-hidden relative flex w-full min-w-0 flex-col agent-turn\">\n<div class=\"flex max-w-full flex-col gap-4 grow\">\n<div class=\"min-h-8 text-message relative flex w-full flex-col items-end gap-2 text-start break-words whitespace-normal outline-none keyboard-focused:focus-ring [.text-message+&amp;]:mt-1\" dir=\"auto\" data-message-author-role=\"assistant\" data-message-id=\"ec64f66a-e7d5-441b-ad84-278cf41f19a4\" data-message-model-slug=\"gpt-5-3\" data-turn-start-message=\"true\">\n<div class=\"flex w-full flex-col gap-1 empty:hidden\">\n<div class=\"markdown prose dark:prose-invert w-full wrap-break-word dark markdown-new-styling\">\n<p data-start=\"0\" data-end=\"356\">A <span class=\"hover:entity-accent entity-underline inline cursor-pointer align-baseline\"><span class=\"whitespace-normal\">TV <strong>Globo<\/strong><\/span><\/span> colocou novamente no ar a novela <strong><span class=\"hover:entity-accent entity-underline inline cursor-pointer align-baseline\"><span class=\"whitespace-normal\">Avenida Brasil<\/span><\/span><\/strong> como parte da divulga\u00e7\u00e3o de sua continua\u00e7\u00e3o, prevista para estrear em janeiro de 2027.<\/p>\n<p data-start=\"0\" data-end=\"356\">A reprise passou a integrar a faixa <strong>Vale a Pena Ver de Novo<\/strong>, com a proposta de reapresentar a hist\u00f3ria ao p\u00fablico e refor\u00e7ar o interesse pela nova produ\u00e7\u00e3o.<\/p>\n<h2 data-section-id=\"zt8yf1\" data-start=\"358\" data-end=\"399\">Reprise como estrat\u00e9gia de programa\u00e7\u00e3o<\/h2>\n<p data-start=\"401\" data-end=\"796\">A reexibi\u00e7\u00e3o da novela segue uma pr\u00e1tica comum na televis\u00e3o, de recuperar t\u00edtulos de grande repercuss\u00e3o antes de <a href=\"https:\/\/crusoe.audiencelabs.com.br\/redencao-traicao-e-recomeco-vazou-qual-vai-ser-a-historia-de-avenida-brasil-2\/\">novos lan\u00e7amentos<\/a>.<\/p>\n<p data-start=\"401\" data-end=\"796\">Para essa nova exibi\u00e7\u00e3o, a trama foi levemente adaptada, passando de 179 para 175 cap\u00edtulos, o que permite uma exibi\u00e7\u00e3o mais ajustada \u00e0 grade atual. A previs\u00e3o \u00e9 que a novela permane\u00e7a no ar at\u00e9 outubro.<\/p>\n<p data-start=\"401\" data-end=\"796\">Durante esse per\u00edodo, o p\u00fablico poder\u00e1 rever personagens centrais como <strong><span class=\"hover:entity-accent entity-underline inline cursor-pointer align-baseline\"><span class=\"whitespace-normal\">Carminha<\/span><\/span> <\/strong>e <strong><span class=\"hover:entity-accent entity-underline inline cursor-pointer align-baseline\"><span class=\"whitespace-normal\">Nina<\/span><\/span><\/strong>, que tiveram papel importante no sucesso da obra.<\/p>\n<p data-start=\"798\" data-end=\"1165\">Exibida originalmente em 2012, a novela registrou \u00edndices expressivos de audi\u00eancia e ampla repercuss\u00e3o, incluindo um dos finais mais assistidos da televis\u00e3o brasileira.<\/p>\n<h2 data-section-id=\"wicpyo\" data-start=\"1167\" data-end=\"1200\">Continua\u00e7\u00e3o prevista para 2027<\/h2>\n<style>@media (min-width: 992px) {\n    .recomendadorV2Area1 {\n        width: 280px;\n    }\n    .recomendadorV2Area2 {\n        padding: 0px 20px;\n        width: calc(100% - 280px);\n    }\n}\n\n@media (max-width: 992px) {\n    .recomendadorV2Button {\n        margin: 0 auto;\n    }\n    .recomendadorV2Area {\n        flex-direction: column;\n        text-align: center;\n    }\n    .recomendadorV2Area2 {\n        padding: 0px 20px;\n    }\n}\n\n.recomendadorV2Area {\n    background: #eeeeee3d;\n    border-radius: 10px;\n    padding: 15px;\n    display: flex;\n    margin: 15px auto;\n    border: 1px solid #00000014;\n    max-width: 800px;\n}\n\n.recomendadorV2Area1 img {\n    width: 280px;\n    height: auto;\n    border-radius: 8px;\n}\n\n.linkrecomendadorv2 {\n    text-decoration: none !important;\n}\n\n.recomendadorV2Area2 .recomendadorV2Type {\n    text-transform: uppercase;\n    font-weight: 500;\n    font-size: 11px;\n    letter-spacing: 2px;\n    color: #666;\n    margin: 12px 0;\n    display: block;\n}\n\n.recomendadorV2Title h2 {\n    padding-top: 0px !important;\n    margin: 0px !important;\n    border-left: none !important;\n    padding-left: 0px !important;\n    line-height: 1.3;\n    color: #000 !important;\n    font-size: 24px;\n    margin-bottom: 12px !important;\n}\n\n.recomendadorV2Desc {\n    color: #333;\n    margin: 12px 0px !important;\n    font-size: 15px;\n    line-height: 1.5;\n}\n\n.recomendadorV2Button {\n    width: auto;\n    max-width: 200px;\n    margin: 0;\n    display: inline-flex;\n    align-items: center;\n    background: #1D3557;\n    border-radius: 8px;\n    color: #fff;\n    height: 36px;\n    justify-content: center;\n    text-align: center;\n    font-size: 14px;\n    padding: 0 20px;\n    transition: background-color 0.2s ease;\n}\n\n.recomendadorV2Button:hover {\n    background: #2a4d7a;\n}\n\n.recomendadorV2Button:after {\n    margin-top: -2px;\n    content: \"\u2192\";\n    padding: 0px 0px 0px 8px;\n}\n\n.recomendadorV2Alert {\n    text-align: left;\n    font-size: 11px;\n    margin-top: 8px;\n    color: #666;\n}\n\n.recomendadorFixedArea {\n    width: 100%;\n    display: flex;\n    justify-content: center;\n    align-items: center;\n}\n\n@media (min-width: 992px) {\n    #recomendadorFixed {\n        width: 32% !important;\n        left: 5%;\n    }\n    .recomendadorCloseFixed{\n        right: inherit !important;\n        left: 378px !important;\n    }\n}\n\n#recomendadorFixed {\n    width: 90%;\n    box-shadow: 0 10px 20px 0px #00000057;\n    display: none;\n    height: 90px;\n    background: #F6F6F6;\n    position: fixed;\n    flex-direction: row;\n    bottom: 10px;\n    z-index: 9999;\n    border-radius: 16px;\n    padding: 7px 10px;\n}\n\n.recomendadorLeftArea {\n    width: 160px;\n}\n\n.recomendadorRightArea h2 {\n    padding-top: 0px;\n    margin: 2px 0px 4px 0px !important;\n    font-weight: 400;\n    text-align: center;\n    padding-left: 0px !important;\n    color: #000 !important;\n    border-left: none !important;\n    line-height: 20px;\n    font-size: 12px !important;\n}\n\n.recomendadorImgFixed {\n    overflow: hidden;\n    padding: 8px 6px;\n    height: 100%;\n}\n\n.recomendadorImgFixed img {\n    height: 100% !important;\n    border-radius: 16px;\n}\n\n.recomendadorRightArea {\n    padding-top: 6px;\n    display: flex;\n    width: calc(100% - 130px);\n    justify-content: space-between;\n    align-items: center;\n    flex-direction: column;\n}\n\n.recomendadorButtonFixed {\n    margin: 0 auto;\n    background: #1D3557;\n    width: 80%;\n    text-align: center;\n    font-size: 10px;\n    color: #FFF;\n    padding: 2px 10px;\n    border-radius: 3px;\n}\n\n.recomendadorButtonFixed:after {\n    margin-top: -3px;\n    content: \"\u2192\";\n    padding: 0px 0px 0px 10px;\n}\n\n.recomendadorAlertFixed {\n    font-weight: 400;\n    text-align: center;\n    color: #484848;\n    font-size: 8px;\n}\n\n.recomendadorCloseFixed {\n    z-index: 99999;\n    display: none;\n    right: 0px;\n    left: inherit;\n    bottom: 99px;\n    position: fixed;\n    justify-content: center;\n    background: #F6F6F6;\n    width: 25px;\n    align-items: center;\n    height: 25px;\n    font-weight: 800;\n    border-radius: 50%;\n    border: 1px solid #EBEBEB;\n}\n\n.recomendadorV2Desc{\n    color: #000000;\n    margin: 20px 0px;\n}\n\n@media (max-width: 576px) {\n    .recomendadorV2Area {\n      padding: 10px;\n      max-width: 100%;\n    }\n  \n    .recomendadorV2Area1 img {\n      width: 100%;\n      border-radius: 6px;\n    }\n  \n    .recomendadorV2Area2 .recomendadorV2Type {\n      font-size: 9px;\n      letter-spacing: 1px;\n      margin: 8px 0;\n    }\n  \n    .recomendadorV2Title h2 {\n      font-size: 18px !important;\n      margin-bottom: 8px !important;\n      line-height: 1.2;\n    }\n  \n    .recomendadorV2Desc {\n      font-size: 14px;\n      margin: 8px 0 !important;\n      line-height: 1.4;\n    }\n  \n    .recomendadorV2Button {\n      font-size: 14px;\n      height: 40px;\n      padding: 0 12px;\n      max-width: 100%;\n      width: 100%;\n    }\n  \n    .recomendadorV2Button:after {\n      padding-left: 6px;\n    }\n  }\n  <\/style>\n        <div class=\"lazyblock-recomendador-v2-2jDGz wp-block-lazyblock-recomendador-v2\">\n        <a class=\"linkrecomendadorv2\" href=\"https:\/\/crusoe.com.br\/variedades\/nem-o-retorno-de-avenida-brasil-muda-isso-essa-e-a-novela-mais-assistida-da-globo\/?utm_source=lazy\">\n            <div class=\"recomendadorV2Area\">\n            <div class=\"recomendadorV2Area1\">\n                <div class=\"recomendadorV2Img\">\n                <img class=\"lazyloaded\" decoding=\"async\" src=\"https:\/\/cdn.crusoe.com.br\/uploads\/2026\/03\/casal-assistindo-tv_1210371-3139-740x375.jpg\" data-src=\"https:\/\/cdn.crusoe.com.br\/uploads\/2026\/03\/casal-assistindo-tv_1210371-3139-740x375.jpg\" alt=\"\">\n                <\/div>\n            <\/div>\n            <div class=\"recomendadorV2Area2\">\n                <div class=\"recomendadorV2Type\">\n                    <span>Recorde Globo<\/span>\n                <\/div>\n                <div class=\"recomendadorV2Title\">\n                <h2><span>Novela l\u00edder \ud83d\udcfa<\/span><\/h2>\n                <\/div>\n                <div class=\"recomendadorV2Desc\">\n                <span>Essa trama supera at\u00e9 Avenida Brasil<\/span>\n                <\/div>\n                <div class=\"recomendadorV2Button\">Descubra<\/div>\n                <div class=\"recomendadorV2Alert\"><\/div>\n            <\/div>\n            <\/div>\n        <\/a>\n        <div>\n            <div style=\"z-index:99999;\" id=\"buttonClose\" onclick=\"closeRecomendadorFixed()\">\n            <div class=\"recomendadorCloseFixed\">X<\/div>\n            <\/div>\n            <a href=\"https:\/\/crusoe.com.br\/variedades\/nem-o-retorno-de-avenida-brasil-muda-isso-essa-e-a-novela-mais-assistida-da-globo\/?utm_source=lazy\">\n            <div class=\"recomendadorFixedArea\">\n                <div id=\"recomendadorFixed\">\n                <div class=\"recomendadorLeftArea\">\n                    <div class=\"recomendadorImgFixed\">\n                    <img class=\"lazyload\" decoding=\"async\" src=\"https:\/\/cdn.crusoe.com.br\/uploads\/2026\/03\/casal-assistindo-tv_1210371-3139-740x375.jpg\" alt=\"\">\n                    <\/div>\n                <\/div>\n                <div class=\"recomendadorRightArea\">\n                    <div class=\"recomendadorTitleFixed\">\n                    <h2><span>Novela l\u00edder \ud83d\udcfa<\/span><\/h2>\n                    <\/div>\n                    <div class=\"recomendadorButtonFixed\">Descubra<\/div>\n                    <div class=\"recomendadorAlertFixed\"><\/div>\n                <\/div>\n                <\/div>\n            <\/div>\n            <\/a>\n        <\/div>\n        <\/div>\n<p data-start=\"1202\" data-end=\"1480\">A sequ\u00eancia da novela tem estreia prevista para<strong> janeiro de 2027<\/strong> e deve ocupar o hor\u00e1rio nobre da emissora.<\/p>\n<p data-start=\"1202\" data-end=\"1480\">O projeto ser\u00e1 novamente conduzido por <span class=\"hover:entity-accent entity-underline inline cursor-pointer align-baseline\"><span class=\"whitespace-normal\">Jo\u00e3o Emanuel Carneiro<\/span><\/span>, respons\u00e1vel pela vers\u00e3o original, com dire\u00e7\u00e3o de <span class=\"hover:entity-accent entity-underline inline cursor-pointer align-baseline\"><span class=\"whitespace-normal\">Ricardo Waddington<\/span><\/span>.<\/p>\n<p data-start=\"1482\" data-end=\"1761\">A nova trama deve retomar o universo dos personagens j\u00e1 conhecidos, com foco na fam\u00edlia de Tuf\u00e3o. Parte do elenco original j\u00e1 foi confirmada, incluindo <span class=\"hover:entity-accent entity-underline inline cursor-pointer align-baseline\"><span class=\"whitespace-normal\">Adriana Esteves<\/span><\/span> e <span class=\"hover:entity-accent entity-underline inline cursor-pointer align-baseline\"><span class=\"whitespace-normal\">Murilo Ben\u00edcio<\/span><\/span>, enquanto outros nomes ainda est\u00e3o em negocia\u00e7\u00e3o.<\/p>\n<h2 data-section-id=\"11au76o\" data-start=\"1763\" data-end=\"1788\">Expectativas e alcance da Avenida Brasil<\/h2>\n<p data-start=\"1790\" data-end=\"2107\">Avenida Brasil se tornou uma das produ\u00e7\u00f5es brasileiras de maior circula\u00e7\u00e3o internacional, sendo exibida em diversos pa\u00edses ao longo dos anos.<\/p>\n<p data-start=\"1790\" data-end=\"2107\">Esse hist\u00f3rico contribui para a expectativa em torno da continua\u00e7\u00e3o, que deve dialogar tanto com quem acompanhou a novela na exibi\u00e7\u00e3o original quanto com novos espectadores.<\/p>\n<p data-start=\"2109\" data-end=\"2418\" data-is-last-node=\"\" data-is-only-node=\"\">Nesse contexto, a reprise funciona como uma forma de contextualizar a hist\u00f3ria e reaproximar o p\u00fablico dos principais conflitos e personagens.<\/p>\n<p data-start=\"2109\" data-end=\"2418\" data-is-last-node=\"\" data-is-only-node=\"\">A estrat\u00e9gia tamb\u00e9m acompanha mudan\u00e7as no consumo de conte\u00fado, considerando a presen\u00e7a de plataformas digitais e diferentes formas de acesso \u00e0 programa\u00e7\u00e3o televisiva.<\/p>\n<\/div>\n<\/div>\n<\/div>\n<\/div>\n<\/div>\n<\/div>\n<\/section>\n<\/div>\n","protected":false},"excerpt":{"rendered":"<p>A TV Globo colocou novamente no ar a novela Avenida Brasil como parte da divulga\u00e7\u00e3o de sua continua\u00e7\u00e3o, prevista para estrear em janeiro de 2027. A reprise passou a integrar a faixa Vale a Pena Ver de Novo, com a proposta de reapresentar a hist\u00f3ria ao p\u00fablico e refor\u00e7ar o interesse pela nova produ\u00e7\u00e3o. Reprise [&hellip;]<\/p>\n","protected":false},"author":5,"featured_media":35876,"comment_status":"open","ping_status":"open","sticky":false,"template":"","format":"standard","meta":{"jnews-multi-image_gallery":[],"jnews_single_post":{"subtitle":"","format":"standard","jnews_video_option_group":[[]],"override":[{"template":"2","parallax":"1","fullscreen":"1","layout":"right-sidebar","sidebar":"default-sidebar","second_sidebar":"default-sidebar","sticky_sidebar":"1","share_position":"hide","share_float_style":"share-monocrhome","show_featured":"1","show_post_meta":"1","show_post_author":"1","show_post_date":"1","post_date_format":"default","post_date_format_custom":"Y\/m\/d","show_post_category":"1","show_post_reading_time":"0","post_reading_time_wpm":"300","post_calculate_word_method":"str_word_count","show_zoom_button":"0","zoom_button_out_step":"2","zoom_button_in_step":"3","show_post_tag":"1","show_popup_post":"1","number_popup_post":"1","show_author_box":"1","show_post_related":"0"}],"image_override":[{"single_post_thumbnail_size":"crop-500","single_post_gallery_size":"crop-500"}],"trending_post_position":"meta","trending_post_label":"Trending","sponsored_post_label":"Sponsored by","disable_ad":"0"},"jnews_primary_category":[],"jnews_override_counter":{"view_counter_number":"0","share_counter_number":"0","like_counter_number":"0","dislike_counter_number":"0"},"jnews_post_split":{"post_split":[{"template":"1","tag":"h2","numbering":"asc","mode":"normal","first":"0","enable_toc":"0","toc_type":"normal"}]},"footnotes":""},"categories":[1],"tags":[4357,87,4089,4091],"class_list":["post-35875","post","type-post","status-publish","format-standard","has-post-thumbnail","hentry","category-geral","tag-avenida-brasil-2","tag-globo","tag-novela","tag-reprise"],"yoast_head":"<!-- This site is optimized with the Yoast SEO plugin v25.0 - https:\/\/yoast.com\/wordpress\/plugins\/seo\/ -->\n<title>Quando ser\u00e1 a estreia de Avenida Brasil 2? Globo j\u00e1 tem uma data em mente<\/title>\n<meta name=\"description\" content=\"A TV Globo colocou novamente no ar a novela Avenida Brasil como parte da divulga\u00e7\u00e3o de sua continua\u00e7\u00e3o, prevista para estrear...\" \/>\n<meta name=\"robots\" content=\"index, follow, max-snippet:-1, max-image-preview:large, max-video-preview:-1\" \/>\n<link rel=\"canonical\" href=\"https:\/\/crusoe.audiencelabs.com.br\/quando-sera-a-estreia-de-avenida-brasil-2-globo-ja-tem-uma-data-em-mente\/\" \/>\n<meta property=\"og:locale\" content=\"pt_BR\" \/>\n<meta property=\"og:type\" content=\"article\" \/>\n<meta property=\"og:title\" content=\"Quando ser\u00e1 a estreia de Avenida Brasil 2? Globo j\u00e1 tem uma data em mente\" \/>\n<meta property=\"og:description\" content=\"A TV Globo colocou novamente no ar a novela Avenida Brasil como parte da divulga\u00e7\u00e3o de sua continua\u00e7\u00e3o, prevista para estrear...\" \/>\n<meta property=\"og:url\" content=\"https:\/\/crusoe.audiencelabs.com.br\/quando-sera-a-estreia-de-avenida-brasil-2-globo-ja-tem-uma-data-em-mente\/\" \/>\n<meta property=\"og:site_name\" content=\"Variedades - Cruso\u00e9\" \/>\n<meta property=\"article:published_time\" content=\"2026-04-01T00:07:27+00:00\" \/>\n<meta property=\"og:image\" content=\"https:\/\/cdn.crusoe.com.br\/uploads\/2026\/03\/Tufao-Murilo-Benicio-e-Carminha-Adriana-Esteves_Renato-Rocha-Miranda.JPG-scaled-e1774954218127.webp\" \/>\n\t<meta property=\"og:image:width\" content=\"2385\" \/>\n\t<meta property=\"og:image:height\" content=\"1502\" \/>\n\t<meta property=\"og:image:type\" content=\"image\/webp\" \/>\n<meta name=\"author\" content=\"Milena Armando\" \/>\n<meta name=\"twitter:card\" content=\"summary_large_image\" \/>\n<meta name=\"twitter:label1\" content=\"Escrito por\" \/>\n\t<meta name=\"twitter:data1\" content=\"Milena Armando\" \/>\n\t<meta name=\"twitter:label2\" content=\"Est. tempo de leitura\" \/>\n\t<meta name=\"twitter:data2\" content=\"3 minutos\" \/>\n<script type=\"application\/ld+json\" class=\"yoast-schema-graph\">{\"@context\":\"https:\/\/schema.org\",\"@graph\":[{\"@type\":\"WebPage\",\"@id\":\"https:\/\/crusoe.audiencelabs.com.br\/quando-sera-a-estreia-de-avenida-brasil-2-globo-ja-tem-uma-data-em-mente\/\",\"url\":\"https:\/\/crusoe.audiencelabs.com.br\/quando-sera-a-estreia-de-avenida-brasil-2-globo-ja-tem-uma-data-em-mente\/\",\"name\":\"Quando ser\u00e1 a estreia de Avenida Brasil 2? Globo j\u00e1 tem uma data em mente\",\"isPartOf\":{\"@id\":\"https:\/\/crusoe.audiencelabs.com.br\/#website\"},\"primaryImageOfPage\":{\"@id\":\"https:\/\/crusoe.audiencelabs.com.br\/quando-sera-a-estreia-de-avenida-brasil-2-globo-ja-tem-uma-data-em-mente\/#primaryimage\"},\"image\":{\"@id\":\"https:\/\/crusoe.audiencelabs.com.br\/quando-sera-a-estreia-de-avenida-brasil-2-globo-ja-tem-uma-data-em-mente\/#primaryimage\"},\"thumbnailUrl\":\"https:\/\/cdn.crusoe.com.br\/uploads\/2026\/03\/Tufao-Murilo-Benicio-e-Carminha-Adriana-Esteves_Renato-Rocha-Miranda.JPG-scaled-e1774954218127.webp\",\"datePublished\":\"2026-04-01T00:07:27+00:00\",\"author\":{\"@id\":\"https:\/\/crusoe.audiencelabs.com.br\/#\/schema\/person\/f87f73cfe89e5360de2c006bd4bd6a74\"},\"description\":\"A TV Globo colocou novamente no ar a novela Avenida Brasil como parte da divulga\u00e7\u00e3o de sua continua\u00e7\u00e3o, prevista para estrear...\",\"breadcrumb\":{\"@id\":\"https:\/\/crusoe.audiencelabs.com.br\/quando-sera-a-estreia-de-avenida-brasil-2-globo-ja-tem-uma-data-em-mente\/#breadcrumb\"},\"inLanguage\":\"pt-BR\",\"potentialAction\":[{\"@type\":\"ReadAction\",\"target\":[\"https:\/\/crusoe.audiencelabs.com.br\/quando-sera-a-estreia-de-avenida-brasil-2-globo-ja-tem-uma-data-em-mente\/\"]}]},{\"@type\":\"ImageObject\",\"inLanguage\":\"pt-BR\",\"@id\":\"https:\/\/crusoe.audiencelabs.com.br\/quando-sera-a-estreia-de-avenida-brasil-2-globo-ja-tem-uma-data-em-mente\/#primaryimage\",\"url\":\"https:\/\/cdn.crusoe.com.br\/uploads\/2026\/03\/Tufao-Murilo-Benicio-e-Carminha-Adriana-Esteves_Renato-Rocha-Miranda.JPG-scaled-e1774954218127.webp\",\"contentUrl\":\"https:\/\/cdn.crusoe.com.br\/uploads\/2026\/03\/Tufao-Murilo-Benicio-e-Carminha-Adriana-Esteves_Renato-Rocha-Miranda.JPG-scaled-e1774954218127.webp\",\"width\":2385,\"height\":1502,\"caption\":\"Reprodu\u00e7\u00e3o: CNN Brasil\"},{\"@type\":\"BreadcrumbList\",\"@id\":\"https:\/\/crusoe.audiencelabs.com.br\/quando-sera-a-estreia-de-avenida-brasil-2-globo-ja-tem-uma-data-em-mente\/#breadcrumb\",\"itemListElement\":[{\"@type\":\"ListItem\",\"position\":1,\"name\":\"Home\",\"item\":\"https:\/\/crusoe.audiencelabs.com.br\/\"},{\"@type\":\"ListItem\",\"position\":2,\"name\":\"Quando ser\u00e1 a estreia de Avenida Brasil 2? Globo j\u00e1 tem uma data em mente\"}]},{\"@type\":\"WebSite\",\"@id\":\"https:\/\/crusoe.audiencelabs.com.br\/#website\",\"url\":\"https:\/\/crusoe.audiencelabs.com.br\/\",\"name\":\"Variedades - Cruso\u00e9\",\"description\":\"\",\"potentialAction\":[{\"@type\":\"SearchAction\",\"target\":{\"@type\":\"EntryPoint\",\"urlTemplate\":\"https:\/\/crusoe.audiencelabs.com.br\/?s={search_term_string}\"},\"query-input\":{\"@type\":\"PropertyValueSpecification\",\"valueRequired\":true,\"valueName\":\"search_term_string\"}}],\"inLanguage\":\"pt-BR\"},{\"@type\":\"Person\",\"@id\":\"https:\/\/crusoe.audiencelabs.com.br\/#\/schema\/person\/f87f73cfe89e5360de2c006bd4bd6a74\",\"name\":\"Milena Armando\",\"image\":{\"@type\":\"ImageObject\",\"inLanguage\":\"pt-BR\",\"@id\":\"https:\/\/crusoe.audiencelabs.com.br\/#\/schema\/person\/image\/\",\"url\":\"https:\/\/secure.gravatar.com\/avatar\/ea14ecddc9e9d202b698b18f9f69e09c9fd74cfbed5c6008d55f11faefdbdab7?s=96&d=mm&r=g\",\"contentUrl\":\"https:\/\/secure.gravatar.com\/avatar\/ea14ecddc9e9d202b698b18f9f69e09c9fd74cfbed5c6008d55f11faefdbdab7?s=96&d=mm&r=g\",\"caption\":\"Milena Armando\"},\"description\":\"Jornalista, redatora e revisora.\",\"url\":\"https:\/\/crusoe.audiencelabs.com.br\/author\/milena\/\"}]}<\/script>\n<!-- \/ Yoast SEO plugin. -->","yoast_head_json":{"title":"Quando ser\u00e1 a estreia de Avenida Brasil 2? Globo j\u00e1 tem uma data em mente","description":"A TV Globo colocou novamente no ar a novela Avenida Brasil como parte da divulga\u00e7\u00e3o de sua continua\u00e7\u00e3o, prevista para estrear...","robots":{"index":"index","follow":"follow","max-snippet":"max-snippet:-1","max-image-preview":"max-image-preview:large","max-video-preview":"max-video-preview:-1"},"canonical":"https:\/\/crusoe.audiencelabs.com.br\/quando-sera-a-estreia-de-avenida-brasil-2-globo-ja-tem-uma-data-em-mente\/","og_locale":"pt_BR","og_type":"article","og_title":"Quando ser\u00e1 a estreia de Avenida Brasil 2? Globo j\u00e1 tem uma data em mente","og_description":"A TV Globo colocou novamente no ar a novela Avenida Brasil como parte da divulga\u00e7\u00e3o de sua continua\u00e7\u00e3o, prevista para estrear...","og_url":"https:\/\/crusoe.audiencelabs.com.br\/quando-sera-a-estreia-de-avenida-brasil-2-globo-ja-tem-uma-data-em-mente\/","og_site_name":"Variedades - Cruso\u00e9","article_published_time":"2026-04-01T00:07:27+00:00","og_image":[{"width":2385,"height":1502,"url":"https:\/\/cdn.crusoe.com.br\/uploads\/2026\/03\/Tufao-Murilo-Benicio-e-Carminha-Adriana-Esteves_Renato-Rocha-Miranda.JPG-scaled-e1774954218127.webp","type":"image\/webp"}],"author":"Milena Armando","twitter_card":"summary_large_image","twitter_misc":{"Escrito por":"Milena Armando","Est. tempo de leitura":"3 minutos"},"schema":{"@context":"https:\/\/schema.org","@graph":[{"@type":"WebPage","@id":"https:\/\/crusoe.audiencelabs.com.br\/quando-sera-a-estreia-de-avenida-brasil-2-globo-ja-tem-uma-data-em-mente\/","url":"https:\/\/crusoe.audiencelabs.com.br\/quando-sera-a-estreia-de-avenida-brasil-2-globo-ja-tem-uma-data-em-mente\/","name":"Quando ser\u00e1 a estreia de Avenida Brasil 2? Globo j\u00e1 tem uma data em mente","isPartOf":{"@id":"https:\/\/crusoe.audiencelabs.com.br\/#website"},"primaryImageOfPage":{"@id":"https:\/\/crusoe.audiencelabs.com.br\/quando-sera-a-estreia-de-avenida-brasil-2-globo-ja-tem-uma-data-em-mente\/#primaryimage"},"image":{"@id":"https:\/\/crusoe.audiencelabs.com.br\/quando-sera-a-estreia-de-avenida-brasil-2-globo-ja-tem-uma-data-em-mente\/#primaryimage"},"thumbnailUrl":"https:\/\/cdn.crusoe.com.br\/uploads\/2026\/03\/Tufao-Murilo-Benicio-e-Carminha-Adriana-Esteves_Renato-Rocha-Miranda.JPG-scaled-e1774954218127.webp","datePublished":"2026-04-01T00:07:27+00:00","author":{"@id":"https:\/\/crusoe.audiencelabs.com.br\/#\/schema\/person\/f87f73cfe89e5360de2c006bd4bd6a74"},"description":"A TV Globo colocou novamente no ar a novela Avenida Brasil como parte da divulga\u00e7\u00e3o de sua continua\u00e7\u00e3o, prevista para estrear...","breadcrumb":{"@id":"https:\/\/crusoe.audiencelabs.com.br\/quando-sera-a-estreia-de-avenida-brasil-2-globo-ja-tem-uma-data-em-mente\/#breadcrumb"},"inLanguage":"pt-BR","potentialAction":[{"@type":"ReadAction","target":["https:\/\/crusoe.audiencelabs.com.br\/quando-sera-a-estreia-de-avenida-brasil-2-globo-ja-tem-uma-data-em-mente\/"]}]},{"@type":"ImageObject","inLanguage":"pt-BR","@id":"https:\/\/crusoe.audiencelabs.com.br\/quando-sera-a-estreia-de-avenida-brasil-2-globo-ja-tem-uma-data-em-mente\/#primaryimage","url":"https:\/\/cdn.crusoe.com.br\/uploads\/2026\/03\/Tufao-Murilo-Benicio-e-Carminha-Adriana-Esteves_Renato-Rocha-Miranda.JPG-scaled-e1774954218127.webp","contentUrl":"https:\/\/cdn.crusoe.com.br\/uploads\/2026\/03\/Tufao-Murilo-Benicio-e-Carminha-Adriana-Esteves_Renato-Rocha-Miranda.JPG-scaled-e1774954218127.webp","width":2385,"height":1502,"caption":"Reprodu\u00e7\u00e3o: CNN Brasil"},{"@type":"BreadcrumbList","@id":"https:\/\/crusoe.audiencelabs.com.br\/quando-sera-a-estreia-de-avenida-brasil-2-globo-ja-tem-uma-data-em-mente\/#breadcrumb","itemListElement":[{"@type":"ListItem","position":1,"name":"Home","item":"https:\/\/crusoe.audiencelabs.com.br\/"},{"@type":"ListItem","position":2,"name":"Quando ser\u00e1 a estreia de Avenida Brasil 2? Globo j\u00e1 tem uma data em mente"}]},{"@type":"WebSite","@id":"https:\/\/crusoe.audiencelabs.com.br\/#website","url":"https:\/\/crusoe.audiencelabs.com.br\/","name":"Variedades - Cruso\u00e9","description":"","potentialAction":[{"@type":"SearchAction","target":{"@type":"EntryPoint","urlTemplate":"https:\/\/crusoe.audiencelabs.com.br\/?s={search_term_string}"},"query-input":{"@type":"PropertyValueSpecification","valueRequired":true,"valueName":"search_term_string"}}],"inLanguage":"pt-BR"},{"@type":"Person","@id":"https:\/\/crusoe.audiencelabs.com.br\/#\/schema\/person\/f87f73cfe89e5360de2c006bd4bd6a74","name":"Milena Armando","image":{"@type":"ImageObject","inLanguage":"pt-BR","@id":"https:\/\/crusoe.audiencelabs.com.br\/#\/schema\/person\/image\/","url":"https:\/\/secure.gravatar.com\/avatar\/ea14ecddc9e9d202b698b18f9f69e09c9fd74cfbed5c6008d55f11faefdbdab7?s=96&d=mm&r=g","contentUrl":"https:\/\/secure.gravatar.com\/avatar\/ea14ecddc9e9d202b698b18f9f69e09c9fd74cfbed5c6008d55f11faefdbdab7?s=96&d=mm&r=g","caption":"Milena Armando"},"description":"Jornalista, redatora e revisora.","url":"https:\/\/crusoe.audiencelabs.com.br\/author\/milena\/"}]}},"_links":{"self":[{"href":"https:\/\/crusoe.audiencelabs.com.br\/wp-json\/wp\/v2\/posts\/35875","targetHints":{"allow":["GET"]}}],"collection":[{"href":"https:\/\/crusoe.audiencelabs.com.br\/wp-json\/wp\/v2\/posts"}],"about":[{"href":"https:\/\/crusoe.audiencelabs.com.br\/wp-json\/wp\/v2\/types\/post"}],"author":[{"embeddable":true,"href":"https:\/\/crusoe.audiencelabs.com.br\/wp-json\/wp\/v2\/users\/5"}],"replies":[{"embeddable":true,"href":"https:\/\/crusoe.audiencelabs.com.br\/wp-json\/wp\/v2\/comments?post=35875"}],"version-history":[{"count":3,"href":"https:\/\/crusoe.audiencelabs.com.br\/wp-json\/wp\/v2\/posts\/35875\/revisions"}],"predecessor-version":[{"id":35964,"href":"https:\/\/crusoe.audiencelabs.com.br\/wp-json\/wp\/v2\/posts\/35875\/revisions\/35964"}],"wp:featuredmedia":[{"embeddable":true,"href":"https:\/\/crusoe.audiencelabs.com.br\/wp-json\/wp\/v2\/media\/35876"}],"wp:attachment":[{"href":"https:\/\/crusoe.audiencelabs.com.br\/wp-json\/wp\/v2\/media?parent=35875"}],"wp:term":[{"taxonomy":"category","embeddable":true,"href":"https:\/\/crusoe.audiencelabs.com.br\/wp-json\/wp\/v2\/categories?post=35875"},{"taxonomy":"post_tag","embeddable":true,"href":"https:\/\/crusoe.audiencelabs.com.br\/wp-json\/wp\/v2\/tags?post=35875"}],"curies":[{"name":"wp","href":"https:\/\/api.w.org\/{rel}","templated":true}]}}