{"id":35868,"date":"2026-03-31T20:34:05","date_gmt":"2026-03-31T23:34:05","guid":{"rendered":"https:\/\/crusoe.audiencelabs.com.br\/?p=35868"},"modified":"2026-03-31T17:28:01","modified_gmt":"2026-03-31T20:28:01","slug":"nasa-confirma-catastrofe-global-alterou-a-terra-e-encurtou-a-duracao-dos-dias","status":"publish","type":"post","link":"https:\/\/crusoe.audiencelabs.com.br\/nasa-confirma-catastrofe-global-alterou-a-terra-e-encurtou-a-duracao-dos-dias\/","title":{"rendered":"NASA confirma: cat\u00e1strofe global alterou a Terra e encurtou a dura\u00e7\u00e3o dos dias"},"content":{"rendered":"<p data-start=\"0\" data-end=\"358\">No dia 26 de dezembro de 2004, um dos maiores desastres naturais da hist\u00f3ria recente, uma verdadeira cat\u00e1strofe, come\u00e7ou com um <strong>terremoto de magnitude entre 9,1 e 9,3 na costa de Sumatra, na <span class=\"hover:entity-accent entity-underline inline cursor-pointer align-baseline\"><span class=\"whitespace-normal\">Indon\u00e9sia<\/span><\/span>. <\/strong><\/p>\n<p data-start=\"0\" data-end=\"358\">O abalo s\u00edsmico desencadeou um <strong>tsunami devastador<\/strong> que atingiu diversos pa\u00edses banhados pelo Oceano \u00cdndico, deixando um rastro de destrui\u00e7\u00e3o sem precedentes.<\/p>\n<p data-start=\"360\" data-end=\"760\">A for\u00e7a do tremor foi t\u00e3o intensa que liberou uma quantidade de energia equivalente a cerca de 23 mil bombas at\u00f4micas como a de <span class=\"hover:entity-accent entity-underline inline cursor-pointer align-baseline\"><span class=\"whitespace-normal\">bombardeio de Hiroshima<\/span><\/span>.<\/p>\n<p data-start=\"360\" data-end=\"760\">Na\u00e7\u00f5es como <strong><span class=\"hover:entity-accent entity-underline inline cursor-pointer align-baseline\"><span class=\"whitespace-normal\">Tail\u00e2ndia<\/span><\/span>, <span class=\"hover:entity-accent entity-underline inline cursor-pointer align-baseline\"><span class=\"whitespace-normal\">Sri Lanka<\/span><\/span>, <span class=\"hover:entity-accent entity-underline inline cursor-pointer align-baseline\"><span class=\"whitespace-normal\">\u00cdndia<\/span><\/span> <\/strong>e a <strong>Indon\u00e9sia<\/strong> foram severamente afetadas. Ao todo, mais de 230 mil pessoas morreram em 14 pa\u00edses.<\/p>\n<h2 data-section-id=\"dnk6xa\" data-start=\"762\" data-end=\"804\">Impactos que ultrapassaram a superf\u00edcie<\/h2>\n<p data-start=\"806\" data-end=\"1136\">Al\u00e9m da trag\u00e9dia, o terremoto provocou mudan\u00e7as f\u00edsicas no planeta. Cientistas, incluindo da NASA, identificaram que o eixo de rota\u00e7\u00e3o da Terra foi deslocado em cerca de 7 cm, o que resultou em um <strong>encurtamento do dia em aproximadamente 6,8 microsegundos<\/strong>.<\/p>\n<p data-start=\"1138\" data-end=\"1456\">Esse tipo de evento est\u00e1 relacionado ao movimento das placas tect\u00f4nicas, cujo ac\u00famulo e libera\u00e7\u00e3o de energia geram terremotos capazes de alterar, ainda que minimamente, a estrutura do planeta.<\/p>\n<figure id=\"attachment_35870\" aria-describedby=\"caption-attachment-35870\" style=\"width: 564px\" class=\"wp-caption aligncenter\"><img loading=\"lazy\" decoding=\"async\" class=\" wp-image-35870\" src=\"https:\/\/cdn.crusoe.com.br\/uploads\/2026\/03\/thj.avif\" alt=\"\" width=\"564\" height=\"393\" srcset=\"https:\/\/cdn.crusoe.com.br\/uploads\/2026\/03\/thj.avif 1200w, https:\/\/cdn.crusoe.com.br\/uploads\/2026\/03\/thj-300x209.avif 300w, https:\/\/cdn.crusoe.com.br\/uploads\/2026\/03\/thj-1024x714.avif 1024w, https:\/\/cdn.crusoe.com.br\/uploads\/2026\/03\/thj-768x536.avif 768w, https:\/\/cdn.crusoe.com.br\/uploads\/2026\/03\/thj-750x523.avif 750w, https:\/\/cdn.crusoe.com.br\/uploads\/2026\/03\/thj-1140x795.avif 1140w\" sizes=\"auto, (max-width: 564px) 100vw, 564px\" \/><figcaption id=\"caption-attachment-35870\" class=\"wp-caption-text\">Reprodu\u00e7\u00e3o: O Globo<\/figcaption><\/figure>\n<p data-start=\"1138\" data-end=\"1456\">A regi\u00e3o afetada faz parte do <span class=\"hover:entity-accent entity-underline inline cursor-pointer align-baseline\"><span class=\"whitespace-normal\">Anel de Fogo do Pac\u00edfico<\/span><\/span>, conhecida por sua intensa atividade s\u00edsmica e vulc\u00e2nica.<\/p>\n<h3 data-section-id=\"cciobc\" data-start=\"1458\" data-end=\"1495\">Outros terremotos de grande escala<\/h3>\n<p data-start=\"1497\" data-end=\"1906\">O evento de 2004 n\u00e3o foi isolado em seus efeitos globais. Em 1960, o <span class=\"hover:entity-accent entity-underline inline cursor-pointer align-baseline\"><span class=\"whitespace-normal\">terremoto de Valdivia<\/span><\/span>, no <span class=\"hover:entity-accent entity-underline inline cursor-pointer align-baseline\"><span class=\"whitespace-normal\">Chile<\/span><\/span>, atingiu magnitude 9,5, a maior j\u00e1 registrada, tamb\u00e9m provocou altera\u00e7\u00f5es no planeta.<\/p>\n<p data-start=\"1497\" data-end=\"1906\">J\u00e1 em 2010, outro forte terremoto chileno voltou a impactar o eixo terrestre e a dura\u00e7\u00e3o dos dias.<\/p>\n<h2 data-section-id=\"3fda5p\" data-start=\"1908\" data-end=\"1947\">Prepara\u00e7\u00e3o e respostas \u00e0 cat\u00e1strofe<\/h2>\n<p data-start=\"1949\" data-end=\"2204\">Diante de eventos como esses, pa\u00edses mais suscet\u00edveis a terremotos v\u00eam investindo em infraestrutura resistente e sistemas de alerta. O <a href=\"https:\/\/crusoe.audiencelabs.com.br\/ferias-no-chile-o-destino-que-faz-voce-se-sentir-como-se-estivesse-na-islandia\/\">Chile<\/a>, por exemplo, \u00e9 refer\u00eancia mundial em prepara\u00e7\u00e3o s\u00edsmica, com pol\u00edticas que ajudam a reduzir danos e salvar vidas.<\/p>\n<p data-start=\"2206\" data-end=\"2375\">Essas iniciativas mostram que, embora n\u00e3o seja poss\u00edvel evitar terremotos, \u00e9 vi\u00e1vel minimizar seus impactos por meio de planejamento, tecnologia e educa\u00e7\u00e3o da popula\u00e7\u00e3o.<\/p>\n<p data-start=\"2405\" data-end=\"2630\">Passadas d\u00e9cadas, o terremoto de 2004 segue sendo um ponto de refer\u00eancia para a sismologia. O desastre impulsionou avan\u00e7os na pesquisa cient\u00edfica e fortaleceu a coopera\u00e7\u00e3o internacional em estrat\u00e9gias de preven\u00e7\u00e3o e resposta.<\/p>\n<p data-start=\"2632\" data-end=\"2783\" data-is-last-node=\"\" data-is-only-node=\"\">Mais do que um evento tr\u00e1gico, ele se tornou um lembrete poderoso da for\u00e7a da natureza, e da import\u00e2ncia de estarmos preparados para conviver com ela.<\/p>\n","protected":false},"excerpt":{"rendered":"<p>No dia 26 de dezembro de 2004, um dos maiores desastres naturais da hist\u00f3ria recente, uma verdadeira cat\u00e1strofe, come\u00e7ou com um terremoto de magnitude entre 9,1 e 9,3 na costa de Sumatra, na Indon\u00e9sia. O abalo s\u00edsmico desencadeou um tsunami devastador que atingiu diversos pa\u00edses banhados pelo Oceano \u00cdndico, deixando um rastro de destrui\u00e7\u00e3o sem [&hellip;]<\/p>\n","protected":false},"author":5,"featured_media":35872,"comment_status":"open","ping_status":"open","sticky":false,"template":"","format":"standard","meta":{"jnews-multi-image_gallery":[],"jnews_single_post":{"subtitle":"","format":"standard","jnews_video_option_group":[[]],"override":[{"template":"2","parallax":"1","fullscreen":"1","layout":"right-sidebar","sidebar":"default-sidebar","second_sidebar":"default-sidebar","sticky_sidebar":"1","share_position":"hide","share_float_style":"share-monocrhome","show_featured":"1","show_post_meta":"1","show_post_author":"1","show_post_date":"1","post_date_format":"default","post_date_format_custom":"Y\/m\/d","show_post_category":"1","show_post_reading_time":"0","post_reading_time_wpm":"300","post_calculate_word_method":"str_word_count","show_zoom_button":"0","zoom_button_out_step":"2","zoom_button_in_step":"3","show_post_tag":"1","show_popup_post":"1","number_popup_post":"1","show_author_box":"1","show_post_related":"0"}],"image_override":[{"single_post_thumbnail_size":"crop-500","single_post_gallery_size":"crop-500"}],"trending_post_position":"meta","trending_post_label":"Trending","sponsored_post_label":"Sponsored by","disable_ad":"0"},"jnews_primary_category":[],"jnews_override_counter":{"view_counter_number":"0","share_counter_number":"0","like_counter_number":"0","dislike_counter_number":"0"},"jnews_post_split":{"post_split":[{"template":"1","tag":"h2","numbering":"asc","mode":"normal","first":"0","enable_toc":"0","toc_type":"normal"}]},"footnotes":""},"categories":[1],"tags":[6810,1777,1407,3203],"class_list":["post-35868","post","type-post","status-publish","format-standard","has-post-thumbnail","hentry","category-geral","tag-6810","tag-tailandia","tag-terremoto","tag-tsunami"],"yoast_head":"<!-- This site is optimized with the Yoast SEO plugin v25.0 - https:\/\/yoast.com\/wordpress\/plugins\/seo\/ -->\n<title>NASA confirma: cat\u00e1strofe global alterou a Terra e encurtou a dura\u00e7\u00e3o dos dias<\/title>\n<meta name=\"description\" content=\"No dia 26 de dezembro de 2004, um dos maiores desastres naturais da hist\u00f3ria recente, uma verdadeira cat\u00e1strofe, come\u00e7ou com um terremoto\" \/>\n<meta name=\"robots\" content=\"index, follow, max-snippet:-1, max-image-preview:large, max-video-preview:-1\" \/>\n<link rel=\"canonical\" href=\"https:\/\/crusoe.audiencelabs.com.br\/nasa-confirma-catastrofe-global-alterou-a-terra-e-encurtou-a-duracao-dos-dias\/\" \/>\n<meta property=\"og:locale\" content=\"pt_BR\" \/>\n<meta property=\"og:type\" content=\"article\" \/>\n<meta property=\"og:title\" content=\"NASA confirma: cat\u00e1strofe global alterou a Terra e encurtou a dura\u00e7\u00e3o dos dias\" \/>\n<meta property=\"og:description\" content=\"No dia 26 de dezembro de 2004, um dos maiores desastres naturais da hist\u00f3ria recente, uma verdadeira cat\u00e1strofe, come\u00e7ou com um terremoto\" \/>\n<meta property=\"og:url\" content=\"https:\/\/crusoe.audiencelabs.com.br\/nasa-confirma-catastrofe-global-alterou-a-terra-e-encurtou-a-duracao-dos-dias\/\" \/>\n<meta property=\"og:site_name\" content=\"Variedades - Cruso\u00e9\" \/>\n<meta property=\"article:published_time\" content=\"2026-03-31T23:34:05+00:00\" \/>\n<meta property=\"og:image\" content=\"https:\/\/cdn.crusoe.com.br\/uploads\/2026\/03\/tsunami-20-anos.jpeg\" \/>\n\t<meta property=\"og:image:width\" content=\"1428\" \/>\n\t<meta property=\"og:image:height\" content=\"800\" \/>\n\t<meta property=\"og:image:type\" content=\"image\/jpeg\" \/>\n<meta name=\"author\" content=\"Milena Armando\" \/>\n<meta name=\"twitter:card\" content=\"summary_large_image\" \/>\n<meta name=\"twitter:label1\" content=\"Escrito por\" \/>\n\t<meta name=\"twitter:data1\" content=\"Milena Armando\" \/>\n\t<meta name=\"twitter:label2\" content=\"Est. tempo de leitura\" \/>\n\t<meta name=\"twitter:data2\" content=\"3 minutos\" \/>\n<script type=\"application\/ld+json\" class=\"yoast-schema-graph\">{\"@context\":\"https:\/\/schema.org\",\"@graph\":[{\"@type\":\"WebPage\",\"@id\":\"https:\/\/crusoe.audiencelabs.com.br\/nasa-confirma-catastrofe-global-alterou-a-terra-e-encurtou-a-duracao-dos-dias\/\",\"url\":\"https:\/\/crusoe.audiencelabs.com.br\/nasa-confirma-catastrofe-global-alterou-a-terra-e-encurtou-a-duracao-dos-dias\/\",\"name\":\"NASA confirma: cat\u00e1strofe global alterou a Terra e encurtou a dura\u00e7\u00e3o dos dias\",\"isPartOf\":{\"@id\":\"https:\/\/crusoe.audiencelabs.com.br\/#website\"},\"primaryImageOfPage\":{\"@id\":\"https:\/\/crusoe.audiencelabs.com.br\/nasa-confirma-catastrofe-global-alterou-a-terra-e-encurtou-a-duracao-dos-dias\/#primaryimage\"},\"image\":{\"@id\":\"https:\/\/crusoe.audiencelabs.com.br\/nasa-confirma-catastrofe-global-alterou-a-terra-e-encurtou-a-duracao-dos-dias\/#primaryimage\"},\"thumbnailUrl\":\"https:\/\/cdn.crusoe.com.br\/uploads\/2026\/03\/tsunami-20-anos.jpeg\",\"datePublished\":\"2026-03-31T23:34:05+00:00\",\"author\":{\"@id\":\"https:\/\/crusoe.audiencelabs.com.br\/#\/schema\/person\/f87f73cfe89e5360de2c006bd4bd6a74\"},\"description\":\"No dia 26 de dezembro de 2004, um dos maiores desastres naturais da hist\u00f3ria recente, uma verdadeira cat\u00e1strofe, come\u00e7ou com um terremoto\",\"breadcrumb\":{\"@id\":\"https:\/\/crusoe.audiencelabs.com.br\/nasa-confirma-catastrofe-global-alterou-a-terra-e-encurtou-a-duracao-dos-dias\/#breadcrumb\"},\"inLanguage\":\"pt-BR\",\"potentialAction\":[{\"@type\":\"ReadAction\",\"target\":[\"https:\/\/crusoe.audiencelabs.com.br\/nasa-confirma-catastrofe-global-alterou-a-terra-e-encurtou-a-duracao-dos-dias\/\"]}]},{\"@type\":\"ImageObject\",\"inLanguage\":\"pt-BR\",\"@id\":\"https:\/\/crusoe.audiencelabs.com.br\/nasa-confirma-catastrofe-global-alterou-a-terra-e-encurtou-a-duracao-dos-dias\/#primaryimage\",\"url\":\"https:\/\/cdn.crusoe.com.br\/uploads\/2026\/03\/tsunami-20-anos.jpeg\",\"contentUrl\":\"https:\/\/cdn.crusoe.com.br\/uploads\/2026\/03\/tsunami-20-anos.jpeg\",\"width\":1428,\"height\":800,\"caption\":\"Reprodu\u00e7\u00e3o: David Rydevik\"},{\"@type\":\"BreadcrumbList\",\"@id\":\"https:\/\/crusoe.audiencelabs.com.br\/nasa-confirma-catastrofe-global-alterou-a-terra-e-encurtou-a-duracao-dos-dias\/#breadcrumb\",\"itemListElement\":[{\"@type\":\"ListItem\",\"position\":1,\"name\":\"Home\",\"item\":\"https:\/\/crusoe.audiencelabs.com.br\/\"},{\"@type\":\"ListItem\",\"position\":2,\"name\":\"NASA confirma: cat\u00e1strofe global alterou a Terra e encurtou a dura\u00e7\u00e3o dos dias\"}]},{\"@type\":\"WebSite\",\"@id\":\"https:\/\/crusoe.audiencelabs.com.br\/#website\",\"url\":\"https:\/\/crusoe.audiencelabs.com.br\/\",\"name\":\"Variedades - Cruso\u00e9\",\"description\":\"\",\"potentialAction\":[{\"@type\":\"SearchAction\",\"target\":{\"@type\":\"EntryPoint\",\"urlTemplate\":\"https:\/\/crusoe.audiencelabs.com.br\/?s={search_term_string}\"},\"query-input\":{\"@type\":\"PropertyValueSpecification\",\"valueRequired\":true,\"valueName\":\"search_term_string\"}}],\"inLanguage\":\"pt-BR\"},{\"@type\":\"Person\",\"@id\":\"https:\/\/crusoe.audiencelabs.com.br\/#\/schema\/person\/f87f73cfe89e5360de2c006bd4bd6a74\",\"name\":\"Milena Armando\",\"image\":{\"@type\":\"ImageObject\",\"inLanguage\":\"pt-BR\",\"@id\":\"https:\/\/crusoe.audiencelabs.com.br\/#\/schema\/person\/image\/\",\"url\":\"https:\/\/secure.gravatar.com\/avatar\/ea14ecddc9e9d202b698b18f9f69e09c9fd74cfbed5c6008d55f11faefdbdab7?s=96&d=mm&r=g\",\"contentUrl\":\"https:\/\/secure.gravatar.com\/avatar\/ea14ecddc9e9d202b698b18f9f69e09c9fd74cfbed5c6008d55f11faefdbdab7?s=96&d=mm&r=g\",\"caption\":\"Milena Armando\"},\"description\":\"Jornalista, redatora e revisora.\",\"url\":\"https:\/\/crusoe.audiencelabs.com.br\/author\/milena\/\"}]}<\/script>\n<!-- \/ Yoast SEO plugin. -->","yoast_head_json":{"title":"NASA confirma: cat\u00e1strofe global alterou a Terra e encurtou a dura\u00e7\u00e3o dos dias","description":"No dia 26 de dezembro de 2004, um dos maiores desastres naturais da hist\u00f3ria recente, uma verdadeira cat\u00e1strofe, come\u00e7ou com um terremoto","robots":{"index":"index","follow":"follow","max-snippet":"max-snippet:-1","max-image-preview":"max-image-preview:large","max-video-preview":"max-video-preview:-1"},"canonical":"https:\/\/crusoe.audiencelabs.com.br\/nasa-confirma-catastrofe-global-alterou-a-terra-e-encurtou-a-duracao-dos-dias\/","og_locale":"pt_BR","og_type":"article","og_title":"NASA confirma: cat\u00e1strofe global alterou a Terra e encurtou a dura\u00e7\u00e3o dos dias","og_description":"No dia 26 de dezembro de 2004, um dos maiores desastres naturais da hist\u00f3ria recente, uma verdadeira cat\u00e1strofe, come\u00e7ou com um terremoto","og_url":"https:\/\/crusoe.audiencelabs.com.br\/nasa-confirma-catastrofe-global-alterou-a-terra-e-encurtou-a-duracao-dos-dias\/","og_site_name":"Variedades - Cruso\u00e9","article_published_time":"2026-03-31T23:34:05+00:00","og_image":[{"width":1428,"height":800,"url":"https:\/\/cdn.crusoe.com.br\/uploads\/2026\/03\/tsunami-20-anos.jpeg","type":"image\/jpeg"}],"author":"Milena Armando","twitter_card":"summary_large_image","twitter_misc":{"Escrito por":"Milena Armando","Est. tempo de leitura":"3 minutos"},"schema":{"@context":"https:\/\/schema.org","@graph":[{"@type":"WebPage","@id":"https:\/\/crusoe.audiencelabs.com.br\/nasa-confirma-catastrofe-global-alterou-a-terra-e-encurtou-a-duracao-dos-dias\/","url":"https:\/\/crusoe.audiencelabs.com.br\/nasa-confirma-catastrofe-global-alterou-a-terra-e-encurtou-a-duracao-dos-dias\/","name":"NASA confirma: cat\u00e1strofe global alterou a Terra e encurtou a dura\u00e7\u00e3o dos dias","isPartOf":{"@id":"https:\/\/crusoe.audiencelabs.com.br\/#website"},"primaryImageOfPage":{"@id":"https:\/\/crusoe.audiencelabs.com.br\/nasa-confirma-catastrofe-global-alterou-a-terra-e-encurtou-a-duracao-dos-dias\/#primaryimage"},"image":{"@id":"https:\/\/crusoe.audiencelabs.com.br\/nasa-confirma-catastrofe-global-alterou-a-terra-e-encurtou-a-duracao-dos-dias\/#primaryimage"},"thumbnailUrl":"https:\/\/cdn.crusoe.com.br\/uploads\/2026\/03\/tsunami-20-anos.jpeg","datePublished":"2026-03-31T23:34:05+00:00","author":{"@id":"https:\/\/crusoe.audiencelabs.com.br\/#\/schema\/person\/f87f73cfe89e5360de2c006bd4bd6a74"},"description":"No dia 26 de dezembro de 2004, um dos maiores desastres naturais da hist\u00f3ria recente, uma verdadeira cat\u00e1strofe, come\u00e7ou com um terremoto","breadcrumb":{"@id":"https:\/\/crusoe.audiencelabs.com.br\/nasa-confirma-catastrofe-global-alterou-a-terra-e-encurtou-a-duracao-dos-dias\/#breadcrumb"},"inLanguage":"pt-BR","potentialAction":[{"@type":"ReadAction","target":["https:\/\/crusoe.audiencelabs.com.br\/nasa-confirma-catastrofe-global-alterou-a-terra-e-encurtou-a-duracao-dos-dias\/"]}]},{"@type":"ImageObject","inLanguage":"pt-BR","@id":"https:\/\/crusoe.audiencelabs.com.br\/nasa-confirma-catastrofe-global-alterou-a-terra-e-encurtou-a-duracao-dos-dias\/#primaryimage","url":"https:\/\/cdn.crusoe.com.br\/uploads\/2026\/03\/tsunami-20-anos.jpeg","contentUrl":"https:\/\/cdn.crusoe.com.br\/uploads\/2026\/03\/tsunami-20-anos.jpeg","width":1428,"height":800,"caption":"Reprodu\u00e7\u00e3o: David Rydevik"},{"@type":"BreadcrumbList","@id":"https:\/\/crusoe.audiencelabs.com.br\/nasa-confirma-catastrofe-global-alterou-a-terra-e-encurtou-a-duracao-dos-dias\/#breadcrumb","itemListElement":[{"@type":"ListItem","position":1,"name":"Home","item":"https:\/\/crusoe.audiencelabs.com.br\/"},{"@type":"ListItem","position":2,"name":"NASA confirma: cat\u00e1strofe global alterou a Terra e encurtou a dura\u00e7\u00e3o dos dias"}]},{"@type":"WebSite","@id":"https:\/\/crusoe.audiencelabs.com.br\/#website","url":"https:\/\/crusoe.audiencelabs.com.br\/","name":"Variedades - Cruso\u00e9","description":"","potentialAction":[{"@type":"SearchAction","target":{"@type":"EntryPoint","urlTemplate":"https:\/\/crusoe.audiencelabs.com.br\/?s={search_term_string}"},"query-input":{"@type":"PropertyValueSpecification","valueRequired":true,"valueName":"search_term_string"}}],"inLanguage":"pt-BR"},{"@type":"Person","@id":"https:\/\/crusoe.audiencelabs.com.br\/#\/schema\/person\/f87f73cfe89e5360de2c006bd4bd6a74","name":"Milena Armando","image":{"@type":"ImageObject","inLanguage":"pt-BR","@id":"https:\/\/crusoe.audiencelabs.com.br\/#\/schema\/person\/image\/","url":"https:\/\/secure.gravatar.com\/avatar\/ea14ecddc9e9d202b698b18f9f69e09c9fd74cfbed5c6008d55f11faefdbdab7?s=96&d=mm&r=g","contentUrl":"https:\/\/secure.gravatar.com\/avatar\/ea14ecddc9e9d202b698b18f9f69e09c9fd74cfbed5c6008d55f11faefdbdab7?s=96&d=mm&r=g","caption":"Milena Armando"},"description":"Jornalista, redatora e revisora.","url":"https:\/\/crusoe.audiencelabs.com.br\/author\/milena\/"}]}},"_links":{"self":[{"href":"https:\/\/crusoe.audiencelabs.com.br\/wp-json\/wp\/v2\/posts\/35868","targetHints":{"allow":["GET"]}}],"collection":[{"href":"https:\/\/crusoe.audiencelabs.com.br\/wp-json\/wp\/v2\/posts"}],"about":[{"href":"https:\/\/crusoe.audiencelabs.com.br\/wp-json\/wp\/v2\/types\/post"}],"author":[{"embeddable":true,"href":"https:\/\/crusoe.audiencelabs.com.br\/wp-json\/wp\/v2\/users\/5"}],"replies":[{"embeddable":true,"href":"https:\/\/crusoe.audiencelabs.com.br\/wp-json\/wp\/v2\/comments?post=35868"}],"version-history":[{"count":3,"href":"https:\/\/crusoe.audiencelabs.com.br\/wp-json\/wp\/v2\/posts\/35868\/revisions"}],"predecessor-version":[{"id":35962,"href":"https:\/\/crusoe.audiencelabs.com.br\/wp-json\/wp\/v2\/posts\/35868\/revisions\/35962"}],"wp:featuredmedia":[{"embeddable":true,"href":"https:\/\/crusoe.audiencelabs.com.br\/wp-json\/wp\/v2\/media\/35872"}],"wp:attachment":[{"href":"https:\/\/crusoe.audiencelabs.com.br\/wp-json\/wp\/v2\/media?parent=35868"}],"wp:term":[{"taxonomy":"category","embeddable":true,"href":"https:\/\/crusoe.audiencelabs.com.br\/wp-json\/wp\/v2\/categories?post=35868"},{"taxonomy":"post_tag","embeddable":true,"href":"https:\/\/crusoe.audiencelabs.com.br\/wp-json\/wp\/v2\/tags?post=35868"}],"curies":[{"name":"wp","href":"https:\/\/api.w.org\/{rel}","templated":true}]}}