{"id":35858,"date":"2026-03-31T22:08:52","date_gmt":"2026-04-01T01:08:52","guid":{"rendered":"https:\/\/crusoe.audiencelabs.com.br\/?p=35858"},"modified":"2026-03-31T17:32:28","modified_gmt":"2026-03-31T20:32:28","slug":"qual-e-a-idade-em-que-o-corpo-comeca-a-envelhecer-de-verdade-estudo-aponta-o-momento-exato","status":"publish","type":"post","link":"https:\/\/crusoe.audiencelabs.com.br\/qual-e-a-idade-em-que-o-corpo-comeca-a-envelhecer-de-verdade-estudo-aponta-o-momento-exato\/","title":{"rendered":"Qual \u00e9 a idade em que o corpo come\u00e7a a envelhecer de verdade? Estudo aponta o momento exato"},"content":{"rendered":"<p data-start=\"65\" data-end=\"414\">Um estudo publicado na <a href=\"https:\/\/pubmed.ncbi.nlm.nih.gov\/41243424\/\">PubMed<\/a> analisou, ao longo de 47 anos, como a capacidade f\u00edsica humana evolui desde a <strong>adolesc\u00eancia at\u00e9 a velhice<\/strong>.<\/p>\n<p data-start=\"65\" data-end=\"414\">A pesquisa acompanhou uma popula\u00e7\u00e3o geral por d\u00e9cadas, permitindo identificar com mais precis\u00e3o quando o corpo atinge seu melhor desempenho e quando come\u00e7a a apresentar sinais mais evidentes de decl\u00ednio.<\/p>\n<p data-start=\"448\" data-end=\"731\">Os resultados indicam que a capacidade f\u00edsica n\u00e3o diminui de forma linear. Durante a juventude, h\u00e1 um desenvolvimento significativo, com o corpo atingindo seu pico na fase adulta jovem.<\/p>\n<p data-start=\"448\" data-end=\"731\">Esse \u00e9 o per\u00edodo em que for\u00e7a, resist\u00eancia e desempenho f\u00edsico costumam estar no n\u00edvel mais alto.<\/p>\n<h2 data-section-id=\"auluko\" data-start=\"733\" data-end=\"771\">O in\u00edcio do decl\u00ednio e seus fatores<\/h2>\n<p data-start=\"773\" data-end=\"1103\">Ap\u00f3s esse auge, inicia-se um processo gradual de decl\u00ednio, que tende a se intensificar com o avan\u00e7o da idade. No entanto, o estudo aponta que essa queda n\u00e3o ocorre da mesma forma para todas as pessoas.<\/p>\n<div class=\"flex flex-col text-sm pb-25\">\n<section class=\"text-token-text-primary w-full focus:outline-none [--shadow-height:45px] has-data-writing-block:pointer-events-none has-data-writing-block:-mt-(--shadow-height) has-data-writing-block:pt-(--shadow-height) [&amp;:has([data-writing-block])&gt;*]:pointer-events-auto scroll-mt-[calc(var(--header-height)+min(200px,max(70px,20svh)))]\" dir=\"auto\" data-turn-id=\"request-WEB:c6978287-b90f-4615-8597-57189816beea-16\" data-testid=\"conversation-turn-8\" data-scroll-anchor=\"true\" data-turn=\"assistant\">\n<div class=\"text-base my-auto mx-auto pb-10 [--thread-content-margin:var(--thread-content-margin-xs,calc(var(--spacing)*4))] @w-sm\/main:[--thread-content-margin:var(--thread-content-margin-sm,calc(var(--spacing)*6))] @w-lg\/main:[--thread-content-margin:var(--thread-content-margin-lg,calc(var(--spacing)*16))] px-(--thread-content-margin)\">\n<div class=\"[--thread-content-max-width:40rem] @w-lg\/main:[--thread-content-max-width:48rem] mx-auto max-w-(--thread-content-max-width) flex-1 group\/turn-messages focus-visible:outline-hidden relative flex w-full min-w-0 flex-col agent-turn\">\n<div class=\"flex max-w-full flex-col gap-4 grow\">\n<div class=\"min-h-8 text-message relative flex w-full flex-col items-end gap-2 text-start break-words whitespace-normal outline-none keyboard-focused:focus-ring [.text-message+&amp;]:mt-1\" dir=\"auto\" data-message-author-role=\"assistant\" data-message-id=\"049b882d-cc82-436e-a032-8505028b65ce\" data-message-model-slug=\"gpt-5-3\" data-turn-start-message=\"true\">\n<div class=\"flex w-full flex-col gap-1 empty:hidden\">\n<div class=\"markdown prose dark:prose-invert w-full wrap-break-word dark markdown-new-styling\">\n<p data-start=\"0\" data-end=\"157\" data-is-last-node=\"\" data-is-only-node=\"\">Pessoas fisicamente ativas, por exemplo, preservam melhor suas capacidades ao longo do tempo, enquanto o sedentarismo pode acelerar a perda de desempenho.<\/p>\n<\/div>\n<\/div>\n<\/div>\n<\/div>\n<\/div>\n<\/div>\n<\/section>\n<\/div>\n<h2 data-section-id=\"1c13ioh\" data-start=\"1267\" data-end=\"1307\">Envelhecimento \u00e9 um processo cont\u00ednuo<\/h2>\n<style>@media (min-width: 992px) {\n    .recomendadorV2Area1 {\n        width: 280px;\n    }\n    .recomendadorV2Area2 {\n        padding: 0px 20px;\n        width: calc(100% - 280px);\n    }\n}\n\n@media (max-width: 992px) {\n    .recomendadorV2Button {\n        margin: 0 auto;\n    }\n    .recomendadorV2Area {\n        flex-direction: column;\n        text-align: center;\n    }\n    .recomendadorV2Area2 {\n        padding: 0px 20px;\n    }\n}\n\n.recomendadorV2Area {\n    background: #eeeeee3d;\n    border-radius: 10px;\n    padding: 15px;\n    display: flex;\n    margin: 15px auto;\n    border: 1px solid #00000014;\n    max-width: 800px;\n}\n\n.recomendadorV2Area1 img {\n    width: 280px;\n    height: auto;\n    border-radius: 8px;\n}\n\n.linkrecomendadorv2 {\n    text-decoration: none !important;\n}\n\n.recomendadorV2Area2 .recomendadorV2Type {\n    text-transform: uppercase;\n    font-weight: 500;\n    font-size: 11px;\n    letter-spacing: 2px;\n    color: #666;\n    margin: 12px 0;\n    display: block;\n}\n\n.recomendadorV2Title h2 {\n    padding-top: 0px !important;\n    margin: 0px !important;\n    border-left: none !important;\n    padding-left: 0px !important;\n    line-height: 1.3;\n    color: #000 !important;\n    font-size: 24px;\n    margin-bottom: 12px !important;\n}\n\n.recomendadorV2Desc {\n    color: #333;\n    margin: 12px 0px !important;\n    font-size: 15px;\n    line-height: 1.5;\n}\n\n.recomendadorV2Button {\n    width: auto;\n    max-width: 200px;\n    margin: 0;\n    display: inline-flex;\n    align-items: center;\n    background: #1D3557;\n    border-radius: 8px;\n    color: #fff;\n    height: 36px;\n    justify-content: center;\n    text-align: center;\n    font-size: 14px;\n    padding: 0 20px;\n    transition: background-color 0.2s ease;\n}\n\n.recomendadorV2Button:hover {\n    background: #2a4d7a;\n}\n\n.recomendadorV2Button:after {\n    margin-top: -2px;\n    content: \"\u2192\";\n    padding: 0px 0px 0px 8px;\n}\n\n.recomendadorV2Alert {\n    text-align: left;\n    font-size: 11px;\n    margin-top: 8px;\n    color: #666;\n}\n\n.recomendadorFixedArea {\n    width: 100%;\n    display: flex;\n    justify-content: center;\n    align-items: center;\n}\n\n@media (min-width: 992px) {\n    #recomendadorFixed {\n        width: 32% !important;\n        left: 5%;\n    }\n    .recomendadorCloseFixed{\n        right: inherit !important;\n        left: 378px !important;\n    }\n}\n\n#recomendadorFixed {\n    width: 90%;\n    box-shadow: 0 10px 20px 0px #00000057;\n    display: none;\n    height: 90px;\n    background: #F6F6F6;\n    position: fixed;\n    flex-direction: row;\n    bottom: 10px;\n    z-index: 9999;\n    border-radius: 16px;\n    padding: 7px 10px;\n}\n\n.recomendadorLeftArea {\n    width: 160px;\n}\n\n.recomendadorRightArea h2 {\n    padding-top: 0px;\n    margin: 2px 0px 4px 0px !important;\n    font-weight: 400;\n    text-align: center;\n    padding-left: 0px !important;\n    color: #000 !important;\n    border-left: none !important;\n    line-height: 20px;\n    font-size: 12px !important;\n}\n\n.recomendadorImgFixed {\n    overflow: hidden;\n    padding: 8px 6px;\n    height: 100%;\n}\n\n.recomendadorImgFixed img {\n    height: 100% !important;\n    border-radius: 16px;\n}\n\n.recomendadorRightArea {\n    padding-top: 6px;\n    display: flex;\n    width: calc(100% - 130px);\n    justify-content: space-between;\n    align-items: center;\n    flex-direction: column;\n}\n\n.recomendadorButtonFixed {\n    margin: 0 auto;\n    background: #1D3557;\n    width: 80%;\n    text-align: center;\n    font-size: 10px;\n    color: #FFF;\n    padding: 2px 10px;\n    border-radius: 3px;\n}\n\n.recomendadorButtonFixed:after {\n    margin-top: -3px;\n    content: \"\u2192\";\n    padding: 0px 0px 0px 10px;\n}\n\n.recomendadorAlertFixed {\n    font-weight: 400;\n    text-align: center;\n    color: #484848;\n    font-size: 8px;\n}\n\n.recomendadorCloseFixed {\n    z-index: 99999;\n    display: none;\n    right: 0px;\n    left: inherit;\n    bottom: 99px;\n    position: fixed;\n    justify-content: center;\n    background: #F6F6F6;\n    width: 25px;\n    align-items: center;\n    height: 25px;\n    font-weight: 800;\n    border-radius: 50%;\n    border: 1px solid #EBEBEB;\n}\n\n.recomendadorV2Desc{\n    color: #000000;\n    margin: 20px 0px;\n}\n\n@media (max-width: 576px) {\n    .recomendadorV2Area {\n      padding: 10px;\n      max-width: 100%;\n    }\n  \n    .recomendadorV2Area1 img {\n      width: 100%;\n      border-radius: 6px;\n    }\n  \n    .recomendadorV2Area2 .recomendadorV2Type {\n      font-size: 9px;\n      letter-spacing: 1px;\n      margin: 8px 0;\n    }\n  \n    .recomendadorV2Title h2 {\n      font-size: 18px !important;\n      margin-bottom: 8px !important;\n      line-height: 1.2;\n    }\n  \n    .recomendadorV2Desc {\n      font-size: 14px;\n      margin: 8px 0 !important;\n      line-height: 1.4;\n    }\n  \n    .recomendadorV2Button {\n      font-size: 14px;\n      height: 40px;\n      padding: 0 12px;\n      max-width: 100%;\n      width: 100%;\n    }\n  \n    .recomendadorV2Button:after {\n      padding-left: 6px;\n    }\n  }\n  <\/style>\n        <div class=\"lazyblock-recomendador-v2-2jDGz wp-block-lazyblock-recomendador-v2\">\n        <a class=\"linkrecomendadorv2\" href=\"https:\/\/crusoe.com.br\/variedades\/voce-esquece-nomes-com-frequencia-entenda-o-que-isso-diz-sobre-seu-cerebro\/?utm_source=lazy\">\n            <div class=\"recomendadorV2Area\">\n            <div class=\"recomendadorV2Area1\">\n                <div class=\"recomendadorV2Img\">\n                <img class=\"lazyloaded\" decoding=\"async\" src=\"https:\/\/cdn.crusoe.com.br\/uploads\/2026\/03\/um-homem-de-negocios-bonito-a-trabalhar-na-secretaria_1303-25724-740x375.jpg\" data-src=\"https:\/\/cdn.crusoe.com.br\/uploads\/2026\/03\/um-homem-de-negocios-bonito-a-trabalhar-na-secretaria_1303-25724-740x375.jpg\" alt=\"\">\n                <\/div>\n            <\/div>\n            <div class=\"recomendadorV2Area2\">\n                <div class=\"recomendadorV2Type\">\n                    <span>Sa\u00fade mental<\/span>\n                <\/div>\n                <div class=\"recomendadorV2Title\">\n                <h2><span>Esquece nomes? \ud83e\udde0<\/span><\/h2>\n                <\/div>\n                <div class=\"recomendadorV2Desc\">\n                <span>O que isso revela sobre seu c\u00e9rebro<\/span>\n                <\/div>\n                <div class=\"recomendadorV2Button\">Entenda<\/div>\n                <div class=\"recomendadorV2Alert\"><\/div>\n            <\/div>\n            <\/div>\n        <\/a>\n        <div>\n            <div style=\"z-index:99999;\" id=\"buttonClose\" onclick=\"closeRecomendadorFixed()\">\n            <div class=\"recomendadorCloseFixed\">X<\/div>\n            <\/div>\n            <a href=\"https:\/\/crusoe.com.br\/variedades\/voce-esquece-nomes-com-frequencia-entenda-o-que-isso-diz-sobre-seu-cerebro\/?utm_source=lazy\">\n            <div class=\"recomendadorFixedArea\">\n                <div id=\"recomendadorFixed\">\n                <div class=\"recomendadorLeftArea\">\n                    <div class=\"recomendadorImgFixed\">\n                    <img class=\"lazyload\" decoding=\"async\" src=\"https:\/\/cdn.crusoe.com.br\/uploads\/2026\/03\/um-homem-de-negocios-bonito-a-trabalhar-na-secretaria_1303-25724-740x375.jpg\" alt=\"\">\n                    <\/div>\n                <\/div>\n                <div class=\"recomendadorRightArea\">\n                    <div class=\"recomendadorTitleFixed\">\n                    <h2><span>Esquece nomes? \ud83e\udde0<\/span><\/h2>\n                    <\/div>\n                    <div class=\"recomendadorButtonFixed\">Entenda<\/div>\n                    <div class=\"recomendadorAlertFixed\"><\/div>\n                <\/div>\n                <\/div>\n            <\/div>\n            <\/a>\n        <\/div>\n        <\/div>\n<p data-start=\"1309\" data-end=\"1595\">A pesquisa tamb\u00e9m refor\u00e7a que o envelhecimento do corpo n\u00e3o acontece de forma repentina, mas sim como um processo cont\u00ednuo e progressivo.<\/p>\n<div class=\"flex flex-col text-sm pb-25\">\n<section class=\"text-token-text-primary w-full focus:outline-none [--shadow-height:45px] has-data-writing-block:pointer-events-none has-data-writing-block:-mt-(--shadow-height) has-data-writing-block:pt-(--shadow-height) [&amp;:has([data-writing-block])&gt;*]:pointer-events-auto scroll-mt-[calc(var(--header-height)+min(200px,max(70px,20svh)))]\" dir=\"auto\" data-turn-id=\"request-WEB:c6978287-b90f-4615-8597-57189816beea-15\" data-testid=\"conversation-turn-6\" data-scroll-anchor=\"true\" data-turn=\"assistant\">\n<div class=\"text-base my-auto mx-auto pb-10 [--thread-content-margin:var(--thread-content-margin-xs,calc(var(--spacing)*4))] @w-sm\/main:[--thread-content-margin:var(--thread-content-margin-sm,calc(var(--spacing)*6))] @w-lg\/main:[--thread-content-margin:var(--thread-content-margin-lg,calc(var(--spacing)*16))] px-(--thread-content-margin)\">\n<div class=\"[--thread-content-max-width:40rem] @w-lg\/main:[--thread-content-max-width:48rem] mx-auto max-w-(--thread-content-max-width) flex-1 group\/turn-messages focus-visible:outline-hidden relative flex w-full min-w-0 flex-col agent-turn\">\n<div class=\"flex max-w-full flex-col gap-4 grow\">\n<div class=\"min-h-8 text-message relative flex w-full flex-col items-end gap-2 text-start break-words whitespace-normal outline-none keyboard-focused:focus-ring [.text-message+&amp;]:mt-1\" dir=\"auto\" data-message-author-role=\"assistant\" data-message-id=\"7612ee0c-3b88-44cf-9e6e-28977d8b265d\" data-message-model-slug=\"gpt-5-3\" data-turn-start-message=\"true\">\n<div class=\"flex w-full flex-col gap-1 empty:hidden\">\n<div class=\"markdown prose dark:prose-invert w-full wrap-break-word dark markdown-new-styling\">\n<p data-start=\"0\" data-end=\"178\" data-is-last-node=\"\" data-is-only-node=\"\">Os dados apontam um ponto importante por volta dos<strong> 35 anos<\/strong>. A partir dessa fase, o desempenho costuma come\u00e7ar a cair, e essa redu\u00e7\u00e3o se torna mais evidente com o passar do tempo.<\/p>\n<\/div>\n<\/div>\n<\/div>\n<\/div>\n<\/div>\n<\/div>\n<\/section>\n<\/div>\n<h2 data-section-id=\"exfx5z\" data-start=\"1597\" data-end=\"1635\">A import\u00e2ncia dos h\u00e1bitos saud\u00e1veis<\/h2>\n<p data-start=\"1637\" data-end=\"1884\">Um dos principais destaques do estudo \u00e9 o papel dos <strong>h\u00e1bitos ao longo da vida<\/strong>. A pr\u00e1tica regular de exerc\u00edcios f\u00edsicos aparece como um fator essencial para retardar o decl\u00ednio da capacidade funcional, ajudando a preservar a autonomia e o bem-estar.<\/p>\n<p data-start=\"1900\" data-end=\"2237\" data-is-last-node=\"\" data-is-only-node=\"\">De forma geral, o estudo mostra que o corpo humano segue uma trajet\u00f3ria natural de crescimento, pico e decl\u00ednio. No entanto, a intensidade e a velocidade dessas mudan\u00e7as dependem, em grande parte, das escolhas individuais.<\/p>\n<p data-start=\"1900\" data-end=\"2237\" data-is-last-node=\"\" data-is-only-node=\"\">Manter um estilo de vida ativo e saud\u00e1vel pode fazer toda a diferen\u00e7a na forma como o envelhecimento \u00e9 vivenciado.<\/p>\n","protected":false},"excerpt":{"rendered":"<p>Um estudo publicado na PubMed analisou, ao longo de 47 anos, como a capacidade f\u00edsica humana evolui desde a adolesc\u00eancia at\u00e9 a velhice. A pesquisa acompanhou uma popula\u00e7\u00e3o geral por d\u00e9cadas, permitindo identificar com mais precis\u00e3o quando o corpo atinge seu melhor desempenho e quando come\u00e7a a apresentar sinais mais evidentes de decl\u00ednio. Os resultados [&hellip;]<\/p>\n","protected":false},"author":5,"featured_media":35859,"comment_status":"open","ping_status":"open","sticky":false,"template":"","format":"standard","meta":{"jnews-multi-image_gallery":[],"jnews_single_post":{"subtitle":"","format":"standard","jnews_video_option_group":[[]],"override":[{"template":"2","parallax":"1","fullscreen":"1","layout":"right-sidebar","sidebar":"default-sidebar","second_sidebar":"default-sidebar","sticky_sidebar":"1","share_position":"hide","share_float_style":"share-monocrhome","show_featured":"1","show_post_meta":"1","show_post_author":"1","show_post_date":"1","post_date_format":"default","post_date_format_custom":"Y\/m\/d","show_post_category":"1","show_post_reading_time":"0","post_reading_time_wpm":"300","post_calculate_word_method":"str_word_count","show_zoom_button":"0","zoom_button_out_step":"2","zoom_button_in_step":"3","show_post_tag":"1","show_popup_post":"1","number_popup_post":"1","show_author_box":"1","show_post_related":"0"}],"image_override":[{"single_post_thumbnail_size":"crop-500","single_post_gallery_size":"crop-500"}],"trending_post_position":"meta","trending_post_label":"Trending","sponsored_post_label":"Sponsored by","disable_ad":"0"},"jnews_primary_category":[],"jnews_override_counter":{"view_counter_number":"0","share_counter_number":"0","like_counter_number":"0","dislike_counter_number":"0"},"jnews_post_split":{"post_split":[{"template":"1","tag":"h2","numbering":"asc","mode":"normal","first":"0","enable_toc":"0","toc_type":"normal"}]},"footnotes":""},"categories":[1],"tags":[1008,3354],"class_list":["post-35858","post","type-post","status-publish","format-standard","has-post-thumbnail","hentry","category-geral","tag-envelhecimento","tag-idade"],"yoast_head":"<!-- This site is optimized with the Yoast SEO plugin v25.0 - https:\/\/yoast.com\/wordpress\/plugins\/seo\/ -->\n<title>Qual \u00e9 a idade em que o corpo come\u00e7a a envelhecer de verdade? Estudo aponta o momento exato<\/title>\n<meta name=\"robots\" content=\"index, follow, max-snippet:-1, max-image-preview:large, max-video-preview:-1\" \/>\n<link rel=\"canonical\" href=\"https:\/\/crusoe.audiencelabs.com.br\/qual-e-a-idade-em-que-o-corpo-comeca-a-envelhecer-de-verdade-estudo-aponta-o-momento-exato\/\" \/>\n<meta property=\"og:locale\" content=\"pt_BR\" \/>\n<meta property=\"og:type\" content=\"article\" \/>\n<meta property=\"og:title\" content=\"Qual \u00e9 a idade em que o corpo come\u00e7a a envelhecer de verdade? Estudo aponta o momento exato\" \/>\n<meta property=\"og:description\" content=\"Um estudo publicado na PubMed analisou, ao longo de 47 anos, como a capacidade f\u00edsica humana evolui desde a adolesc\u00eancia at\u00e9 a velhice. A pesquisa acompanhou uma popula\u00e7\u00e3o geral por d\u00e9cadas, permitindo identificar com mais precis\u00e3o quando o corpo atinge seu melhor desempenho e quando come\u00e7a a apresentar sinais mais evidentes de decl\u00ednio. Os resultados [&hellip;]\" \/>\n<meta property=\"og:url\" content=\"https:\/\/crusoe.audiencelabs.com.br\/qual-e-a-idade-em-que-o-corpo-comeca-a-envelhecer-de-verdade-estudo-aponta-o-momento-exato\/\" \/>\n<meta property=\"og:site_name\" content=\"Variedades - Cruso\u00e9\" \/>\n<meta property=\"article:published_time\" content=\"2026-04-01T01:08:52+00:00\" \/>\n<meta name=\"author\" content=\"Milena Armando\" \/>\n<meta name=\"twitter:card\" content=\"summary_large_image\" \/>\n<meta name=\"twitter:label1\" content=\"Escrito por\" \/>\n\t<meta name=\"twitter:data1\" content=\"Milena Armando\" \/>\n\t<meta name=\"twitter:label2\" content=\"Est. tempo de leitura\" \/>\n\t<meta name=\"twitter:data2\" content=\"3 minutos\" \/>\n<script type=\"application\/ld+json\" class=\"yoast-schema-graph\">{\"@context\":\"https:\/\/schema.org\",\"@graph\":[{\"@type\":\"WebPage\",\"@id\":\"https:\/\/crusoe.audiencelabs.com.br\/qual-e-a-idade-em-que-o-corpo-comeca-a-envelhecer-de-verdade-estudo-aponta-o-momento-exato\/\",\"url\":\"https:\/\/crusoe.audiencelabs.com.br\/qual-e-a-idade-em-que-o-corpo-comeca-a-envelhecer-de-verdade-estudo-aponta-o-momento-exato\/\",\"name\":\"Qual \u00e9 a idade em que o corpo come\u00e7a a envelhecer de verdade? Estudo aponta o momento exato\",\"isPartOf\":{\"@id\":\"https:\/\/crusoe.audiencelabs.com.br\/#website\"},\"primaryImageOfPage\":{\"@id\":\"https:\/\/crusoe.audiencelabs.com.br\/qual-e-a-idade-em-que-o-corpo-comeca-a-envelhecer-de-verdade-estudo-aponta-o-momento-exato\/#primaryimage\"},\"image\":{\"@id\":\"https:\/\/crusoe.audiencelabs.com.br\/qual-e-a-idade-em-que-o-corpo-comeca-a-envelhecer-de-verdade-estudo-aponta-o-momento-exato\/#primaryimage\"},\"thumbnailUrl\":\"https:\/\/cdn.crusoe.com.br\/uploads\/2026\/03\/mulher-senior-expressiva-posando-dentro-de-casa_344912-489.avif\",\"datePublished\":\"2026-04-01T01:08:52+00:00\",\"author\":{\"@id\":\"https:\/\/crusoe.audiencelabs.com.br\/#\/schema\/person\/f87f73cfe89e5360de2c006bd4bd6a74\"},\"breadcrumb\":{\"@id\":\"https:\/\/crusoe.audiencelabs.com.br\/qual-e-a-idade-em-que-o-corpo-comeca-a-envelhecer-de-verdade-estudo-aponta-o-momento-exato\/#breadcrumb\"},\"inLanguage\":\"pt-BR\",\"potentialAction\":[{\"@type\":\"ReadAction\",\"target\":[\"https:\/\/crusoe.audiencelabs.com.br\/qual-e-a-idade-em-que-o-corpo-comeca-a-envelhecer-de-verdade-estudo-aponta-o-momento-exato\/\"]}]},{\"@type\":\"ImageObject\",\"inLanguage\":\"pt-BR\",\"@id\":\"https:\/\/crusoe.audiencelabs.com.br\/qual-e-a-idade-em-que-o-corpo-comeca-a-envelhecer-de-verdade-estudo-aponta-o-momento-exato\/#primaryimage\",\"url\":\"https:\/\/cdn.crusoe.com.br\/uploads\/2026\/03\/mulher-senior-expressiva-posando-dentro-de-casa_344912-489.avif\",\"contentUrl\":\"https:\/\/cdn.crusoe.com.br\/uploads\/2026\/03\/mulher-senior-expressiva-posando-dentro-de-casa_344912-489.avif\",\"width\":626,\"height\":417,\"caption\":\"Reprodu\u00e7\u00e3o: Freepik\"},{\"@type\":\"BreadcrumbList\",\"@id\":\"https:\/\/crusoe.audiencelabs.com.br\/qual-e-a-idade-em-que-o-corpo-comeca-a-envelhecer-de-verdade-estudo-aponta-o-momento-exato\/#breadcrumb\",\"itemListElement\":[{\"@type\":\"ListItem\",\"position\":1,\"name\":\"Home\",\"item\":\"https:\/\/crusoe.audiencelabs.com.br\/\"},{\"@type\":\"ListItem\",\"position\":2,\"name\":\"Qual \u00e9 a idade em que o corpo come\u00e7a a envelhecer de verdade? Estudo aponta o momento exato\"}]},{\"@type\":\"WebSite\",\"@id\":\"https:\/\/crusoe.audiencelabs.com.br\/#website\",\"url\":\"https:\/\/crusoe.audiencelabs.com.br\/\",\"name\":\"Variedades - Cruso\u00e9\",\"description\":\"\",\"potentialAction\":[{\"@type\":\"SearchAction\",\"target\":{\"@type\":\"EntryPoint\",\"urlTemplate\":\"https:\/\/crusoe.audiencelabs.com.br\/?s={search_term_string}\"},\"query-input\":{\"@type\":\"PropertyValueSpecification\",\"valueRequired\":true,\"valueName\":\"search_term_string\"}}],\"inLanguage\":\"pt-BR\"},{\"@type\":\"Person\",\"@id\":\"https:\/\/crusoe.audiencelabs.com.br\/#\/schema\/person\/f87f73cfe89e5360de2c006bd4bd6a74\",\"name\":\"Milena Armando\",\"image\":{\"@type\":\"ImageObject\",\"inLanguage\":\"pt-BR\",\"@id\":\"https:\/\/crusoe.audiencelabs.com.br\/#\/schema\/person\/image\/\",\"url\":\"https:\/\/secure.gravatar.com\/avatar\/ea14ecddc9e9d202b698b18f9f69e09c9fd74cfbed5c6008d55f11faefdbdab7?s=96&d=mm&r=g\",\"contentUrl\":\"https:\/\/secure.gravatar.com\/avatar\/ea14ecddc9e9d202b698b18f9f69e09c9fd74cfbed5c6008d55f11faefdbdab7?s=96&d=mm&r=g\",\"caption\":\"Milena Armando\"},\"description\":\"Jornalista, redatora e revisora.\",\"url\":\"https:\/\/crusoe.audiencelabs.com.br\/author\/milena\/\"}]}<\/script>\n<!-- \/ Yoast SEO plugin. -->","yoast_head_json":{"title":"Qual \u00e9 a idade em que o corpo come\u00e7a a envelhecer de verdade? Estudo aponta o momento exato","robots":{"index":"index","follow":"follow","max-snippet":"max-snippet:-1","max-image-preview":"max-image-preview:large","max-video-preview":"max-video-preview:-1"},"canonical":"https:\/\/crusoe.audiencelabs.com.br\/qual-e-a-idade-em-que-o-corpo-comeca-a-envelhecer-de-verdade-estudo-aponta-o-momento-exato\/","og_locale":"pt_BR","og_type":"article","og_title":"Qual \u00e9 a idade em que o corpo come\u00e7a a envelhecer de verdade? Estudo aponta o momento exato","og_description":"Um estudo publicado na PubMed analisou, ao longo de 47 anos, como a capacidade f\u00edsica humana evolui desde a adolesc\u00eancia at\u00e9 a velhice. A pesquisa acompanhou uma popula\u00e7\u00e3o geral por d\u00e9cadas, permitindo identificar com mais precis\u00e3o quando o corpo atinge seu melhor desempenho e quando come\u00e7a a apresentar sinais mais evidentes de decl\u00ednio. Os resultados [&hellip;]","og_url":"https:\/\/crusoe.audiencelabs.com.br\/qual-e-a-idade-em-que-o-corpo-comeca-a-envelhecer-de-verdade-estudo-aponta-o-momento-exato\/","og_site_name":"Variedades - Cruso\u00e9","article_published_time":"2026-04-01T01:08:52+00:00","author":"Milena Armando","twitter_card":"summary_large_image","twitter_misc":{"Escrito por":"Milena Armando","Est. tempo de leitura":"3 minutos"},"schema":{"@context":"https:\/\/schema.org","@graph":[{"@type":"WebPage","@id":"https:\/\/crusoe.audiencelabs.com.br\/qual-e-a-idade-em-que-o-corpo-comeca-a-envelhecer-de-verdade-estudo-aponta-o-momento-exato\/","url":"https:\/\/crusoe.audiencelabs.com.br\/qual-e-a-idade-em-que-o-corpo-comeca-a-envelhecer-de-verdade-estudo-aponta-o-momento-exato\/","name":"Qual \u00e9 a idade em que o corpo come\u00e7a a envelhecer de verdade? Estudo aponta o momento exato","isPartOf":{"@id":"https:\/\/crusoe.audiencelabs.com.br\/#website"},"primaryImageOfPage":{"@id":"https:\/\/crusoe.audiencelabs.com.br\/qual-e-a-idade-em-que-o-corpo-comeca-a-envelhecer-de-verdade-estudo-aponta-o-momento-exato\/#primaryimage"},"image":{"@id":"https:\/\/crusoe.audiencelabs.com.br\/qual-e-a-idade-em-que-o-corpo-comeca-a-envelhecer-de-verdade-estudo-aponta-o-momento-exato\/#primaryimage"},"thumbnailUrl":"https:\/\/cdn.crusoe.com.br\/uploads\/2026\/03\/mulher-senior-expressiva-posando-dentro-de-casa_344912-489.avif","datePublished":"2026-04-01T01:08:52+00:00","author":{"@id":"https:\/\/crusoe.audiencelabs.com.br\/#\/schema\/person\/f87f73cfe89e5360de2c006bd4bd6a74"},"breadcrumb":{"@id":"https:\/\/crusoe.audiencelabs.com.br\/qual-e-a-idade-em-que-o-corpo-comeca-a-envelhecer-de-verdade-estudo-aponta-o-momento-exato\/#breadcrumb"},"inLanguage":"pt-BR","potentialAction":[{"@type":"ReadAction","target":["https:\/\/crusoe.audiencelabs.com.br\/qual-e-a-idade-em-que-o-corpo-comeca-a-envelhecer-de-verdade-estudo-aponta-o-momento-exato\/"]}]},{"@type":"ImageObject","inLanguage":"pt-BR","@id":"https:\/\/crusoe.audiencelabs.com.br\/qual-e-a-idade-em-que-o-corpo-comeca-a-envelhecer-de-verdade-estudo-aponta-o-momento-exato\/#primaryimage","url":"https:\/\/cdn.crusoe.com.br\/uploads\/2026\/03\/mulher-senior-expressiva-posando-dentro-de-casa_344912-489.avif","contentUrl":"https:\/\/cdn.crusoe.com.br\/uploads\/2026\/03\/mulher-senior-expressiva-posando-dentro-de-casa_344912-489.avif","width":626,"height":417,"caption":"Reprodu\u00e7\u00e3o: Freepik"},{"@type":"BreadcrumbList","@id":"https:\/\/crusoe.audiencelabs.com.br\/qual-e-a-idade-em-que-o-corpo-comeca-a-envelhecer-de-verdade-estudo-aponta-o-momento-exato\/#breadcrumb","itemListElement":[{"@type":"ListItem","position":1,"name":"Home","item":"https:\/\/crusoe.audiencelabs.com.br\/"},{"@type":"ListItem","position":2,"name":"Qual \u00e9 a idade em que o corpo come\u00e7a a envelhecer de verdade? Estudo aponta o momento exato"}]},{"@type":"WebSite","@id":"https:\/\/crusoe.audiencelabs.com.br\/#website","url":"https:\/\/crusoe.audiencelabs.com.br\/","name":"Variedades - Cruso\u00e9","description":"","potentialAction":[{"@type":"SearchAction","target":{"@type":"EntryPoint","urlTemplate":"https:\/\/crusoe.audiencelabs.com.br\/?s={search_term_string}"},"query-input":{"@type":"PropertyValueSpecification","valueRequired":true,"valueName":"search_term_string"}}],"inLanguage":"pt-BR"},{"@type":"Person","@id":"https:\/\/crusoe.audiencelabs.com.br\/#\/schema\/person\/f87f73cfe89e5360de2c006bd4bd6a74","name":"Milena Armando","image":{"@type":"ImageObject","inLanguage":"pt-BR","@id":"https:\/\/crusoe.audiencelabs.com.br\/#\/schema\/person\/image\/","url":"https:\/\/secure.gravatar.com\/avatar\/ea14ecddc9e9d202b698b18f9f69e09c9fd74cfbed5c6008d55f11faefdbdab7?s=96&d=mm&r=g","contentUrl":"https:\/\/secure.gravatar.com\/avatar\/ea14ecddc9e9d202b698b18f9f69e09c9fd74cfbed5c6008d55f11faefdbdab7?s=96&d=mm&r=g","caption":"Milena Armando"},"description":"Jornalista, redatora e revisora.","url":"https:\/\/crusoe.audiencelabs.com.br\/author\/milena\/"}]}},"_links":{"self":[{"href":"https:\/\/crusoe.audiencelabs.com.br\/wp-json\/wp\/v2\/posts\/35858","targetHints":{"allow":["GET"]}}],"collection":[{"href":"https:\/\/crusoe.audiencelabs.com.br\/wp-json\/wp\/v2\/posts"}],"about":[{"href":"https:\/\/crusoe.audiencelabs.com.br\/wp-json\/wp\/v2\/types\/post"}],"author":[{"embeddable":true,"href":"https:\/\/crusoe.audiencelabs.com.br\/wp-json\/wp\/v2\/users\/5"}],"replies":[{"embeddable":true,"href":"https:\/\/crusoe.audiencelabs.com.br\/wp-json\/wp\/v2\/comments?post=35858"}],"version-history":[{"count":4,"href":"https:\/\/crusoe.audiencelabs.com.br\/wp-json\/wp\/v2\/posts\/35858\/revisions"}],"predecessor-version":[{"id":35968,"href":"https:\/\/crusoe.audiencelabs.com.br\/wp-json\/wp\/v2\/posts\/35858\/revisions\/35968"}],"wp:featuredmedia":[{"embeddable":true,"href":"https:\/\/crusoe.audiencelabs.com.br\/wp-json\/wp\/v2\/media\/35859"}],"wp:attachment":[{"href":"https:\/\/crusoe.audiencelabs.com.br\/wp-json\/wp\/v2\/media?parent=35858"}],"wp:term":[{"taxonomy":"category","embeddable":true,"href":"https:\/\/crusoe.audiencelabs.com.br\/wp-json\/wp\/v2\/categories?post=35858"},{"taxonomy":"post_tag","embeddable":true,"href":"https:\/\/crusoe.audiencelabs.com.br\/wp-json\/wp\/v2\/tags?post=35858"}],"curies":[{"name":"wp","href":"https:\/\/api.w.org\/{rel}","templated":true}]}}