{"id":35854,"date":"2026-03-31T21:31:36","date_gmt":"2026-04-01T00:31:36","guid":{"rendered":"https:\/\/crusoe.audiencelabs.com.br\/?p=35854"},"modified":"2026-03-31T17:32:05","modified_gmt":"2026-03-31T20:32:05","slug":"voce-esquece-nomes-com-frequencia-entenda-o-que-isso-diz-sobre-seu-cerebro","status":"publish","type":"post","link":"https:\/\/crusoe.audiencelabs.com.br\/voce-esquece-nomes-com-frequencia-entenda-o-que-isso-diz-sobre-seu-cerebro\/","title":{"rendered":"Voc\u00ea esquece nomes com frequ\u00eancia? Entenda o que isso diz sobre seu c\u00e9rebro"},"content":{"rendered":"<div class=\"flex flex-col text-sm pb-25\">\n<section class=\"text-token-text-primary w-full focus:outline-none [--shadow-height:45px] has-data-writing-block:pointer-events-none has-data-writing-block:-mt-(--shadow-height) has-data-writing-block:pt-(--shadow-height) [&amp;:has([data-writing-block])&gt;*]:pointer-events-auto scroll-mt-[calc(var(--header-height)+min(200px,max(70px,20svh)))]\" dir=\"auto\" data-turn-id=\"request-WEB:2ec04455-6e7b-4d17-8529-3657520c10fc-10\" data-testid=\"conversation-turn-22\" data-scroll-anchor=\"true\" data-turn=\"assistant\">\n<div class=\"text-base my-auto mx-auto pb-10 [--thread-content-margin:var(--thread-content-margin-xs,calc(var(--spacing)*4))] @w-sm\/main:[--thread-content-margin:var(--thread-content-margin-sm,calc(var(--spacing)*6))] @w-lg\/main:[--thread-content-margin:var(--thread-content-margin-lg,calc(var(--spacing)*16))] px-(--thread-content-margin)\">\n<div class=\"[--thread-content-max-width:40rem] @w-lg\/main:[--thread-content-max-width:48rem] mx-auto max-w-(--thread-content-max-width) flex-1 group\/turn-messages focus-visible:outline-hidden relative flex w-full min-w-0 flex-col agent-turn\">\n<div class=\"flex max-w-full flex-col gap-4 grow\">\n<div class=\"min-h-8 text-message relative flex w-full flex-col items-end gap-2 text-start break-words whitespace-normal outline-none keyboard-focused:focus-ring [.text-message+&amp;]:mt-1\" dir=\"auto\" data-message-author-role=\"assistant\" data-message-id=\"83e3f795-e8c1-44da-b9e7-15005a97399a\" data-message-model-slug=\"gpt-5-3\" data-turn-start-message=\"true\">\n<div class=\"flex w-full flex-col gap-1 empty:hidden\">\n<div class=\"markdown prose dark:prose-invert w-full wrap-break-word dark markdown-new-styling\">\n<p data-start=\"0\" data-end=\"254\"><strong>Esquecer nomes com frequ\u00eancia<\/strong> \u00e9 algo mais comum do que parece, e, na maioria das vezes, n\u00e3o tem rela\u00e7\u00e3o com falta de intelig\u00eancia ou problemas de mem\u00f3ria graves. Pelo contr\u00e1rio: esse h\u00e1bito pode dizer bastante sobre como o c\u00e9rebro funciona no dia a dia.<\/p>\n<p data-start=\"286\" data-end=\"549\">Os nomes pr\u00f3prios s\u00e3o, para o c\u00e9rebro, informa\u00e7\u00f5es mais abstratas. Diferente de uma profiss\u00e3o ou caracter\u00edstica (\u201co m\u00e9dico\u201d, \u201ca vizinha\u201d), eles n\u00e3o trazem pistas que ajudem na associa\u00e7\u00e3o, o que torna o processo de armazenamento e recupera\u00e7\u00e3o mais dif\u00edcil.<\/p>\n<p data-start=\"551\" data-end=\"705\">Al\u00e9m disso, o esquecimento costuma acontecer no momento da recupera\u00e7\u00e3o da informa\u00e7\u00e3o, ou seja, o nome est\u00e1 armazenado, mas n\u00e3o \u00e9 acessado com facilidade.<\/p>\n<h2 data-section-id=\"18xgp51\" data-start=\"707\" data-end=\"744\">Aten\u00e7\u00e3o e mem\u00f3ria: qual a rela\u00e7\u00e3o de esquecer nomes?<\/h2>\n<p data-start=\"746\" data-end=\"963\">Um dos principais fatores por tr\u00e1s desse esquecimento \u00e9 a aten\u00e7\u00e3o. Muitas vezes, ao conhecer algu\u00e9m, o c\u00e9rebro est\u00e1 ocupado com outras preocupa\u00e7\u00f5es: causar uma boa impress\u00e3o, manter a conversa ou processar o ambiente.<\/p>\n<p data-start=\"965\" data-end=\"1085\">Com isso, o nome n\u00e3o \u00e9 registrado de forma eficiente. Sem essa fixa\u00e7\u00e3o inicial, a chance de esquecer aumenta bastante.<\/p>\n<h2 data-section-id=\"pohsnb\" data-start=\"1087\" data-end=\"1115\">Isso \u00e9 sinal de problema?<\/h2>\n<style>@media (min-width: 992px) {\n    .recomendadorV2Area1 {\n        width: 280px;\n    }\n    .recomendadorV2Area2 {\n        padding: 0px 20px;\n        width: calc(100% - 280px);\n    }\n}\n\n@media (max-width: 992px) {\n    .recomendadorV2Button {\n        margin: 0 auto;\n    }\n    .recomendadorV2Area {\n        flex-direction: column;\n        text-align: center;\n    }\n    .recomendadorV2Area2 {\n        padding: 0px 20px;\n    }\n}\n\n.recomendadorV2Area {\n    background: #eeeeee3d;\n    border-radius: 10px;\n    padding: 15px;\n    display: flex;\n    margin: 15px auto;\n    border: 1px solid #00000014;\n    max-width: 800px;\n}\n\n.recomendadorV2Area1 img {\n    width: 280px;\n    height: auto;\n    border-radius: 8px;\n}\n\n.linkrecomendadorv2 {\n    text-decoration: none !important;\n}\n\n.recomendadorV2Area2 .recomendadorV2Type {\n    text-transform: uppercase;\n    font-weight: 500;\n    font-size: 11px;\n    letter-spacing: 2px;\n    color: #666;\n    margin: 12px 0;\n    display: block;\n}\n\n.recomendadorV2Title h2 {\n    padding-top: 0px !important;\n    margin: 0px !important;\n    border-left: none !important;\n    padding-left: 0px !important;\n    line-height: 1.3;\n    color: #000 !important;\n    font-size: 24px;\n    margin-bottom: 12px !important;\n}\n\n.recomendadorV2Desc {\n    color: #333;\n    margin: 12px 0px !important;\n    font-size: 15px;\n    line-height: 1.5;\n}\n\n.recomendadorV2Button {\n    width: auto;\n    max-width: 200px;\n    margin: 0;\n    display: inline-flex;\n    align-items: center;\n    background: #1D3557;\n    border-radius: 8px;\n    color: #fff;\n    height: 36px;\n    justify-content: center;\n    text-align: center;\n    font-size: 14px;\n    padding: 0 20px;\n    transition: background-color 0.2s ease;\n}\n\n.recomendadorV2Button:hover {\n    background: #2a4d7a;\n}\n\n.recomendadorV2Button:after {\n    margin-top: -2px;\n    content: \"\u2192\";\n    padding: 0px 0px 0px 8px;\n}\n\n.recomendadorV2Alert {\n    text-align: left;\n    font-size: 11px;\n    margin-top: 8px;\n    color: #666;\n}\n\n.recomendadorFixedArea {\n    width: 100%;\n    display: flex;\n    justify-content: center;\n    align-items: center;\n}\n\n@media (min-width: 992px) {\n    #recomendadorFixed {\n        width: 32% !important;\n        left: 5%;\n    }\n    .recomendadorCloseFixed{\n        right: inherit !important;\n        left: 378px !important;\n    }\n}\n\n#recomendadorFixed {\n    width: 90%;\n    box-shadow: 0 10px 20px 0px #00000057;\n    display: none;\n    height: 90px;\n    background: #F6F6F6;\n    position: fixed;\n    flex-direction: row;\n    bottom: 10px;\n    z-index: 9999;\n    border-radius: 16px;\n    padding: 7px 10px;\n}\n\n.recomendadorLeftArea {\n    width: 160px;\n}\n\n.recomendadorRightArea h2 {\n    padding-top: 0px;\n    margin: 2px 0px 4px 0px !important;\n    font-weight: 400;\n    text-align: center;\n    padding-left: 0px !important;\n    color: #000 !important;\n    border-left: none !important;\n    line-height: 20px;\n    font-size: 12px !important;\n}\n\n.recomendadorImgFixed {\n    overflow: hidden;\n    padding: 8px 6px;\n    height: 100%;\n}\n\n.recomendadorImgFixed img {\n    height: 100% !important;\n    border-radius: 16px;\n}\n\n.recomendadorRightArea {\n    padding-top: 6px;\n    display: flex;\n    width: calc(100% - 130px);\n    justify-content: space-between;\n    align-items: center;\n    flex-direction: column;\n}\n\n.recomendadorButtonFixed {\n    margin: 0 auto;\n    background: #1D3557;\n    width: 80%;\n    text-align: center;\n    font-size: 10px;\n    color: #FFF;\n    padding: 2px 10px;\n    border-radius: 3px;\n}\n\n.recomendadorButtonFixed:after {\n    margin-top: -3px;\n    content: \"\u2192\";\n    padding: 0px 0px 0px 10px;\n}\n\n.recomendadorAlertFixed {\n    font-weight: 400;\n    text-align: center;\n    color: #484848;\n    font-size: 8px;\n}\n\n.recomendadorCloseFixed {\n    z-index: 99999;\n    display: none;\n    right: 0px;\n    left: inherit;\n    bottom: 99px;\n    position: fixed;\n    justify-content: center;\n    background: #F6F6F6;\n    width: 25px;\n    align-items: center;\n    height: 25px;\n    font-weight: 800;\n    border-radius: 50%;\n    border: 1px solid #EBEBEB;\n}\n\n.recomendadorV2Desc{\n    color: #000000;\n    margin: 20px 0px;\n}\n\n@media (max-width: 576px) {\n    .recomendadorV2Area {\n      padding: 10px;\n      max-width: 100%;\n    }\n  \n    .recomendadorV2Area1 img {\n      width: 100%;\n      border-radius: 6px;\n    }\n  \n    .recomendadorV2Area2 .recomendadorV2Type {\n      font-size: 9px;\n      letter-spacing: 1px;\n      margin: 8px 0;\n    }\n  \n    .recomendadorV2Title h2 {\n      font-size: 18px !important;\n      margin-bottom: 8px !important;\n      line-height: 1.2;\n    }\n  \n    .recomendadorV2Desc {\n      font-size: 14px;\n      margin: 8px 0 !important;\n      line-height: 1.4;\n    }\n  \n    .recomendadorV2Button {\n      font-size: 14px;\n      height: 40px;\n      padding: 0 12px;\n      max-width: 100%;\n      width: 100%;\n    }\n  \n    .recomendadorV2Button:after {\n      padding-left: 6px;\n    }\n  }\n  <\/style>\n        <div class=\"lazyblock-recomendador-v2-2jDGz wp-block-lazyblock-recomendador-v2\">\n        <a class=\"linkrecomendadorv2\" href=\"https:\/\/crusoe.com.br\/variedades\/nasa-confirma-catastrofe-global-alterou-a-terra-e-encurtou-a-duracao-dos-dias\/?utm_source=lazy\">\n            <div class=\"recomendadorV2Area\">\n            <div class=\"recomendadorV2Area1\">\n                <div class=\"recomendadorV2Img\">\n                <img class=\"lazyloaded\" decoding=\"async\" src=\"https:\/\/cdn.crusoe.com.br\/uploads\/2026\/03\/tsunami-20-anos-1140x570.jpg\" data-src=\"https:\/\/cdn.crusoe.com.br\/uploads\/2026\/03\/tsunami-20-anos-1140x570.jpg\" alt=\"\">\n                <\/div>\n            <\/div>\n            <div class=\"recomendadorV2Area2\">\n                <div class=\"recomendadorV2Type\">\n                    <span>Alerta NASA<\/span>\n                <\/div>\n                <div class=\"recomendadorV2Title\">\n                <h2><span>Terra mudou \ud83c\udf0d<\/span><\/h2>\n                <\/div>\n                <div class=\"recomendadorV2Desc\">\n                <span>Cat\u00e1strofe alterou dura\u00e7\u00e3o dos dias<\/span>\n                <\/div>\n                <div class=\"recomendadorV2Button\">Saiba mais<\/div>\n                <div class=\"recomendadorV2Alert\"><\/div>\n            <\/div>\n            <\/div>\n        <\/a>\n        <div>\n            <div style=\"z-index:99999;\" id=\"buttonClose\" onclick=\"closeRecomendadorFixed()\">\n            <div class=\"recomendadorCloseFixed\">X<\/div>\n            <\/div>\n            <a href=\"https:\/\/crusoe.com.br\/variedades\/nasa-confirma-catastrofe-global-alterou-a-terra-e-encurtou-a-duracao-dos-dias\/?utm_source=lazy\">\n            <div class=\"recomendadorFixedArea\">\n                <div id=\"recomendadorFixed\">\n                <div class=\"recomendadorLeftArea\">\n                    <div class=\"recomendadorImgFixed\">\n                    <img class=\"lazyload\" decoding=\"async\" src=\"https:\/\/cdn.crusoe.com.br\/uploads\/2026\/03\/tsunami-20-anos-1140x570.jpg\" alt=\"\">\n                    <\/div>\n                <\/div>\n                <div class=\"recomendadorRightArea\">\n                    <div class=\"recomendadorTitleFixed\">\n                    <h2><span>Terra mudou \ud83c\udf0d<\/span><\/h2>\n                    <\/div>\n                    <div class=\"recomendadorButtonFixed\">Saiba mais<\/div>\n                    <div class=\"recomendadorAlertFixed\"><\/div>\n                <\/div>\n                <\/div>\n            <\/div>\n            <\/a>\n        <\/div>\n        <\/div>\n<p data-start=\"1117\" data-end=\"1243\">Na maioria dos casos, n\u00e3o. <strong>Esquecer nomes ocasionalmente \u00e9 considerado normal e faz parte do funcionamento natural da mem\u00f3ria.<\/strong><\/p>\n<p data-start=\"1245\" data-end=\"1427\">O c\u00e9rebro prioriza informa\u00e7\u00f5es que considera mais relevantes ou que s\u00e3o repetidas com frequ\u00eancia. Como nomes podem n\u00e3o ser usados imediatamente, eles acabam ficando em segundo plano.<\/p>\n<p data-start=\"1457\" data-end=\"1638\">O alerta surge quando o esquecimento vai al\u00e9m dos nomes e passa a afetar informa\u00e7\u00f5es importantes do dia a dia, como compromissos, tarefas simples ou nomes de pessoas muito pr\u00f3ximas.<\/p>\n<p data-start=\"1640\" data-end=\"1750\">Nesses casos, pode ser interessante buscar avalia\u00e7\u00e3o profissional para entender melhor o que est\u00e1 acontecendo.<\/p>\n<h3 data-section-id=\"13dwc7z\" data-start=\"1752\" data-end=\"1772\">Guardar nomes: D\u00e1 para melhorar?<\/h3>\n<p data-start=\"1774\" data-end=\"1856\">Sim. Algumas estrat\u00e9gias simples podem ajudar a lembrar nomes com mais facilidade:<\/p>\n<ul data-start=\"1858\" data-end=\"2039\">\n<li data-section-id=\"62qjsc\" data-start=\"1858\" data-end=\"1904\">Repetir o nome da pessoa logo ap\u00f3s ouvi-lo;<\/li>\n<li data-section-id=\"lj4rup\" data-start=\"1905\" data-end=\"1955\">Associar o nome a uma caracter\u00edstica ou imagem;<\/li>\n<li data-section-id=\"12p3som\" data-start=\"1956\" data-end=\"1990\">Usar o nome durante a conversa;<\/li>\n<li data-section-id=\"1t2zgk3\" data-start=\"1991\" data-end=\"2039\">Evitar distra\u00e7\u00f5es no momento da apresenta\u00e7\u00e3o.<\/li>\n<\/ul>\n<h2 data-section-id=\"1cear0i\" data-start=\"2041\" data-end=\"2079\">O que isso diz sobre o seu c\u00e9rebro?<\/h2>\n<p data-start=\"2081\" data-end=\"2213\">Esquecer nomes n\u00e3o significa que sua mem\u00f3ria \u00e9 ruim, muitas vezes, indica apenas que o c\u00e9rebro est\u00e1 priorizando outras informa\u00e7\u00f5es.<\/p>\n<p data-start=\"2215\" data-end=\"2427\" data-is-last-node=\"\" data-is-only-node=\"\">Na pr\u00e1tica, isso mostra que a mem\u00f3ria humana \u00e9 seletiva e funciona com base em aten\u00e7\u00e3o, relev\u00e2ncia e repeti\u00e7\u00e3o. Ou seja, com pequenas mudan\u00e7as de h\u00e1bito, \u00e9 poss\u00edvel melhorar bastante essa habilidade no dia a dia.<\/p>\n<\/div>\n<\/div>\n<\/div>\n<\/div>\n<\/div>\n<\/div>\n<\/section>\n<\/div>\n","protected":false},"excerpt":{"rendered":"<p>Esquecer nomes com frequ\u00eancia \u00e9 algo mais comum do que parece, e, na maioria das vezes, n\u00e3o tem rela\u00e7\u00e3o com falta de intelig\u00eancia ou problemas de mem\u00f3ria graves. Pelo contr\u00e1rio: esse h\u00e1bito pode dizer bastante sobre como o c\u00e9rebro funciona no dia a dia. Os nomes pr\u00f3prios s\u00e3o, para o c\u00e9rebro, informa\u00e7\u00f5es mais abstratas. Diferente [&hellip;]<\/p>\n","protected":false},"author":5,"featured_media":35855,"comment_status":"open","ping_status":"open","sticky":false,"template":"","format":"standard","meta":{"jnews-multi-image_gallery":[],"jnews_single_post":{"subtitle":"","format":"standard","jnews_video_option_group":[[]],"override":[{"template":"2","parallax":"1","fullscreen":"1","layout":"right-sidebar","sidebar":"default-sidebar","second_sidebar":"default-sidebar","sticky_sidebar":"1","share_position":"hide","share_float_style":"share-monocrhome","show_featured":"1","show_post_meta":"1","show_post_author":"1","show_post_date":"1","post_date_format":"default","post_date_format_custom":"Y\/m\/d","show_post_category":"1","show_post_reading_time":"0","post_reading_time_wpm":"300","post_calculate_word_method":"str_word_count","show_zoom_button":"0","zoom_button_out_step":"2","zoom_button_in_step":"3","show_post_tag":"1","show_popup_post":"1","number_popup_post":"1","show_author_box":"1","show_post_related":"0"}],"image_override":[{"single_post_thumbnail_size":"crop-500","single_post_gallery_size":"crop-500"}],"trending_post_position":"meta","trending_post_label":"Trending","sponsored_post_label":"Sponsored by","disable_ad":"0"},"jnews_primary_category":[],"jnews_override_counter":{"view_counter_number":"0","share_counter_number":"0","like_counter_number":"0","dislike_counter_number":"0"},"jnews_post_split":{"post_split":[{"template":"1","tag":"h2","numbering":"asc","mode":"normal","first":"0","enable_toc":"0","toc_type":"normal"}]},"footnotes":""},"categories":[1],"tags":[6808,1614],"class_list":["post-35854","post","type-post","status-publish","format-standard","has-post-thumbnail","hentry","category-geral","tag-esquecimento","tag-nomes"],"yoast_head":"<!-- This site is optimized with the Yoast SEO plugin v25.0 - https:\/\/yoast.com\/wordpress\/plugins\/seo\/ -->\n<title>Voc\u00ea esquece nomes com frequ\u00eancia? Entenda o que isso diz sobre seu c\u00e9rebro<\/title>\n<meta name=\"description\" content=\"Esquecer nomes com frequ\u00eancia \u00e9 algo mais comum do que parece, e n\u00e3o tem rela\u00e7\u00e3o com falta de intelig\u00eancia ou problemas de mem\u00f3ria graves.\" \/>\n<meta name=\"robots\" content=\"index, follow, max-snippet:-1, max-image-preview:large, max-video-preview:-1\" \/>\n<link rel=\"canonical\" href=\"https:\/\/crusoe.audiencelabs.com.br\/voce-esquece-nomes-com-frequencia-entenda-o-que-isso-diz-sobre-seu-cerebro\/\" \/>\n<meta property=\"og:locale\" content=\"pt_BR\" \/>\n<meta property=\"og:type\" content=\"article\" \/>\n<meta property=\"og:title\" content=\"Voc\u00ea esquece nomes com frequ\u00eancia? Entenda o que isso diz sobre seu c\u00e9rebro\" \/>\n<meta property=\"og:description\" content=\"Esquecer nomes com frequ\u00eancia \u00e9 algo mais comum do que parece, e n\u00e3o tem rela\u00e7\u00e3o com falta de intelig\u00eancia ou problemas de mem\u00f3ria graves.\" \/>\n<meta property=\"og:url\" content=\"https:\/\/crusoe.audiencelabs.com.br\/voce-esquece-nomes-com-frequencia-entenda-o-que-isso-diz-sobre-seu-cerebro\/\" \/>\n<meta property=\"og:site_name\" content=\"Variedades - Cruso\u00e9\" \/>\n<meta property=\"article:published_time\" content=\"2026-04-01T00:31:36+00:00\" \/>\n<meta name=\"author\" content=\"Milena Armando\" \/>\n<meta name=\"twitter:card\" content=\"summary_large_image\" \/>\n<meta name=\"twitter:label1\" content=\"Escrito por\" \/>\n\t<meta name=\"twitter:data1\" content=\"Milena Armando\" \/>\n\t<meta name=\"twitter:label2\" content=\"Est. tempo de leitura\" \/>\n\t<meta name=\"twitter:data2\" content=\"3 minutos\" \/>\n<script type=\"application\/ld+json\" class=\"yoast-schema-graph\">{\"@context\":\"https:\/\/schema.org\",\"@graph\":[{\"@type\":\"WebPage\",\"@id\":\"https:\/\/crusoe.audiencelabs.com.br\/voce-esquece-nomes-com-frequencia-entenda-o-que-isso-diz-sobre-seu-cerebro\/\",\"url\":\"https:\/\/crusoe.audiencelabs.com.br\/voce-esquece-nomes-com-frequencia-entenda-o-que-isso-diz-sobre-seu-cerebro\/\",\"name\":\"Voc\u00ea esquece nomes com frequ\u00eancia? Entenda o que isso diz sobre seu c\u00e9rebro\",\"isPartOf\":{\"@id\":\"https:\/\/crusoe.audiencelabs.com.br\/#website\"},\"primaryImageOfPage\":{\"@id\":\"https:\/\/crusoe.audiencelabs.com.br\/voce-esquece-nomes-com-frequencia-entenda-o-que-isso-diz-sobre-seu-cerebro\/#primaryimage\"},\"image\":{\"@id\":\"https:\/\/crusoe.audiencelabs.com.br\/voce-esquece-nomes-com-frequencia-entenda-o-que-isso-diz-sobre-seu-cerebro\/#primaryimage\"},\"thumbnailUrl\":\"https:\/\/cdn.crusoe.com.br\/uploads\/2026\/03\/um-homem-de-negocios-bonito-a-trabalhar-na-secretaria_1303-25724.avif\",\"datePublished\":\"2026-04-01T00:31:36+00:00\",\"author\":{\"@id\":\"https:\/\/crusoe.audiencelabs.com.br\/#\/schema\/person\/f87f73cfe89e5360de2c006bd4bd6a74\"},\"description\":\"Esquecer nomes com frequ\u00eancia \u00e9 algo mais comum do que parece, e n\u00e3o tem rela\u00e7\u00e3o com falta de intelig\u00eancia ou problemas de mem\u00f3ria graves.\",\"breadcrumb\":{\"@id\":\"https:\/\/crusoe.audiencelabs.com.br\/voce-esquece-nomes-com-frequencia-entenda-o-que-isso-diz-sobre-seu-cerebro\/#breadcrumb\"},\"inLanguage\":\"pt-BR\",\"potentialAction\":[{\"@type\":\"ReadAction\",\"target\":[\"https:\/\/crusoe.audiencelabs.com.br\/voce-esquece-nomes-com-frequencia-entenda-o-que-isso-diz-sobre-seu-cerebro\/\"]}]},{\"@type\":\"ImageObject\",\"inLanguage\":\"pt-BR\",\"@id\":\"https:\/\/crusoe.audiencelabs.com.br\/voce-esquece-nomes-com-frequencia-entenda-o-que-isso-diz-sobre-seu-cerebro\/#primaryimage\",\"url\":\"https:\/\/cdn.crusoe.com.br\/uploads\/2026\/03\/um-homem-de-negocios-bonito-a-trabalhar-na-secretaria_1303-25724.avif\",\"contentUrl\":\"https:\/\/cdn.crusoe.com.br\/uploads\/2026\/03\/um-homem-de-negocios-bonito-a-trabalhar-na-secretaria_1303-25724.avif\",\"width\":740,\"height\":493,\"caption\":\"Reprodu\u00e7\u00e3o: Freepik\"},{\"@type\":\"BreadcrumbList\",\"@id\":\"https:\/\/crusoe.audiencelabs.com.br\/voce-esquece-nomes-com-frequencia-entenda-o-que-isso-diz-sobre-seu-cerebro\/#breadcrumb\",\"itemListElement\":[{\"@type\":\"ListItem\",\"position\":1,\"name\":\"Home\",\"item\":\"https:\/\/crusoe.audiencelabs.com.br\/\"},{\"@type\":\"ListItem\",\"position\":2,\"name\":\"Voc\u00ea esquece nomes com frequ\u00eancia? Entenda o que isso diz sobre seu c\u00e9rebro\"}]},{\"@type\":\"WebSite\",\"@id\":\"https:\/\/crusoe.audiencelabs.com.br\/#website\",\"url\":\"https:\/\/crusoe.audiencelabs.com.br\/\",\"name\":\"Variedades - Cruso\u00e9\",\"description\":\"\",\"potentialAction\":[{\"@type\":\"SearchAction\",\"target\":{\"@type\":\"EntryPoint\",\"urlTemplate\":\"https:\/\/crusoe.audiencelabs.com.br\/?s={search_term_string}\"},\"query-input\":{\"@type\":\"PropertyValueSpecification\",\"valueRequired\":true,\"valueName\":\"search_term_string\"}}],\"inLanguage\":\"pt-BR\"},{\"@type\":\"Person\",\"@id\":\"https:\/\/crusoe.audiencelabs.com.br\/#\/schema\/person\/f87f73cfe89e5360de2c006bd4bd6a74\",\"name\":\"Milena Armando\",\"image\":{\"@type\":\"ImageObject\",\"inLanguage\":\"pt-BR\",\"@id\":\"https:\/\/crusoe.audiencelabs.com.br\/#\/schema\/person\/image\/\",\"url\":\"https:\/\/secure.gravatar.com\/avatar\/ea14ecddc9e9d202b698b18f9f69e09c9fd74cfbed5c6008d55f11faefdbdab7?s=96&d=mm&r=g\",\"contentUrl\":\"https:\/\/secure.gravatar.com\/avatar\/ea14ecddc9e9d202b698b18f9f69e09c9fd74cfbed5c6008d55f11faefdbdab7?s=96&d=mm&r=g\",\"caption\":\"Milena Armando\"},\"description\":\"Jornalista, redatora e revisora.\",\"url\":\"https:\/\/crusoe.audiencelabs.com.br\/author\/milena\/\"}]}<\/script>\n<!-- \/ Yoast SEO plugin. -->","yoast_head_json":{"title":"Voc\u00ea esquece nomes com frequ\u00eancia? Entenda o que isso diz sobre seu c\u00e9rebro","description":"Esquecer nomes com frequ\u00eancia \u00e9 algo mais comum do que parece, e n\u00e3o tem rela\u00e7\u00e3o com falta de intelig\u00eancia ou problemas de mem\u00f3ria graves.","robots":{"index":"index","follow":"follow","max-snippet":"max-snippet:-1","max-image-preview":"max-image-preview:large","max-video-preview":"max-video-preview:-1"},"canonical":"https:\/\/crusoe.audiencelabs.com.br\/voce-esquece-nomes-com-frequencia-entenda-o-que-isso-diz-sobre-seu-cerebro\/","og_locale":"pt_BR","og_type":"article","og_title":"Voc\u00ea esquece nomes com frequ\u00eancia? Entenda o que isso diz sobre seu c\u00e9rebro","og_description":"Esquecer nomes com frequ\u00eancia \u00e9 algo mais comum do que parece, e n\u00e3o tem rela\u00e7\u00e3o com falta de intelig\u00eancia ou problemas de mem\u00f3ria graves.","og_url":"https:\/\/crusoe.audiencelabs.com.br\/voce-esquece-nomes-com-frequencia-entenda-o-que-isso-diz-sobre-seu-cerebro\/","og_site_name":"Variedades - Cruso\u00e9","article_published_time":"2026-04-01T00:31:36+00:00","author":"Milena Armando","twitter_card":"summary_large_image","twitter_misc":{"Escrito por":"Milena Armando","Est. tempo de leitura":"3 minutos"},"schema":{"@context":"https:\/\/schema.org","@graph":[{"@type":"WebPage","@id":"https:\/\/crusoe.audiencelabs.com.br\/voce-esquece-nomes-com-frequencia-entenda-o-que-isso-diz-sobre-seu-cerebro\/","url":"https:\/\/crusoe.audiencelabs.com.br\/voce-esquece-nomes-com-frequencia-entenda-o-que-isso-diz-sobre-seu-cerebro\/","name":"Voc\u00ea esquece nomes com frequ\u00eancia? Entenda o que isso diz sobre seu c\u00e9rebro","isPartOf":{"@id":"https:\/\/crusoe.audiencelabs.com.br\/#website"},"primaryImageOfPage":{"@id":"https:\/\/crusoe.audiencelabs.com.br\/voce-esquece-nomes-com-frequencia-entenda-o-que-isso-diz-sobre-seu-cerebro\/#primaryimage"},"image":{"@id":"https:\/\/crusoe.audiencelabs.com.br\/voce-esquece-nomes-com-frequencia-entenda-o-que-isso-diz-sobre-seu-cerebro\/#primaryimage"},"thumbnailUrl":"https:\/\/cdn.crusoe.com.br\/uploads\/2026\/03\/um-homem-de-negocios-bonito-a-trabalhar-na-secretaria_1303-25724.avif","datePublished":"2026-04-01T00:31:36+00:00","author":{"@id":"https:\/\/crusoe.audiencelabs.com.br\/#\/schema\/person\/f87f73cfe89e5360de2c006bd4bd6a74"},"description":"Esquecer nomes com frequ\u00eancia \u00e9 algo mais comum do que parece, e n\u00e3o tem rela\u00e7\u00e3o com falta de intelig\u00eancia ou problemas de mem\u00f3ria graves.","breadcrumb":{"@id":"https:\/\/crusoe.audiencelabs.com.br\/voce-esquece-nomes-com-frequencia-entenda-o-que-isso-diz-sobre-seu-cerebro\/#breadcrumb"},"inLanguage":"pt-BR","potentialAction":[{"@type":"ReadAction","target":["https:\/\/crusoe.audiencelabs.com.br\/voce-esquece-nomes-com-frequencia-entenda-o-que-isso-diz-sobre-seu-cerebro\/"]}]},{"@type":"ImageObject","inLanguage":"pt-BR","@id":"https:\/\/crusoe.audiencelabs.com.br\/voce-esquece-nomes-com-frequencia-entenda-o-que-isso-diz-sobre-seu-cerebro\/#primaryimage","url":"https:\/\/cdn.crusoe.com.br\/uploads\/2026\/03\/um-homem-de-negocios-bonito-a-trabalhar-na-secretaria_1303-25724.avif","contentUrl":"https:\/\/cdn.crusoe.com.br\/uploads\/2026\/03\/um-homem-de-negocios-bonito-a-trabalhar-na-secretaria_1303-25724.avif","width":740,"height":493,"caption":"Reprodu\u00e7\u00e3o: Freepik"},{"@type":"BreadcrumbList","@id":"https:\/\/crusoe.audiencelabs.com.br\/voce-esquece-nomes-com-frequencia-entenda-o-que-isso-diz-sobre-seu-cerebro\/#breadcrumb","itemListElement":[{"@type":"ListItem","position":1,"name":"Home","item":"https:\/\/crusoe.audiencelabs.com.br\/"},{"@type":"ListItem","position":2,"name":"Voc\u00ea esquece nomes com frequ\u00eancia? Entenda o que isso diz sobre seu c\u00e9rebro"}]},{"@type":"WebSite","@id":"https:\/\/crusoe.audiencelabs.com.br\/#website","url":"https:\/\/crusoe.audiencelabs.com.br\/","name":"Variedades - Cruso\u00e9","description":"","potentialAction":[{"@type":"SearchAction","target":{"@type":"EntryPoint","urlTemplate":"https:\/\/crusoe.audiencelabs.com.br\/?s={search_term_string}"},"query-input":{"@type":"PropertyValueSpecification","valueRequired":true,"valueName":"search_term_string"}}],"inLanguage":"pt-BR"},{"@type":"Person","@id":"https:\/\/crusoe.audiencelabs.com.br\/#\/schema\/person\/f87f73cfe89e5360de2c006bd4bd6a74","name":"Milena Armando","image":{"@type":"ImageObject","inLanguage":"pt-BR","@id":"https:\/\/crusoe.audiencelabs.com.br\/#\/schema\/person\/image\/","url":"https:\/\/secure.gravatar.com\/avatar\/ea14ecddc9e9d202b698b18f9f69e09c9fd74cfbed5c6008d55f11faefdbdab7?s=96&d=mm&r=g","contentUrl":"https:\/\/secure.gravatar.com\/avatar\/ea14ecddc9e9d202b698b18f9f69e09c9fd74cfbed5c6008d55f11faefdbdab7?s=96&d=mm&r=g","caption":"Milena Armando"},"description":"Jornalista, redatora e revisora.","url":"https:\/\/crusoe.audiencelabs.com.br\/author\/milena\/"}]}},"_links":{"self":[{"href":"https:\/\/crusoe.audiencelabs.com.br\/wp-json\/wp\/v2\/posts\/35854","targetHints":{"allow":["GET"]}}],"collection":[{"href":"https:\/\/crusoe.audiencelabs.com.br\/wp-json\/wp\/v2\/posts"}],"about":[{"href":"https:\/\/crusoe.audiencelabs.com.br\/wp-json\/wp\/v2\/types\/post"}],"author":[{"embeddable":true,"href":"https:\/\/crusoe.audiencelabs.com.br\/wp-json\/wp\/v2\/users\/5"}],"replies":[{"embeddable":true,"href":"https:\/\/crusoe.audiencelabs.com.br\/wp-json\/wp\/v2\/comments?post=35854"}],"version-history":[{"count":4,"href":"https:\/\/crusoe.audiencelabs.com.br\/wp-json\/wp\/v2\/posts\/35854\/revisions"}],"predecessor-version":[{"id":35966,"href":"https:\/\/crusoe.audiencelabs.com.br\/wp-json\/wp\/v2\/posts\/35854\/revisions\/35966"}],"wp:featuredmedia":[{"embeddable":true,"href":"https:\/\/crusoe.audiencelabs.com.br\/wp-json\/wp\/v2\/media\/35855"}],"wp:attachment":[{"href":"https:\/\/crusoe.audiencelabs.com.br\/wp-json\/wp\/v2\/media?parent=35854"}],"wp:term":[{"taxonomy":"category","embeddable":true,"href":"https:\/\/crusoe.audiencelabs.com.br\/wp-json\/wp\/v2\/categories?post=35854"},{"taxonomy":"post_tag","embeddable":true,"href":"https:\/\/crusoe.audiencelabs.com.br\/wp-json\/wp\/v2\/tags?post=35854"}],"curies":[{"name":"wp","href":"https:\/\/api.w.org\/{rel}","templated":true}]}}