{"id":3585,"date":"2025-07-02T20:35:00","date_gmt":"2025-07-02T23:35:00","guid":{"rendered":"https:\/\/crusoe.com.br\/variedades\/?p=3585"},"modified":"2025-07-02T14:39:27","modified_gmt":"2025-07-02T17:39:27","slug":"nao-e-so-acucar-saiba-o-que-mais-pode-provocar-diabetes","status":"publish","type":"post","link":"https:\/\/crusoe.audiencelabs.com.br\/nao-e-so-acucar-saiba-o-que-mais-pode-provocar-diabetes\/","title":{"rendered":"N\u00e3o \u00e9 s\u00f3 a\u00e7\u00facar: saiba o que mais pode provocar diabetes"},"content":{"rendered":"\n<p>A <strong>diabetes <\/strong>\u00e9 uma condi\u00e7\u00e3o cr\u00f4nica que afeta milh\u00f5es de pessoas globalmente, exigindo mudan\u00e7as na rotina dos diagnosticados. Embora o a\u00e7\u00facar frequentemente seja visto como o principal respons\u00e1vel, as causas da diabetes s\u00e3o muito mais complexas.&nbsp;<\/p>\n\n\n\n<p>A diabetes tipo 2 constitui cerca de 90% dos casos de diabetes, contrariamente ao que se pensava anteriormente sobre o a\u00e7\u00facar ser o \u00fanico culpado.&nbsp;<\/p>\n\n\n\n<p>Esse tipo de diabetes resulta tanto da resist\u00eancia \u00e0 insulina quanto do estilo de vida, incluindo sedentarismo e dieta inadequada. Alimentos ultraprocessados, ricos em gorduras trans e carboidratos simples, s\u00e3o conhecidos por agravar essa resist\u00eancia.<\/p>\n\n\n\n<h2 class=\"wp-block-heading\">Fatores que contribuem para o desenvolvimento da diabetes<\/h2>\n\n\n\n<p>Fatores como a <strong>inatividade f\u00edsica <\/strong>s\u00e3o riscos significativos para a diabetes tipo 2. O <strong>sedentarismo <\/strong>facilita o ac\u00famulo de gordura abdominal, intensificando a resist\u00eancia insul\u00ednica.&nbsp;<\/p>\n\n\n\n<p>Uma <strong>dieta desequilibrada<\/strong> tamb\u00e9m eleva as chances de desenvolvimento da condi\u00e7\u00e3o, especialmente quando se trata do consumo excessivo de ultraprocessados.<\/p>\n\n\n\n<p>A <strong>predisposi\u00e7\u00e3o gen\u00e9tica <\/strong>\u00e9 significativamente relevante, especialmente no diabetes tipo 1, que \u00e9 uma doen\u00e7a autoimune e n\u00e3o est\u00e1 relacionada ao estilo de vida. No entanto, o diabetes tipo 2, embora tamb\u00e9m influenciado geneticamente, pode ser amplamente controlado por h\u00e1bitos saud\u00e1veis.<\/p>\n\n\n\n<h3 class=\"wp-block-heading\">Tipos de diabetes<\/h3>\n\n\n\n<p>Outros tipos, como o diabetes gestacional e o pr\u00e9-diabetes, tamb\u00e9m requerem aten\u00e7\u00e3o. O pr\u00e9-diabetes, por exemplo, \u00e9 uma condi\u00e7\u00e3o revers\u00edvel com mudan\u00e7as de estilo de vida.&nbsp;<\/p>\n\n\n\n<p>No caso do diabetes gestacional, ele pode afetar significativamente a sa\u00fade durante a gravidez e aumentar o risco de diabetes tipo 2 para a m\u00e3e e o beb\u00ea no futuro.<\/p>\n\n\n\n<h2 class=\"wp-block-heading\">Estrat\u00e9gias para a preven\u00e7\u00e3o<\/h2>\n\n\n\n<p>Prevenir o diabetes tipo 2 envolve altera\u00e7\u00f5es pr\u00e1ticas no cotidiano. Manter um peso saud\u00e1vel, realizar exerc\u00edcios regularmente e adotar uma dieta rica em alimentos integrais s\u00e3o medidas eficazes.&nbsp;<\/p>\n\n\n\n<p>A redu\u00e7\u00e3o do consumo de ultraprocessados e o aumento do consumo de fibras podem minimizar os riscos. Al\u00e9m disso, gerenciar o estresse e assegurar um ciclo de sono adequado s\u00e3o importantes para o equil\u00edbrio metab\u00f3lico.<\/p>\n","protected":false},"excerpt":{"rendered":"<p>A diabetes \u00e9 uma condi\u00e7\u00e3o cr\u00f4nica que afeta milh\u00f5es de pessoas globalmente, exigindo mudan\u00e7as na rotina dos diagnosticados. Embora o a\u00e7\u00facar frequentemente seja visto como o principal respons\u00e1vel, as causas da diabetes s\u00e3o muito mais complexas.&nbsp; A diabetes tipo 2 constitui cerca de 90% dos casos de diabetes, contrariamente ao que se pensava anteriormente sobre [&hellip;]<\/p>\n","protected":false},"author":5,"featured_media":3586,"comment_status":"open","ping_status":"open","sticky":false,"template":"","format":"standard","meta":{"jnews-multi-image_gallery":[],"jnews_single_post":{"format":"standard"},"jnews_primary_category":[],"jnews_override_counter":[],"jnews_post_split":[],"footnotes":""},"categories":[1],"tags":[703,721,234],"class_list":["post-3585","post","type-post","status-publish","format-standard","has-post-thumbnail","hentry","category-geral","tag-alimentacao","tag-diabetes","tag-saude"],"yoast_head":"<!-- This site is optimized with the Yoast SEO plugin v25.0 - https:\/\/yoast.com\/wordpress\/plugins\/seo\/ -->\n<title>N\u00e3o \u00e9 s\u00f3 a\u00e7\u00facar: saiba o que mais pode provocar diabetes<\/title>\n<meta name=\"robots\" content=\"index, follow, max-snippet:-1, max-image-preview:large, max-video-preview:-1\" \/>\n<link rel=\"canonical\" href=\"https:\/\/crusoe.audiencelabs.com.br\/nao-e-so-acucar-saiba-o-que-mais-pode-provocar-diabetes\/\" \/>\n<meta property=\"og:locale\" content=\"pt_BR\" \/>\n<meta property=\"og:type\" content=\"article\" \/>\n<meta property=\"og:title\" content=\"N\u00e3o \u00e9 s\u00f3 a\u00e7\u00facar: saiba o que mais pode provocar diabetes\" \/>\n<meta property=\"og:description\" content=\"A diabetes \u00e9 uma condi\u00e7\u00e3o cr\u00f4nica que afeta milh\u00f5es de pessoas globalmente, exigindo mudan\u00e7as na rotina dos diagnosticados. Embora o a\u00e7\u00facar frequentemente seja visto como o principal respons\u00e1vel, as causas da diabetes s\u00e3o muito mais complexas.&nbsp; A diabetes tipo 2 constitui cerca de 90% dos casos de diabetes, contrariamente ao que se pensava anteriormente sobre [&hellip;]\" \/>\n<meta property=\"og:url\" content=\"https:\/\/crusoe.audiencelabs.com.br\/nao-e-so-acucar-saiba-o-que-mais-pode-provocar-diabetes\/\" \/>\n<meta property=\"og:site_name\" content=\"Variedades - Cruso\u00e9\" \/>\n<meta property=\"article:published_time\" content=\"2025-07-02T23:35:00+00:00\" \/>\n<meta property=\"og:image\" content=\"https:\/\/cdn.crusoe.com.br\/uploads\/2025\/07\/pexels-polina-tankilevitch-5469026-scaled.jpg\" \/>\n\t<meta property=\"og:image:width\" content=\"2560\" \/>\n\t<meta property=\"og:image:height\" content=\"1707\" \/>\n\t<meta property=\"og:image:type\" content=\"image\/jpeg\" \/>\n<meta name=\"author\" content=\"Milena Armando\" \/>\n<meta name=\"twitter:card\" content=\"summary_large_image\" \/>\n<meta name=\"twitter:label1\" content=\"Escrito por\" \/>\n\t<meta name=\"twitter:data1\" content=\"Milena Armando\" \/>\n\t<meta name=\"twitter:label2\" content=\"Est. tempo de leitura\" \/>\n\t<meta name=\"twitter:data2\" content=\"2 minutos\" \/>\n<script type=\"application\/ld+json\" class=\"yoast-schema-graph\">{\"@context\":\"https:\/\/schema.org\",\"@graph\":[{\"@type\":\"WebPage\",\"@id\":\"https:\/\/crusoe.audiencelabs.com.br\/nao-e-so-acucar-saiba-o-que-mais-pode-provocar-diabetes\/\",\"url\":\"https:\/\/crusoe.audiencelabs.com.br\/nao-e-so-acucar-saiba-o-que-mais-pode-provocar-diabetes\/\",\"name\":\"N\u00e3o \u00e9 s\u00f3 a\u00e7\u00facar: saiba o que mais pode provocar diabetes\",\"isPartOf\":{\"@id\":\"https:\/\/crusoe.audiencelabs.com.br\/#website\"},\"primaryImageOfPage\":{\"@id\":\"https:\/\/crusoe.audiencelabs.com.br\/nao-e-so-acucar-saiba-o-que-mais-pode-provocar-diabetes\/#primaryimage\"},\"image\":{\"@id\":\"https:\/\/crusoe.audiencelabs.com.br\/nao-e-so-acucar-saiba-o-que-mais-pode-provocar-diabetes\/#primaryimage\"},\"thumbnailUrl\":\"https:\/\/cdn.crusoe.com.br\/uploads\/2025\/07\/pexels-polina-tankilevitch-5469026-scaled.jpg\",\"datePublished\":\"2025-07-02T23:35:00+00:00\",\"author\":{\"@id\":\"https:\/\/crusoe.audiencelabs.com.br\/#\/schema\/person\/f87f73cfe89e5360de2c006bd4bd6a74\"},\"breadcrumb\":{\"@id\":\"https:\/\/crusoe.audiencelabs.com.br\/nao-e-so-acucar-saiba-o-que-mais-pode-provocar-diabetes\/#breadcrumb\"},\"inLanguage\":\"pt-BR\",\"potentialAction\":[{\"@type\":\"ReadAction\",\"target\":[\"https:\/\/crusoe.audiencelabs.com.br\/nao-e-so-acucar-saiba-o-que-mais-pode-provocar-diabetes\/\"]}]},{\"@type\":\"ImageObject\",\"inLanguage\":\"pt-BR\",\"@id\":\"https:\/\/crusoe.audiencelabs.com.br\/nao-e-so-acucar-saiba-o-que-mais-pode-provocar-diabetes\/#primaryimage\",\"url\":\"https:\/\/cdn.crusoe.com.br\/uploads\/2025\/07\/pexels-polina-tankilevitch-5469026-scaled.jpg\",\"contentUrl\":\"https:\/\/cdn.crusoe.com.br\/uploads\/2025\/07\/pexels-polina-tankilevitch-5469026-scaled.jpg\",\"width\":2560,\"height\":1707,\"caption\":\"Foto: Polina Tankilevitch\/Pexels\"},{\"@type\":\"BreadcrumbList\",\"@id\":\"https:\/\/crusoe.audiencelabs.com.br\/nao-e-so-acucar-saiba-o-que-mais-pode-provocar-diabetes\/#breadcrumb\",\"itemListElement\":[{\"@type\":\"ListItem\",\"position\":1,\"name\":\"Home\",\"item\":\"https:\/\/crusoe.audiencelabs.com.br\/\"},{\"@type\":\"ListItem\",\"position\":2,\"name\":\"N\u00e3o \u00e9 s\u00f3 a\u00e7\u00facar: saiba o que mais pode provocar diabetes\"}]},{\"@type\":\"WebSite\",\"@id\":\"https:\/\/crusoe.audiencelabs.com.br\/#website\",\"url\":\"https:\/\/crusoe.audiencelabs.com.br\/\",\"name\":\"Variedades - Cruso\u00e9\",\"description\":\"\",\"potentialAction\":[{\"@type\":\"SearchAction\",\"target\":{\"@type\":\"EntryPoint\",\"urlTemplate\":\"https:\/\/crusoe.audiencelabs.com.br\/?s={search_term_string}\"},\"query-input\":{\"@type\":\"PropertyValueSpecification\",\"valueRequired\":true,\"valueName\":\"search_term_string\"}}],\"inLanguage\":\"pt-BR\"},{\"@type\":\"Person\",\"@id\":\"https:\/\/crusoe.audiencelabs.com.br\/#\/schema\/person\/f87f73cfe89e5360de2c006bd4bd6a74\",\"name\":\"Milena Armando\",\"image\":{\"@type\":\"ImageObject\",\"inLanguage\":\"pt-BR\",\"@id\":\"https:\/\/crusoe.audiencelabs.com.br\/#\/schema\/person\/image\/\",\"url\":\"https:\/\/secure.gravatar.com\/avatar\/ea14ecddc9e9d202b698b18f9f69e09c9fd74cfbed5c6008d55f11faefdbdab7?s=96&d=mm&r=g\",\"contentUrl\":\"https:\/\/secure.gravatar.com\/avatar\/ea14ecddc9e9d202b698b18f9f69e09c9fd74cfbed5c6008d55f11faefdbdab7?s=96&d=mm&r=g\",\"caption\":\"Milena Armando\"},\"description\":\"Jornalista, redatora e revisora.\",\"url\":\"https:\/\/crusoe.audiencelabs.com.br\/author\/milena\/\"}]}<\/script>\n<!-- \/ Yoast SEO plugin. -->","yoast_head_json":{"title":"N\u00e3o \u00e9 s\u00f3 a\u00e7\u00facar: saiba o que mais pode provocar diabetes","robots":{"index":"index","follow":"follow","max-snippet":"max-snippet:-1","max-image-preview":"max-image-preview:large","max-video-preview":"max-video-preview:-1"},"canonical":"https:\/\/crusoe.audiencelabs.com.br\/nao-e-so-acucar-saiba-o-que-mais-pode-provocar-diabetes\/","og_locale":"pt_BR","og_type":"article","og_title":"N\u00e3o \u00e9 s\u00f3 a\u00e7\u00facar: saiba o que mais pode provocar diabetes","og_description":"A diabetes \u00e9 uma condi\u00e7\u00e3o cr\u00f4nica que afeta milh\u00f5es de pessoas globalmente, exigindo mudan\u00e7as na rotina dos diagnosticados. Embora o a\u00e7\u00facar frequentemente seja visto como o principal respons\u00e1vel, as causas da diabetes s\u00e3o muito mais complexas.&nbsp; A diabetes tipo 2 constitui cerca de 90% dos casos de diabetes, contrariamente ao que se pensava anteriormente sobre [&hellip;]","og_url":"https:\/\/crusoe.audiencelabs.com.br\/nao-e-so-acucar-saiba-o-que-mais-pode-provocar-diabetes\/","og_site_name":"Variedades - Cruso\u00e9","article_published_time":"2025-07-02T23:35:00+00:00","og_image":[{"width":2560,"height":1707,"url":"https:\/\/cdn.crusoe.com.br\/uploads\/2025\/07\/pexels-polina-tankilevitch-5469026-scaled.jpg","type":"image\/jpeg"}],"author":"Milena Armando","twitter_card":"summary_large_image","twitter_misc":{"Escrito por":"Milena Armando","Est. tempo de leitura":"2 minutos"},"schema":{"@context":"https:\/\/schema.org","@graph":[{"@type":"WebPage","@id":"https:\/\/crusoe.audiencelabs.com.br\/nao-e-so-acucar-saiba-o-que-mais-pode-provocar-diabetes\/","url":"https:\/\/crusoe.audiencelabs.com.br\/nao-e-so-acucar-saiba-o-que-mais-pode-provocar-diabetes\/","name":"N\u00e3o \u00e9 s\u00f3 a\u00e7\u00facar: saiba o que mais pode provocar diabetes","isPartOf":{"@id":"https:\/\/crusoe.audiencelabs.com.br\/#website"},"primaryImageOfPage":{"@id":"https:\/\/crusoe.audiencelabs.com.br\/nao-e-so-acucar-saiba-o-que-mais-pode-provocar-diabetes\/#primaryimage"},"image":{"@id":"https:\/\/crusoe.audiencelabs.com.br\/nao-e-so-acucar-saiba-o-que-mais-pode-provocar-diabetes\/#primaryimage"},"thumbnailUrl":"https:\/\/cdn.crusoe.com.br\/uploads\/2025\/07\/pexels-polina-tankilevitch-5469026-scaled.jpg","datePublished":"2025-07-02T23:35:00+00:00","author":{"@id":"https:\/\/crusoe.audiencelabs.com.br\/#\/schema\/person\/f87f73cfe89e5360de2c006bd4bd6a74"},"breadcrumb":{"@id":"https:\/\/crusoe.audiencelabs.com.br\/nao-e-so-acucar-saiba-o-que-mais-pode-provocar-diabetes\/#breadcrumb"},"inLanguage":"pt-BR","potentialAction":[{"@type":"ReadAction","target":["https:\/\/crusoe.audiencelabs.com.br\/nao-e-so-acucar-saiba-o-que-mais-pode-provocar-diabetes\/"]}]},{"@type":"ImageObject","inLanguage":"pt-BR","@id":"https:\/\/crusoe.audiencelabs.com.br\/nao-e-so-acucar-saiba-o-que-mais-pode-provocar-diabetes\/#primaryimage","url":"https:\/\/cdn.crusoe.com.br\/uploads\/2025\/07\/pexels-polina-tankilevitch-5469026-scaled.jpg","contentUrl":"https:\/\/cdn.crusoe.com.br\/uploads\/2025\/07\/pexels-polina-tankilevitch-5469026-scaled.jpg","width":2560,"height":1707,"caption":"Foto: Polina Tankilevitch\/Pexels"},{"@type":"BreadcrumbList","@id":"https:\/\/crusoe.audiencelabs.com.br\/nao-e-so-acucar-saiba-o-que-mais-pode-provocar-diabetes\/#breadcrumb","itemListElement":[{"@type":"ListItem","position":1,"name":"Home","item":"https:\/\/crusoe.audiencelabs.com.br\/"},{"@type":"ListItem","position":2,"name":"N\u00e3o \u00e9 s\u00f3 a\u00e7\u00facar: saiba o que mais pode provocar diabetes"}]},{"@type":"WebSite","@id":"https:\/\/crusoe.audiencelabs.com.br\/#website","url":"https:\/\/crusoe.audiencelabs.com.br\/","name":"Variedades - Cruso\u00e9","description":"","potentialAction":[{"@type":"SearchAction","target":{"@type":"EntryPoint","urlTemplate":"https:\/\/crusoe.audiencelabs.com.br\/?s={search_term_string}"},"query-input":{"@type":"PropertyValueSpecification","valueRequired":true,"valueName":"search_term_string"}}],"inLanguage":"pt-BR"},{"@type":"Person","@id":"https:\/\/crusoe.audiencelabs.com.br\/#\/schema\/person\/f87f73cfe89e5360de2c006bd4bd6a74","name":"Milena Armando","image":{"@type":"ImageObject","inLanguage":"pt-BR","@id":"https:\/\/crusoe.audiencelabs.com.br\/#\/schema\/person\/image\/","url":"https:\/\/secure.gravatar.com\/avatar\/ea14ecddc9e9d202b698b18f9f69e09c9fd74cfbed5c6008d55f11faefdbdab7?s=96&d=mm&r=g","contentUrl":"https:\/\/secure.gravatar.com\/avatar\/ea14ecddc9e9d202b698b18f9f69e09c9fd74cfbed5c6008d55f11faefdbdab7?s=96&d=mm&r=g","caption":"Milena Armando"},"description":"Jornalista, redatora e revisora.","url":"https:\/\/crusoe.audiencelabs.com.br\/author\/milena\/"}]}},"_links":{"self":[{"href":"https:\/\/crusoe.audiencelabs.com.br\/wp-json\/wp\/v2\/posts\/3585","targetHints":{"allow":["GET"]}}],"collection":[{"href":"https:\/\/crusoe.audiencelabs.com.br\/wp-json\/wp\/v2\/posts"}],"about":[{"href":"https:\/\/crusoe.audiencelabs.com.br\/wp-json\/wp\/v2\/types\/post"}],"author":[{"embeddable":true,"href":"https:\/\/crusoe.audiencelabs.com.br\/wp-json\/wp\/v2\/users\/5"}],"replies":[{"embeddable":true,"href":"https:\/\/crusoe.audiencelabs.com.br\/wp-json\/wp\/v2\/comments?post=3585"}],"version-history":[{"count":1,"href":"https:\/\/crusoe.audiencelabs.com.br\/wp-json\/wp\/v2\/posts\/3585\/revisions"}],"predecessor-version":[{"id":3587,"href":"https:\/\/crusoe.audiencelabs.com.br\/wp-json\/wp\/v2\/posts\/3585\/revisions\/3587"}],"wp:featuredmedia":[{"embeddable":true,"href":"https:\/\/crusoe.audiencelabs.com.br\/wp-json\/wp\/v2\/media\/3586"}],"wp:attachment":[{"href":"https:\/\/crusoe.audiencelabs.com.br\/wp-json\/wp\/v2\/media?parent=3585"}],"wp:term":[{"taxonomy":"category","embeddable":true,"href":"https:\/\/crusoe.audiencelabs.com.br\/wp-json\/wp\/v2\/categories?post=3585"},{"taxonomy":"post_tag","embeddable":true,"href":"https:\/\/crusoe.audiencelabs.com.br\/wp-json\/wp\/v2\/tags?post=3585"}],"curies":[{"name":"wp","href":"https:\/\/api.w.org\/{rel}","templated":true}]}}