{"id":35807,"date":"2026-03-31T07:05:48","date_gmt":"2026-03-31T10:05:48","guid":{"rendered":"https:\/\/crusoe.audiencelabs.com.br\/?p=35807"},"modified":"2026-03-31T09:49:54","modified_gmt":"2026-03-31T12:49:54","slug":"35807-2","status":"publish","type":"post","link":"https:\/\/crusoe.audiencelabs.com.br\/35807-2\/","title":{"rendered":"Projeto pode liberar acess\u00f3rio que hoje \u00e9 ilegal em carros no Brasil"},"content":{"rendered":"<p><span style=\"font-weight: 400\">Recentemente, a Comiss\u00e3o de Via\u00e7\u00e3o e Transportes aprovou um projeto de lei que pode transformar as regras de <strong>ilumina\u00e7\u00e3o automotiva<\/strong> no Brasil.\u00a0<\/span><\/p>\n<p><span style=\"font-weight: 400\">O projeto permite a<strong> substitui\u00e7\u00e3o das l\u00e2mpadas de far\u00f3is tradicionais por op\u00e7\u00f5es de LED<\/strong>, desde que tenham <strong>certifica\u00e7\u00e3o<\/strong> do Instituto Nacional de Metrologia, Qualidade e Tecnologia (Inmetro).<\/span><\/p>\n<p><span style=\"font-weight: 400\">A legisla\u00e7\u00e3o atual, orientada por uma resolu\u00e7\u00e3o do Conselho Nacional de Tr\u00e2nsito (<a href=\"https:\/\/www.gov.br\/transportes\/pt-br\/assuntos\/transito\/conteudo-Senatran\/resolucoes-contran\">Contran<\/a>), pro\u00edbe qualquer substitui\u00e7\u00e3o de l\u00e2mpadas de farol, exceto quando especificada no manual do fabricante.\u00a0<\/span><\/p>\n<p><span style=\"font-weight: 400\">Com a nova proposta, essa restri\u00e7\u00e3o pode ser suspensa, abrindo caminho para uma tecnologia mais eficiente, que dever\u00e1 respeitar normas rigorosas de instala\u00e7\u00e3o.<\/span><\/p>\n<h2><span style=\"font-weight: 400\">Vantagens das l\u00e2mpadas de LED<\/span><\/h2>\n<p><span style=\"font-weight: 400\">A justificativa para essa modifica\u00e7\u00e3o \u00e9 a efici\u00eancia energ\u00e9tica das l\u00e2mpadas de LED, que <strong>consomem menos energia e oferecem maior durabilidade.\u00a0<\/strong><\/span><\/p>\n<p><span style=\"font-weight: 400\">Esse tipo de ilumina\u00e7\u00e3o melhora a distribui\u00e7\u00e3o de luz, aumentando a seguran\u00e7a nas vias. As l\u00e2mpadas de LED tamb\u00e9m proporcionam uma melhor vis\u00e3o noturna para os motoristas, o que pode reduzir acidentes. <\/span><span style=\"font-weight: 400\">Al\u00e9m disso, as l\u00e2mpadas de LED s\u00e3o mais dur\u00e1veis que as hal\u00f3genas.\u00a0<\/span><\/p>\n<h2><span style=\"font-weight: 400\">Passos a seguir<\/span><\/h2>\n<p><span style=\"font-weight: 400\">O projeto prop\u00f5e altera\u00e7\u00f5es ao <a href=\"https:\/\/www.planalto.gov.br\/ccivil_03\/leis\/l9503compilado.htm\">C\u00f3digo de Tr\u00e2nsito Brasileiro<\/a>, alinhando as pr\u00e1ticas nacionais aos padr\u00f5es internacionais modernos<\/span><span style=\"font-weight: 400\">.<\/span><\/p>\n<p><span style=\"font-weight: 400\">Defensores apontam que a atualiza\u00e7\u00e3o tecnol\u00f3gica da frota brasileira \u00e9 essencial para a sustentabilidade. Contudo, \u00e9 necess\u00e1rio regulamentar o mercado para evitar pr\u00e1ticas de instala\u00e7\u00e3o inadequadas e o uso de produtos n\u00e3o certificados.<\/span><\/p>\n<p><strong>O processo de ado\u00e7\u00e3o dessa tecnologia ainda passar\u00e1 pela Comiss\u00e3o de Constitui\u00e7\u00e3o e Justi\u00e7a e de Cidadania da C\u00e2mara, seguido de an\u00e1lise no Senado.<\/strong><\/p>\n<h2><span style=\"font-weight: 400\">Transforma\u00e7\u00f5es no mercado automotivo<\/span><\/h2>\n<p><span style=\"font-weight: 400\">A mudan\u00e7a nas regras de ilumina\u00e7\u00e3o pode influenciar o mercado automotivo brasileiro. <\/span><span style=\"font-weight: 400\">A expectativa \u00e9 de aumento na demanda por l\u00e2mpadas de LED e uma maior aten\u00e7\u00e3o \u00e0s normas em oficinas e lojas de autom\u00f3veis.<\/span><\/p>\n<p><span style=\"font-weight: 400\">Essa evolu\u00e7\u00e3o normativa tem potencial para encarecer ve\u00edculos usados, uma vez que os consumidores tendem a valorizar ve\u00edculos com maior seguran\u00e7a proporcionada pelas l\u00e2mpadas de LED.\u00a0<\/span><span style=\"font-weight: 400\">\u00a0<\/span><\/p>\n<p><span style=\"font-weight: 400\">A expectativa \u00e9 que todas as etapas sejam conclu\u00eddas at\u00e9 o final do ano, permitindo que o Brasil adote essa tecnologia de ilumina\u00e7\u00e3o.\u00a0<\/span><\/p>\n","protected":false},"excerpt":{"rendered":"<p>Recentemente, a Comiss\u00e3o de Via\u00e7\u00e3o e Transportes aprovou um projeto de lei que pode transformar as regras de ilumina\u00e7\u00e3o automotiva no Brasil.\u00a0 O projeto permite a substitui\u00e7\u00e3o das l\u00e2mpadas de far\u00f3is tradicionais por op\u00e7\u00f5es de LED, desde que tenham certifica\u00e7\u00e3o do Instituto Nacional de Metrologia, Qualidade e Tecnologia (Inmetro). A legisla\u00e7\u00e3o atual, orientada por uma [&hellip;]<\/p>\n","protected":false},"author":5,"featured_media":35806,"comment_status":"open","ping_status":"open","sticky":false,"template":"","format":"standard","meta":{"jnews-multi-image_gallery":[],"jnews_single_post":{"subtitle":"","format":"standard","jnews_video_option_group":[[]],"override":[{"template":"2","parallax":"1","fullscreen":"1","layout":"right-sidebar","sidebar":"default-sidebar","second_sidebar":"default-sidebar","sticky_sidebar":"1","share_position":"hide","share_float_style":"share-monocrhome","show_featured":"1","show_post_meta":"1","show_post_author":"1","show_post_date":"1","post_date_format":"default","post_date_format_custom":"Y\/m\/d","show_post_category":"1","show_post_reading_time":"0","post_reading_time_wpm":"300","post_calculate_word_method":"str_word_count","show_zoom_button":"0","zoom_button_out_step":"2","zoom_button_in_step":"3","show_post_tag":"1","show_popup_post":"1","number_popup_post":"1","show_author_box":"1","show_post_related":"0"}],"image_override":[{"single_post_thumbnail_size":"crop-500","single_post_gallery_size":"crop-500"}],"trending_post_position":"meta","trending_post_label":"Trending","sponsored_post_label":"Sponsored by","disable_ad":"0"},"jnews_primary_category":[],"jnews_override_counter":{"view_counter_number":"0","share_counter_number":"0","like_counter_number":"0","dislike_counter_number":"0"},"jnews_post_split":{"post_split":[{"template":"1","tag":"h2","numbering":"asc","mode":"normal","first":"0","enable_toc":"0","toc_type":"normal"}]},"footnotes":""},"categories":[1],"tags":[478,6800,6799],"class_list":["post-35807","post","type-post","status-publish","format-standard","has-post-thumbnail","hentry","category-geral","tag-carros","tag-farol","tag-led"],"yoast_head":"<!-- This site is optimized with the Yoast SEO plugin v25.0 - https:\/\/yoast.com\/wordpress\/plugins\/seo\/ -->\n<title>Projeto pode liberar acess\u00f3rio que hoje \u00e9 ilegal em carros no Brasil<\/title>\n<meta name=\"robots\" content=\"index, follow, max-snippet:-1, max-image-preview:large, max-video-preview:-1\" \/>\n<link rel=\"canonical\" href=\"https:\/\/crusoe.audiencelabs.com.br\/35807-2\/\" \/>\n<meta property=\"og:locale\" content=\"pt_BR\" \/>\n<meta property=\"og:type\" content=\"article\" \/>\n<meta property=\"og:title\" content=\"Projeto pode liberar acess\u00f3rio que hoje \u00e9 ilegal em carros no Brasil\" \/>\n<meta property=\"og:description\" content=\"Recentemente, a Comiss\u00e3o de Via\u00e7\u00e3o e Transportes aprovou um projeto de lei que pode transformar as regras de ilumina\u00e7\u00e3o automotiva no Brasil.\u00a0 O projeto permite a substitui\u00e7\u00e3o das l\u00e2mpadas de far\u00f3is tradicionais por op\u00e7\u00f5es de LED, desde que tenham certifica\u00e7\u00e3o do Instituto Nacional de Metrologia, Qualidade e Tecnologia (Inmetro). A legisla\u00e7\u00e3o atual, orientada por uma [&hellip;]\" \/>\n<meta property=\"og:url\" content=\"https:\/\/crusoe.audiencelabs.com.br\/35807-2\/\" \/>\n<meta property=\"og:site_name\" content=\"Variedades - Cruso\u00e9\" \/>\n<meta property=\"article:published_time\" content=\"2026-03-31T10:05:48+00:00\" \/>\n<meta property=\"article:modified_time\" content=\"2026-03-31T12:49:54+00:00\" \/>\n<meta property=\"og:image\" content=\"https:\/\/cdn.crusoe.com.br\/uploads\/2026\/03\/576437610e2163457518a058led-headlight-acura-tlx.webp\" \/>\n\t<meta property=\"og:image:width\" content=\"1000\" \/>\n\t<meta property=\"og:image:height\" content=\"667\" \/>\n\t<meta property=\"og:image:type\" content=\"image\/webp\" \/>\n<meta name=\"author\" content=\"Milena Armando\" \/>\n<meta name=\"twitter:card\" content=\"summary_large_image\" \/>\n<meta name=\"twitter:label1\" content=\"Escrito por\" \/>\n\t<meta name=\"twitter:data1\" content=\"Milena Armando\" \/>\n\t<meta name=\"twitter:label2\" content=\"Est. tempo de leitura\" \/>\n\t<meta name=\"twitter:data2\" content=\"3 minutos\" \/>\n<script type=\"application\/ld+json\" class=\"yoast-schema-graph\">{\"@context\":\"https:\/\/schema.org\",\"@graph\":[{\"@type\":\"WebPage\",\"@id\":\"https:\/\/crusoe.audiencelabs.com.br\/35807-2\/\",\"url\":\"https:\/\/crusoe.audiencelabs.com.br\/35807-2\/\",\"name\":\"Projeto pode liberar acess\u00f3rio que hoje \u00e9 ilegal em carros no Brasil\",\"isPartOf\":{\"@id\":\"https:\/\/crusoe.audiencelabs.com.br\/#website\"},\"primaryImageOfPage\":{\"@id\":\"https:\/\/crusoe.audiencelabs.com.br\/35807-2\/#primaryimage\"},\"image\":{\"@id\":\"https:\/\/crusoe.audiencelabs.com.br\/35807-2\/#primaryimage\"},\"thumbnailUrl\":\"https:\/\/cdn.crusoe.com.br\/uploads\/2026\/03\/576437610e2163457518a058led-headlight-acura-tlx.webp\",\"datePublished\":\"2026-03-31T10:05:48+00:00\",\"dateModified\":\"2026-03-31T12:49:54+00:00\",\"author\":{\"@id\":\"https:\/\/crusoe.audiencelabs.com.br\/#\/schema\/person\/f87f73cfe89e5360de2c006bd4bd6a74\"},\"breadcrumb\":{\"@id\":\"https:\/\/crusoe.audiencelabs.com.br\/35807-2\/#breadcrumb\"},\"inLanguage\":\"pt-BR\",\"potentialAction\":[{\"@type\":\"ReadAction\",\"target\":[\"https:\/\/crusoe.audiencelabs.com.br\/35807-2\/\"]}]},{\"@type\":\"ImageObject\",\"inLanguage\":\"pt-BR\",\"@id\":\"https:\/\/crusoe.audiencelabs.com.br\/35807-2\/#primaryimage\",\"url\":\"https:\/\/cdn.crusoe.com.br\/uploads\/2026\/03\/576437610e2163457518a058led-headlight-acura-tlx.webp\",\"contentUrl\":\"https:\/\/cdn.crusoe.com.br\/uploads\/2026\/03\/576437610e2163457518a058led-headlight-acura-tlx.webp\",\"width\":1000,\"height\":667,\"caption\":\"Reprodu\u00e7\u00e3o: Quatro Rodas\"},{\"@type\":\"BreadcrumbList\",\"@id\":\"https:\/\/crusoe.audiencelabs.com.br\/35807-2\/#breadcrumb\",\"itemListElement\":[{\"@type\":\"ListItem\",\"position\":1,\"name\":\"Home\",\"item\":\"https:\/\/crusoe.audiencelabs.com.br\/\"},{\"@type\":\"ListItem\",\"position\":2,\"name\":\"Projeto pode liberar acess\u00f3rio que hoje \u00e9 ilegal em carros no Brasil\"}]},{\"@type\":\"WebSite\",\"@id\":\"https:\/\/crusoe.audiencelabs.com.br\/#website\",\"url\":\"https:\/\/crusoe.audiencelabs.com.br\/\",\"name\":\"Variedades - Cruso\u00e9\",\"description\":\"\",\"potentialAction\":[{\"@type\":\"SearchAction\",\"target\":{\"@type\":\"EntryPoint\",\"urlTemplate\":\"https:\/\/crusoe.audiencelabs.com.br\/?s={search_term_string}\"},\"query-input\":{\"@type\":\"PropertyValueSpecification\",\"valueRequired\":true,\"valueName\":\"search_term_string\"}}],\"inLanguage\":\"pt-BR\"},{\"@type\":\"Person\",\"@id\":\"https:\/\/crusoe.audiencelabs.com.br\/#\/schema\/person\/f87f73cfe89e5360de2c006bd4bd6a74\",\"name\":\"Milena Armando\",\"image\":{\"@type\":\"ImageObject\",\"inLanguage\":\"pt-BR\",\"@id\":\"https:\/\/crusoe.audiencelabs.com.br\/#\/schema\/person\/image\/\",\"url\":\"https:\/\/secure.gravatar.com\/avatar\/ea14ecddc9e9d202b698b18f9f69e09c9fd74cfbed5c6008d55f11faefdbdab7?s=96&d=mm&r=g\",\"contentUrl\":\"https:\/\/secure.gravatar.com\/avatar\/ea14ecddc9e9d202b698b18f9f69e09c9fd74cfbed5c6008d55f11faefdbdab7?s=96&d=mm&r=g\",\"caption\":\"Milena Armando\"},\"description\":\"Jornalista, redatora e revisora.\",\"url\":\"https:\/\/crusoe.audiencelabs.com.br\/author\/milena\/\"}]}<\/script>\n<!-- \/ Yoast SEO plugin. -->","yoast_head_json":{"title":"Projeto pode liberar acess\u00f3rio que hoje \u00e9 ilegal em carros no Brasil","robots":{"index":"index","follow":"follow","max-snippet":"max-snippet:-1","max-image-preview":"max-image-preview:large","max-video-preview":"max-video-preview:-1"},"canonical":"https:\/\/crusoe.audiencelabs.com.br\/35807-2\/","og_locale":"pt_BR","og_type":"article","og_title":"Projeto pode liberar acess\u00f3rio que hoje \u00e9 ilegal em carros no Brasil","og_description":"Recentemente, a Comiss\u00e3o de Via\u00e7\u00e3o e Transportes aprovou um projeto de lei que pode transformar as regras de ilumina\u00e7\u00e3o automotiva no Brasil.\u00a0 O projeto permite a substitui\u00e7\u00e3o das l\u00e2mpadas de far\u00f3is tradicionais por op\u00e7\u00f5es de LED, desde que tenham certifica\u00e7\u00e3o do Instituto Nacional de Metrologia, Qualidade e Tecnologia (Inmetro). A legisla\u00e7\u00e3o atual, orientada por uma [&hellip;]","og_url":"https:\/\/crusoe.audiencelabs.com.br\/35807-2\/","og_site_name":"Variedades - Cruso\u00e9","article_published_time":"2026-03-31T10:05:48+00:00","article_modified_time":"2026-03-31T12:49:54+00:00","og_image":[{"width":1000,"height":667,"url":"https:\/\/cdn.crusoe.com.br\/uploads\/2026\/03\/576437610e2163457518a058led-headlight-acura-tlx.webp","type":"image\/webp"}],"author":"Milena Armando","twitter_card":"summary_large_image","twitter_misc":{"Escrito por":"Milena Armando","Est. tempo de leitura":"3 minutos"},"schema":{"@context":"https:\/\/schema.org","@graph":[{"@type":"WebPage","@id":"https:\/\/crusoe.audiencelabs.com.br\/35807-2\/","url":"https:\/\/crusoe.audiencelabs.com.br\/35807-2\/","name":"Projeto pode liberar acess\u00f3rio que hoje \u00e9 ilegal em carros no Brasil","isPartOf":{"@id":"https:\/\/crusoe.audiencelabs.com.br\/#website"},"primaryImageOfPage":{"@id":"https:\/\/crusoe.audiencelabs.com.br\/35807-2\/#primaryimage"},"image":{"@id":"https:\/\/crusoe.audiencelabs.com.br\/35807-2\/#primaryimage"},"thumbnailUrl":"https:\/\/cdn.crusoe.com.br\/uploads\/2026\/03\/576437610e2163457518a058led-headlight-acura-tlx.webp","datePublished":"2026-03-31T10:05:48+00:00","dateModified":"2026-03-31T12:49:54+00:00","author":{"@id":"https:\/\/crusoe.audiencelabs.com.br\/#\/schema\/person\/f87f73cfe89e5360de2c006bd4bd6a74"},"breadcrumb":{"@id":"https:\/\/crusoe.audiencelabs.com.br\/35807-2\/#breadcrumb"},"inLanguage":"pt-BR","potentialAction":[{"@type":"ReadAction","target":["https:\/\/crusoe.audiencelabs.com.br\/35807-2\/"]}]},{"@type":"ImageObject","inLanguage":"pt-BR","@id":"https:\/\/crusoe.audiencelabs.com.br\/35807-2\/#primaryimage","url":"https:\/\/cdn.crusoe.com.br\/uploads\/2026\/03\/576437610e2163457518a058led-headlight-acura-tlx.webp","contentUrl":"https:\/\/cdn.crusoe.com.br\/uploads\/2026\/03\/576437610e2163457518a058led-headlight-acura-tlx.webp","width":1000,"height":667,"caption":"Reprodu\u00e7\u00e3o: Quatro Rodas"},{"@type":"BreadcrumbList","@id":"https:\/\/crusoe.audiencelabs.com.br\/35807-2\/#breadcrumb","itemListElement":[{"@type":"ListItem","position":1,"name":"Home","item":"https:\/\/crusoe.audiencelabs.com.br\/"},{"@type":"ListItem","position":2,"name":"Projeto pode liberar acess\u00f3rio que hoje \u00e9 ilegal em carros no Brasil"}]},{"@type":"WebSite","@id":"https:\/\/crusoe.audiencelabs.com.br\/#website","url":"https:\/\/crusoe.audiencelabs.com.br\/","name":"Variedades - Cruso\u00e9","description":"","potentialAction":[{"@type":"SearchAction","target":{"@type":"EntryPoint","urlTemplate":"https:\/\/crusoe.audiencelabs.com.br\/?s={search_term_string}"},"query-input":{"@type":"PropertyValueSpecification","valueRequired":true,"valueName":"search_term_string"}}],"inLanguage":"pt-BR"},{"@type":"Person","@id":"https:\/\/crusoe.audiencelabs.com.br\/#\/schema\/person\/f87f73cfe89e5360de2c006bd4bd6a74","name":"Milena Armando","image":{"@type":"ImageObject","inLanguage":"pt-BR","@id":"https:\/\/crusoe.audiencelabs.com.br\/#\/schema\/person\/image\/","url":"https:\/\/secure.gravatar.com\/avatar\/ea14ecddc9e9d202b698b18f9f69e09c9fd74cfbed5c6008d55f11faefdbdab7?s=96&d=mm&r=g","contentUrl":"https:\/\/secure.gravatar.com\/avatar\/ea14ecddc9e9d202b698b18f9f69e09c9fd74cfbed5c6008d55f11faefdbdab7?s=96&d=mm&r=g","caption":"Milena Armando"},"description":"Jornalista, redatora e revisora.","url":"https:\/\/crusoe.audiencelabs.com.br\/author\/milena\/"}]}},"_links":{"self":[{"href":"https:\/\/crusoe.audiencelabs.com.br\/wp-json\/wp\/v2\/posts\/35807","targetHints":{"allow":["GET"]}}],"collection":[{"href":"https:\/\/crusoe.audiencelabs.com.br\/wp-json\/wp\/v2\/posts"}],"about":[{"href":"https:\/\/crusoe.audiencelabs.com.br\/wp-json\/wp\/v2\/types\/post"}],"author":[{"embeddable":true,"href":"https:\/\/crusoe.audiencelabs.com.br\/wp-json\/wp\/v2\/users\/5"}],"replies":[{"embeddable":true,"href":"https:\/\/crusoe.audiencelabs.com.br\/wp-json\/wp\/v2\/comments?post=35807"}],"version-history":[{"count":4,"href":"https:\/\/crusoe.audiencelabs.com.br\/wp-json\/wp\/v2\/posts\/35807\/revisions"}],"predecessor-version":[{"id":35922,"href":"https:\/\/crusoe.audiencelabs.com.br\/wp-json\/wp\/v2\/posts\/35807\/revisions\/35922"}],"wp:featuredmedia":[{"embeddable":true,"href":"https:\/\/crusoe.audiencelabs.com.br\/wp-json\/wp\/v2\/media\/35806"}],"wp:attachment":[{"href":"https:\/\/crusoe.audiencelabs.com.br\/wp-json\/wp\/v2\/media?parent=35807"}],"wp:term":[{"taxonomy":"category","embeddable":true,"href":"https:\/\/crusoe.audiencelabs.com.br\/wp-json\/wp\/v2\/categories?post=35807"},{"taxonomy":"post_tag","embeddable":true,"href":"https:\/\/crusoe.audiencelabs.com.br\/wp-json\/wp\/v2\/tags?post=35807"}],"curies":[{"name":"wp","href":"https:\/\/api.w.org\/{rel}","templated":true}]}}