{"id":35780,"date":"2026-04-03T13:06:25","date_gmt":"2026-04-03T16:06:25","guid":{"rendered":"https:\/\/crusoe.audiencelabs.com.br\/?p=35780"},"modified":"2026-03-30T14:11:34","modified_gmt":"2026-03-30T17:11:34","slug":"segundo-estudos-essa-e-a-idade-em-que-a-visao-comeca-a-piorar","status":"publish","type":"post","link":"https:\/\/crusoe.audiencelabs.com.br\/segundo-estudos-essa-e-a-idade-em-que-a-visao-comeca-a-piorar\/","title":{"rendered":"Segundo estudos, essa \u00e9 a idade em que a vis\u00e3o come\u00e7a a piorar"},"content":{"rendered":"<p data-start=\"153\" data-end=\"383\">Se voc\u00ea j\u00e1 passou dos 40 anos e come\u00e7ou a afastar o celular para ler melhor, saiba que isso n\u00e3o \u00e9 coincid\u00eancia. Segundo especialistas, \u00e9 justamente nessa faixa et\u00e1ria que a vis\u00e3o costuma come\u00e7ar a piorar de forma mais percept\u00edvel.<\/p>\n<p data-start=\"153\" data-end=\"383\">Na ci\u00eancia, esse processo \u00e9 conhecido como presbiopia, ou \u201cvista cansada\u201d, e faz parte do envelhecimento natural dos olhos. A condi\u00e7\u00e3o causa inc\u00f4modo em muitos, mas especialistas apontam que \u00e9 um fen\u00f4meno natural da vida.<\/p>\n<p data-start=\"153\" data-end=\"383\">No caso, a presbiopia n\u00e3o \u00e9 considerada uma doen\u00e7a, pois \u00e9 vista como um\u00a0processo fisiol\u00f3gico natural, que acontece com praticamente todas as pessoas ao longo da vida.<\/p>\n<h2 data-start=\"153\" data-end=\"383\">A mudan\u00e7a \u00e9 comum a partir dos 40<\/h2>\n<p>De acordo com estudos e especialistas em oftalmologia, a maioria das pessoas come\u00e7a a apresentar dificuldade para enxergar de perto por volta dos 40 anos.<\/p>\n<p>Isso acontece porque o cristalino, uma lente natural que fica dentro do olho, perde elasticidade com o tempo. Como resultado, ele passa a ter mais dificuldade para focar objetos pr\u00f3ximos.<\/p>\n<p>Na pr\u00e1tica, isso significa que atividades simples, como ler mensagens no celular ou r\u00f3tulos de produtos, come\u00e7am a exigir mais esfor\u00e7o.<\/p>\n<h2>Quais s\u00e3o os sintomas mais comuns?<\/h2>\n<p data-start=\"1148\" data-end=\"1290\">O sinal mais conhecido da presbiopia \u00e9 a necessidade de afastar objetos para conseguir enxergar com nitidez. Mas esse n\u00e3o \u00e9 o \u00fanico indicativo.<\/p>\n<p data-start=\"1292\" data-end=\"1332\">Entre os sintomas mais frequentes est\u00e3o:<\/p>\n<ul data-start=\"1334\" data-end=\"1567\">\n<li data-section-id=\"1l39s3c\" data-start=\"1334\" data-end=\"1374\">Dificuldade para ler letras pequenas<\/li>\n<li data-section-id=\"1q8jgta\" data-start=\"1375\" data-end=\"1404\">Vis\u00e3o emba\u00e7ada para perto<\/li>\n<li data-section-id=\"2y0a48\" data-start=\"1405\" data-end=\"1439\">Cansa\u00e7o nos olhos ap\u00f3s leitura<\/li>\n<li data-section-id=\"1nqc1hs\" data-start=\"1440\" data-end=\"1480\">Dor de cabe\u00e7a em atividades pr\u00f3ximas<\/li>\n<li data-section-id=\"1kt3v8i\" data-start=\"1481\" data-end=\"1567\">Necessidade de mais luz para enxergar melhor<\/li>\n<\/ul>\n<p>Esses sinais costumam surgir de forma gradual, o que faz com que muitas pessoas demorem a perceber a mudan\u00e7a. Apesar\u00a0disso, especialistas destacam que o problema tende a evoluir com o tempo, geralmente se estabilizando por volta dos 50 anos.<\/p>\n<h2>Como corrigir?<\/h2>\n<p data-start=\"2277\" data-end=\"2437\">A boa not\u00edcia \u00e9 que a presbiopia pode ser corrigida de forma simples. O uso de \u00f3culos de leitura ou lentes multifocais costuma resolver a maior parte dos casos. Tamb\u00e9m existem alternativas como lentes de contato espec\u00edficas e at\u00e9 procedimentos cir\u00fargicos, dependendo da avalia\u00e7\u00e3o m\u00e9dica.<\/p>\n<p data-start=\"2567\" data-end=\"2760\">Por isso, ao perceber os primeiros sinais, a recomenda\u00e7\u00e3o \u00e9 procurar um oftalmologista. O diagn\u00f3stico precoce ajuda a garantir mais conforto no dia a dia e evita esfor\u00e7o desnecess\u00e1rio da vis\u00e3o.<\/p>\n","protected":false},"excerpt":{"rendered":"<p>Se voc\u00ea j\u00e1 passou dos 40 anos e come\u00e7ou a afastar o celular para ler melhor, saiba que isso n\u00e3o \u00e9 coincid\u00eancia. Segundo especialistas, \u00e9 justamente nessa faixa et\u00e1ria que a vis\u00e3o costuma come\u00e7ar a piorar de forma mais percept\u00edvel. Na ci\u00eancia, esse processo \u00e9 conhecido como presbiopia, ou \u201cvista cansada\u201d, e faz parte do [&hellip;]<\/p>\n","protected":false},"author":15,"featured_media":35781,"comment_status":"open","ping_status":"open","sticky":false,"template":"","format":"standard","meta":{"jnews-multi-image_gallery":[],"jnews_single_post":{"format":"standard","jnews_video_option_group":[[]],"override":[{"template":"2","parallax":"1","fullscreen":"1","layout":"right-sidebar","sidebar":"default-sidebar","second_sidebar":"default-sidebar","sticky_sidebar":"1","share_position":"hide","share_float_style":"share-monocrhome","show_featured":"1","show_post_meta":"1","show_post_author":"1","show_post_date":"1","post_date_format":"default","post_date_format_custom":"Y\/m\/d","show_post_category":"1","show_post_reading_time":"0","post_reading_time_wpm":"300","post_calculate_word_method":"str_word_count","show_zoom_button":"0","zoom_button_out_step":"2","zoom_button_in_step":"3","show_post_tag":"1","show_popup_post":"1","number_popup_post":"1","show_author_box":"1","show_post_related":"0"}],"image_override":[{"single_post_thumbnail_size":"crop-500","single_post_gallery_size":"crop-500"}],"trending_post_position":"meta","trending_post_label":"Trending","sponsored_post_label":"Sponsored by","disable_ad":"0","subtitle":"Especialistas destacam que nesse caso, a dificuldade na vis\u00e3o n\u00e3o \u00e9 doen\u00e7a e sim um processo natural do corpo"},"jnews_primary_category":[],"jnews_override_counter":{"view_counter_number":"0","share_counter_number":"0","like_counter_number":"0","dislike_counter_number":"0"},"jnews_post_split":{"post_split":[{"template":"1","tag":"h2","numbering":"asc","mode":"normal","first":"0","enable_toc":"0","toc_type":"normal"}]},"footnotes":""},"categories":[1],"tags":[],"class_list":["post-35780","post","type-post","status-publish","format-standard","has-post-thumbnail","hentry","category-geral"],"yoast_head":"<!-- This site is optimized with the Yoast SEO plugin v25.0 - https:\/\/yoast.com\/wordpress\/plugins\/seo\/ -->\n<title>Segundo estudos, essa \u00e9 a idade em que a vis\u00e3o come\u00e7a a piorar<\/title>\n<meta name=\"robots\" content=\"index, follow, max-snippet:-1, max-image-preview:large, max-video-preview:-1\" \/>\n<link rel=\"canonical\" href=\"https:\/\/crusoe.audiencelabs.com.br\/segundo-estudos-essa-e-a-idade-em-que-a-visao-comeca-a-piorar\/\" \/>\n<meta property=\"og:locale\" content=\"pt_BR\" \/>\n<meta property=\"og:type\" content=\"article\" \/>\n<meta property=\"og:title\" content=\"Segundo estudos, essa \u00e9 a idade em que a vis\u00e3o come\u00e7a a piorar\" \/>\n<meta property=\"og:description\" content=\"Se voc\u00ea j\u00e1 passou dos 40 anos e come\u00e7ou a afastar o celular para ler melhor, saiba que isso n\u00e3o \u00e9 coincid\u00eancia. Segundo especialistas, \u00e9 justamente nessa faixa et\u00e1ria que a vis\u00e3o costuma come\u00e7ar a piorar de forma mais percept\u00edvel. Na ci\u00eancia, esse processo \u00e9 conhecido como presbiopia, ou \u201cvista cansada\u201d, e faz parte do [&hellip;]\" \/>\n<meta property=\"og:url\" content=\"https:\/\/crusoe.audiencelabs.com.br\/segundo-estudos-essa-e-a-idade-em-que-a-visao-comeca-a-piorar\/\" \/>\n<meta property=\"og:site_name\" content=\"Variedades - Cruso\u00e9\" \/>\n<meta property=\"article:published_time\" content=\"2026-04-03T16:06:25+00:00\" \/>\n<meta property=\"og:image\" content=\"https:\/\/cdn.crusoe.com.br\/uploads\/2026\/03\/david-travis-aVvZJC0ynBQ-unsplash.jpg\" \/>\n\t<meta property=\"og:image:width\" content=\"640\" \/>\n\t<meta property=\"og:image:height\" content=\"427\" \/>\n\t<meta property=\"og:image:type\" content=\"image\/jpeg\" \/>\n<meta name=\"author\" content=\"J\u00falio Nesi\" \/>\n<meta name=\"twitter:card\" content=\"summary_large_image\" \/>\n<meta name=\"twitter:label1\" content=\"Escrito por\" \/>\n\t<meta name=\"twitter:data1\" content=\"J\u00falio Nesi\" \/>\n\t<meta name=\"twitter:label2\" content=\"Est. tempo de leitura\" \/>\n\t<meta name=\"twitter:data2\" content=\"3 minutos\" \/>\n<script type=\"application\/ld+json\" class=\"yoast-schema-graph\">{\"@context\":\"https:\/\/schema.org\",\"@graph\":[{\"@type\":\"WebPage\",\"@id\":\"https:\/\/crusoe.audiencelabs.com.br\/segundo-estudos-essa-e-a-idade-em-que-a-visao-comeca-a-piorar\/\",\"url\":\"https:\/\/crusoe.audiencelabs.com.br\/segundo-estudos-essa-e-a-idade-em-que-a-visao-comeca-a-piorar\/\",\"name\":\"Segundo estudos, essa \u00e9 a idade em que a vis\u00e3o come\u00e7a a piorar\",\"isPartOf\":{\"@id\":\"https:\/\/crusoe.audiencelabs.com.br\/#website\"},\"primaryImageOfPage\":{\"@id\":\"https:\/\/crusoe.audiencelabs.com.br\/segundo-estudos-essa-e-a-idade-em-que-a-visao-comeca-a-piorar\/#primaryimage\"},\"image\":{\"@id\":\"https:\/\/crusoe.audiencelabs.com.br\/segundo-estudos-essa-e-a-idade-em-que-a-visao-comeca-a-piorar\/#primaryimage\"},\"thumbnailUrl\":\"https:\/\/cdn.crusoe.com.br\/uploads\/2026\/03\/david-travis-aVvZJC0ynBQ-unsplash.jpg\",\"datePublished\":\"2026-04-03T16:06:25+00:00\",\"author\":{\"@id\":\"https:\/\/crusoe.audiencelabs.com.br\/#\/schema\/person\/0cca5874eda7d72cef71e77a9a9c2143\"},\"breadcrumb\":{\"@id\":\"https:\/\/crusoe.audiencelabs.com.br\/segundo-estudos-essa-e-a-idade-em-que-a-visao-comeca-a-piorar\/#breadcrumb\"},\"inLanguage\":\"pt-BR\",\"potentialAction\":[{\"@type\":\"ReadAction\",\"target\":[\"https:\/\/crusoe.audiencelabs.com.br\/segundo-estudos-essa-e-a-idade-em-que-a-visao-comeca-a-piorar\/\"]}]},{\"@type\":\"ImageObject\",\"inLanguage\":\"pt-BR\",\"@id\":\"https:\/\/crusoe.audiencelabs.com.br\/segundo-estudos-essa-e-a-idade-em-que-a-visao-comeca-a-piorar\/#primaryimage\",\"url\":\"https:\/\/cdn.crusoe.com.br\/uploads\/2026\/03\/david-travis-aVvZJC0ynBQ-unsplash.jpg\",\"contentUrl\":\"https:\/\/cdn.crusoe.com.br\/uploads\/2026\/03\/david-travis-aVvZJC0ynBQ-unsplash.jpg\",\"width\":640,\"height\":427,\"caption\":\"Reprodu\u00e7\u00e3o: Unsplash \/ David Travis\"},{\"@type\":\"BreadcrumbList\",\"@id\":\"https:\/\/crusoe.audiencelabs.com.br\/segundo-estudos-essa-e-a-idade-em-que-a-visao-comeca-a-piorar\/#breadcrumb\",\"itemListElement\":[{\"@type\":\"ListItem\",\"position\":1,\"name\":\"Home\",\"item\":\"https:\/\/crusoe.audiencelabs.com.br\/\"},{\"@type\":\"ListItem\",\"position\":2,\"name\":\"Segundo estudos, essa \u00e9 a idade em que a vis\u00e3o come\u00e7a a piorar\"}]},{\"@type\":\"WebSite\",\"@id\":\"https:\/\/crusoe.audiencelabs.com.br\/#website\",\"url\":\"https:\/\/crusoe.audiencelabs.com.br\/\",\"name\":\"Variedades - Cruso\u00e9\",\"description\":\"\",\"potentialAction\":[{\"@type\":\"SearchAction\",\"target\":{\"@type\":\"EntryPoint\",\"urlTemplate\":\"https:\/\/crusoe.audiencelabs.com.br\/?s={search_term_string}\"},\"query-input\":{\"@type\":\"PropertyValueSpecification\",\"valueRequired\":true,\"valueName\":\"search_term_string\"}}],\"inLanguage\":\"pt-BR\"},{\"@type\":\"Person\",\"@id\":\"https:\/\/crusoe.audiencelabs.com.br\/#\/schema\/person\/0cca5874eda7d72cef71e77a9a9c2143\",\"name\":\"J\u00falio Nesi\",\"image\":{\"@type\":\"ImageObject\",\"inLanguage\":\"pt-BR\",\"@id\":\"https:\/\/crusoe.audiencelabs.com.br\/#\/schema\/person\/image\/\",\"url\":\"https:\/\/secure.gravatar.com\/avatar\/c22eb47c3e2320e71637346b980e09f63de9f75742d3335f94a26b83dff70473?s=96&d=mm&r=g\",\"contentUrl\":\"https:\/\/secure.gravatar.com\/avatar\/c22eb47c3e2320e71637346b980e09f63de9f75742d3335f94a26b83dff70473?s=96&d=mm&r=g\",\"caption\":\"J\u00falio Nesi\"},\"description\":\"Jornalista alagoano formado pela UFAL, j\u00e1 atuei em produ\u00e7\u00e3o de conte\u00fado digital para portais, r\u00e1dio e redes sociais.\",\"sameAs\":[\"www.linkedin.com\/in\/j\u00falio-nesi\"],\"url\":\"https:\/\/crusoe.audiencelabs.com.br\/author\/julionesi\/\"}]}<\/script>\n<!-- \/ Yoast SEO plugin. -->","yoast_head_json":{"title":"Segundo estudos, essa \u00e9 a idade em que a vis\u00e3o come\u00e7a a piorar","robots":{"index":"index","follow":"follow","max-snippet":"max-snippet:-1","max-image-preview":"max-image-preview:large","max-video-preview":"max-video-preview:-1"},"canonical":"https:\/\/crusoe.audiencelabs.com.br\/segundo-estudos-essa-e-a-idade-em-que-a-visao-comeca-a-piorar\/","og_locale":"pt_BR","og_type":"article","og_title":"Segundo estudos, essa \u00e9 a idade em que a vis\u00e3o come\u00e7a a piorar","og_description":"Se voc\u00ea j\u00e1 passou dos 40 anos e come\u00e7ou a afastar o celular para ler melhor, saiba que isso n\u00e3o \u00e9 coincid\u00eancia. Segundo especialistas, \u00e9 justamente nessa faixa et\u00e1ria que a vis\u00e3o costuma come\u00e7ar a piorar de forma mais percept\u00edvel. Na ci\u00eancia, esse processo \u00e9 conhecido como presbiopia, ou \u201cvista cansada\u201d, e faz parte do [&hellip;]","og_url":"https:\/\/crusoe.audiencelabs.com.br\/segundo-estudos-essa-e-a-idade-em-que-a-visao-comeca-a-piorar\/","og_site_name":"Variedades - Cruso\u00e9","article_published_time":"2026-04-03T16:06:25+00:00","og_image":[{"width":640,"height":427,"url":"https:\/\/cdn.crusoe.com.br\/uploads\/2026\/03\/david-travis-aVvZJC0ynBQ-unsplash.jpg","type":"image\/jpeg"}],"author":"J\u00falio Nesi","twitter_card":"summary_large_image","twitter_misc":{"Escrito por":"J\u00falio Nesi","Est. tempo de leitura":"3 minutos"},"schema":{"@context":"https:\/\/schema.org","@graph":[{"@type":"WebPage","@id":"https:\/\/crusoe.audiencelabs.com.br\/segundo-estudos-essa-e-a-idade-em-que-a-visao-comeca-a-piorar\/","url":"https:\/\/crusoe.audiencelabs.com.br\/segundo-estudos-essa-e-a-idade-em-que-a-visao-comeca-a-piorar\/","name":"Segundo estudos, essa \u00e9 a idade em que a vis\u00e3o come\u00e7a a piorar","isPartOf":{"@id":"https:\/\/crusoe.audiencelabs.com.br\/#website"},"primaryImageOfPage":{"@id":"https:\/\/crusoe.audiencelabs.com.br\/segundo-estudos-essa-e-a-idade-em-que-a-visao-comeca-a-piorar\/#primaryimage"},"image":{"@id":"https:\/\/crusoe.audiencelabs.com.br\/segundo-estudos-essa-e-a-idade-em-que-a-visao-comeca-a-piorar\/#primaryimage"},"thumbnailUrl":"https:\/\/cdn.crusoe.com.br\/uploads\/2026\/03\/david-travis-aVvZJC0ynBQ-unsplash.jpg","datePublished":"2026-04-03T16:06:25+00:00","author":{"@id":"https:\/\/crusoe.audiencelabs.com.br\/#\/schema\/person\/0cca5874eda7d72cef71e77a9a9c2143"},"breadcrumb":{"@id":"https:\/\/crusoe.audiencelabs.com.br\/segundo-estudos-essa-e-a-idade-em-que-a-visao-comeca-a-piorar\/#breadcrumb"},"inLanguage":"pt-BR","potentialAction":[{"@type":"ReadAction","target":["https:\/\/crusoe.audiencelabs.com.br\/segundo-estudos-essa-e-a-idade-em-que-a-visao-comeca-a-piorar\/"]}]},{"@type":"ImageObject","inLanguage":"pt-BR","@id":"https:\/\/crusoe.audiencelabs.com.br\/segundo-estudos-essa-e-a-idade-em-que-a-visao-comeca-a-piorar\/#primaryimage","url":"https:\/\/cdn.crusoe.com.br\/uploads\/2026\/03\/david-travis-aVvZJC0ynBQ-unsplash.jpg","contentUrl":"https:\/\/cdn.crusoe.com.br\/uploads\/2026\/03\/david-travis-aVvZJC0ynBQ-unsplash.jpg","width":640,"height":427,"caption":"Reprodu\u00e7\u00e3o: Unsplash \/ David Travis"},{"@type":"BreadcrumbList","@id":"https:\/\/crusoe.audiencelabs.com.br\/segundo-estudos-essa-e-a-idade-em-que-a-visao-comeca-a-piorar\/#breadcrumb","itemListElement":[{"@type":"ListItem","position":1,"name":"Home","item":"https:\/\/crusoe.audiencelabs.com.br\/"},{"@type":"ListItem","position":2,"name":"Segundo estudos, essa \u00e9 a idade em que a vis\u00e3o come\u00e7a a piorar"}]},{"@type":"WebSite","@id":"https:\/\/crusoe.audiencelabs.com.br\/#website","url":"https:\/\/crusoe.audiencelabs.com.br\/","name":"Variedades - Cruso\u00e9","description":"","potentialAction":[{"@type":"SearchAction","target":{"@type":"EntryPoint","urlTemplate":"https:\/\/crusoe.audiencelabs.com.br\/?s={search_term_string}"},"query-input":{"@type":"PropertyValueSpecification","valueRequired":true,"valueName":"search_term_string"}}],"inLanguage":"pt-BR"},{"@type":"Person","@id":"https:\/\/crusoe.audiencelabs.com.br\/#\/schema\/person\/0cca5874eda7d72cef71e77a9a9c2143","name":"J\u00falio Nesi","image":{"@type":"ImageObject","inLanguage":"pt-BR","@id":"https:\/\/crusoe.audiencelabs.com.br\/#\/schema\/person\/image\/","url":"https:\/\/secure.gravatar.com\/avatar\/c22eb47c3e2320e71637346b980e09f63de9f75742d3335f94a26b83dff70473?s=96&d=mm&r=g","contentUrl":"https:\/\/secure.gravatar.com\/avatar\/c22eb47c3e2320e71637346b980e09f63de9f75742d3335f94a26b83dff70473?s=96&d=mm&r=g","caption":"J\u00falio Nesi"},"description":"Jornalista alagoano formado pela UFAL, j\u00e1 atuei em produ\u00e7\u00e3o de conte\u00fado digital para portais, r\u00e1dio e redes sociais.","sameAs":["www.linkedin.com\/in\/j\u00falio-nesi"],"url":"https:\/\/crusoe.audiencelabs.com.br\/author\/julionesi\/"}]}},"_links":{"self":[{"href":"https:\/\/crusoe.audiencelabs.com.br\/wp-json\/wp\/v2\/posts\/35780","targetHints":{"allow":["GET"]}}],"collection":[{"href":"https:\/\/crusoe.audiencelabs.com.br\/wp-json\/wp\/v2\/posts"}],"about":[{"href":"https:\/\/crusoe.audiencelabs.com.br\/wp-json\/wp\/v2\/types\/post"}],"author":[{"embeddable":true,"href":"https:\/\/crusoe.audiencelabs.com.br\/wp-json\/wp\/v2\/users\/15"}],"replies":[{"embeddable":true,"href":"https:\/\/crusoe.audiencelabs.com.br\/wp-json\/wp\/v2\/comments?post=35780"}],"version-history":[{"count":1,"href":"https:\/\/crusoe.audiencelabs.com.br\/wp-json\/wp\/v2\/posts\/35780\/revisions"}],"predecessor-version":[{"id":35782,"href":"https:\/\/crusoe.audiencelabs.com.br\/wp-json\/wp\/v2\/posts\/35780\/revisions\/35782"}],"wp:featuredmedia":[{"embeddable":true,"href":"https:\/\/crusoe.audiencelabs.com.br\/wp-json\/wp\/v2\/media\/35781"}],"wp:attachment":[{"href":"https:\/\/crusoe.audiencelabs.com.br\/wp-json\/wp\/v2\/media?parent=35780"}],"wp:term":[{"taxonomy":"category","embeddable":true,"href":"https:\/\/crusoe.audiencelabs.com.br\/wp-json\/wp\/v2\/categories?post=35780"},{"taxonomy":"post_tag","embeddable":true,"href":"https:\/\/crusoe.audiencelabs.com.br\/wp-json\/wp\/v2\/tags?post=35780"}],"curies":[{"name":"wp","href":"https:\/\/api.w.org\/{rel}","templated":true}]}}