{"id":35768,"date":"2026-03-30T15:15:50","date_gmt":"2026-03-30T18:15:50","guid":{"rendered":"https:\/\/crusoe.audiencelabs.com.br\/?p=35768"},"modified":"2026-03-30T12:04:45","modified_gmt":"2026-03-30T15:04:45","slug":"apos-mais-de-um-seculo-especie-rara-e-encontrada-no-brasil","status":"publish","type":"post","link":"https:\/\/crusoe.audiencelabs.com.br\/apos-mais-de-um-seculo-especie-rara-e-encontrada-no-brasil\/","title":{"rendered":"Ap\u00f3s mais de um s\u00e9culo, esp\u00e9cie rara \u00e9 encontrada no Brasil"},"content":{"rendered":"<p>Vanessa Cabral, pesquisadora da Universidade Federal do Rio de Janeiro (UFRJ) e guarda-parque do Instituto Estadual do Ambiente (INEA) do RJ, conseguiu fotografar pela primeira vez em mais de um s\u00e9culo a flor Justicia dasyclados. A planta foi encontrada na Reserva Biol\u00f3gica de Araras, no munic\u00edpio de Petr\u00f3polis.<\/p>\n<p>De acordo com a pesquisadora, a flor \u00e9 dif\u00edcil de ser encontrada porque floresce apenas uma vez ao ano. A planta encontrada na Reserva Biol\u00f3gica de Araras foi apenas o segundo registro existente no estado do RJ. At\u00e9 ser encontrada no estado carioca, a flor s\u00f3 havia sido registrada em Minas Gerais (MG) e no Esp\u00edrito Santo (ES).<\/p>\n<p>A Justicia dasyclados \u00e9 end\u00eamica do Brasil, ou seja, n\u00e3o cresce naturalmente em nenhum outro lugar. Apesar de sua raridade, \u00e9 amplamente conhecida entre os bot\u00e2nicos por suas flores que adotam um tom violeta.<\/p>\n<h2>Encontro refor\u00e7a papel da conserva\u00e7\u00e3o<\/h2>\n<p>Segundo os pesquisadores que encontraram a flor, o epis\u00f3dio refor\u00e7a a import\u00e2ncia da conserva\u00e7\u00e3o ecol\u00f3gica das unidades de reserva biol\u00f3gica. No caso da reserva de Araras, com seus mais de 3.800 hectares, funciona como um ref\u00fagio vital para esp\u00e9cies end\u00eamicas e amea\u00e7adas.<\/p>\n<p>Por ser uma categoria de prote\u00e7\u00e3o integral, a reserva limita a interfer\u00eancia humana, permitindo que ciclos naturais raros como o florescimento da Justicia dasyclados ocorram sem interrup\u00e7\u00f5es.<\/p>\n<p>Al\u00e9m da Reserva Biol\u00f3gica de Araras, flores dessa esp\u00e9cie tamb\u00e9m podem ser encontradas no Jardim Bot\u00e2nico de Belo Horizonte (MG), no Instituto Nacional da Mata Atl\u00e2ntica (ES) e no Museu Mello Leit\u00e3o (ES).<\/p>\n<h2>Pr\u00f3ximos passos<\/h2>\n<p>Segundo pesquisadores da UFRJ, o pr\u00f3ximo passo \u00e9 o monitoramento da \u00e1rea para entender melhor o tamanho da popula\u00e7\u00e3o e as condi\u00e7\u00f5es ideais para sua sobreviv\u00eancia. A descoberta permite que os pesquisadores fa\u00e7am um melhor desenho da \u00e1rea e mapeiem outras flores da mesma esp\u00e9cie da Justicia.<\/p>\n<p>A guarda-parque Vanessa Cabral destaca que a preserva\u00e7\u00e3o dessas reservas \u00e9 essencial para evitar que esp\u00e9cies desapare\u00e7am.<\/p>\n<p>&nbsp;<\/p>\n","protected":false},"excerpt":{"rendered":"<p>Vanessa Cabral, pesquisadora da Universidade Federal do Rio de Janeiro (UFRJ) e guarda-parque do Instituto Estadual do Ambiente (INEA) do RJ, conseguiu fotografar pela primeira vez em mais de um s\u00e9culo a flor Justicia dasyclados. A planta foi encontrada na Reserva Biol\u00f3gica de Araras, no munic\u00edpio de Petr\u00f3polis. De acordo com a pesquisadora, a flor [&hellip;]<\/p>\n","protected":false},"author":15,"featured_media":35769,"comment_status":"open","ping_status":"open","sticky":false,"template":"","format":"standard","meta":{"jnews-multi-image_gallery":[],"jnews_single_post":{"format":"standard","jnews_video_option_group":[[]],"override":[{"template":"2","parallax":"1","fullscreen":"1","layout":"right-sidebar","sidebar":"default-sidebar","second_sidebar":"default-sidebar","sticky_sidebar":"1","share_position":"hide","share_float_style":"share-monocrhome","show_featured":"1","show_post_meta":"1","show_post_author":"1","show_post_date":"1","post_date_format":"default","post_date_format_custom":"Y\/m\/d","show_post_category":"1","show_post_reading_time":"0","post_reading_time_wpm":"300","post_calculate_word_method":"str_word_count","show_zoom_button":"0","zoom_button_out_step":"2","zoom_button_in_step":"3","show_post_tag":"1","show_popup_post":"1","number_popup_post":"1","show_author_box":"1","show_post_related":"0"}],"image_override":[{"single_post_thumbnail_size":"crop-500","single_post_gallery_size":"crop-500"}],"trending_post_position":"meta","trending_post_label":"Trending","sponsored_post_label":"Sponsored by","disable_ad":"0","subtitle":"A flor desabrocha apenas uma vez por ano, o que dificulta a identifica\u00e7\u00e3o dessa especie"},"jnews_primary_category":[],"jnews_override_counter":{"view_counter_number":"0","share_counter_number":"0","like_counter_number":"0","dislike_counter_number":"0"},"jnews_post_split":{"post_split":[{"template":"1","tag":"h2","numbering":"asc","mode":"normal","first":"0","enable_toc":"0","toc_type":"normal"}]},"footnotes":""},"categories":[1],"tags":[6788,6726,2118,6786,713,644,605,6787],"class_list":["post-35768","post","type-post","status-publish","format-standard","has-post-thumbnail","hentry","category-geral","tag-botanica","tag-ecologia","tag-espirito-santo","tag-justicia-dasyclados","tag-minas-gerais","tag-rio-de-janeiro","tag-sustentabilidade","tag-ufrj"],"yoast_head":"<!-- This site is optimized with the Yoast SEO plugin v25.0 - https:\/\/yoast.com\/wordpress\/plugins\/seo\/ -->\n<title>Ap\u00f3s mais de um s\u00e9culo, esp\u00e9cie rara \u00e9 encontrada no Brasil<\/title>\n<meta name=\"robots\" content=\"index, follow, max-snippet:-1, max-image-preview:large, max-video-preview:-1\" \/>\n<link rel=\"canonical\" href=\"https:\/\/crusoe.audiencelabs.com.br\/apos-mais-de-um-seculo-especie-rara-e-encontrada-no-brasil\/\" \/>\n<meta property=\"og:locale\" content=\"pt_BR\" \/>\n<meta property=\"og:type\" content=\"article\" \/>\n<meta property=\"og:title\" content=\"Ap\u00f3s mais de um s\u00e9culo, esp\u00e9cie rara \u00e9 encontrada no Brasil\" \/>\n<meta property=\"og:description\" content=\"Vanessa Cabral, pesquisadora da Universidade Federal do Rio de Janeiro (UFRJ) e guarda-parque do Instituto Estadual do Ambiente (INEA) do RJ, conseguiu fotografar pela primeira vez em mais de um s\u00e9culo a flor Justicia dasyclados. A planta foi encontrada na Reserva Biol\u00f3gica de Araras, no munic\u00edpio de Petr\u00f3polis. De acordo com a pesquisadora, a flor [&hellip;]\" \/>\n<meta property=\"og:url\" content=\"https:\/\/crusoe.audiencelabs.com.br\/apos-mais-de-um-seculo-especie-rara-e-encontrada-no-brasil\/\" \/>\n<meta property=\"og:site_name\" content=\"Variedades - Cruso\u00e9\" \/>\n<meta property=\"article:published_time\" content=\"2026-03-30T18:15:50+00:00\" \/>\n<meta property=\"og:image\" content=\"https:\/\/cdn.crusoe.com.br\/uploads\/2026\/03\/Justicia_sp_8.jpg\" \/>\n\t<meta property=\"og:image:width\" content=\"960\" \/>\n\t<meta property=\"og:image:height\" content=\"720\" \/>\n\t<meta property=\"og:image:type\" content=\"image\/jpeg\" \/>\n<meta name=\"author\" content=\"J\u00falio Nesi\" \/>\n<meta name=\"twitter:card\" content=\"summary_large_image\" \/>\n<meta name=\"twitter:label1\" content=\"Escrito por\" \/>\n\t<meta name=\"twitter:data1\" content=\"J\u00falio Nesi\" \/>\n\t<meta name=\"twitter:label2\" content=\"Est. tempo de leitura\" \/>\n\t<meta name=\"twitter:data2\" content=\"2 minutos\" \/>\n<script type=\"application\/ld+json\" class=\"yoast-schema-graph\">{\"@context\":\"https:\/\/schema.org\",\"@graph\":[{\"@type\":\"WebPage\",\"@id\":\"https:\/\/crusoe.audiencelabs.com.br\/apos-mais-de-um-seculo-especie-rara-e-encontrada-no-brasil\/\",\"url\":\"https:\/\/crusoe.audiencelabs.com.br\/apos-mais-de-um-seculo-especie-rara-e-encontrada-no-brasil\/\",\"name\":\"Ap\u00f3s mais de um s\u00e9culo, esp\u00e9cie rara \u00e9 encontrada no Brasil\",\"isPartOf\":{\"@id\":\"https:\/\/crusoe.audiencelabs.com.br\/#website\"},\"primaryImageOfPage\":{\"@id\":\"https:\/\/crusoe.audiencelabs.com.br\/apos-mais-de-um-seculo-especie-rara-e-encontrada-no-brasil\/#primaryimage\"},\"image\":{\"@id\":\"https:\/\/crusoe.audiencelabs.com.br\/apos-mais-de-um-seculo-especie-rara-e-encontrada-no-brasil\/#primaryimage\"},\"thumbnailUrl\":\"https:\/\/cdn.crusoe.com.br\/uploads\/2026\/03\/Justicia_sp_8.jpg\",\"datePublished\":\"2026-03-30T18:15:50+00:00\",\"author\":{\"@id\":\"https:\/\/crusoe.audiencelabs.com.br\/#\/schema\/person\/0cca5874eda7d72cef71e77a9a9c2143\"},\"breadcrumb\":{\"@id\":\"https:\/\/crusoe.audiencelabs.com.br\/apos-mais-de-um-seculo-especie-rara-e-encontrada-no-brasil\/#breadcrumb\"},\"inLanguage\":\"pt-BR\",\"potentialAction\":[{\"@type\":\"ReadAction\",\"target\":[\"https:\/\/crusoe.audiencelabs.com.br\/apos-mais-de-um-seculo-especie-rara-e-encontrada-no-brasil\/\"]}]},{\"@type\":\"ImageObject\",\"inLanguage\":\"pt-BR\",\"@id\":\"https:\/\/crusoe.audiencelabs.com.br\/apos-mais-de-um-seculo-especie-rara-e-encontrada-no-brasil\/#primaryimage\",\"url\":\"https:\/\/cdn.crusoe.com.br\/uploads\/2026\/03\/Justicia_sp_8.jpg\",\"contentUrl\":\"https:\/\/cdn.crusoe.com.br\/uploads\/2026\/03\/Justicia_sp_8.jpg\",\"width\":960,\"height\":720,\"caption\":\"Reprodu\u00e7\u00e3o: Wikimedia Commons \/ Nativeplants Garden\"},{\"@type\":\"BreadcrumbList\",\"@id\":\"https:\/\/crusoe.audiencelabs.com.br\/apos-mais-de-um-seculo-especie-rara-e-encontrada-no-brasil\/#breadcrumb\",\"itemListElement\":[{\"@type\":\"ListItem\",\"position\":1,\"name\":\"Home\",\"item\":\"https:\/\/crusoe.audiencelabs.com.br\/\"},{\"@type\":\"ListItem\",\"position\":2,\"name\":\"Ap\u00f3s mais de um s\u00e9culo, esp\u00e9cie rara \u00e9 encontrada no Brasil\"}]},{\"@type\":\"WebSite\",\"@id\":\"https:\/\/crusoe.audiencelabs.com.br\/#website\",\"url\":\"https:\/\/crusoe.audiencelabs.com.br\/\",\"name\":\"Variedades - Cruso\u00e9\",\"description\":\"\",\"potentialAction\":[{\"@type\":\"SearchAction\",\"target\":{\"@type\":\"EntryPoint\",\"urlTemplate\":\"https:\/\/crusoe.audiencelabs.com.br\/?s={search_term_string}\"},\"query-input\":{\"@type\":\"PropertyValueSpecification\",\"valueRequired\":true,\"valueName\":\"search_term_string\"}}],\"inLanguage\":\"pt-BR\"},{\"@type\":\"Person\",\"@id\":\"https:\/\/crusoe.audiencelabs.com.br\/#\/schema\/person\/0cca5874eda7d72cef71e77a9a9c2143\",\"name\":\"J\u00falio Nesi\",\"image\":{\"@type\":\"ImageObject\",\"inLanguage\":\"pt-BR\",\"@id\":\"https:\/\/crusoe.audiencelabs.com.br\/#\/schema\/person\/image\/\",\"url\":\"https:\/\/secure.gravatar.com\/avatar\/c22eb47c3e2320e71637346b980e09f63de9f75742d3335f94a26b83dff70473?s=96&d=mm&r=g\",\"contentUrl\":\"https:\/\/secure.gravatar.com\/avatar\/c22eb47c3e2320e71637346b980e09f63de9f75742d3335f94a26b83dff70473?s=96&d=mm&r=g\",\"caption\":\"J\u00falio Nesi\"},\"description\":\"Jornalista alagoano formado pela UFAL, j\u00e1 atuei em produ\u00e7\u00e3o de conte\u00fado digital para portais, r\u00e1dio e redes sociais.\",\"sameAs\":[\"www.linkedin.com\/in\/j\u00falio-nesi\"],\"url\":\"https:\/\/crusoe.audiencelabs.com.br\/author\/julionesi\/\"}]}<\/script>\n<!-- \/ Yoast SEO plugin. -->","yoast_head_json":{"title":"Ap\u00f3s mais de um s\u00e9culo, esp\u00e9cie rara \u00e9 encontrada no Brasil","robots":{"index":"index","follow":"follow","max-snippet":"max-snippet:-1","max-image-preview":"max-image-preview:large","max-video-preview":"max-video-preview:-1"},"canonical":"https:\/\/crusoe.audiencelabs.com.br\/apos-mais-de-um-seculo-especie-rara-e-encontrada-no-brasil\/","og_locale":"pt_BR","og_type":"article","og_title":"Ap\u00f3s mais de um s\u00e9culo, esp\u00e9cie rara \u00e9 encontrada no Brasil","og_description":"Vanessa Cabral, pesquisadora da Universidade Federal do Rio de Janeiro (UFRJ) e guarda-parque do Instituto Estadual do Ambiente (INEA) do RJ, conseguiu fotografar pela primeira vez em mais de um s\u00e9culo a flor Justicia dasyclados. A planta foi encontrada na Reserva Biol\u00f3gica de Araras, no munic\u00edpio de Petr\u00f3polis. De acordo com a pesquisadora, a flor [&hellip;]","og_url":"https:\/\/crusoe.audiencelabs.com.br\/apos-mais-de-um-seculo-especie-rara-e-encontrada-no-brasil\/","og_site_name":"Variedades - Cruso\u00e9","article_published_time":"2026-03-30T18:15:50+00:00","og_image":[{"width":960,"height":720,"url":"https:\/\/cdn.crusoe.com.br\/uploads\/2026\/03\/Justicia_sp_8.jpg","type":"image\/jpeg"}],"author":"J\u00falio Nesi","twitter_card":"summary_large_image","twitter_misc":{"Escrito por":"J\u00falio Nesi","Est. tempo de leitura":"2 minutos"},"schema":{"@context":"https:\/\/schema.org","@graph":[{"@type":"WebPage","@id":"https:\/\/crusoe.audiencelabs.com.br\/apos-mais-de-um-seculo-especie-rara-e-encontrada-no-brasil\/","url":"https:\/\/crusoe.audiencelabs.com.br\/apos-mais-de-um-seculo-especie-rara-e-encontrada-no-brasil\/","name":"Ap\u00f3s mais de um s\u00e9culo, esp\u00e9cie rara \u00e9 encontrada no Brasil","isPartOf":{"@id":"https:\/\/crusoe.audiencelabs.com.br\/#website"},"primaryImageOfPage":{"@id":"https:\/\/crusoe.audiencelabs.com.br\/apos-mais-de-um-seculo-especie-rara-e-encontrada-no-brasil\/#primaryimage"},"image":{"@id":"https:\/\/crusoe.audiencelabs.com.br\/apos-mais-de-um-seculo-especie-rara-e-encontrada-no-brasil\/#primaryimage"},"thumbnailUrl":"https:\/\/cdn.crusoe.com.br\/uploads\/2026\/03\/Justicia_sp_8.jpg","datePublished":"2026-03-30T18:15:50+00:00","author":{"@id":"https:\/\/crusoe.audiencelabs.com.br\/#\/schema\/person\/0cca5874eda7d72cef71e77a9a9c2143"},"breadcrumb":{"@id":"https:\/\/crusoe.audiencelabs.com.br\/apos-mais-de-um-seculo-especie-rara-e-encontrada-no-brasil\/#breadcrumb"},"inLanguage":"pt-BR","potentialAction":[{"@type":"ReadAction","target":["https:\/\/crusoe.audiencelabs.com.br\/apos-mais-de-um-seculo-especie-rara-e-encontrada-no-brasil\/"]}]},{"@type":"ImageObject","inLanguage":"pt-BR","@id":"https:\/\/crusoe.audiencelabs.com.br\/apos-mais-de-um-seculo-especie-rara-e-encontrada-no-brasil\/#primaryimage","url":"https:\/\/cdn.crusoe.com.br\/uploads\/2026\/03\/Justicia_sp_8.jpg","contentUrl":"https:\/\/cdn.crusoe.com.br\/uploads\/2026\/03\/Justicia_sp_8.jpg","width":960,"height":720,"caption":"Reprodu\u00e7\u00e3o: Wikimedia Commons \/ Nativeplants Garden"},{"@type":"BreadcrumbList","@id":"https:\/\/crusoe.audiencelabs.com.br\/apos-mais-de-um-seculo-especie-rara-e-encontrada-no-brasil\/#breadcrumb","itemListElement":[{"@type":"ListItem","position":1,"name":"Home","item":"https:\/\/crusoe.audiencelabs.com.br\/"},{"@type":"ListItem","position":2,"name":"Ap\u00f3s mais de um s\u00e9culo, esp\u00e9cie rara \u00e9 encontrada no Brasil"}]},{"@type":"WebSite","@id":"https:\/\/crusoe.audiencelabs.com.br\/#website","url":"https:\/\/crusoe.audiencelabs.com.br\/","name":"Variedades - Cruso\u00e9","description":"","potentialAction":[{"@type":"SearchAction","target":{"@type":"EntryPoint","urlTemplate":"https:\/\/crusoe.audiencelabs.com.br\/?s={search_term_string}"},"query-input":{"@type":"PropertyValueSpecification","valueRequired":true,"valueName":"search_term_string"}}],"inLanguage":"pt-BR"},{"@type":"Person","@id":"https:\/\/crusoe.audiencelabs.com.br\/#\/schema\/person\/0cca5874eda7d72cef71e77a9a9c2143","name":"J\u00falio Nesi","image":{"@type":"ImageObject","inLanguage":"pt-BR","@id":"https:\/\/crusoe.audiencelabs.com.br\/#\/schema\/person\/image\/","url":"https:\/\/secure.gravatar.com\/avatar\/c22eb47c3e2320e71637346b980e09f63de9f75742d3335f94a26b83dff70473?s=96&d=mm&r=g","contentUrl":"https:\/\/secure.gravatar.com\/avatar\/c22eb47c3e2320e71637346b980e09f63de9f75742d3335f94a26b83dff70473?s=96&d=mm&r=g","caption":"J\u00falio Nesi"},"description":"Jornalista alagoano formado pela UFAL, j\u00e1 atuei em produ\u00e7\u00e3o de conte\u00fado digital para portais, r\u00e1dio e redes sociais.","sameAs":["www.linkedin.com\/in\/j\u00falio-nesi"],"url":"https:\/\/crusoe.audiencelabs.com.br\/author\/julionesi\/"}]}},"_links":{"self":[{"href":"https:\/\/crusoe.audiencelabs.com.br\/wp-json\/wp\/v2\/posts\/35768","targetHints":{"allow":["GET"]}}],"collection":[{"href":"https:\/\/crusoe.audiencelabs.com.br\/wp-json\/wp\/v2\/posts"}],"about":[{"href":"https:\/\/crusoe.audiencelabs.com.br\/wp-json\/wp\/v2\/types\/post"}],"author":[{"embeddable":true,"href":"https:\/\/crusoe.audiencelabs.com.br\/wp-json\/wp\/v2\/users\/15"}],"replies":[{"embeddable":true,"href":"https:\/\/crusoe.audiencelabs.com.br\/wp-json\/wp\/v2\/comments?post=35768"}],"version-history":[{"count":2,"href":"https:\/\/crusoe.audiencelabs.com.br\/wp-json\/wp\/v2\/posts\/35768\/revisions"}],"predecessor-version":[{"id":35771,"href":"https:\/\/crusoe.audiencelabs.com.br\/wp-json\/wp\/v2\/posts\/35768\/revisions\/35771"}],"wp:featuredmedia":[{"embeddable":true,"href":"https:\/\/crusoe.audiencelabs.com.br\/wp-json\/wp\/v2\/media\/35769"}],"wp:attachment":[{"href":"https:\/\/crusoe.audiencelabs.com.br\/wp-json\/wp\/v2\/media?parent=35768"}],"wp:term":[{"taxonomy":"category","embeddable":true,"href":"https:\/\/crusoe.audiencelabs.com.br\/wp-json\/wp\/v2\/categories?post=35768"},{"taxonomy":"post_tag","embeddable":true,"href":"https:\/\/crusoe.audiencelabs.com.br\/wp-json\/wp\/v2\/tags?post=35768"}],"curies":[{"name":"wp","href":"https:\/\/api.w.org\/{rel}","templated":true}]}}