{"id":35765,"date":"2026-03-30T13:09:14","date_gmt":"2026-03-30T16:09:14","guid":{"rendered":"https:\/\/crusoe.audiencelabs.com.br\/?p=35765"},"modified":"2026-03-30T11:28:20","modified_gmt":"2026-03-30T14:28:20","slug":"novo-projeto-de-r-104-milhoes-quer-espalhar-o-6g-pelo-brasil-inteiro","status":"publish","type":"post","link":"https:\/\/crusoe.audiencelabs.com.br\/novo-projeto-de-r-104-milhoes-quer-espalhar-o-6g-pelo-brasil-inteiro\/","title":{"rendered":"Novo projeto de R$\u202f104 milh\u00f5es quer espalhar o 6G pelo Brasil inteiro"},"content":{"rendered":"<p data-start=\"180\" data-end=\"498\">O Brasil deu mais um passo na corrida tecnol\u00f3gica global ao anunciar um investimento de R$ 104 milh\u00f5es voltado ao desenvolvimento do 6G, intelig\u00eancia artificial e computa\u00e7\u00e3o em nuvem. A iniciativa busca preparar o pa\u00eds para a pr\u00f3xima gera\u00e7\u00e3o de conectividade, mesmo antes da tecnologia estar dispon\u00edvel comercialmente.<\/p>\n<p data-start=\"500\" data-end=\"745\">O recurso ser\u00e1 liberado por meio do Fundo para o Desenvolvimento Tecnol\u00f3gico das Telecomunica\u00e7\u00f5es (Funttel) e ser\u00e1 executado pelo Centro de Pesquisa e Desenvolvimento em Telecomunica\u00e7\u00f5es (CPQD). O projeto ter\u00e1 dura\u00e7\u00e3o prevista entre 2026 e 2028.<\/p>\n<p data-start=\"747\" data-end=\"1009\">Na pr\u00e1tica, a proposta n\u00e3o significa que o 6G j\u00e1 ser\u00e1 implantado no pa\u00eds. No entanto, cria uma base tecnol\u00f3gica necess\u00e1ria para que o Brasil n\u00e3o fique para tr\u00e1s quando a nova gera\u00e7\u00e3o de rede come\u00e7ar a ser adotada globalmente.<\/p>\n<h2 data-start=\"747\" data-end=\"1009\">O que prev\u00ea o investimento?<\/h2>\n<p data-start=\"1060\" data-end=\"1211\">O plano envolve o desenvolvimento de uma s\u00e9rie de tecnologias consideradas estrat\u00e9gicas para o futuro digital do pa\u00eds. Entre os principais focos est\u00e3o:<\/p>\n<ul data-start=\"1213\" data-end=\"1371\">\n<li data-section-id=\"1afbkrc\" data-start=\"1213\" data-end=\"1243\">Infraestrutura de redes 6G<\/li>\n<li data-section-id=\"1s9gmhq\" data-start=\"1244\" data-end=\"1292\">Solu\u00e7\u00f5es baseadas em intelig\u00eancia artificial<\/li>\n<li data-section-id=\"9bo9z3\" data-start=\"1293\" data-end=\"1316\">Computa\u00e7\u00e3o em nuvem<\/li>\n<li data-section-id=\"1q969xp\" data-start=\"1317\" data-end=\"1338\">Seguran\u00e7a digital<\/li>\n<li data-section-id=\"rya9u4\" data-start=\"1339\" data-end=\"1371\">Aplica\u00e7\u00f5es como telemedicina<\/li>\n<\/ul>\n<p data-start=\"1373\" data-end=\"1524\">A ideia \u00e9 integrar essas \u00e1reas para criar sistemas mais eficientes, seguros e preparados para lidar com o aumento da demanda por dados e conectividade.<\/p>\n<p data-start=\"1526\" data-end=\"1716\">Al\u00e9m disso, parte do investimento ser\u00e1 direcionada para a cria\u00e7\u00e3o de ferramentas que possam ser utilizadas por operadoras e empresas de tecnologia, ampliando o impacto do projeto no mercado.<\/p>\n<h2 data-start=\"1526\" data-end=\"1716\">Como o 6G entra nos planos do Brasil?<\/h2>\n<p data-start=\"1759\" data-end=\"1994\">Mesmo ainda em fase de desenvolvimento no mundo, o 6G j\u00e1 \u00e9 tratado como prioridade estrat\u00e9gica por diversos pa\u00edses. A expectativa \u00e9 que a tecnologia ofere\u00e7a velocidades muito superiores ao 5G, al\u00e9m de lat\u00eancia praticamente inexistente.<\/p>\n<p data-start=\"1996\" data-end=\"2157\">Nesse cen\u00e1rio, o investimento brasileiro busca antecipar essa tend\u00eancia. Em vez de esperar a tecnologia chegar pronta, o pa\u00eds tenta participar da sua constru\u00e7\u00e3o.<\/p>\n<p data-start=\"2159\" data-end=\"2341\">Segundo o Minist\u00e9rio das Comunica\u00e7\u00f5es, a iniciativa tamb\u00e9m fortalece a posi\u00e7\u00e3o do Brasil no cen\u00e1rio internacional de inova\u00e7\u00e3o, al\u00e9m de reduzir a depend\u00eancia de solu\u00e7\u00f5es estrangeiras.<\/p>\n<h2 data-start=\"2159\" data-end=\"2341\">Soberania tecnol\u00f3gica<\/h2>\n<p data-start=\"3061\" data-end=\"3190\">Al\u00e9m do avan\u00e7o tecnol\u00f3gico, o investimento tamb\u00e9m tem um objetivo estrat\u00e9gico: fortalecer a autonomia do Brasil no setor digital.<\/p>\n<p data-start=\"3192\" data-end=\"3342\">Ao desenvolver solu\u00e7\u00f5es pr\u00f3prias, o pa\u00eds reduz a depend\u00eancia de tecnologias estrangeiras e ganha mais controle sobre dados, infraestrutura e inova\u00e7\u00e3o.<\/p>\n<p data-start=\"3344\" data-end=\"3565\">O recurso ser\u00e1 distribu\u00eddo ao longo dos pr\u00f3ximos anos, com aportes iniciais j\u00e1 previstos para 2026. A expectativa \u00e9 que os resultados ajudem a posicionar o Brasil de forma mais competitiva no cen\u00e1rio global de tecnologia.<\/p>\n","protected":false},"excerpt":{"rendered":"<p>O Brasil deu mais um passo na corrida tecnol\u00f3gica global ao anunciar um investimento de R$ 104 milh\u00f5es voltado ao desenvolvimento do 6G, intelig\u00eancia artificial e computa\u00e7\u00e3o em nuvem. A iniciativa busca preparar o pa\u00eds para a pr\u00f3xima gera\u00e7\u00e3o de conectividade, mesmo antes da tecnologia estar dispon\u00edvel comercialmente. O recurso ser\u00e1 liberado por meio do [&hellip;]<\/p>\n","protected":false},"author":15,"featured_media":35766,"comment_status":"open","ping_status":"open","sticky":false,"template":"","format":"standard","meta":{"jnews-multi-image_gallery":[],"jnews_single_post":{"subtitle":"O projeto tem uma dura\u00e7\u00e3o prevista para o ano de 2028","format":"standard","jnews_video_option_group":[[]],"override":[{"template":"2","parallax":"1","fullscreen":"1","layout":"right-sidebar","sidebar":"default-sidebar","second_sidebar":"default-sidebar","sticky_sidebar":"1","share_position":"hide","share_float_style":"share-monocrhome","show_featured":"1","show_post_meta":"1","show_post_author":"1","show_post_date":"1","post_date_format":"default","post_date_format_custom":"Y\/m\/d","show_post_category":"1","show_post_reading_time":"0","post_reading_time_wpm":"300","post_calculate_word_method":"str_word_count","show_zoom_button":"0","zoom_button_out_step":"2","zoom_button_in_step":"3","show_post_tag":"1","show_popup_post":"1","number_popup_post":"1","show_author_box":"1","show_post_related":"0"}],"image_override":[{"single_post_thumbnail_size":"crop-500","single_post_gallery_size":"crop-500"}],"trending_post_position":"meta","trending_post_label":"Trending","sponsored_post_label":"Sponsored by","disable_ad":"0"},"jnews_primary_category":[],"jnews_override_counter":{"view_counter_number":"0","share_counter_number":"0","like_counter_number":"0","dislike_counter_number":"0"},"jnews_post_split":{"post_split":[{"template":"1","tag":"h2","numbering":"asc","mode":"normal","first":"0","enable_toc":"0","toc_type":"normal"}]},"footnotes":""},"categories":[1],"tags":[2425,277,623,147,582,59,6785],"class_list":["post-35765","post","type-post","status-publish","format-standard","has-post-thumbnail","hentry","category-geral","tag-6g","tag-governo-federal","tag-inovacao","tag-inteligencia-artificial","tag-internet","tag-tecnologia","tag-telecomunicacoes"],"yoast_head":"<!-- This site is optimized with the Yoast SEO plugin v25.0 - https:\/\/yoast.com\/wordpress\/plugins\/seo\/ -->\n<title>Novo projeto de R$\u202f104 milh\u00f5es quer espalhar o 6G pelo Brasil inteiro<\/title>\n<meta name=\"robots\" content=\"index, follow, max-snippet:-1, max-image-preview:large, max-video-preview:-1\" \/>\n<link rel=\"canonical\" href=\"https:\/\/crusoe.audiencelabs.com.br\/novo-projeto-de-r-104-milhoes-quer-espalhar-o-6g-pelo-brasil-inteiro\/\" \/>\n<meta property=\"og:locale\" content=\"pt_BR\" \/>\n<meta property=\"og:type\" content=\"article\" \/>\n<meta property=\"og:title\" content=\"Novo projeto de R$\u202f104 milh\u00f5es quer espalhar o 6G pelo Brasil inteiro\" \/>\n<meta property=\"og:description\" content=\"O Brasil deu mais um passo na corrida tecnol\u00f3gica global ao anunciar um investimento de R$ 104 milh\u00f5es voltado ao desenvolvimento do 6G, intelig\u00eancia artificial e computa\u00e7\u00e3o em nuvem. A iniciativa busca preparar o pa\u00eds para a pr\u00f3xima gera\u00e7\u00e3o de conectividade, mesmo antes da tecnologia estar dispon\u00edvel comercialmente. O recurso ser\u00e1 liberado por meio do [&hellip;]\" \/>\n<meta property=\"og:url\" content=\"https:\/\/crusoe.audiencelabs.com.br\/novo-projeto-de-r-104-milhoes-quer-espalhar-o-6g-pelo-brasil-inteiro\/\" \/>\n<meta property=\"og:site_name\" content=\"Variedades - Cruso\u00e9\" \/>\n<meta property=\"article:published_time\" content=\"2026-03-30T16:09:14+00:00\" \/>\n<meta property=\"og:image\" content=\"https:\/\/cdn.crusoe.com.br\/uploads\/2026\/03\/scott-rodgerson-PSpf_XgOM5w-unsplash.jpg\" \/>\n\t<meta property=\"og:image:width\" content=\"640\" \/>\n\t<meta property=\"og:image:height\" content=\"427\" \/>\n\t<meta property=\"og:image:type\" content=\"image\/jpeg\" \/>\n<meta name=\"author\" content=\"J\u00falio Nesi\" \/>\n<meta name=\"twitter:card\" content=\"summary_large_image\" \/>\n<meta name=\"twitter:label1\" content=\"Escrito por\" \/>\n\t<meta name=\"twitter:data1\" content=\"J\u00falio Nesi\" \/>\n\t<meta name=\"twitter:label2\" content=\"Est. tempo de leitura\" \/>\n\t<meta name=\"twitter:data2\" content=\"3 minutos\" \/>\n<script type=\"application\/ld+json\" class=\"yoast-schema-graph\">{\"@context\":\"https:\/\/schema.org\",\"@graph\":[{\"@type\":\"WebPage\",\"@id\":\"https:\/\/crusoe.audiencelabs.com.br\/novo-projeto-de-r-104-milhoes-quer-espalhar-o-6g-pelo-brasil-inteiro\/\",\"url\":\"https:\/\/crusoe.audiencelabs.com.br\/novo-projeto-de-r-104-milhoes-quer-espalhar-o-6g-pelo-brasil-inteiro\/\",\"name\":\"Novo projeto de R$\u202f104 milh\u00f5es quer espalhar o 6G pelo Brasil inteiro\",\"isPartOf\":{\"@id\":\"https:\/\/crusoe.audiencelabs.com.br\/#website\"},\"primaryImageOfPage\":{\"@id\":\"https:\/\/crusoe.audiencelabs.com.br\/novo-projeto-de-r-104-milhoes-quer-espalhar-o-6g-pelo-brasil-inteiro\/#primaryimage\"},\"image\":{\"@id\":\"https:\/\/crusoe.audiencelabs.com.br\/novo-projeto-de-r-104-milhoes-quer-espalhar-o-6g-pelo-brasil-inteiro\/#primaryimage\"},\"thumbnailUrl\":\"https:\/\/cdn.crusoe.com.br\/uploads\/2026\/03\/scott-rodgerson-PSpf_XgOM5w-unsplash.jpg\",\"datePublished\":\"2026-03-30T16:09:14+00:00\",\"author\":{\"@id\":\"https:\/\/crusoe.audiencelabs.com.br\/#\/schema\/person\/0cca5874eda7d72cef71e77a9a9c2143\"},\"breadcrumb\":{\"@id\":\"https:\/\/crusoe.audiencelabs.com.br\/novo-projeto-de-r-104-milhoes-quer-espalhar-o-6g-pelo-brasil-inteiro\/#breadcrumb\"},\"inLanguage\":\"pt-BR\",\"potentialAction\":[{\"@type\":\"ReadAction\",\"target\":[\"https:\/\/crusoe.audiencelabs.com.br\/novo-projeto-de-r-104-milhoes-quer-espalhar-o-6g-pelo-brasil-inteiro\/\"]}]},{\"@type\":\"ImageObject\",\"inLanguage\":\"pt-BR\",\"@id\":\"https:\/\/crusoe.audiencelabs.com.br\/novo-projeto-de-r-104-milhoes-quer-espalhar-o-6g-pelo-brasil-inteiro\/#primaryimage\",\"url\":\"https:\/\/cdn.crusoe.com.br\/uploads\/2026\/03\/scott-rodgerson-PSpf_XgOM5w-unsplash.jpg\",\"contentUrl\":\"https:\/\/cdn.crusoe.com.br\/uploads\/2026\/03\/scott-rodgerson-PSpf_XgOM5w-unsplash.jpg\",\"width\":640,\"height\":427,\"caption\":\"Reprodu\u00e7\u00e3o: Unsplash \/ Scott Rodgerson\"},{\"@type\":\"BreadcrumbList\",\"@id\":\"https:\/\/crusoe.audiencelabs.com.br\/novo-projeto-de-r-104-milhoes-quer-espalhar-o-6g-pelo-brasil-inteiro\/#breadcrumb\",\"itemListElement\":[{\"@type\":\"ListItem\",\"position\":1,\"name\":\"Home\",\"item\":\"https:\/\/crusoe.audiencelabs.com.br\/\"},{\"@type\":\"ListItem\",\"position\":2,\"name\":\"Novo projeto de R$\u202f104 milh\u00f5es quer espalhar o 6G pelo Brasil inteiro\"}]},{\"@type\":\"WebSite\",\"@id\":\"https:\/\/crusoe.audiencelabs.com.br\/#website\",\"url\":\"https:\/\/crusoe.audiencelabs.com.br\/\",\"name\":\"Variedades - Cruso\u00e9\",\"description\":\"\",\"potentialAction\":[{\"@type\":\"SearchAction\",\"target\":{\"@type\":\"EntryPoint\",\"urlTemplate\":\"https:\/\/crusoe.audiencelabs.com.br\/?s={search_term_string}\"},\"query-input\":{\"@type\":\"PropertyValueSpecification\",\"valueRequired\":true,\"valueName\":\"search_term_string\"}}],\"inLanguage\":\"pt-BR\"},{\"@type\":\"Person\",\"@id\":\"https:\/\/crusoe.audiencelabs.com.br\/#\/schema\/person\/0cca5874eda7d72cef71e77a9a9c2143\",\"name\":\"J\u00falio Nesi\",\"image\":{\"@type\":\"ImageObject\",\"inLanguage\":\"pt-BR\",\"@id\":\"https:\/\/crusoe.audiencelabs.com.br\/#\/schema\/person\/image\/\",\"url\":\"https:\/\/secure.gravatar.com\/avatar\/c22eb47c3e2320e71637346b980e09f63de9f75742d3335f94a26b83dff70473?s=96&d=mm&r=g\",\"contentUrl\":\"https:\/\/secure.gravatar.com\/avatar\/c22eb47c3e2320e71637346b980e09f63de9f75742d3335f94a26b83dff70473?s=96&d=mm&r=g\",\"caption\":\"J\u00falio Nesi\"},\"description\":\"Jornalista alagoano formado pela UFAL, j\u00e1 atuei em produ\u00e7\u00e3o de conte\u00fado digital para portais, r\u00e1dio e redes sociais.\",\"sameAs\":[\"www.linkedin.com\/in\/j\u00falio-nesi\"],\"url\":\"https:\/\/crusoe.audiencelabs.com.br\/author\/julionesi\/\"}]}<\/script>\n<!-- \/ Yoast SEO plugin. -->","yoast_head_json":{"title":"Novo projeto de R$\u202f104 milh\u00f5es quer espalhar o 6G pelo Brasil inteiro","robots":{"index":"index","follow":"follow","max-snippet":"max-snippet:-1","max-image-preview":"max-image-preview:large","max-video-preview":"max-video-preview:-1"},"canonical":"https:\/\/crusoe.audiencelabs.com.br\/novo-projeto-de-r-104-milhoes-quer-espalhar-o-6g-pelo-brasil-inteiro\/","og_locale":"pt_BR","og_type":"article","og_title":"Novo projeto de R$\u202f104 milh\u00f5es quer espalhar o 6G pelo Brasil inteiro","og_description":"O Brasil deu mais um passo na corrida tecnol\u00f3gica global ao anunciar um investimento de R$ 104 milh\u00f5es voltado ao desenvolvimento do 6G, intelig\u00eancia artificial e computa\u00e7\u00e3o em nuvem. A iniciativa busca preparar o pa\u00eds para a pr\u00f3xima gera\u00e7\u00e3o de conectividade, mesmo antes da tecnologia estar dispon\u00edvel comercialmente. O recurso ser\u00e1 liberado por meio do [&hellip;]","og_url":"https:\/\/crusoe.audiencelabs.com.br\/novo-projeto-de-r-104-milhoes-quer-espalhar-o-6g-pelo-brasil-inteiro\/","og_site_name":"Variedades - Cruso\u00e9","article_published_time":"2026-03-30T16:09:14+00:00","og_image":[{"width":640,"height":427,"url":"https:\/\/cdn.crusoe.com.br\/uploads\/2026\/03\/scott-rodgerson-PSpf_XgOM5w-unsplash.jpg","type":"image\/jpeg"}],"author":"J\u00falio Nesi","twitter_card":"summary_large_image","twitter_misc":{"Escrito por":"J\u00falio Nesi","Est. tempo de leitura":"3 minutos"},"schema":{"@context":"https:\/\/schema.org","@graph":[{"@type":"WebPage","@id":"https:\/\/crusoe.audiencelabs.com.br\/novo-projeto-de-r-104-milhoes-quer-espalhar-o-6g-pelo-brasil-inteiro\/","url":"https:\/\/crusoe.audiencelabs.com.br\/novo-projeto-de-r-104-milhoes-quer-espalhar-o-6g-pelo-brasil-inteiro\/","name":"Novo projeto de R$\u202f104 milh\u00f5es quer espalhar o 6G pelo Brasil inteiro","isPartOf":{"@id":"https:\/\/crusoe.audiencelabs.com.br\/#website"},"primaryImageOfPage":{"@id":"https:\/\/crusoe.audiencelabs.com.br\/novo-projeto-de-r-104-milhoes-quer-espalhar-o-6g-pelo-brasil-inteiro\/#primaryimage"},"image":{"@id":"https:\/\/crusoe.audiencelabs.com.br\/novo-projeto-de-r-104-milhoes-quer-espalhar-o-6g-pelo-brasil-inteiro\/#primaryimage"},"thumbnailUrl":"https:\/\/cdn.crusoe.com.br\/uploads\/2026\/03\/scott-rodgerson-PSpf_XgOM5w-unsplash.jpg","datePublished":"2026-03-30T16:09:14+00:00","author":{"@id":"https:\/\/crusoe.audiencelabs.com.br\/#\/schema\/person\/0cca5874eda7d72cef71e77a9a9c2143"},"breadcrumb":{"@id":"https:\/\/crusoe.audiencelabs.com.br\/novo-projeto-de-r-104-milhoes-quer-espalhar-o-6g-pelo-brasil-inteiro\/#breadcrumb"},"inLanguage":"pt-BR","potentialAction":[{"@type":"ReadAction","target":["https:\/\/crusoe.audiencelabs.com.br\/novo-projeto-de-r-104-milhoes-quer-espalhar-o-6g-pelo-brasil-inteiro\/"]}]},{"@type":"ImageObject","inLanguage":"pt-BR","@id":"https:\/\/crusoe.audiencelabs.com.br\/novo-projeto-de-r-104-milhoes-quer-espalhar-o-6g-pelo-brasil-inteiro\/#primaryimage","url":"https:\/\/cdn.crusoe.com.br\/uploads\/2026\/03\/scott-rodgerson-PSpf_XgOM5w-unsplash.jpg","contentUrl":"https:\/\/cdn.crusoe.com.br\/uploads\/2026\/03\/scott-rodgerson-PSpf_XgOM5w-unsplash.jpg","width":640,"height":427,"caption":"Reprodu\u00e7\u00e3o: Unsplash \/ Scott Rodgerson"},{"@type":"BreadcrumbList","@id":"https:\/\/crusoe.audiencelabs.com.br\/novo-projeto-de-r-104-milhoes-quer-espalhar-o-6g-pelo-brasil-inteiro\/#breadcrumb","itemListElement":[{"@type":"ListItem","position":1,"name":"Home","item":"https:\/\/crusoe.audiencelabs.com.br\/"},{"@type":"ListItem","position":2,"name":"Novo projeto de R$\u202f104 milh\u00f5es quer espalhar o 6G pelo Brasil inteiro"}]},{"@type":"WebSite","@id":"https:\/\/crusoe.audiencelabs.com.br\/#website","url":"https:\/\/crusoe.audiencelabs.com.br\/","name":"Variedades - Cruso\u00e9","description":"","potentialAction":[{"@type":"SearchAction","target":{"@type":"EntryPoint","urlTemplate":"https:\/\/crusoe.audiencelabs.com.br\/?s={search_term_string}"},"query-input":{"@type":"PropertyValueSpecification","valueRequired":true,"valueName":"search_term_string"}}],"inLanguage":"pt-BR"},{"@type":"Person","@id":"https:\/\/crusoe.audiencelabs.com.br\/#\/schema\/person\/0cca5874eda7d72cef71e77a9a9c2143","name":"J\u00falio Nesi","image":{"@type":"ImageObject","inLanguage":"pt-BR","@id":"https:\/\/crusoe.audiencelabs.com.br\/#\/schema\/person\/image\/","url":"https:\/\/secure.gravatar.com\/avatar\/c22eb47c3e2320e71637346b980e09f63de9f75742d3335f94a26b83dff70473?s=96&d=mm&r=g","contentUrl":"https:\/\/secure.gravatar.com\/avatar\/c22eb47c3e2320e71637346b980e09f63de9f75742d3335f94a26b83dff70473?s=96&d=mm&r=g","caption":"J\u00falio Nesi"},"description":"Jornalista alagoano formado pela UFAL, j\u00e1 atuei em produ\u00e7\u00e3o de conte\u00fado digital para portais, r\u00e1dio e redes sociais.","sameAs":["www.linkedin.com\/in\/j\u00falio-nesi"],"url":"https:\/\/crusoe.audiencelabs.com.br\/author\/julionesi\/"}]}},"_links":{"self":[{"href":"https:\/\/crusoe.audiencelabs.com.br\/wp-json\/wp\/v2\/posts\/35765","targetHints":{"allow":["GET"]}}],"collection":[{"href":"https:\/\/crusoe.audiencelabs.com.br\/wp-json\/wp\/v2\/posts"}],"about":[{"href":"https:\/\/crusoe.audiencelabs.com.br\/wp-json\/wp\/v2\/types\/post"}],"author":[{"embeddable":true,"href":"https:\/\/crusoe.audiencelabs.com.br\/wp-json\/wp\/v2\/users\/15"}],"replies":[{"embeddable":true,"href":"https:\/\/crusoe.audiencelabs.com.br\/wp-json\/wp\/v2\/comments?post=35765"}],"version-history":[{"count":1,"href":"https:\/\/crusoe.audiencelabs.com.br\/wp-json\/wp\/v2\/posts\/35765\/revisions"}],"predecessor-version":[{"id":35767,"href":"https:\/\/crusoe.audiencelabs.com.br\/wp-json\/wp\/v2\/posts\/35765\/revisions\/35767"}],"wp:featuredmedia":[{"embeddable":true,"href":"https:\/\/crusoe.audiencelabs.com.br\/wp-json\/wp\/v2\/media\/35766"}],"wp:attachment":[{"href":"https:\/\/crusoe.audiencelabs.com.br\/wp-json\/wp\/v2\/media?parent=35765"}],"wp:term":[{"taxonomy":"category","embeddable":true,"href":"https:\/\/crusoe.audiencelabs.com.br\/wp-json\/wp\/v2\/categories?post=35765"},{"taxonomy":"post_tag","embeddable":true,"href":"https:\/\/crusoe.audiencelabs.com.br\/wp-json\/wp\/v2\/tags?post=35765"}],"curies":[{"name":"wp","href":"https:\/\/api.w.org\/{rel}","templated":true}]}}