{"id":35745,"date":"2026-04-04T11:03:33","date_gmt":"2026-04-04T14:03:33","guid":{"rendered":"https:\/\/crusoe.audiencelabs.com.br\/?p=35745"},"modified":"2026-03-30T09:24:43","modified_gmt":"2026-03-30T12:24:43","slug":"por-que-o-cabelo-perde-a-cor-tao-cedo-em-algumas-pessoas-a-ciencia-tem-uma-explicacao","status":"publish","type":"post","link":"https:\/\/crusoe.audiencelabs.com.br\/por-que-o-cabelo-perde-a-cor-tao-cedo-em-algumas-pessoas-a-ciencia-tem-uma-explicacao\/","title":{"rendered":"Por que o cabelo perde a cor t\u00e3o cedo em algumas pessoas? A ci\u00eancia tem uma explica\u00e7\u00e3o"},"content":{"rendered":"<p><span style=\"font-weight: 400\">O <strong>aparecimento precoce de cabelos brancos<\/strong> \u00e9 uma d\u00favida comum e, para muitas pessoas, motivo de curiosidade. <\/span><\/p>\n<p><span style=\"font-weight: 400\">Embora o embranquecimento dos fios esteja geralmente associado ao envelhecimento, a ci\u00eancia mostra que ele <strong>pode ocorrer mais cedo por uma combina\u00e7\u00e3o de fatores biol\u00f3gicos, gen\u00e9ticos e ambientais<\/strong>.\u00a0<\/span><\/p>\n<h2><span style=\"font-weight: 400\">O papel da melanina<\/span><\/h2>\n<p><span style=\"font-weight: 400\"><strong>A cor do cabelo \u00e9 determinada pela melanina<\/strong>, pigmento produzido por c\u00e9lulas chamadas <strong>melan\u00f3citos<\/strong>. <\/span><\/p>\n<p><span style=\"font-weight: 400\">Com o tempo, essas c\u00e9lulas reduzem sua atividade ou deixam de funcionar, o que faz com que os fios cres\u00e7am sem pigmenta\u00e7\u00e3o, tornando-se grisalhos ou brancos. <\/span><span style=\"font-weight: 400\">Quando esse processo acontece antes do esperado, ele \u00e9 pode estar ligado a diferentes causas.<\/span><\/p>\n<p><span style=\"font-weight: 400\">A principal explica\u00e7\u00e3o para o surgimento precoce dos fios brancos est\u00e1 na <strong>heran\u00e7a gen\u00e9tica<\/strong>. Estudos indicam que o <strong>gene IRF4<\/strong> influencia quando os melan\u00f3citos come\u00e7am a perder efici\u00eancia. Por isso, pessoas com hist\u00f3rico familiar de cabelos brancos precoces tendem a apresentar o mesmo padr\u00e3o.<\/span><\/p>\n<h2><span style=\"font-weight: 400\">Estresse e fatores biol\u00f3gicos<\/span><\/h2>\n<p><span style=\"font-weight: 400\">Outro fator relevante \u00e9 o <strong>estresse oxidativo<\/strong>. Esse processo ocorre quando h\u00e1 excesso de radicais livres no organismo, o que pode danificar c\u00e9lulas, incluindo os melan\u00f3citos.<\/span><\/p>\n<p><span style=\"font-weight: 400\">Al\u00e9m disso, situa\u00e7\u00f5es de estresse intenso podem acelerar esse desgaste celular. Pesquisas sugerem que epis\u00f3dios de estresse podem impactar as c\u00e9lulas-tronco respons\u00e1veis pela regenera\u00e7\u00e3o dos melan\u00f3citos.<\/span><\/p>\n<h2><span style=\"font-weight: 400\">Defici\u00eancias nutricionais e fatores externos<\/span><\/h2>\n<p><span style=\"font-weight: 400\">A <strong>alimenta\u00e7\u00e3o<\/strong> tamb\u00e9m tem influ\u00eancia na sa\u00fade capilar. A<strong> falta de nutrientes como vitamina B12, ferro, cobre e zinco<\/strong> pode comprometer a produ\u00e7\u00e3o de melanina, contribuindo para o aparecimento precoce de fios brancos.<\/span><\/p>\n<p><span style=\"font-weight: 400\">Manter uma dieta equilibrada ajuda a preservar o funcionamento adequado das c\u00e9lulas envolvidas na pigmenta\u00e7\u00e3o.<\/span><\/p>\n<p><span style=\"font-weight: 400\">Elementos como <strong>exposi\u00e7\u00e3o excessiva ao sol, polui\u00e7\u00e3o e maus h\u00e1bitos como o tabagismo<\/strong> tamb\u00e9m podem acelerar o processo.\u00a0<\/span><\/p>\n<h2><span style=\"font-weight: 400\">D\u00e1 para evitar o surgimento precoce dos fios brancos?<\/span><\/h2>\n<p><span style=\"font-weight: 400\">N\u00e3o \u00e9 poss\u00edvel impedir completamente o embranquecimento precoce, especialmente quando h\u00e1 influ\u00eancia gen\u00e9tica. No entanto, adotar h\u00e1bitos saud\u00e1veis pode ajudar a desacelerar o processo.<\/span><\/p>\n<p><span style=\"font-weight: 400\">Reduzir o estresse, manter uma boa alimenta\u00e7\u00e3o e proteger os cabelos de agress\u00f5es externas s\u00e3o medidas que contribuem para a sa\u00fade capilar como um todo.<\/span><\/p>\n<p><span style=\"font-weight: 400\">A ci\u00eancia mostra que, embora esse processo seja natural, ele reflete o equil\u00edbrio do organismo e o estilo de vida de cada pessoa.<\/span><\/p>\n","protected":false},"excerpt":{"rendered":"<p>O aparecimento precoce de cabelos brancos \u00e9 uma d\u00favida comum e, para muitas pessoas, motivo de curiosidade. Embora o embranquecimento dos fios esteja geralmente associado ao envelhecimento, a ci\u00eancia mostra que ele pode ocorrer mais cedo por uma combina\u00e7\u00e3o de fatores biol\u00f3gicos, gen\u00e9ticos e ambientais.\u00a0 O papel da melanina A cor do cabelo \u00e9 determinada [&hellip;]<\/p>\n","protected":false},"author":5,"featured_media":35746,"comment_status":"open","ping_status":"open","sticky":false,"template":"","format":"standard","meta":{"jnews-multi-image_gallery":[],"jnews_single_post":{"subtitle":""},"jnews_primary_category":[],"jnews_override_counter":[],"jnews_post_split":[],"footnotes":""},"categories":[1],"tags":[2035,6776,234],"class_list":["post-35745","post","type-post","status-publish","format-standard","has-post-thumbnail","hentry","category-geral","tag-cabelos-brancos","tag-melanina","tag-saude"],"yoast_head":"<!-- This site is optimized with the Yoast SEO plugin v25.0 - https:\/\/yoast.com\/wordpress\/plugins\/seo\/ -->\n<title>Por que o cabelo perde a cor t\u00e3o cedo em algumas pessoas? A ci\u00eancia tem uma explica\u00e7\u00e3o<\/title>\n<meta name=\"robots\" content=\"index, follow, max-snippet:-1, max-image-preview:large, max-video-preview:-1\" \/>\n<link rel=\"canonical\" href=\"https:\/\/crusoe.audiencelabs.com.br\/por-que-o-cabelo-perde-a-cor-tao-cedo-em-algumas-pessoas-a-ciencia-tem-uma-explicacao\/\" \/>\n<meta property=\"og:locale\" content=\"pt_BR\" \/>\n<meta property=\"og:type\" content=\"article\" \/>\n<meta property=\"og:title\" content=\"Por que o cabelo perde a cor t\u00e3o cedo em algumas pessoas? A ci\u00eancia tem uma explica\u00e7\u00e3o\" \/>\n<meta property=\"og:description\" content=\"O aparecimento precoce de cabelos brancos \u00e9 uma d\u00favida comum e, para muitas pessoas, motivo de curiosidade. Embora o embranquecimento dos fios esteja geralmente associado ao envelhecimento, a ci\u00eancia mostra que ele pode ocorrer mais cedo por uma combina\u00e7\u00e3o de fatores biol\u00f3gicos, gen\u00e9ticos e ambientais.\u00a0 O papel da melanina A cor do cabelo \u00e9 determinada [&hellip;]\" \/>\n<meta property=\"og:url\" content=\"https:\/\/crusoe.audiencelabs.com.br\/por-que-o-cabelo-perde-a-cor-tao-cedo-em-algumas-pessoas-a-ciencia-tem-uma-explicacao\/\" \/>\n<meta property=\"og:site_name\" content=\"Variedades - Cruso\u00e9\" \/>\n<meta property=\"article:published_time\" content=\"2026-04-04T14:03:33+00:00\" \/>\n<meta property=\"og:image\" content=\"https:\/\/cdn.crusoe.com.br\/uploads\/2026\/03\/istockphoto-2205107774-612x612-1.jpg\" \/>\n\t<meta property=\"og:image:width\" content=\"612\" \/>\n\t<meta property=\"og:image:height\" content=\"408\" \/>\n\t<meta property=\"og:image:type\" content=\"image\/jpeg\" \/>\n<meta name=\"author\" content=\"Milena Armando\" \/>\n<meta name=\"twitter:card\" content=\"summary_large_image\" \/>\n<meta name=\"twitter:label1\" content=\"Escrito por\" \/>\n\t<meta name=\"twitter:data1\" content=\"Milena Armando\" \/>\n\t<meta name=\"twitter:label2\" content=\"Est. tempo de leitura\" \/>\n\t<meta name=\"twitter:data2\" content=\"3 minutos\" \/>\n<script type=\"application\/ld+json\" class=\"yoast-schema-graph\">{\"@context\":\"https:\/\/schema.org\",\"@graph\":[{\"@type\":\"WebPage\",\"@id\":\"https:\/\/crusoe.audiencelabs.com.br\/por-que-o-cabelo-perde-a-cor-tao-cedo-em-algumas-pessoas-a-ciencia-tem-uma-explicacao\/\",\"url\":\"https:\/\/crusoe.audiencelabs.com.br\/por-que-o-cabelo-perde-a-cor-tao-cedo-em-algumas-pessoas-a-ciencia-tem-uma-explicacao\/\",\"name\":\"Por que o cabelo perde a cor t\u00e3o cedo em algumas pessoas? A ci\u00eancia tem uma explica\u00e7\u00e3o\",\"isPartOf\":{\"@id\":\"https:\/\/crusoe.audiencelabs.com.br\/#website\"},\"primaryImageOfPage\":{\"@id\":\"https:\/\/crusoe.audiencelabs.com.br\/por-que-o-cabelo-perde-a-cor-tao-cedo-em-algumas-pessoas-a-ciencia-tem-uma-explicacao\/#primaryimage\"},\"image\":{\"@id\":\"https:\/\/crusoe.audiencelabs.com.br\/por-que-o-cabelo-perde-a-cor-tao-cedo-em-algumas-pessoas-a-ciencia-tem-uma-explicacao\/#primaryimage\"},\"thumbnailUrl\":\"https:\/\/cdn.crusoe.com.br\/uploads\/2026\/03\/istockphoto-2205107774-612x612-1.jpg\",\"datePublished\":\"2026-04-04T14:03:33+00:00\",\"author\":{\"@id\":\"https:\/\/crusoe.audiencelabs.com.br\/#\/schema\/person\/f87f73cfe89e5360de2c006bd4bd6a74\"},\"breadcrumb\":{\"@id\":\"https:\/\/crusoe.audiencelabs.com.br\/por-que-o-cabelo-perde-a-cor-tao-cedo-em-algumas-pessoas-a-ciencia-tem-uma-explicacao\/#breadcrumb\"},\"inLanguage\":\"pt-BR\",\"potentialAction\":[{\"@type\":\"ReadAction\",\"target\":[\"https:\/\/crusoe.audiencelabs.com.br\/por-que-o-cabelo-perde-a-cor-tao-cedo-em-algumas-pessoas-a-ciencia-tem-uma-explicacao\/\"]}]},{\"@type\":\"ImageObject\",\"inLanguage\":\"pt-BR\",\"@id\":\"https:\/\/crusoe.audiencelabs.com.br\/por-que-o-cabelo-perde-a-cor-tao-cedo-em-algumas-pessoas-a-ciencia-tem-uma-explicacao\/#primaryimage\",\"url\":\"https:\/\/cdn.crusoe.com.br\/uploads\/2026\/03\/istockphoto-2205107774-612x612-1.jpg\",\"contentUrl\":\"https:\/\/cdn.crusoe.com.br\/uploads\/2026\/03\/istockphoto-2205107774-612x612-1.jpg\",\"width\":612,\"height\":408,\"caption\":\"Reprodu\u00e7\u00e3o: Istock\"},{\"@type\":\"BreadcrumbList\",\"@id\":\"https:\/\/crusoe.audiencelabs.com.br\/por-que-o-cabelo-perde-a-cor-tao-cedo-em-algumas-pessoas-a-ciencia-tem-uma-explicacao\/#breadcrumb\",\"itemListElement\":[{\"@type\":\"ListItem\",\"position\":1,\"name\":\"Home\",\"item\":\"https:\/\/crusoe.audiencelabs.com.br\/\"},{\"@type\":\"ListItem\",\"position\":2,\"name\":\"Por que o cabelo perde a cor t\u00e3o cedo em algumas pessoas? A ci\u00eancia tem uma explica\u00e7\u00e3o\"}]},{\"@type\":\"WebSite\",\"@id\":\"https:\/\/crusoe.audiencelabs.com.br\/#website\",\"url\":\"https:\/\/crusoe.audiencelabs.com.br\/\",\"name\":\"Variedades - Cruso\u00e9\",\"description\":\"\",\"potentialAction\":[{\"@type\":\"SearchAction\",\"target\":{\"@type\":\"EntryPoint\",\"urlTemplate\":\"https:\/\/crusoe.audiencelabs.com.br\/?s={search_term_string}\"},\"query-input\":{\"@type\":\"PropertyValueSpecification\",\"valueRequired\":true,\"valueName\":\"search_term_string\"}}],\"inLanguage\":\"pt-BR\"},{\"@type\":\"Person\",\"@id\":\"https:\/\/crusoe.audiencelabs.com.br\/#\/schema\/person\/f87f73cfe89e5360de2c006bd4bd6a74\",\"name\":\"Milena Armando\",\"image\":{\"@type\":\"ImageObject\",\"inLanguage\":\"pt-BR\",\"@id\":\"https:\/\/crusoe.audiencelabs.com.br\/#\/schema\/person\/image\/\",\"url\":\"https:\/\/secure.gravatar.com\/avatar\/ea14ecddc9e9d202b698b18f9f69e09c9fd74cfbed5c6008d55f11faefdbdab7?s=96&d=mm&r=g\",\"contentUrl\":\"https:\/\/secure.gravatar.com\/avatar\/ea14ecddc9e9d202b698b18f9f69e09c9fd74cfbed5c6008d55f11faefdbdab7?s=96&d=mm&r=g\",\"caption\":\"Milena Armando\"},\"description\":\"Jornalista, redatora e revisora.\",\"url\":\"https:\/\/crusoe.audiencelabs.com.br\/author\/milena\/\"}]}<\/script>\n<!-- \/ Yoast SEO plugin. -->","yoast_head_json":{"title":"Por que o cabelo perde a cor t\u00e3o cedo em algumas pessoas? A ci\u00eancia tem uma explica\u00e7\u00e3o","robots":{"index":"index","follow":"follow","max-snippet":"max-snippet:-1","max-image-preview":"max-image-preview:large","max-video-preview":"max-video-preview:-1"},"canonical":"https:\/\/crusoe.audiencelabs.com.br\/por-que-o-cabelo-perde-a-cor-tao-cedo-em-algumas-pessoas-a-ciencia-tem-uma-explicacao\/","og_locale":"pt_BR","og_type":"article","og_title":"Por que o cabelo perde a cor t\u00e3o cedo em algumas pessoas? A ci\u00eancia tem uma explica\u00e7\u00e3o","og_description":"O aparecimento precoce de cabelos brancos \u00e9 uma d\u00favida comum e, para muitas pessoas, motivo de curiosidade. Embora o embranquecimento dos fios esteja geralmente associado ao envelhecimento, a ci\u00eancia mostra que ele pode ocorrer mais cedo por uma combina\u00e7\u00e3o de fatores biol\u00f3gicos, gen\u00e9ticos e ambientais.\u00a0 O papel da melanina A cor do cabelo \u00e9 determinada [&hellip;]","og_url":"https:\/\/crusoe.audiencelabs.com.br\/por-que-o-cabelo-perde-a-cor-tao-cedo-em-algumas-pessoas-a-ciencia-tem-uma-explicacao\/","og_site_name":"Variedades - Cruso\u00e9","article_published_time":"2026-04-04T14:03:33+00:00","og_image":[{"width":612,"height":408,"url":"https:\/\/cdn.crusoe.com.br\/uploads\/2026\/03\/istockphoto-2205107774-612x612-1.jpg","type":"image\/jpeg"}],"author":"Milena Armando","twitter_card":"summary_large_image","twitter_misc":{"Escrito por":"Milena Armando","Est. tempo de leitura":"3 minutos"},"schema":{"@context":"https:\/\/schema.org","@graph":[{"@type":"WebPage","@id":"https:\/\/crusoe.audiencelabs.com.br\/por-que-o-cabelo-perde-a-cor-tao-cedo-em-algumas-pessoas-a-ciencia-tem-uma-explicacao\/","url":"https:\/\/crusoe.audiencelabs.com.br\/por-que-o-cabelo-perde-a-cor-tao-cedo-em-algumas-pessoas-a-ciencia-tem-uma-explicacao\/","name":"Por que o cabelo perde a cor t\u00e3o cedo em algumas pessoas? A ci\u00eancia tem uma explica\u00e7\u00e3o","isPartOf":{"@id":"https:\/\/crusoe.audiencelabs.com.br\/#website"},"primaryImageOfPage":{"@id":"https:\/\/crusoe.audiencelabs.com.br\/por-que-o-cabelo-perde-a-cor-tao-cedo-em-algumas-pessoas-a-ciencia-tem-uma-explicacao\/#primaryimage"},"image":{"@id":"https:\/\/crusoe.audiencelabs.com.br\/por-que-o-cabelo-perde-a-cor-tao-cedo-em-algumas-pessoas-a-ciencia-tem-uma-explicacao\/#primaryimage"},"thumbnailUrl":"https:\/\/cdn.crusoe.com.br\/uploads\/2026\/03\/istockphoto-2205107774-612x612-1.jpg","datePublished":"2026-04-04T14:03:33+00:00","author":{"@id":"https:\/\/crusoe.audiencelabs.com.br\/#\/schema\/person\/f87f73cfe89e5360de2c006bd4bd6a74"},"breadcrumb":{"@id":"https:\/\/crusoe.audiencelabs.com.br\/por-que-o-cabelo-perde-a-cor-tao-cedo-em-algumas-pessoas-a-ciencia-tem-uma-explicacao\/#breadcrumb"},"inLanguage":"pt-BR","potentialAction":[{"@type":"ReadAction","target":["https:\/\/crusoe.audiencelabs.com.br\/por-que-o-cabelo-perde-a-cor-tao-cedo-em-algumas-pessoas-a-ciencia-tem-uma-explicacao\/"]}]},{"@type":"ImageObject","inLanguage":"pt-BR","@id":"https:\/\/crusoe.audiencelabs.com.br\/por-que-o-cabelo-perde-a-cor-tao-cedo-em-algumas-pessoas-a-ciencia-tem-uma-explicacao\/#primaryimage","url":"https:\/\/cdn.crusoe.com.br\/uploads\/2026\/03\/istockphoto-2205107774-612x612-1.jpg","contentUrl":"https:\/\/cdn.crusoe.com.br\/uploads\/2026\/03\/istockphoto-2205107774-612x612-1.jpg","width":612,"height":408,"caption":"Reprodu\u00e7\u00e3o: Istock"},{"@type":"BreadcrumbList","@id":"https:\/\/crusoe.audiencelabs.com.br\/por-que-o-cabelo-perde-a-cor-tao-cedo-em-algumas-pessoas-a-ciencia-tem-uma-explicacao\/#breadcrumb","itemListElement":[{"@type":"ListItem","position":1,"name":"Home","item":"https:\/\/crusoe.audiencelabs.com.br\/"},{"@type":"ListItem","position":2,"name":"Por que o cabelo perde a cor t\u00e3o cedo em algumas pessoas? A ci\u00eancia tem uma explica\u00e7\u00e3o"}]},{"@type":"WebSite","@id":"https:\/\/crusoe.audiencelabs.com.br\/#website","url":"https:\/\/crusoe.audiencelabs.com.br\/","name":"Variedades - Cruso\u00e9","description":"","potentialAction":[{"@type":"SearchAction","target":{"@type":"EntryPoint","urlTemplate":"https:\/\/crusoe.audiencelabs.com.br\/?s={search_term_string}"},"query-input":{"@type":"PropertyValueSpecification","valueRequired":true,"valueName":"search_term_string"}}],"inLanguage":"pt-BR"},{"@type":"Person","@id":"https:\/\/crusoe.audiencelabs.com.br\/#\/schema\/person\/f87f73cfe89e5360de2c006bd4bd6a74","name":"Milena Armando","image":{"@type":"ImageObject","inLanguage":"pt-BR","@id":"https:\/\/crusoe.audiencelabs.com.br\/#\/schema\/person\/image\/","url":"https:\/\/secure.gravatar.com\/avatar\/ea14ecddc9e9d202b698b18f9f69e09c9fd74cfbed5c6008d55f11faefdbdab7?s=96&d=mm&r=g","contentUrl":"https:\/\/secure.gravatar.com\/avatar\/ea14ecddc9e9d202b698b18f9f69e09c9fd74cfbed5c6008d55f11faefdbdab7?s=96&d=mm&r=g","caption":"Milena Armando"},"description":"Jornalista, redatora e revisora.","url":"https:\/\/crusoe.audiencelabs.com.br\/author\/milena\/"}]}},"_links":{"self":[{"href":"https:\/\/crusoe.audiencelabs.com.br\/wp-json\/wp\/v2\/posts\/35745","targetHints":{"allow":["GET"]}}],"collection":[{"href":"https:\/\/crusoe.audiencelabs.com.br\/wp-json\/wp\/v2\/posts"}],"about":[{"href":"https:\/\/crusoe.audiencelabs.com.br\/wp-json\/wp\/v2\/types\/post"}],"author":[{"embeddable":true,"href":"https:\/\/crusoe.audiencelabs.com.br\/wp-json\/wp\/v2\/users\/5"}],"replies":[{"embeddable":true,"href":"https:\/\/crusoe.audiencelabs.com.br\/wp-json\/wp\/v2\/comments?post=35745"}],"version-history":[{"count":1,"href":"https:\/\/crusoe.audiencelabs.com.br\/wp-json\/wp\/v2\/posts\/35745\/revisions"}],"predecessor-version":[{"id":35747,"href":"https:\/\/crusoe.audiencelabs.com.br\/wp-json\/wp\/v2\/posts\/35745\/revisions\/35747"}],"wp:featuredmedia":[{"embeddable":true,"href":"https:\/\/crusoe.audiencelabs.com.br\/wp-json\/wp\/v2\/media\/35746"}],"wp:attachment":[{"href":"https:\/\/crusoe.audiencelabs.com.br\/wp-json\/wp\/v2\/media?parent=35745"}],"wp:term":[{"taxonomy":"category","embeddable":true,"href":"https:\/\/crusoe.audiencelabs.com.br\/wp-json\/wp\/v2\/categories?post=35745"},{"taxonomy":"post_tag","embeddable":true,"href":"https:\/\/crusoe.audiencelabs.com.br\/wp-json\/wp\/v2\/tags?post=35745"}],"curies":[{"name":"wp","href":"https:\/\/api.w.org\/{rel}","templated":true}]}}