{"id":35722,"date":"2026-04-04T08:34:26","date_gmt":"2026-04-04T11:34:26","guid":{"rendered":"https:\/\/crusoe.audiencelabs.com.br\/?p=35722"},"modified":"2026-03-30T08:58:38","modified_gmt":"2026-03-30T11:58:38","slug":"e-so-idade-veja-o-que-realmente-faz-o-cabelo-ficar-branco-segundo-a-ciencia","status":"publish","type":"post","link":"https:\/\/crusoe.audiencelabs.com.br\/e-so-idade-veja-o-que-realmente-faz-o-cabelo-ficar-branco-segundo-a-ciencia\/","title":{"rendered":"\u00c9 s\u00f3 idade? Veja o que realmente faz o cabelo ficar branco, segundo a ci\u00eancia"},"content":{"rendered":"<p data-start=\"77\" data-end=\"385\">Os <strong>cabelos brancos<\/strong> fazem parte do envelhecimento natural, mas seu <strong>surgimento n\u00e3o depende apenas da idade<\/strong>.<\/p>\n<p data-start=\"77\" data-end=\"385\"><strong>Fatores gen\u00e9ticos, ambientais e altera\u00e7\u00f5es no funcionamento das c\u00e9lulas<\/strong> tamb\u00e9m influenciam a perda de pigmenta\u00e7\u00e3o dos fios.<\/p>\n<p data-start=\"77\" data-end=\"385\">Entender essas causas ajuda a adotar h\u00e1bitos que podem retardar esse processo.<\/p>\n<h2 data-section-id=\"1im8ttp\" data-start=\"387\" data-end=\"427\">Principais causas do embranquecimento dos cabelos<\/h2>\n<p data-start=\"429\" data-end=\"756\">Com o passar do tempo, h\u00e1 uma redu\u00e7\u00e3o na atividade dos <strong>melan\u00f3citos,<\/strong>\u00a0c\u00e9lulas respons\u00e1veis pela produ\u00e7\u00e3o de melanina, o pigmento que d\u00e1 cor ao cabelo. \u00c0 medida que essa produ\u00e7\u00e3o diminui, os fios passam a crescer grisalhos ou completamente brancos.<\/p>\n<p data-start=\"758\" data-end=\"1052\">Outro elemento importante \u00e9 o<strong> <span class=\"hover:entity-accent entity-underline inline cursor-pointer align-baseline\"><span class=\"whitespace-normal\">estresse oxidativo<\/span><\/span><\/strong>. O ac\u00famulo de radicais livres no organismo pode acelerar o desgaste celular, incluindo a morte dos melan\u00f3citos. Fatores como <strong>polui\u00e7\u00e3o e exposi\u00e7\u00e3o excessiva ao sol<\/strong>\u00a0contribuem para esse processo.<\/p>\n<p data-start=\"1054\" data-end=\"1301\">A <strong>gen\u00e9tica<\/strong> tamb\u00e9m tem papel determinante. Pesquisas indicam que o<strong> gene <span class=\"hover:entity-accent entity-underline inline cursor-pointer align-baseline\"><span class=\"whitespace-normal\">IRF4<\/span><\/span> <\/strong>est\u00e1 associado ao momento em que os fios come\u00e7am a perder cor, explicando por que algumas pessoas ficam grisalhas mais cedo do que outras.<\/p>\n<h2 data-section-id=\"1kkok1x\" data-start=\"1303\" data-end=\"1338\">H\u00e1 como retardar o aparecimento de cabelos brancos?<\/h2>\n<p data-start=\"1340\" data-end=\"1490\">Embora n\u00e3o seja poss\u00edvel impedir o envelhecimento dos fios, algumas medidas podem ajudar a desacelerar o surgimento dos cabelos brancos:<\/p>\n<ul data-start=\"1492\" data-end=\"1777\">\n<li data-section-id=\"p7wqor\" data-start=\"1492\" data-end=\"1569\">Proteger o cabelo da exposi\u00e7\u00e3o solar intensa, utilizando chap\u00e9us ou bon\u00e9s;<\/li>\n<li data-section-id=\"8team\" data-start=\"1639\" data-end=\"1727\">Reduzir n\u00edveis de estresse com atividades como exerc\u00edcios f\u00edsicos, medita\u00e7\u00e3o ou ioga;<\/li>\n<li data-section-id=\"9ak8vz\" data-start=\"1728\" data-end=\"1777\">Evitar h\u00e1bitos prejudiciais, como o tabagismo.<\/li>\n<\/ul>\n<h2 data-section-id=\"tx00yv\" data-start=\"1779\" data-end=\"1810\">A import\u00e2ncia da alimenta\u00e7\u00e3o<\/h2>\n<p data-start=\"1812\" data-end=\"2135\">A <strong>sa\u00fade capilar est\u00e1 ligada \u00e0 nutri\u00e7\u00e3o<\/strong>. Defici\u00eancias de nutrientes como vitamina B12, ferro, cobre e zinco podem afetar o funcionamento dos melan\u00f3citos e contribuir para o embranquecimento precoce.<\/p>\n<p data-start=\"1812\" data-end=\"2135\">Uma dieta equilibrada ajuda a manter n\u00e3o apenas a cor dos fios por mais tempo, mas tamb\u00e9m sua for\u00e7a e vitalidade.<\/p>\n<h2 data-section-id=\"z854a0\" data-start=\"2434\" data-end=\"2456\">Um processo natural<\/h2>\n<p data-start=\"2165\" data-end=\"2432\">A ci\u00eancia segue investigando formas de preservar a atividade dos melan\u00f3citos e retardar a perda de pigmenta\u00e7\u00e3o.<\/p>\n<p data-start=\"2165\" data-end=\"2432\">Embora ainda n\u00e3o existam solu\u00e7\u00f5es definitivas, os avan\u00e7os nessa \u00e1rea podem, no futuro, trazer novas alternativas para lidar com o embranquecimento capilar.<\/p>\n<p data-start=\"2458\" data-end=\"2775\" data-is-last-node=\"\" data-is-only-node=\"\">Em resumo, os cabelos brancos resultam de uma combina\u00e7\u00e3o de fatores inevit\u00e1veis, como envelhecimento e gen\u00e9tica, com influ\u00eancias externas e h\u00e1bitos.<\/p>\n<p data-start=\"2458\" data-end=\"2775\" data-is-last-node=\"\" data-is-only-node=\"\">Ainda que n\u00e3o seja poss\u00edvel evitar esse processo, cuidados com a sa\u00fade e o estilo de vida podem contribuir para que ele ocorra de forma mais gradual.<\/p>\n","protected":false},"excerpt":{"rendered":"<p>Os cabelos brancos fazem parte do envelhecimento natural, mas seu surgimento n\u00e3o depende apenas da idade. Fatores gen\u00e9ticos, ambientais e altera\u00e7\u00f5es no funcionamento das c\u00e9lulas tamb\u00e9m influenciam a perda de pigmenta\u00e7\u00e3o dos fios. Entender essas causas ajuda a adotar h\u00e1bitos que podem retardar esse processo. Principais causas do embranquecimento dos cabelos Com o passar do [&hellip;]<\/p>\n","protected":false},"author":5,"featured_media":35723,"comment_status":"open","ping_status":"open","sticky":false,"template":"","format":"standard","meta":{"jnews-multi-image_gallery":[],"jnews_single_post":{"subtitle":"","format":"standard","jnews_video_option_group":[[]],"override":[{"template":"2","parallax":"1","fullscreen":"1","layout":"right-sidebar","sidebar":"default-sidebar","second_sidebar":"default-sidebar","sticky_sidebar":"1","share_position":"hide","share_float_style":"share-monocrhome","show_featured":"1","show_post_meta":"1","show_post_author":"1","show_post_date":"1","post_date_format":"default","post_date_format_custom":"Y\/m\/d","show_post_category":"1","show_post_reading_time":"0","post_reading_time_wpm":"300","post_calculate_word_method":"str_word_count","show_zoom_button":"0","zoom_button_out_step":"2","zoom_button_in_step":"3","show_post_tag":"1","show_popup_post":"1","number_popup_post":"1","show_author_box":"1","show_post_related":"0"}],"image_override":[{"single_post_thumbnail_size":"crop-500","single_post_gallery_size":"crop-500"}],"trending_post_position":"meta","trending_post_label":"Trending","sponsored_post_label":"Sponsored by","disable_ad":"0"},"jnews_primary_category":[],"jnews_override_counter":{"view_counter_number":"0","share_counter_number":"0","like_counter_number":"0","dislike_counter_number":"0"},"jnews_post_split":{"post_split":[{"template":"1","tag":"h2","numbering":"asc","mode":"normal","first":"0","enable_toc":"0","toc_type":"normal"}]},"footnotes":""},"categories":[1],"tags":[2035,6772,234],"class_list":["post-35722","post","type-post","status-publish","format-standard","has-post-thumbnail","hentry","category-geral","tag-cabelos-brancos","tag-causas","tag-saude"],"yoast_head":"<!-- This site is optimized with the Yoast SEO plugin v25.0 - https:\/\/yoast.com\/wordpress\/plugins\/seo\/ -->\n<title>\u00c9 s\u00f3 idade? Veja o que realmente faz o cabelo ficar branco, segundo a ci\u00eancia<\/title>\n<meta name=\"robots\" content=\"index, follow, max-snippet:-1, max-image-preview:large, max-video-preview:-1\" \/>\n<link rel=\"canonical\" href=\"https:\/\/crusoe.audiencelabs.com.br\/e-so-idade-veja-o-que-realmente-faz-o-cabelo-ficar-branco-segundo-a-ciencia\/\" \/>\n<meta property=\"og:locale\" content=\"pt_BR\" \/>\n<meta property=\"og:type\" content=\"article\" \/>\n<meta property=\"og:title\" content=\"\u00c9 s\u00f3 idade? Veja o que realmente faz o cabelo ficar branco, segundo a ci\u00eancia\" \/>\n<meta property=\"og:description\" content=\"Os cabelos brancos fazem parte do envelhecimento natural, mas seu surgimento n\u00e3o depende apenas da idade. Fatores gen\u00e9ticos, ambientais e altera\u00e7\u00f5es no funcionamento das c\u00e9lulas tamb\u00e9m influenciam a perda de pigmenta\u00e7\u00e3o dos fios. Entender essas causas ajuda a adotar h\u00e1bitos que podem retardar esse processo. Principais causas do embranquecimento dos cabelos Com o passar do [&hellip;]\" \/>\n<meta property=\"og:url\" content=\"https:\/\/crusoe.audiencelabs.com.br\/e-so-idade-veja-o-que-realmente-faz-o-cabelo-ficar-branco-segundo-a-ciencia\/\" \/>\n<meta property=\"og:site_name\" content=\"Variedades - Cruso\u00e9\" \/>\n<meta property=\"article:published_time\" content=\"2026-04-04T11:34:26+00:00\" \/>\n<meta property=\"og:image\" content=\"https:\/\/cdn.crusoe.com.br\/uploads\/2026\/03\/istockphoto-1306642338-612x612-1.jpg\" \/>\n\t<meta property=\"og:image:width\" content=\"612\" \/>\n\t<meta property=\"og:image:height\" content=\"408\" \/>\n\t<meta property=\"og:image:type\" content=\"image\/jpeg\" \/>\n<meta name=\"author\" content=\"Milena Armando\" \/>\n<meta name=\"twitter:card\" content=\"summary_large_image\" \/>\n<meta name=\"twitter:label1\" content=\"Escrito por\" \/>\n\t<meta name=\"twitter:data1\" content=\"Milena Armando\" \/>\n\t<meta name=\"twitter:label2\" content=\"Est. tempo de leitura\" \/>\n\t<meta name=\"twitter:data2\" content=\"3 minutos\" \/>\n<script type=\"application\/ld+json\" class=\"yoast-schema-graph\">{\"@context\":\"https:\/\/schema.org\",\"@graph\":[{\"@type\":\"WebPage\",\"@id\":\"https:\/\/crusoe.audiencelabs.com.br\/e-so-idade-veja-o-que-realmente-faz-o-cabelo-ficar-branco-segundo-a-ciencia\/\",\"url\":\"https:\/\/crusoe.audiencelabs.com.br\/e-so-idade-veja-o-que-realmente-faz-o-cabelo-ficar-branco-segundo-a-ciencia\/\",\"name\":\"\u00c9 s\u00f3 idade? Veja o que realmente faz o cabelo ficar branco, segundo a ci\u00eancia\",\"isPartOf\":{\"@id\":\"https:\/\/crusoe.audiencelabs.com.br\/#website\"},\"primaryImageOfPage\":{\"@id\":\"https:\/\/crusoe.audiencelabs.com.br\/e-so-idade-veja-o-que-realmente-faz-o-cabelo-ficar-branco-segundo-a-ciencia\/#primaryimage\"},\"image\":{\"@id\":\"https:\/\/crusoe.audiencelabs.com.br\/e-so-idade-veja-o-que-realmente-faz-o-cabelo-ficar-branco-segundo-a-ciencia\/#primaryimage\"},\"thumbnailUrl\":\"https:\/\/cdn.crusoe.com.br\/uploads\/2026\/03\/istockphoto-1306642338-612x612-1.jpg\",\"datePublished\":\"2026-04-04T11:34:26+00:00\",\"author\":{\"@id\":\"https:\/\/crusoe.audiencelabs.com.br\/#\/schema\/person\/f87f73cfe89e5360de2c006bd4bd6a74\"},\"breadcrumb\":{\"@id\":\"https:\/\/crusoe.audiencelabs.com.br\/e-so-idade-veja-o-que-realmente-faz-o-cabelo-ficar-branco-segundo-a-ciencia\/#breadcrumb\"},\"inLanguage\":\"pt-BR\",\"potentialAction\":[{\"@type\":\"ReadAction\",\"target\":[\"https:\/\/crusoe.audiencelabs.com.br\/e-so-idade-veja-o-que-realmente-faz-o-cabelo-ficar-branco-segundo-a-ciencia\/\"]}]},{\"@type\":\"ImageObject\",\"inLanguage\":\"pt-BR\",\"@id\":\"https:\/\/crusoe.audiencelabs.com.br\/e-so-idade-veja-o-que-realmente-faz-o-cabelo-ficar-branco-segundo-a-ciencia\/#primaryimage\",\"url\":\"https:\/\/cdn.crusoe.com.br\/uploads\/2026\/03\/istockphoto-1306642338-612x612-1.jpg\",\"contentUrl\":\"https:\/\/cdn.crusoe.com.br\/uploads\/2026\/03\/istockphoto-1306642338-612x612-1.jpg\",\"width\":612,\"height\":408,\"caption\":\"Reprodu\u00e7\u00e3o: Istock\"},{\"@type\":\"BreadcrumbList\",\"@id\":\"https:\/\/crusoe.audiencelabs.com.br\/e-so-idade-veja-o-que-realmente-faz-o-cabelo-ficar-branco-segundo-a-ciencia\/#breadcrumb\",\"itemListElement\":[{\"@type\":\"ListItem\",\"position\":1,\"name\":\"Home\",\"item\":\"https:\/\/crusoe.audiencelabs.com.br\/\"},{\"@type\":\"ListItem\",\"position\":2,\"name\":\"\u00c9 s\u00f3 idade? Veja o que realmente faz o cabelo ficar branco, segundo a ci\u00eancia\"}]},{\"@type\":\"WebSite\",\"@id\":\"https:\/\/crusoe.audiencelabs.com.br\/#website\",\"url\":\"https:\/\/crusoe.audiencelabs.com.br\/\",\"name\":\"Variedades - Cruso\u00e9\",\"description\":\"\",\"potentialAction\":[{\"@type\":\"SearchAction\",\"target\":{\"@type\":\"EntryPoint\",\"urlTemplate\":\"https:\/\/crusoe.audiencelabs.com.br\/?s={search_term_string}\"},\"query-input\":{\"@type\":\"PropertyValueSpecification\",\"valueRequired\":true,\"valueName\":\"search_term_string\"}}],\"inLanguage\":\"pt-BR\"},{\"@type\":\"Person\",\"@id\":\"https:\/\/crusoe.audiencelabs.com.br\/#\/schema\/person\/f87f73cfe89e5360de2c006bd4bd6a74\",\"name\":\"Milena Armando\",\"image\":{\"@type\":\"ImageObject\",\"inLanguage\":\"pt-BR\",\"@id\":\"https:\/\/crusoe.audiencelabs.com.br\/#\/schema\/person\/image\/\",\"url\":\"https:\/\/secure.gravatar.com\/avatar\/ea14ecddc9e9d202b698b18f9f69e09c9fd74cfbed5c6008d55f11faefdbdab7?s=96&d=mm&r=g\",\"contentUrl\":\"https:\/\/secure.gravatar.com\/avatar\/ea14ecddc9e9d202b698b18f9f69e09c9fd74cfbed5c6008d55f11faefdbdab7?s=96&d=mm&r=g\",\"caption\":\"Milena Armando\"},\"description\":\"Jornalista, redatora e revisora.\",\"url\":\"https:\/\/crusoe.audiencelabs.com.br\/author\/milena\/\"}]}<\/script>\n<!-- \/ Yoast SEO plugin. -->","yoast_head_json":{"title":"\u00c9 s\u00f3 idade? Veja o que realmente faz o cabelo ficar branco, segundo a ci\u00eancia","robots":{"index":"index","follow":"follow","max-snippet":"max-snippet:-1","max-image-preview":"max-image-preview:large","max-video-preview":"max-video-preview:-1"},"canonical":"https:\/\/crusoe.audiencelabs.com.br\/e-so-idade-veja-o-que-realmente-faz-o-cabelo-ficar-branco-segundo-a-ciencia\/","og_locale":"pt_BR","og_type":"article","og_title":"\u00c9 s\u00f3 idade? Veja o que realmente faz o cabelo ficar branco, segundo a ci\u00eancia","og_description":"Os cabelos brancos fazem parte do envelhecimento natural, mas seu surgimento n\u00e3o depende apenas da idade. Fatores gen\u00e9ticos, ambientais e altera\u00e7\u00f5es no funcionamento das c\u00e9lulas tamb\u00e9m influenciam a perda de pigmenta\u00e7\u00e3o dos fios. Entender essas causas ajuda a adotar h\u00e1bitos que podem retardar esse processo. Principais causas do embranquecimento dos cabelos Com o passar do [&hellip;]","og_url":"https:\/\/crusoe.audiencelabs.com.br\/e-so-idade-veja-o-que-realmente-faz-o-cabelo-ficar-branco-segundo-a-ciencia\/","og_site_name":"Variedades - Cruso\u00e9","article_published_time":"2026-04-04T11:34:26+00:00","og_image":[{"width":612,"height":408,"url":"https:\/\/cdn.crusoe.com.br\/uploads\/2026\/03\/istockphoto-1306642338-612x612-1.jpg","type":"image\/jpeg"}],"author":"Milena Armando","twitter_card":"summary_large_image","twitter_misc":{"Escrito por":"Milena Armando","Est. tempo de leitura":"3 minutos"},"schema":{"@context":"https:\/\/schema.org","@graph":[{"@type":"WebPage","@id":"https:\/\/crusoe.audiencelabs.com.br\/e-so-idade-veja-o-que-realmente-faz-o-cabelo-ficar-branco-segundo-a-ciencia\/","url":"https:\/\/crusoe.audiencelabs.com.br\/e-so-idade-veja-o-que-realmente-faz-o-cabelo-ficar-branco-segundo-a-ciencia\/","name":"\u00c9 s\u00f3 idade? Veja o que realmente faz o cabelo ficar branco, segundo a ci\u00eancia","isPartOf":{"@id":"https:\/\/crusoe.audiencelabs.com.br\/#website"},"primaryImageOfPage":{"@id":"https:\/\/crusoe.audiencelabs.com.br\/e-so-idade-veja-o-que-realmente-faz-o-cabelo-ficar-branco-segundo-a-ciencia\/#primaryimage"},"image":{"@id":"https:\/\/crusoe.audiencelabs.com.br\/e-so-idade-veja-o-que-realmente-faz-o-cabelo-ficar-branco-segundo-a-ciencia\/#primaryimage"},"thumbnailUrl":"https:\/\/cdn.crusoe.com.br\/uploads\/2026\/03\/istockphoto-1306642338-612x612-1.jpg","datePublished":"2026-04-04T11:34:26+00:00","author":{"@id":"https:\/\/crusoe.audiencelabs.com.br\/#\/schema\/person\/f87f73cfe89e5360de2c006bd4bd6a74"},"breadcrumb":{"@id":"https:\/\/crusoe.audiencelabs.com.br\/e-so-idade-veja-o-que-realmente-faz-o-cabelo-ficar-branco-segundo-a-ciencia\/#breadcrumb"},"inLanguage":"pt-BR","potentialAction":[{"@type":"ReadAction","target":["https:\/\/crusoe.audiencelabs.com.br\/e-so-idade-veja-o-que-realmente-faz-o-cabelo-ficar-branco-segundo-a-ciencia\/"]}]},{"@type":"ImageObject","inLanguage":"pt-BR","@id":"https:\/\/crusoe.audiencelabs.com.br\/e-so-idade-veja-o-que-realmente-faz-o-cabelo-ficar-branco-segundo-a-ciencia\/#primaryimage","url":"https:\/\/cdn.crusoe.com.br\/uploads\/2026\/03\/istockphoto-1306642338-612x612-1.jpg","contentUrl":"https:\/\/cdn.crusoe.com.br\/uploads\/2026\/03\/istockphoto-1306642338-612x612-1.jpg","width":612,"height":408,"caption":"Reprodu\u00e7\u00e3o: Istock"},{"@type":"BreadcrumbList","@id":"https:\/\/crusoe.audiencelabs.com.br\/e-so-idade-veja-o-que-realmente-faz-o-cabelo-ficar-branco-segundo-a-ciencia\/#breadcrumb","itemListElement":[{"@type":"ListItem","position":1,"name":"Home","item":"https:\/\/crusoe.audiencelabs.com.br\/"},{"@type":"ListItem","position":2,"name":"\u00c9 s\u00f3 idade? Veja o que realmente faz o cabelo ficar branco, segundo a ci\u00eancia"}]},{"@type":"WebSite","@id":"https:\/\/crusoe.audiencelabs.com.br\/#website","url":"https:\/\/crusoe.audiencelabs.com.br\/","name":"Variedades - Cruso\u00e9","description":"","potentialAction":[{"@type":"SearchAction","target":{"@type":"EntryPoint","urlTemplate":"https:\/\/crusoe.audiencelabs.com.br\/?s={search_term_string}"},"query-input":{"@type":"PropertyValueSpecification","valueRequired":true,"valueName":"search_term_string"}}],"inLanguage":"pt-BR"},{"@type":"Person","@id":"https:\/\/crusoe.audiencelabs.com.br\/#\/schema\/person\/f87f73cfe89e5360de2c006bd4bd6a74","name":"Milena Armando","image":{"@type":"ImageObject","inLanguage":"pt-BR","@id":"https:\/\/crusoe.audiencelabs.com.br\/#\/schema\/person\/image\/","url":"https:\/\/secure.gravatar.com\/avatar\/ea14ecddc9e9d202b698b18f9f69e09c9fd74cfbed5c6008d55f11faefdbdab7?s=96&d=mm&r=g","contentUrl":"https:\/\/secure.gravatar.com\/avatar\/ea14ecddc9e9d202b698b18f9f69e09c9fd74cfbed5c6008d55f11faefdbdab7?s=96&d=mm&r=g","caption":"Milena Armando"},"description":"Jornalista, redatora e revisora.","url":"https:\/\/crusoe.audiencelabs.com.br\/author\/milena\/"}]}},"_links":{"self":[{"href":"https:\/\/crusoe.audiencelabs.com.br\/wp-json\/wp\/v2\/posts\/35722","targetHints":{"allow":["GET"]}}],"collection":[{"href":"https:\/\/crusoe.audiencelabs.com.br\/wp-json\/wp\/v2\/posts"}],"about":[{"href":"https:\/\/crusoe.audiencelabs.com.br\/wp-json\/wp\/v2\/types\/post"}],"author":[{"embeddable":true,"href":"https:\/\/crusoe.audiencelabs.com.br\/wp-json\/wp\/v2\/users\/5"}],"replies":[{"embeddable":true,"href":"https:\/\/crusoe.audiencelabs.com.br\/wp-json\/wp\/v2\/comments?post=35722"}],"version-history":[{"count":3,"href":"https:\/\/crusoe.audiencelabs.com.br\/wp-json\/wp\/v2\/posts\/35722\/revisions"}],"predecessor-version":[{"id":35726,"href":"https:\/\/crusoe.audiencelabs.com.br\/wp-json\/wp\/v2\/posts\/35722\/revisions\/35726"}],"wp:featuredmedia":[{"embeddable":true,"href":"https:\/\/crusoe.audiencelabs.com.br\/wp-json\/wp\/v2\/media\/35723"}],"wp:attachment":[{"href":"https:\/\/crusoe.audiencelabs.com.br\/wp-json\/wp\/v2\/media?parent=35722"}],"wp:term":[{"taxonomy":"category","embeddable":true,"href":"https:\/\/crusoe.audiencelabs.com.br\/wp-json\/wp\/v2\/categories?post=35722"},{"taxonomy":"post_tag","embeddable":true,"href":"https:\/\/crusoe.audiencelabs.com.br\/wp-json\/wp\/v2\/tags?post=35722"}],"curies":[{"name":"wp","href":"https:\/\/api.w.org\/{rel}","templated":true}]}}