{"id":35704,"date":"2026-04-04T07:01:57","date_gmt":"2026-04-04T10:01:57","guid":{"rendered":"https:\/\/crusoe.audiencelabs.com.br\/?p=35704"},"modified":"2026-03-30T08:34:53","modified_gmt":"2026-03-30T11:34:53","slug":"se-os-humanos-sumissem-de-repente-quanto-tempo-a-terra-levaria-para-mudar-completamente","status":"publish","type":"post","link":"https:\/\/crusoe.audiencelabs.com.br\/se-os-humanos-sumissem-de-repente-quanto-tempo-a-terra-levaria-para-mudar-completamente\/","title":{"rendered":"Se os humanos sumissem de repente, quanto tempo a Terra levaria para mudar completamente?"},"content":{"rendered":"<div class=\"flex flex-col text-sm pb-25\">\n<section class=\"text-token-text-primary w-full focus:outline-none [--shadow-height:45px] has-data-writing-block:pointer-events-none has-data-writing-block:-mt-(--shadow-height) has-data-writing-block:pt-(--shadow-height) [&amp;:has([data-writing-block])&gt;*]:pointer-events-auto scroll-mt-[calc(var(--header-height)+min(200px,max(70px,20svh)))]\" dir=\"auto\" data-turn-id=\"request-WEB:de6b8d72-ae43-44d3-8dd7-cd50bafe6fe6-12\" data-testid=\"conversation-turn-26\" data-scroll-anchor=\"true\" data-turn=\"assistant\">\n<div class=\"text-base my-auto mx-auto pb-10 [--thread-content-margin:var(--thread-content-margin-xs,calc(var(--spacing)*4))] @w-sm\/main:[--thread-content-margin:var(--thread-content-margin-sm,calc(var(--spacing)*6))] @w-lg\/main:[--thread-content-margin:var(--thread-content-margin-lg,calc(var(--spacing)*16))] px-(--thread-content-margin)\">\n<div class=\"[--thread-content-max-width:40rem] @w-lg\/main:[--thread-content-max-width:48rem] mx-auto max-w-(--thread-content-max-width) flex-1 group\/turn-messages focus-visible:outline-hidden relative flex w-full min-w-0 flex-col agent-turn\">\n<div class=\"flex max-w-full flex-col gap-4 grow\">\n<div class=\"min-h-8 text-message relative flex w-full flex-col items-end gap-2 text-start break-words whitespace-normal outline-none keyboard-focused:focus-ring [.text-message+&amp;]:mt-1\" dir=\"auto\" data-message-author-role=\"assistant\" data-message-id=\"1d65b7c7-957a-4e2c-a19b-833474f7c408\" data-message-model-slug=\"gpt-5-3\" data-turn-start-message=\"true\">\n<div class=\"flex w-full flex-col gap-1 empty:hidden\">\n<div class=\"markdown prose dark:prose-invert w-full wrap-break-word dark markdown-new-styling\">\n<p data-start=\"0\" data-end=\"482\">A ideia de um<strong> mundo sem a presen\u00e7a humana<\/strong> costuma despertar curiosidade e reflex\u00e3o. Imaginar como a Terra evoluiria nesse cen\u00e1rio ajuda a compreender o impacto das atividades humanas e a capacidade de regenera\u00e7\u00e3o dos ecossistemas.<\/p>\n<p data-start=\"0\" data-end=\"482\">Estudos indicam que, sem interfer\u00eancia direta, muitos <strong>ambientes tenderiam a se reequilibrar ao longo do tempo<\/strong>, embora vest\u00edgios da a\u00e7\u00e3o humana, como poluentes e res\u00edduos de longa dura\u00e7\u00e3o, continuassem presentes por d\u00e9cadas ou s\u00e9culos.<\/p>\n<p data-start=\"484\" data-end=\"884\">O per\u00edodo conhecido como <strong><span class=\"hover:entity-accent entity-underline inline cursor-pointer align-baseline\"><span class=\"whitespace-normal\">Antropoceno<\/span><\/span><\/strong> \u00e9 caracterizado por transforma\u00e7\u00f5es significativas no planeta, como o aquecimento global e a degrada\u00e7\u00e3o de habitats naturais.<\/p>\n<p data-start=\"484\" data-end=\"884\">Na aus\u00eancia humana, essas press\u00f5es seriam reduzidas, permitindo uma recupera\u00e7\u00e3o gradual dos ecossistemas. Ainda assim, impactos acumulados, como a extin\u00e7\u00e3o de esp\u00e9cies, poderiam limitar ou retardar esse processo.<\/p>\n<p data-start=\"886\" data-end=\"1154\">Um exemplo frequentemente citado \u00e9 a regi\u00e3o de <strong><span class=\"hover:entity-accent entity-underline inline cursor-pointer align-baseline\"><span class=\"whitespace-normal\">Chernobyl<\/span><\/span><\/strong>, onde, apesar da contamina\u00e7\u00e3o radioativa, a fauna e a flora voltaram a ocupar o espa\u00e7o ao longo das d\u00e9cadas.<\/p>\n<h2 data-section-id=\"ppft1p\" data-start=\"1156\" data-end=\"1208\">Recupera\u00e7\u00e3o natural e transforma\u00e7\u00e3o dos ambientes<\/h2>\n<p data-start=\"1210\" data-end=\"1666\">Sem a presen\u00e7a humana, \u00e1reas urbanas passariam por um processo gradual de transforma\u00e7\u00e3o. Edif\u00edcios e estruturas deixariam de ser mantidos e, com o tempo, seriam tomados pela vegeta\u00e7\u00e3o.<\/p>\n<p data-start=\"1210\" data-end=\"1666\">Em regi\u00f5es de clima \u00famido, como florestas tropicais, esse processo poderia ocorrer de forma relativamente r\u00e1pida, com plantas cobrindo superf\u00edcies em poucos anos. J\u00e1 em ambientes mais secos, como desertos, os vest\u00edgios da civiliza\u00e7\u00e3o tenderiam a persistir por mais tempo.<\/p>\n<p data-start=\"1668\" data-end=\"2062\">Mesmo ap\u00f3s longos per\u00edodos, alguns materiais produzidos pelo ser humano continuariam impactando o meio ambiente. Pl\u00e1sticos, por exemplo, possuem decomposi\u00e7\u00e3o lenta, enquanto certos res\u00edduos qu\u00edmicos e radioativos podem permanecer ativos por gera\u00e7\u00f5es.<\/p>\n<p data-start=\"1668\" data-end=\"2062\">Ainda assim, a capacidade de adapta\u00e7\u00e3o das esp\u00e9cies pode levar a mudan\u00e7as evolutivas, favorecendo o surgimento de novos equil\u00edbrios ecol\u00f3gicos.<\/p>\n<h2 data-section-id=\"kavohs\" data-start=\"2064\" data-end=\"2100\">Limites e desafios da regenera\u00e7\u00e3o<\/h2>\n<p data-start=\"2102\" data-end=\"2408\">A recupera\u00e7\u00e3o da natureza n\u00e3o seria uniforme nem imediata. Diferentes ecossistemas apresentam ritmos distintos de regenera\u00e7\u00e3o.<\/p>\n<p data-start=\"2410\" data-end=\"2685\">Al\u00e9m disso, a biodiversidade original nem sempre \u00e9 totalmente restaurada, principalmente em \u00e1reas onde houve perda significativa de esp\u00e9cies.<\/p>\n<p data-start=\"2410\" data-end=\"2685\">Isso indica que, embora a Terra conte com grande capacidade de regenera\u00e7\u00e3o, os efeitos da presen\u00e7a humana podem deixar marcas duradouras.<\/p>\n<h2 data-section-id=\"apusdu\" data-start=\"2687\" data-end=\"2721\">Reflex\u00e3o sobre o impacto humano<\/h2>\n<p data-start=\"2723\" data-end=\"3117\" data-is-last-node=\"\" data-is-only-node=\"\">Esse exerc\u00edcio de imagina\u00e7\u00e3o n\u00e3o aponta apenas para um planeta sem pessoas, mas tamb\u00e9m destaca a influ\u00eancia humana sobre os sistemas naturais. Ao mesmo tempo em que evidencia danos, refor\u00e7a a import\u00e2ncia de pr\u00e1ticas mais sustent\u00e1veis no presente.<\/p>\n<p data-start=\"2723\" data-end=\"3117\" data-is-last-node=\"\" data-is-only-node=\"\">A capacidade de recupera\u00e7\u00e3o da Terra existe, mas depende, em grande parte, das escolhas feitas enquanto a humanidade ainda faz parte desse cen\u00e1rio.<\/p>\n<\/div>\n<\/div>\n<\/div>\n<\/div>\n<\/div>\n<\/div>\n<\/section>\n<\/div>\n","protected":false},"excerpt":{"rendered":"<p>A ideia de um mundo sem a presen\u00e7a humana costuma despertar curiosidade e reflex\u00e3o. Imaginar como a Terra evoluiria nesse cen\u00e1rio ajuda a compreender o impacto das atividades humanas e a capacidade de regenera\u00e7\u00e3o dos ecossistemas. Estudos indicam que, sem interfer\u00eancia direta, muitos ambientes tenderiam a se reequilibrar ao longo do tempo, embora vest\u00edgios da [&hellip;]<\/p>\n","protected":false},"author":5,"featured_media":35709,"comment_status":"open","ping_status":"open","sticky":false,"template":"","format":"standard","meta":{"jnews-multi-image_gallery":[],"jnews_single_post":{"subtitle":""},"jnews_primary_category":[],"jnews_override_counter":[],"jnews_post_split":[],"footnotes":""},"categories":[1],"tags":[6767,724],"class_list":["post-35704","post","type-post","status-publish","format-standard","has-post-thumbnail","hentry","category-geral","tag-populacao","tag-terra"],"yoast_head":"<!-- This site is optimized with the Yoast SEO plugin v25.0 - https:\/\/yoast.com\/wordpress\/plugins\/seo\/ -->\n<title>Se os humanos sumissem de repente, quanto tempo a Terra levaria para mudar completamente?<\/title>\n<meta name=\"robots\" content=\"index, follow, max-snippet:-1, max-image-preview:large, max-video-preview:-1\" \/>\n<link rel=\"canonical\" href=\"https:\/\/crusoe.audiencelabs.com.br\/se-os-humanos-sumissem-de-repente-quanto-tempo-a-terra-levaria-para-mudar-completamente\/\" \/>\n<meta property=\"og:locale\" content=\"pt_BR\" \/>\n<meta property=\"og:type\" content=\"article\" \/>\n<meta property=\"og:title\" content=\"Se os humanos sumissem de repente, quanto tempo a Terra levaria para mudar completamente?\" \/>\n<meta property=\"og:description\" content=\"A ideia de um mundo sem a presen\u00e7a humana costuma despertar curiosidade e reflex\u00e3o. Imaginar como a Terra evoluiria nesse cen\u00e1rio ajuda a compreender o impacto das atividades humanas e a capacidade de regenera\u00e7\u00e3o dos ecossistemas. Estudos indicam que, sem interfer\u00eancia direta, muitos ambientes tenderiam a se reequilibrar ao longo do tempo, embora vest\u00edgios da [&hellip;]\" \/>\n<meta property=\"og:url\" content=\"https:\/\/crusoe.audiencelabs.com.br\/se-os-humanos-sumissem-de-repente-quanto-tempo-a-terra-levaria-para-mudar-completamente\/\" \/>\n<meta property=\"og:site_name\" content=\"Variedades - Cruso\u00e9\" \/>\n<meta property=\"article:published_time\" content=\"2026-04-04T10:01:57+00:00\" \/>\n<meta name=\"author\" content=\"Milena Armando\" \/>\n<meta name=\"twitter:card\" content=\"summary_large_image\" \/>\n<meta name=\"twitter:label1\" content=\"Escrito por\" \/>\n\t<meta name=\"twitter:data1\" content=\"Milena Armando\" \/>\n\t<meta name=\"twitter:label2\" content=\"Est. tempo de leitura\" \/>\n\t<meta name=\"twitter:data2\" content=\"3 minutos\" \/>\n<script type=\"application\/ld+json\" class=\"yoast-schema-graph\">{\"@context\":\"https:\/\/schema.org\",\"@graph\":[{\"@type\":\"WebPage\",\"@id\":\"https:\/\/crusoe.audiencelabs.com.br\/se-os-humanos-sumissem-de-repente-quanto-tempo-a-terra-levaria-para-mudar-completamente\/\",\"url\":\"https:\/\/crusoe.audiencelabs.com.br\/se-os-humanos-sumissem-de-repente-quanto-tempo-a-terra-levaria-para-mudar-completamente\/\",\"name\":\"Se os humanos sumissem de repente, quanto tempo a Terra levaria para mudar completamente?\",\"isPartOf\":{\"@id\":\"https:\/\/crusoe.audiencelabs.com.br\/#website\"},\"primaryImageOfPage\":{\"@id\":\"https:\/\/crusoe.audiencelabs.com.br\/se-os-humanos-sumissem-de-repente-quanto-tempo-a-terra-levaria-para-mudar-completamente\/#primaryimage\"},\"image\":{\"@id\":\"https:\/\/crusoe.audiencelabs.com.br\/se-os-humanos-sumissem-de-repente-quanto-tempo-a-terra-levaria-para-mudar-completamente\/#primaryimage\"},\"thumbnailUrl\":\"https:\/\/cdn.crusoe.com.br\/uploads\/2026\/03\/homem-que-monta-sua-bicicleta-na-rua_1153-608.avif\",\"datePublished\":\"2026-04-04T10:01:57+00:00\",\"author\":{\"@id\":\"https:\/\/crusoe.audiencelabs.com.br\/#\/schema\/person\/f87f73cfe89e5360de2c006bd4bd6a74\"},\"breadcrumb\":{\"@id\":\"https:\/\/crusoe.audiencelabs.com.br\/se-os-humanos-sumissem-de-repente-quanto-tempo-a-terra-levaria-para-mudar-completamente\/#breadcrumb\"},\"inLanguage\":\"pt-BR\",\"potentialAction\":[{\"@type\":\"ReadAction\",\"target\":[\"https:\/\/crusoe.audiencelabs.com.br\/se-os-humanos-sumissem-de-repente-quanto-tempo-a-terra-levaria-para-mudar-completamente\/\"]}]},{\"@type\":\"ImageObject\",\"inLanguage\":\"pt-BR\",\"@id\":\"https:\/\/crusoe.audiencelabs.com.br\/se-os-humanos-sumissem-de-repente-quanto-tempo-a-terra-levaria-para-mudar-completamente\/#primaryimage\",\"url\":\"https:\/\/cdn.crusoe.com.br\/uploads\/2026\/03\/homem-que-monta-sua-bicicleta-na-rua_1153-608.avif\",\"contentUrl\":\"https:\/\/cdn.crusoe.com.br\/uploads\/2026\/03\/homem-que-monta-sua-bicicleta-na-rua_1153-608.avif\",\"width\":740,\"height\":493,\"caption\":\"Reprodu\u00e7\u00e3o: Freepik\"},{\"@type\":\"BreadcrumbList\",\"@id\":\"https:\/\/crusoe.audiencelabs.com.br\/se-os-humanos-sumissem-de-repente-quanto-tempo-a-terra-levaria-para-mudar-completamente\/#breadcrumb\",\"itemListElement\":[{\"@type\":\"ListItem\",\"position\":1,\"name\":\"Home\",\"item\":\"https:\/\/crusoe.audiencelabs.com.br\/\"},{\"@type\":\"ListItem\",\"position\":2,\"name\":\"Se os humanos sumissem de repente, quanto tempo a Terra levaria para mudar completamente?\"}]},{\"@type\":\"WebSite\",\"@id\":\"https:\/\/crusoe.audiencelabs.com.br\/#website\",\"url\":\"https:\/\/crusoe.audiencelabs.com.br\/\",\"name\":\"Variedades - Cruso\u00e9\",\"description\":\"\",\"potentialAction\":[{\"@type\":\"SearchAction\",\"target\":{\"@type\":\"EntryPoint\",\"urlTemplate\":\"https:\/\/crusoe.audiencelabs.com.br\/?s={search_term_string}\"},\"query-input\":{\"@type\":\"PropertyValueSpecification\",\"valueRequired\":true,\"valueName\":\"search_term_string\"}}],\"inLanguage\":\"pt-BR\"},{\"@type\":\"Person\",\"@id\":\"https:\/\/crusoe.audiencelabs.com.br\/#\/schema\/person\/f87f73cfe89e5360de2c006bd4bd6a74\",\"name\":\"Milena Armando\",\"image\":{\"@type\":\"ImageObject\",\"inLanguage\":\"pt-BR\",\"@id\":\"https:\/\/crusoe.audiencelabs.com.br\/#\/schema\/person\/image\/\",\"url\":\"https:\/\/secure.gravatar.com\/avatar\/ea14ecddc9e9d202b698b18f9f69e09c9fd74cfbed5c6008d55f11faefdbdab7?s=96&d=mm&r=g\",\"contentUrl\":\"https:\/\/secure.gravatar.com\/avatar\/ea14ecddc9e9d202b698b18f9f69e09c9fd74cfbed5c6008d55f11faefdbdab7?s=96&d=mm&r=g\",\"caption\":\"Milena Armando\"},\"description\":\"Jornalista, redatora e revisora.\",\"url\":\"https:\/\/crusoe.audiencelabs.com.br\/author\/milena\/\"}]}<\/script>\n<!-- \/ Yoast SEO plugin. -->","yoast_head_json":{"title":"Se os humanos sumissem de repente, quanto tempo a Terra levaria para mudar completamente?","robots":{"index":"index","follow":"follow","max-snippet":"max-snippet:-1","max-image-preview":"max-image-preview:large","max-video-preview":"max-video-preview:-1"},"canonical":"https:\/\/crusoe.audiencelabs.com.br\/se-os-humanos-sumissem-de-repente-quanto-tempo-a-terra-levaria-para-mudar-completamente\/","og_locale":"pt_BR","og_type":"article","og_title":"Se os humanos sumissem de repente, quanto tempo a Terra levaria para mudar completamente?","og_description":"A ideia de um mundo sem a presen\u00e7a humana costuma despertar curiosidade e reflex\u00e3o. Imaginar como a Terra evoluiria nesse cen\u00e1rio ajuda a compreender o impacto das atividades humanas e a capacidade de regenera\u00e7\u00e3o dos ecossistemas. Estudos indicam que, sem interfer\u00eancia direta, muitos ambientes tenderiam a se reequilibrar ao longo do tempo, embora vest\u00edgios da [&hellip;]","og_url":"https:\/\/crusoe.audiencelabs.com.br\/se-os-humanos-sumissem-de-repente-quanto-tempo-a-terra-levaria-para-mudar-completamente\/","og_site_name":"Variedades - Cruso\u00e9","article_published_time":"2026-04-04T10:01:57+00:00","author":"Milena Armando","twitter_card":"summary_large_image","twitter_misc":{"Escrito por":"Milena Armando","Est. tempo de leitura":"3 minutos"},"schema":{"@context":"https:\/\/schema.org","@graph":[{"@type":"WebPage","@id":"https:\/\/crusoe.audiencelabs.com.br\/se-os-humanos-sumissem-de-repente-quanto-tempo-a-terra-levaria-para-mudar-completamente\/","url":"https:\/\/crusoe.audiencelabs.com.br\/se-os-humanos-sumissem-de-repente-quanto-tempo-a-terra-levaria-para-mudar-completamente\/","name":"Se os humanos sumissem de repente, quanto tempo a Terra levaria para mudar completamente?","isPartOf":{"@id":"https:\/\/crusoe.audiencelabs.com.br\/#website"},"primaryImageOfPage":{"@id":"https:\/\/crusoe.audiencelabs.com.br\/se-os-humanos-sumissem-de-repente-quanto-tempo-a-terra-levaria-para-mudar-completamente\/#primaryimage"},"image":{"@id":"https:\/\/crusoe.audiencelabs.com.br\/se-os-humanos-sumissem-de-repente-quanto-tempo-a-terra-levaria-para-mudar-completamente\/#primaryimage"},"thumbnailUrl":"https:\/\/cdn.crusoe.com.br\/uploads\/2026\/03\/homem-que-monta-sua-bicicleta-na-rua_1153-608.avif","datePublished":"2026-04-04T10:01:57+00:00","author":{"@id":"https:\/\/crusoe.audiencelabs.com.br\/#\/schema\/person\/f87f73cfe89e5360de2c006bd4bd6a74"},"breadcrumb":{"@id":"https:\/\/crusoe.audiencelabs.com.br\/se-os-humanos-sumissem-de-repente-quanto-tempo-a-terra-levaria-para-mudar-completamente\/#breadcrumb"},"inLanguage":"pt-BR","potentialAction":[{"@type":"ReadAction","target":["https:\/\/crusoe.audiencelabs.com.br\/se-os-humanos-sumissem-de-repente-quanto-tempo-a-terra-levaria-para-mudar-completamente\/"]}]},{"@type":"ImageObject","inLanguage":"pt-BR","@id":"https:\/\/crusoe.audiencelabs.com.br\/se-os-humanos-sumissem-de-repente-quanto-tempo-a-terra-levaria-para-mudar-completamente\/#primaryimage","url":"https:\/\/cdn.crusoe.com.br\/uploads\/2026\/03\/homem-que-monta-sua-bicicleta-na-rua_1153-608.avif","contentUrl":"https:\/\/cdn.crusoe.com.br\/uploads\/2026\/03\/homem-que-monta-sua-bicicleta-na-rua_1153-608.avif","width":740,"height":493,"caption":"Reprodu\u00e7\u00e3o: Freepik"},{"@type":"BreadcrumbList","@id":"https:\/\/crusoe.audiencelabs.com.br\/se-os-humanos-sumissem-de-repente-quanto-tempo-a-terra-levaria-para-mudar-completamente\/#breadcrumb","itemListElement":[{"@type":"ListItem","position":1,"name":"Home","item":"https:\/\/crusoe.audiencelabs.com.br\/"},{"@type":"ListItem","position":2,"name":"Se os humanos sumissem de repente, quanto tempo a Terra levaria para mudar completamente?"}]},{"@type":"WebSite","@id":"https:\/\/crusoe.audiencelabs.com.br\/#website","url":"https:\/\/crusoe.audiencelabs.com.br\/","name":"Variedades - Cruso\u00e9","description":"","potentialAction":[{"@type":"SearchAction","target":{"@type":"EntryPoint","urlTemplate":"https:\/\/crusoe.audiencelabs.com.br\/?s={search_term_string}"},"query-input":{"@type":"PropertyValueSpecification","valueRequired":true,"valueName":"search_term_string"}}],"inLanguage":"pt-BR"},{"@type":"Person","@id":"https:\/\/crusoe.audiencelabs.com.br\/#\/schema\/person\/f87f73cfe89e5360de2c006bd4bd6a74","name":"Milena Armando","image":{"@type":"ImageObject","inLanguage":"pt-BR","@id":"https:\/\/crusoe.audiencelabs.com.br\/#\/schema\/person\/image\/","url":"https:\/\/secure.gravatar.com\/avatar\/ea14ecddc9e9d202b698b18f9f69e09c9fd74cfbed5c6008d55f11faefdbdab7?s=96&d=mm&r=g","contentUrl":"https:\/\/secure.gravatar.com\/avatar\/ea14ecddc9e9d202b698b18f9f69e09c9fd74cfbed5c6008d55f11faefdbdab7?s=96&d=mm&r=g","caption":"Milena Armando"},"description":"Jornalista, redatora e revisora.","url":"https:\/\/crusoe.audiencelabs.com.br\/author\/milena\/"}]}},"_links":{"self":[{"href":"https:\/\/crusoe.audiencelabs.com.br\/wp-json\/wp\/v2\/posts\/35704","targetHints":{"allow":["GET"]}}],"collection":[{"href":"https:\/\/crusoe.audiencelabs.com.br\/wp-json\/wp\/v2\/posts"}],"about":[{"href":"https:\/\/crusoe.audiencelabs.com.br\/wp-json\/wp\/v2\/types\/post"}],"author":[{"embeddable":true,"href":"https:\/\/crusoe.audiencelabs.com.br\/wp-json\/wp\/v2\/users\/5"}],"replies":[{"embeddable":true,"href":"https:\/\/crusoe.audiencelabs.com.br\/wp-json\/wp\/v2\/comments?post=35704"}],"version-history":[{"count":1,"href":"https:\/\/crusoe.audiencelabs.com.br\/wp-json\/wp\/v2\/posts\/35704\/revisions"}],"predecessor-version":[{"id":35711,"href":"https:\/\/crusoe.audiencelabs.com.br\/wp-json\/wp\/v2\/posts\/35704\/revisions\/35711"}],"wp:featuredmedia":[{"embeddable":true,"href":"https:\/\/crusoe.audiencelabs.com.br\/wp-json\/wp\/v2\/media\/35709"}],"wp:attachment":[{"href":"https:\/\/crusoe.audiencelabs.com.br\/wp-json\/wp\/v2\/media?parent=35704"}],"wp:term":[{"taxonomy":"category","embeddable":true,"href":"https:\/\/crusoe.audiencelabs.com.br\/wp-json\/wp\/v2\/categories?post=35704"},{"taxonomy":"post_tag","embeddable":true,"href":"https:\/\/crusoe.audiencelabs.com.br\/wp-json\/wp\/v2\/tags?post=35704"}],"curies":[{"name":"wp","href":"https:\/\/api.w.org\/{rel}","templated":true}]}}