{"id":35700,"date":"2026-03-30T22:01:02","date_gmt":"2026-03-31T01:01:02","guid":{"rendered":"https:\/\/crusoe.audiencelabs.com.br\/?p=35700"},"modified":"2026-03-30T18:13:32","modified_gmt":"2026-03-30T21:13:32","slug":"apos-a-covid-novo-virus-preocupa-cientistas-ao-ser-detectado-em-todo-o-brasil","status":"publish","type":"post","link":"https:\/\/crusoe.audiencelabs.com.br\/apos-a-covid-novo-virus-preocupa-cientistas-ao-ser-detectado-em-todo-o-brasil\/","title":{"rendered":"Ap\u00f3s a Covid, novo v\u00edrus preocupa cientistas ao ser detectado em todo o Brasil"},"content":{"rendered":"<p data-start=\"0\" data-end=\"498\">O <strong>v\u00edrus Oropouche<\/strong>, uma arbovirose <strong>transmitida por insetos conhecidos como maruins<\/strong>, j\u00e1 <strong>ultrapassou 5,5 milh\u00f5es de infec\u00e7\u00f5es no Brasil<\/strong>, segundo estudo publicado na revista <a href=\"https:\/\/www.nature.com\/nm\/\"><em><span class=\"hover:entity-accent entity-underline inline cursor-pointer align-baseline\"><span class=\"whitespace-normal\">Nature Medicine<\/span><\/span><\/em><\/a>.<\/p>\n<p data-start=\"0\" data-end=\"498\">A pesquisa tamb\u00e9m aponta que, desde a d\u00e9cada de 1960, cerca de 9,4 milh\u00f5es de pessoas foram infectadas na Am\u00e9rica Latina e no Caribe.<\/p>\n<p data-start=\"0\" data-end=\"498\">A alta incid\u00eancia no pa\u00eds, com destaque para a crescente circula\u00e7\u00e3o em <span class=\"hover:entity-accent entity-underline inline cursor-pointer align-baseline\"><span class=\"whitespace-normal\"><strong>Manaus<\/strong> (AM)<\/span><\/span>, tem acendido alertas na \u00e1rea da sa\u00fade p\u00fablica.<\/p>\n<h2>Fatores contribuintes para o avan\u00e7o<\/h2>\n<p data-start=\"523\" data-end=\"954\">De acordo com o relat\u00f3rio, o avan\u00e7o da doen\u00e7a est\u00e1 associado a <strong>fatores ambientais e \u00e0 adapta\u00e7\u00e3o dos vetores<\/strong>. No estado do <span class=\"hover:entity-accent entity-underline inline cursor-pointer align-baseline\"><span class=\"whitespace-normal\">Amazonas<\/span><\/span>, a propor\u00e7\u00e3o de pessoas com anticorpos contra o v\u00edrus aumentou, indicando uma circula\u00e7\u00e3o intensa.<\/p>\n<p data-start=\"999\" data-end=\"1351\">O<strong> desmatamento na <span class=\"hover:entity-accent entity-underline inline cursor-pointer align-baseline\"><span class=\"whitespace-normal\">Amaz\u00f4nia<\/span><\/span><\/strong> tem papel relevante nesse processo. A altera\u00e7\u00e3o dos habitats naturais for\u00e7a os insetos transmissores a se adaptarem a \u00e1reas urbanas e periurbanas, ampliando o alcance da doen\u00e7a.<\/p>\n<p data-start=\"999\" data-end=\"1351\">Ambientes \u00famidos e ricos em mat\u00e9ria org\u00e2nica favorecem a reprodu\u00e7\u00e3o dos vetores, intensificando a circula\u00e7\u00e3o do v\u00edrus. Al\u00e9m disso, per\u00edodos de chuvas intensas aumentam a disponibilidade de locais prop\u00edcios para a reprodu\u00e7\u00e3o dos insetos, o que costuma coincidir com o aumento no n\u00famero de casos.<\/p>\n<h2 data-section-id=\"1bn1vwq\" data-start=\"1531\" data-end=\"1558\">Desafios para o controle<\/h2>\n<div class=\"pointer-events-none absolute inset-x-4 top-12 bottom-4\">\n<div class=\"pointer-events-none sticky z-40 shrink-0 z-1!\">\n<div class=\"sticky bg-token-border-light\"><style>@media (min-width: 992px) {\n    .recomendadorV2Area1 {\n        width: 280px;\n    }\n    .recomendadorV2Area2 {\n        padding: 0px 20px;\n        width: calc(100% - 280px);\n    }\n}\n\n@media (max-width: 992px) {\n    .recomendadorV2Button {\n        margin: 0 auto;\n    }\n    .recomendadorV2Area {\n        flex-direction: column;\n        text-align: center;\n    }\n    .recomendadorV2Area2 {\n        padding: 0px 20px;\n    }\n}\n\n.recomendadorV2Area {\n    background: #eeeeee3d;\n    border-radius: 10px;\n    padding: 15px;\n    display: flex;\n    margin: 15px auto;\n    border: 1px solid #00000014;\n    max-width: 800px;\n}\n\n.recomendadorV2Area1 img {\n    width: 280px;\n    height: auto;\n    border-radius: 8px;\n}\n\n.linkrecomendadorv2 {\n    text-decoration: none !important;\n}\n\n.recomendadorV2Area2 .recomendadorV2Type {\n    text-transform: uppercase;\n    font-weight: 500;\n    font-size: 11px;\n    letter-spacing: 2px;\n    color: #666;\n    margin: 12px 0;\n    display: block;\n}\n\n.recomendadorV2Title h2 {\n    padding-top: 0px !important;\n    margin: 0px !important;\n    border-left: none !important;\n    padding-left: 0px !important;\n    line-height: 1.3;\n    color: #000 !important;\n    font-size: 24px;\n    margin-bottom: 12px !important;\n}\n\n.recomendadorV2Desc {\n    color: #333;\n    margin: 12px 0px !important;\n    font-size: 15px;\n    line-height: 1.5;\n}\n\n.recomendadorV2Button {\n    width: auto;\n    max-width: 200px;\n    margin: 0;\n    display: inline-flex;\n    align-items: center;\n    background: #1D3557;\n    border-radius: 8px;\n    color: #fff;\n    height: 36px;\n    justify-content: center;\n    text-align: center;\n    font-size: 14px;\n    padding: 0 20px;\n    transition: background-color 0.2s ease;\n}\n\n.recomendadorV2Button:hover {\n    background: #2a4d7a;\n}\n\n.recomendadorV2Button:after {\n    margin-top: -2px;\n    content: \"\u2192\";\n    padding: 0px 0px 0px 8px;\n}\n\n.recomendadorV2Alert {\n    text-align: left;\n    font-size: 11px;\n    margin-top: 8px;\n    color: #666;\n}\n\n.recomendadorFixedArea {\n    width: 100%;\n    display: flex;\n    justify-content: center;\n    align-items: center;\n}\n\n@media (min-width: 992px) {\n    #recomendadorFixed {\n        width: 32% !important;\n        left: 5%;\n    }\n    .recomendadorCloseFixed{\n        right: inherit !important;\n        left: 378px !important;\n    }\n}\n\n#recomendadorFixed {\n    width: 90%;\n    box-shadow: 0 10px 20px 0px #00000057;\n    display: none;\n    height: 90px;\n    background: #F6F6F6;\n    position: fixed;\n    flex-direction: row;\n    bottom: 10px;\n    z-index: 9999;\n    border-radius: 16px;\n    padding: 7px 10px;\n}\n\n.recomendadorLeftArea {\n    width: 160px;\n}\n\n.recomendadorRightArea h2 {\n    padding-top: 0px;\n    margin: 2px 0px 4px 0px !important;\n    font-weight: 400;\n    text-align: center;\n    padding-left: 0px !important;\n    color: #000 !important;\n    border-left: none !important;\n    line-height: 20px;\n    font-size: 12px !important;\n}\n\n.recomendadorImgFixed {\n    overflow: hidden;\n    padding: 8px 6px;\n    height: 100%;\n}\n\n.recomendadorImgFixed img {\n    height: 100% !important;\n    border-radius: 16px;\n}\n\n.recomendadorRightArea {\n    padding-top: 6px;\n    display: flex;\n    width: calc(100% - 130px);\n    justify-content: space-between;\n    align-items: center;\n    flex-direction: column;\n}\n\n.recomendadorButtonFixed {\n    margin: 0 auto;\n    background: #1D3557;\n    width: 80%;\n    text-align: center;\n    font-size: 10px;\n    color: #FFF;\n    padding: 2px 10px;\n    border-radius: 3px;\n}\n\n.recomendadorButtonFixed:after {\n    margin-top: -3px;\n    content: \"\u2192\";\n    padding: 0px 0px 0px 10px;\n}\n\n.recomendadorAlertFixed {\n    font-weight: 400;\n    text-align: center;\n    color: #484848;\n    font-size: 8px;\n}\n\n.recomendadorCloseFixed {\n    z-index: 99999;\n    display: none;\n    right: 0px;\n    left: inherit;\n    bottom: 99px;\n    position: fixed;\n    justify-content: center;\n    background: #F6F6F6;\n    width: 25px;\n    align-items: center;\n    height: 25px;\n    font-weight: 800;\n    border-radius: 50%;\n    border: 1px solid #EBEBEB;\n}\n\n.recomendadorV2Desc{\n    color: #000000;\n    margin: 20px 0px;\n}\n\n@media (max-width: 576px) {\n    .recomendadorV2Area {\n      padding: 10px;\n      max-width: 100%;\n    }\n  \n    .recomendadorV2Area1 img {\n      width: 100%;\n      border-radius: 6px;\n    }\n  \n    .recomendadorV2Area2 .recomendadorV2Type {\n      font-size: 9px;\n      letter-spacing: 1px;\n      margin: 8px 0;\n    }\n  \n    .recomendadorV2Title h2 {\n      font-size: 18px !important;\n      margin-bottom: 8px !important;\n      line-height: 1.2;\n    }\n  \n    .recomendadorV2Desc {\n      font-size: 14px;\n      margin: 8px 0 !important;\n      line-height: 1.4;\n    }\n  \n    .recomendadorV2Button {\n      font-size: 14px;\n      height: 40px;\n      padding: 0 12px;\n      max-width: 100%;\n      width: 100%;\n    }\n  \n    .recomendadorV2Button:after {\n      padding-left: 6px;\n    }\n  }\n  <\/style>\n        <div class=\"lazyblock-recomendador-v2-2jDGz wp-block-lazyblock-recomendador-v2\">\n        <a class=\"linkrecomendadorv2\" href=\"https:\/\/crusoe.com.br\/variedades\/o-calculo-feito-ha-60-anos-sobre-2026-que-voltou-a-assustar-cientistas\/?utm_source=lazy\">\n            <div class=\"recomendadorV2Area\">\n            <div class=\"recomendadorV2Area1\">\n                <div class=\"recomendadorV2Img\">\n                <img class=\"lazyloaded\" decoding=\"async\" src=\"https:\/\/cdn.crusoe.com.br\/uploads\/2026\/03\/multidao-na-cidade-ao-por-do-sol_944525-88470-740x375.jpg\" data-src=\"https:\/\/cdn.crusoe.com.br\/uploads\/2026\/03\/multidao-na-cidade-ao-por-do-sol_944525-88470-740x375.jpg\" alt=\"\">\n                <\/div>\n            <\/div>\n            <div class=\"recomendadorV2Area2\">\n                <div class=\"recomendadorV2Type\">\n                    <span>Previs\u00e3o antiga<\/span>\n                <\/div>\n                <div class=\"recomendadorV2Title\">\n                <h2><span>Alerta 2026 \u26a0\ufe0f<\/span><\/h2>\n                <\/div>\n                <div class=\"recomendadorV2Desc\">\n                <span>C\u00e1lculo volta a assustar<\/span>\n                <\/div>\n                <div class=\"recomendadorV2Button\">Veja motivo<\/div>\n                <div class=\"recomendadorV2Alert\"><\/div>\n            <\/div>\n            <\/div>\n        <\/a>\n        <div>\n            <div style=\"z-index:99999;\" id=\"buttonClose\" onclick=\"closeRecomendadorFixed()\">\n            <div class=\"recomendadorCloseFixed\">X<\/div>\n            <\/div>\n            <a href=\"https:\/\/crusoe.com.br\/variedades\/o-calculo-feito-ha-60-anos-sobre-2026-que-voltou-a-assustar-cientistas\/?utm_source=lazy\">\n            <div class=\"recomendadorFixedArea\">\n                <div id=\"recomendadorFixed\">\n                <div class=\"recomendadorLeftArea\">\n                    <div class=\"recomendadorImgFixed\">\n                    <img class=\"lazyload\" decoding=\"async\" src=\"https:\/\/cdn.crusoe.com.br\/uploads\/2026\/03\/multidao-na-cidade-ao-por-do-sol_944525-88470-740x375.jpg\" alt=\"\">\n                    <\/div>\n                <\/div>\n                <div class=\"recomendadorRightArea\">\n                    <div class=\"recomendadorTitleFixed\">\n                    <h2><span>Alerta 2026 \u26a0\ufe0f<\/span><\/h2>\n                    <\/div>\n                    <div class=\"recomendadorButtonFixed\">Veja motivo<\/div>\n                    <div class=\"recomendadorAlertFixed\"><\/div>\n                <\/div>\n                <\/div>\n            <\/div>\n            <\/a>\n        <\/div>\n        <\/div><\/div>\n<\/div>\n<\/div>\n<\/div>\n<\/div>\n<p data-start=\"1560\" data-end=\"1874\">Os sintomas do v\u00edrus Oropouche, como <strong>febre alta, dor de cabe\u00e7a intensa e mal-estar,<\/strong> podem ser <strong>confundidos com os da <span class=\"hover:entity-accent entity-underline inline cursor-pointer align-baseline\"><span class=\"whitespace-normal\">dengue<\/span><\/span><\/strong>, o que dificulta o diagn\u00f3stico.<\/p>\n<p data-start=\"1560\" data-end=\"1874\">Esse fator contribui para a subnotifica\u00e7\u00e3o, especialmente em \u00e1reas mais remotas, onde o acesso a servi\u00e7os de sa\u00fade \u00e9 limitado.<\/p>\n<p data-start=\"1876\" data-end=\"2131\">Outro ponto de aten\u00e7\u00e3o \u00e9 a mobilidade populacional. O aumento do deslocamento de pessoas, inclusive por via a\u00e9rea, tem ampliado a \u00e1rea de ocorr\u00eancia da doen\u00e7a.<\/p>\n<p data-start=\"1876\" data-end=\"2131\">Embora a regi\u00e3o Norte concentre a maior parte dos casos, j\u00e1 h\u00e1 registros em outras localidades.<\/p>\n<h2 data-section-id=\"vlmhgo\" data-start=\"2133\" data-end=\"2164\">Estrat\u00e9gias de enfrentamento ao v\u00edrus<\/h2>\n<p data-start=\"2166\" data-end=\"2481\">Diferentemente de outras arboviroses, como a <span class=\"hover:entity-accent entity-underline inline cursor-pointer align-baseline\"><span class=\"whitespace-normal\">zika<\/span><\/span>, o v\u00edrus Oropouche apresenta maior incid\u00eancia em \u00e1reas rurais.<\/p>\n<p data-start=\"2166\" data-end=\"2481\">Esse padr\u00e3o exige a adapta\u00e7\u00e3o das estrat\u00e9gias de vigil\u00e2ncia e controle, com maior foco em regi\u00f5es de dif\u00edcil acesso e em zonas de transi\u00e7\u00e3o entre \u00e1reas rurais e urbanas.<\/p>\n<p data-start=\"2483\" data-end=\"2787\" data-is-last-node=\"\" data-is-only-node=\"\">Especialistas destacam que o enfrentamento depende da integra\u00e7\u00e3o entre pol\u00edticas de sa\u00fade e meio ambiente.<\/p>\n<p data-start=\"2483\" data-end=\"2787\" data-is-last-node=\"\" data-is-only-node=\"\">A ado\u00e7\u00e3o de medidas preventivas, o fortalecimento da vigil\u00e2ncia epidemiol\u00f3gica e o controle de fatores ambientais s\u00e3o fundamentais para conter a dissemina\u00e7\u00e3o e reduzir os impactos da doen\u00e7a.<\/p>\n","protected":false},"excerpt":{"rendered":"<p>O v\u00edrus Oropouche, uma arbovirose transmitida por insetos conhecidos como maruins, j\u00e1 ultrapassou 5,5 milh\u00f5es de infec\u00e7\u00f5es no Brasil, segundo estudo publicado na revista Nature Medicine. A pesquisa tamb\u00e9m aponta que, desde a d\u00e9cada de 1960, cerca de 9,4 milh\u00f5es de pessoas foram infectadas na Am\u00e9rica Latina e no Caribe. A alta incid\u00eancia no pa\u00eds, [&hellip;]<\/p>\n","protected":false},"author":5,"featured_media":35701,"comment_status":"open","ping_status":"open","sticky":false,"template":"","format":"standard","meta":{"jnews-multi-image_gallery":[],"jnews_single_post":{"subtitle":"","format":"standard","jnews_video_option_group":[[]],"override":[{"template":"2","parallax":"1","fullscreen":"1","layout":"right-sidebar","sidebar":"default-sidebar","second_sidebar":"default-sidebar","sticky_sidebar":"1","share_position":"hide","share_float_style":"share-monocrhome","show_featured":"1","show_post_meta":"1","show_post_author":"1","show_post_date":"1","post_date_format":"default","post_date_format_custom":"Y\/m\/d","show_post_category":"1","show_post_reading_time":"0","post_reading_time_wpm":"300","post_calculate_word_method":"str_word_count","show_zoom_button":"0","zoom_button_out_step":"2","zoom_button_in_step":"3","show_post_tag":"1","show_popup_post":"1","number_popup_post":"1","show_author_box":"1","show_post_related":"0"}],"image_override":[{"single_post_thumbnail_size":"crop-500","single_post_gallery_size":"crop-500"}],"trending_post_position":"meta","trending_post_label":"Trending","sponsored_post_label":"Sponsored by","disable_ad":"0"},"jnews_primary_category":[],"jnews_override_counter":{"view_counter_number":"0","share_counter_number":"0","like_counter_number":"0","dislike_counter_number":"0"},"jnews_post_split":{"post_split":[{"template":"1","tag":"h2","numbering":"asc","mode":"normal","first":"0","enable_toc":"0","toc_type":"normal"}]},"footnotes":""},"categories":[1],"tags":[47,6768],"class_list":["post-35700","post","type-post","status-publish","format-standard","has-post-thumbnail","hentry","category-geral","tag-brasil","tag-virus-oropouche"],"yoast_head":"<!-- This site is optimized with the Yoast SEO plugin v25.0 - https:\/\/yoast.com\/wordpress\/plugins\/seo\/ -->\n<title>Ap\u00f3s a Covid, novo v\u00edrus preocupa cientistas ao ser detectado em todo o Brasil<\/title>\n<meta name=\"description\" content=\"O v\u00edrus j\u00e1 ultrapassou 5,5 milh\u00f5es de infec\u00e7\u00f5es no Brasil, segundo estudo publicado na revista Nature Medicine.\" \/>\n<meta name=\"robots\" content=\"index, follow, max-snippet:-1, max-image-preview:large, max-video-preview:-1\" \/>\n<link rel=\"canonical\" href=\"https:\/\/crusoe.audiencelabs.com.br\/apos-a-covid-novo-virus-preocupa-cientistas-ao-ser-detectado-em-todo-o-brasil\/\" \/>\n<meta property=\"og:locale\" content=\"pt_BR\" \/>\n<meta property=\"og:type\" content=\"article\" \/>\n<meta property=\"og:title\" content=\"Ap\u00f3s a Covid, novo v\u00edrus preocupa cientistas ao ser detectado em todo o Brasil\" \/>\n<meta property=\"og:description\" content=\"O v\u00edrus j\u00e1 ultrapassou 5,5 milh\u00f5es de infec\u00e7\u00f5es no Brasil, segundo estudo publicado na revista Nature Medicine.\" \/>\n<meta property=\"og:url\" content=\"https:\/\/crusoe.audiencelabs.com.br\/apos-a-covid-novo-virus-preocupa-cientistas-ao-ser-detectado-em-todo-o-brasil\/\" \/>\n<meta property=\"og:site_name\" content=\"Variedades - Cruso\u00e9\" \/>\n<meta property=\"article:published_time\" content=\"2026-03-31T01:01:02+00:00\" \/>\n<meta name=\"author\" content=\"Milena Armando\" \/>\n<meta name=\"twitter:card\" content=\"summary_large_image\" \/>\n<meta name=\"twitter:label1\" content=\"Escrito por\" \/>\n\t<meta name=\"twitter:data1\" content=\"Milena Armando\" \/>\n\t<meta name=\"twitter:label2\" content=\"Est. tempo de leitura\" \/>\n\t<meta name=\"twitter:data2\" content=\"3 minutos\" \/>\n<script type=\"application\/ld+json\" class=\"yoast-schema-graph\">{\"@context\":\"https:\/\/schema.org\",\"@graph\":[{\"@type\":\"WebPage\",\"@id\":\"https:\/\/crusoe.audiencelabs.com.br\/apos-a-covid-novo-virus-preocupa-cientistas-ao-ser-detectado-em-todo-o-brasil\/\",\"url\":\"https:\/\/crusoe.audiencelabs.com.br\/apos-a-covid-novo-virus-preocupa-cientistas-ao-ser-detectado-em-todo-o-brasil\/\",\"name\":\"Ap\u00f3s a Covid, novo v\u00edrus preocupa cientistas ao ser detectado em todo o Brasil\",\"isPartOf\":{\"@id\":\"https:\/\/crusoe.audiencelabs.com.br\/#website\"},\"primaryImageOfPage\":{\"@id\":\"https:\/\/crusoe.audiencelabs.com.br\/apos-a-covid-novo-virus-preocupa-cientistas-ao-ser-detectado-em-todo-o-brasil\/#primaryimage\"},\"image\":{\"@id\":\"https:\/\/crusoe.audiencelabs.com.br\/apos-a-covid-novo-virus-preocupa-cientistas-ao-ser-detectado-em-todo-o-brasil\/#primaryimage\"},\"thumbnailUrl\":\"https:\/\/cdn.crusoe.com.br\/uploads\/2026\/03\/os-virus-destacados-por-tons-azuis-e-vermelhos-flutuam-no-espaco-celular_157027-4026.avif\",\"datePublished\":\"2026-03-31T01:01:02+00:00\",\"author\":{\"@id\":\"https:\/\/crusoe.audiencelabs.com.br\/#\/schema\/person\/f87f73cfe89e5360de2c006bd4bd6a74\"},\"description\":\"O v\u00edrus j\u00e1 ultrapassou 5,5 milh\u00f5es de infec\u00e7\u00f5es no Brasil, segundo estudo publicado na revista Nature Medicine.\",\"breadcrumb\":{\"@id\":\"https:\/\/crusoe.audiencelabs.com.br\/apos-a-covid-novo-virus-preocupa-cientistas-ao-ser-detectado-em-todo-o-brasil\/#breadcrumb\"},\"inLanguage\":\"pt-BR\",\"potentialAction\":[{\"@type\":\"ReadAction\",\"target\":[\"https:\/\/crusoe.audiencelabs.com.br\/apos-a-covid-novo-virus-preocupa-cientistas-ao-ser-detectado-em-todo-o-brasil\/\"]}]},{\"@type\":\"ImageObject\",\"inLanguage\":\"pt-BR\",\"@id\":\"https:\/\/crusoe.audiencelabs.com.br\/apos-a-covid-novo-virus-preocupa-cientistas-ao-ser-detectado-em-todo-o-brasil\/#primaryimage\",\"url\":\"https:\/\/cdn.crusoe.com.br\/uploads\/2026\/03\/os-virus-destacados-por-tons-azuis-e-vermelhos-flutuam-no-espaco-celular_157027-4026.avif\",\"contentUrl\":\"https:\/\/cdn.crusoe.com.br\/uploads\/2026\/03\/os-virus-destacados-por-tons-azuis-e-vermelhos-flutuam-no-espaco-celular_157027-4026.avif\",\"width\":740,\"height\":415,\"caption\":\"Reprodu\u00e7\u00e3o: Freepik\"},{\"@type\":\"BreadcrumbList\",\"@id\":\"https:\/\/crusoe.audiencelabs.com.br\/apos-a-covid-novo-virus-preocupa-cientistas-ao-ser-detectado-em-todo-o-brasil\/#breadcrumb\",\"itemListElement\":[{\"@type\":\"ListItem\",\"position\":1,\"name\":\"Home\",\"item\":\"https:\/\/crusoe.audiencelabs.com.br\/\"},{\"@type\":\"ListItem\",\"position\":2,\"name\":\"Ap\u00f3s a Covid, novo v\u00edrus preocupa cientistas ao ser detectado em todo o Brasil\"}]},{\"@type\":\"WebSite\",\"@id\":\"https:\/\/crusoe.audiencelabs.com.br\/#website\",\"url\":\"https:\/\/crusoe.audiencelabs.com.br\/\",\"name\":\"Variedades - Cruso\u00e9\",\"description\":\"\",\"potentialAction\":[{\"@type\":\"SearchAction\",\"target\":{\"@type\":\"EntryPoint\",\"urlTemplate\":\"https:\/\/crusoe.audiencelabs.com.br\/?s={search_term_string}\"},\"query-input\":{\"@type\":\"PropertyValueSpecification\",\"valueRequired\":true,\"valueName\":\"search_term_string\"}}],\"inLanguage\":\"pt-BR\"},{\"@type\":\"Person\",\"@id\":\"https:\/\/crusoe.audiencelabs.com.br\/#\/schema\/person\/f87f73cfe89e5360de2c006bd4bd6a74\",\"name\":\"Milena Armando\",\"image\":{\"@type\":\"ImageObject\",\"inLanguage\":\"pt-BR\",\"@id\":\"https:\/\/crusoe.audiencelabs.com.br\/#\/schema\/person\/image\/\",\"url\":\"https:\/\/secure.gravatar.com\/avatar\/ea14ecddc9e9d202b698b18f9f69e09c9fd74cfbed5c6008d55f11faefdbdab7?s=96&d=mm&r=g\",\"contentUrl\":\"https:\/\/secure.gravatar.com\/avatar\/ea14ecddc9e9d202b698b18f9f69e09c9fd74cfbed5c6008d55f11faefdbdab7?s=96&d=mm&r=g\",\"caption\":\"Milena Armando\"},\"description\":\"Jornalista, redatora e revisora.\",\"url\":\"https:\/\/crusoe.audiencelabs.com.br\/author\/milena\/\"}]}<\/script>\n<!-- \/ Yoast SEO plugin. -->","yoast_head_json":{"title":"Ap\u00f3s a Covid, novo v\u00edrus preocupa cientistas ao ser detectado em todo o Brasil","description":"O v\u00edrus j\u00e1 ultrapassou 5,5 milh\u00f5es de infec\u00e7\u00f5es no Brasil, segundo estudo publicado na revista Nature Medicine.","robots":{"index":"index","follow":"follow","max-snippet":"max-snippet:-1","max-image-preview":"max-image-preview:large","max-video-preview":"max-video-preview:-1"},"canonical":"https:\/\/crusoe.audiencelabs.com.br\/apos-a-covid-novo-virus-preocupa-cientistas-ao-ser-detectado-em-todo-o-brasil\/","og_locale":"pt_BR","og_type":"article","og_title":"Ap\u00f3s a Covid, novo v\u00edrus preocupa cientistas ao ser detectado em todo o Brasil","og_description":"O v\u00edrus j\u00e1 ultrapassou 5,5 milh\u00f5es de infec\u00e7\u00f5es no Brasil, segundo estudo publicado na revista Nature Medicine.","og_url":"https:\/\/crusoe.audiencelabs.com.br\/apos-a-covid-novo-virus-preocupa-cientistas-ao-ser-detectado-em-todo-o-brasil\/","og_site_name":"Variedades - Cruso\u00e9","article_published_time":"2026-03-31T01:01:02+00:00","author":"Milena Armando","twitter_card":"summary_large_image","twitter_misc":{"Escrito por":"Milena Armando","Est. tempo de leitura":"3 minutos"},"schema":{"@context":"https:\/\/schema.org","@graph":[{"@type":"WebPage","@id":"https:\/\/crusoe.audiencelabs.com.br\/apos-a-covid-novo-virus-preocupa-cientistas-ao-ser-detectado-em-todo-o-brasil\/","url":"https:\/\/crusoe.audiencelabs.com.br\/apos-a-covid-novo-virus-preocupa-cientistas-ao-ser-detectado-em-todo-o-brasil\/","name":"Ap\u00f3s a Covid, novo v\u00edrus preocupa cientistas ao ser detectado em todo o Brasil","isPartOf":{"@id":"https:\/\/crusoe.audiencelabs.com.br\/#website"},"primaryImageOfPage":{"@id":"https:\/\/crusoe.audiencelabs.com.br\/apos-a-covid-novo-virus-preocupa-cientistas-ao-ser-detectado-em-todo-o-brasil\/#primaryimage"},"image":{"@id":"https:\/\/crusoe.audiencelabs.com.br\/apos-a-covid-novo-virus-preocupa-cientistas-ao-ser-detectado-em-todo-o-brasil\/#primaryimage"},"thumbnailUrl":"https:\/\/cdn.crusoe.com.br\/uploads\/2026\/03\/os-virus-destacados-por-tons-azuis-e-vermelhos-flutuam-no-espaco-celular_157027-4026.avif","datePublished":"2026-03-31T01:01:02+00:00","author":{"@id":"https:\/\/crusoe.audiencelabs.com.br\/#\/schema\/person\/f87f73cfe89e5360de2c006bd4bd6a74"},"description":"O v\u00edrus j\u00e1 ultrapassou 5,5 milh\u00f5es de infec\u00e7\u00f5es no Brasil, segundo estudo publicado na revista Nature Medicine.","breadcrumb":{"@id":"https:\/\/crusoe.audiencelabs.com.br\/apos-a-covid-novo-virus-preocupa-cientistas-ao-ser-detectado-em-todo-o-brasil\/#breadcrumb"},"inLanguage":"pt-BR","potentialAction":[{"@type":"ReadAction","target":["https:\/\/crusoe.audiencelabs.com.br\/apos-a-covid-novo-virus-preocupa-cientistas-ao-ser-detectado-em-todo-o-brasil\/"]}]},{"@type":"ImageObject","inLanguage":"pt-BR","@id":"https:\/\/crusoe.audiencelabs.com.br\/apos-a-covid-novo-virus-preocupa-cientistas-ao-ser-detectado-em-todo-o-brasil\/#primaryimage","url":"https:\/\/cdn.crusoe.com.br\/uploads\/2026\/03\/os-virus-destacados-por-tons-azuis-e-vermelhos-flutuam-no-espaco-celular_157027-4026.avif","contentUrl":"https:\/\/cdn.crusoe.com.br\/uploads\/2026\/03\/os-virus-destacados-por-tons-azuis-e-vermelhos-flutuam-no-espaco-celular_157027-4026.avif","width":740,"height":415,"caption":"Reprodu\u00e7\u00e3o: Freepik"},{"@type":"BreadcrumbList","@id":"https:\/\/crusoe.audiencelabs.com.br\/apos-a-covid-novo-virus-preocupa-cientistas-ao-ser-detectado-em-todo-o-brasil\/#breadcrumb","itemListElement":[{"@type":"ListItem","position":1,"name":"Home","item":"https:\/\/crusoe.audiencelabs.com.br\/"},{"@type":"ListItem","position":2,"name":"Ap\u00f3s a Covid, novo v\u00edrus preocupa cientistas ao ser detectado em todo o Brasil"}]},{"@type":"WebSite","@id":"https:\/\/crusoe.audiencelabs.com.br\/#website","url":"https:\/\/crusoe.audiencelabs.com.br\/","name":"Variedades - Cruso\u00e9","description":"","potentialAction":[{"@type":"SearchAction","target":{"@type":"EntryPoint","urlTemplate":"https:\/\/crusoe.audiencelabs.com.br\/?s={search_term_string}"},"query-input":{"@type":"PropertyValueSpecification","valueRequired":true,"valueName":"search_term_string"}}],"inLanguage":"pt-BR"},{"@type":"Person","@id":"https:\/\/crusoe.audiencelabs.com.br\/#\/schema\/person\/f87f73cfe89e5360de2c006bd4bd6a74","name":"Milena Armando","image":{"@type":"ImageObject","inLanguage":"pt-BR","@id":"https:\/\/crusoe.audiencelabs.com.br\/#\/schema\/person\/image\/","url":"https:\/\/secure.gravatar.com\/avatar\/ea14ecddc9e9d202b698b18f9f69e09c9fd74cfbed5c6008d55f11faefdbdab7?s=96&d=mm&r=g","contentUrl":"https:\/\/secure.gravatar.com\/avatar\/ea14ecddc9e9d202b698b18f9f69e09c9fd74cfbed5c6008d55f11faefdbdab7?s=96&d=mm&r=g","caption":"Milena Armando"},"description":"Jornalista, redatora e revisora.","url":"https:\/\/crusoe.audiencelabs.com.br\/author\/milena\/"}]}},"_links":{"self":[{"href":"https:\/\/crusoe.audiencelabs.com.br\/wp-json\/wp\/v2\/posts\/35700","targetHints":{"allow":["GET"]}}],"collection":[{"href":"https:\/\/crusoe.audiencelabs.com.br\/wp-json\/wp\/v2\/posts"}],"about":[{"href":"https:\/\/crusoe.audiencelabs.com.br\/wp-json\/wp\/v2\/types\/post"}],"author":[{"embeddable":true,"href":"https:\/\/crusoe.audiencelabs.com.br\/wp-json\/wp\/v2\/users\/5"}],"replies":[{"embeddable":true,"href":"https:\/\/crusoe.audiencelabs.com.br\/wp-json\/wp\/v2\/comments?post=35700"}],"version-history":[{"count":4,"href":"https:\/\/crusoe.audiencelabs.com.br\/wp-json\/wp\/v2\/posts\/35700\/revisions"}],"predecessor-version":[{"id":35804,"href":"https:\/\/crusoe.audiencelabs.com.br\/wp-json\/wp\/v2\/posts\/35700\/revisions\/35804"}],"wp:featuredmedia":[{"embeddable":true,"href":"https:\/\/crusoe.audiencelabs.com.br\/wp-json\/wp\/v2\/media\/35701"}],"wp:attachment":[{"href":"https:\/\/crusoe.audiencelabs.com.br\/wp-json\/wp\/v2\/media?parent=35700"}],"wp:term":[{"taxonomy":"category","embeddable":true,"href":"https:\/\/crusoe.audiencelabs.com.br\/wp-json\/wp\/v2\/categories?post=35700"},{"taxonomy":"post_tag","embeddable":true,"href":"https:\/\/crusoe.audiencelabs.com.br\/wp-json\/wp\/v2\/tags?post=35700"}],"curies":[{"name":"wp","href":"https:\/\/api.w.org\/{rel}","templated":true}]}}