{"id":35685,"date":"2026-03-30T08:21:48","date_gmt":"2026-03-30T11:21:48","guid":{"rendered":"https:\/\/crusoe.audiencelabs.com.br\/?p=35685"},"modified":"2026-03-30T08:21:48","modified_gmt":"2026-03-30T11:21:48","slug":"anvisa-emite-alerta-para-todos-os-brasileiros-sobre-as-vacinas-da-covid","status":"publish","type":"post","link":"https:\/\/crusoe.audiencelabs.com.br\/anvisa-emite-alerta-para-todos-os-brasileiros-sobre-as-vacinas-da-covid\/","title":{"rendered":"Anvisa emite alerta para todos os brasileiros sobre as vacinas da Covid"},"content":{"rendered":"<p>A Ag\u00eancia Nacional de Vigil\u00e2ncia Sanit\u00e1ria (Anvisa) alertou que atualizou a composi\u00e7\u00e3o das vacinas contra Covid-19 no Brasil. A decis\u00e3o foi tomada pela diretoria colegiada da ag\u00eancia e segue par\u00e2metros tamb\u00e9m impostos a outras vacinas que devem ser atualizadas anualmente.<\/p>\n<p>De acordo com o comunicado, a Anvisa orientou as fabricantes das doses para atualizarem a vacina para combater uma nova linhagem do Sars-CoV, v\u00edrus da Covid-19. A ag\u00eancia justificou que a mudan\u00e7a foi realizada, pois as vacinas devem ser constantemente adaptadas para combater a cepa em maior circula\u00e7\u00e3o do v\u00edrus.<\/p>\n<p>No caso, foi pedido para as fabricantes adaptarem as doses para combater a linhagem identificada como &#8220;LP.8.1&#8221;, uma cepa variante da &#8220;Omicron&#8221;. A Omicron foi a primeira varia\u00e7\u00e3o identificada do Sars-CoV em 2021 ap\u00f3s a primeira apari\u00e7\u00e3o do v\u00edrus, em 2019.<\/p>\n<h2>Decis\u00e3o vem de recomenda\u00e7\u00e3o<\/h2>\n<p>Segundo o comunicado, o pedido foi recomenda\u00e7\u00e3o da Organiza\u00e7\u00e3o Mundial da Sa\u00fade (OMS). A OMS havia instru\u00eddo para diversas ag\u00eancias reguladoras orientarem sobre as novas adapta\u00e7\u00f5es nas vacinas contra Covid-19 no final de 2025.<\/p>\n<p>Com a nova orienta\u00e7\u00e3o da Anvisa, que foi publicada no Di\u00e1rio Oficial da Uni\u00e3o (DOU) semana passada, todas as doses utilizadas no Brasil devem focar na cepa LP.8.1 como alvo.<\/p>\n<p>Apesar da mudan\u00e7a, a administra\u00e7\u00e3o de algumas doses continua sendo permitida temporariamente. No caso, a Anvisa ir\u00e1 permitir a administra\u00e7\u00e3o da dose que tem como alvo a cepa &#8220;JN.1&#8221;, linhagem mais recente antes da LP.8.1. A permiss\u00e3o para usar outras doses tem o objetivo de evitar o adiamento da vacina\u00e7\u00e3o na popula\u00e7\u00e3o.<\/p>\n<h2>Vacina\u00e7\u00e3o no Brasil<\/h2>\n<p>O governo federal colocou a vacina contra Covid-19 no calend\u00e1rio nacional de vacina\u00e7\u00f5es para o p\u00fablico brasileiro vulner\u00e1vel. No caso, gestantes, idosos e crian\u00e7as. Ou seja, \u00e9 indicado que pessoas desses grupos recebam pelo menos uma dose periodicamente.<\/p>\n<p>Segundo as recomenda\u00e7\u00f5es oficiais, gestantes devem tomar uma dose a cada gravidez e idosos de 60 anos ou mais devem tomar uma dose a cada seis meses.<\/p>\n<p>No caso de crian\u00e7as entre seis meses a cinco anos, podem ser duas doses com quatro semanas de intervalo para vacinas da Moderna. Ou tr\u00eas doses com quatro semanas de intervalo da primeira \u00e0 segunda e oito semanas da segunda para a terceira, para o caso da Pfizer.<\/p>\n","protected":false},"excerpt":{"rendered":"<p>A Ag\u00eancia Nacional de Vigil\u00e2ncia Sanit\u00e1ria (Anvisa) alertou que atualizou a composi\u00e7\u00e3o das vacinas contra Covid-19 no Brasil. A decis\u00e3o foi tomada pela diretoria colegiada da ag\u00eancia e segue par\u00e2metros tamb\u00e9m impostos a outras vacinas que devem ser atualizadas anualmente. De acordo com o comunicado, a Anvisa orientou as fabricantes das doses para atualizarem a [&hellip;]<\/p>\n","protected":false},"author":15,"featured_media":35705,"comment_status":"open","ping_status":"open","sticky":false,"template":"","format":"standard","meta":{"jnews-multi-image_gallery":[],"jnews_single_post":{"format":"standard","jnews_video_option_group":[[]],"override":[{"template":"2","parallax":"1","fullscreen":"1","layout":"right-sidebar","sidebar":"default-sidebar","second_sidebar":"default-sidebar","sticky_sidebar":"1","share_position":"hide","share_float_style":"share-monocrhome","show_featured":"1","show_post_meta":"1","show_post_author":"1","show_post_date":"1","post_date_format":"default","post_date_format_custom":"Y\/m\/d","show_post_category":"1","show_post_reading_time":"0","post_reading_time_wpm":"300","post_calculate_word_method":"str_word_count","show_zoom_button":"0","zoom_button_out_step":"2","zoom_button_in_step":"3","show_post_tag":"1","show_popup_post":"1","number_popup_post":"1","show_author_box":"1","show_post_related":"0"}],"image_override":[{"single_post_thumbnail_size":"crop-500","single_post_gallery_size":"crop-500"}],"trending_post_position":"meta","trending_post_label":"Trending","sponsored_post_label":"Sponsored by","disable_ad":"0","subtitle":"O alerta segue orienta\u00e7\u00e3o da OMS emitida ano passado"},"jnews_primary_category":[],"jnews_override_counter":{"view_counter_number":"0","share_counter_number":"0","like_counter_number":"0","dislike_counter_number":"0"},"jnews_post_split":{"post_split":[{"template":"1","tag":"h2","numbering":"asc","mode":"normal","first":"0","enable_toc":"0","toc_type":"normal"}]},"footnotes":""},"categories":[1],"tags":[2387,47,1418,6771,6770,1419,6769,234,987],"class_list":["post-35685","post","type-post","status-publish","format-standard","has-post-thumbnail","hentry","category-geral","tag-anvisa","tag-brasil","tag-covid-19","tag-lp-8-1","tag-omicron","tag-oms","tag-organizacao-mundial-da-saude","tag-saude","tag-vacina"],"yoast_head":"<!-- This site is optimized with the Yoast SEO plugin v25.0 - https:\/\/yoast.com\/wordpress\/plugins\/seo\/ -->\n<title>Anvisa emite alerta para todos os brasileiros sobre as vacinas da Covid<\/title>\n<meta name=\"robots\" content=\"index, follow, max-snippet:-1, max-image-preview:large, max-video-preview:-1\" \/>\n<link rel=\"canonical\" href=\"https:\/\/crusoe.audiencelabs.com.br\/anvisa-emite-alerta-para-todos-os-brasileiros-sobre-as-vacinas-da-covid\/\" \/>\n<meta property=\"og:locale\" content=\"pt_BR\" \/>\n<meta property=\"og:type\" content=\"article\" \/>\n<meta property=\"og:title\" content=\"Anvisa emite alerta para todos os brasileiros sobre as vacinas da Covid\" \/>\n<meta property=\"og:description\" content=\"A Ag\u00eancia Nacional de Vigil\u00e2ncia Sanit\u00e1ria (Anvisa) alertou que atualizou a composi\u00e7\u00e3o das vacinas contra Covid-19 no Brasil. A decis\u00e3o foi tomada pela diretoria colegiada da ag\u00eancia e segue par\u00e2metros tamb\u00e9m impostos a outras vacinas que devem ser atualizadas anualmente. De acordo com o comunicado, a Anvisa orientou as fabricantes das doses para atualizarem a [&hellip;]\" \/>\n<meta property=\"og:url\" content=\"https:\/\/crusoe.audiencelabs.com.br\/anvisa-emite-alerta-para-todos-os-brasileiros-sobre-as-vacinas-da-covid\/\" \/>\n<meta property=\"og:site_name\" content=\"Variedades - Cruso\u00e9\" \/>\n<meta property=\"article:published_time\" content=\"2026-03-30T11:21:48+00:00\" \/>\n<meta property=\"og:image\" content=\"https:\/\/cdn.crusoe.com.br\/uploads\/2026\/03\/ian-hutchinson-iuiKtPNHObA-unsplash.jpg\" \/>\n\t<meta property=\"og:image:width\" content=\"640\" \/>\n\t<meta property=\"og:image:height\" content=\"427\" \/>\n\t<meta property=\"og:image:type\" content=\"image\/jpeg\" \/>\n<meta name=\"author\" content=\"J\u00falio Nesi\" \/>\n<meta name=\"twitter:card\" content=\"summary_large_image\" \/>\n<meta name=\"twitter:label1\" content=\"Escrito por\" \/>\n\t<meta name=\"twitter:data1\" content=\"J\u00falio Nesi\" \/>\n\t<meta name=\"twitter:label2\" content=\"Est. tempo de leitura\" \/>\n\t<meta name=\"twitter:data2\" content=\"3 minutos\" \/>\n<script type=\"application\/ld+json\" class=\"yoast-schema-graph\">{\"@context\":\"https:\/\/schema.org\",\"@graph\":[{\"@type\":\"WebPage\",\"@id\":\"https:\/\/crusoe.audiencelabs.com.br\/anvisa-emite-alerta-para-todos-os-brasileiros-sobre-as-vacinas-da-covid\/\",\"url\":\"https:\/\/crusoe.audiencelabs.com.br\/anvisa-emite-alerta-para-todos-os-brasileiros-sobre-as-vacinas-da-covid\/\",\"name\":\"Anvisa emite alerta para todos os brasileiros sobre as vacinas da Covid\",\"isPartOf\":{\"@id\":\"https:\/\/crusoe.audiencelabs.com.br\/#website\"},\"primaryImageOfPage\":{\"@id\":\"https:\/\/crusoe.audiencelabs.com.br\/anvisa-emite-alerta-para-todos-os-brasileiros-sobre-as-vacinas-da-covid\/#primaryimage\"},\"image\":{\"@id\":\"https:\/\/crusoe.audiencelabs.com.br\/anvisa-emite-alerta-para-todos-os-brasileiros-sobre-as-vacinas-da-covid\/#primaryimage\"},\"thumbnailUrl\":\"https:\/\/cdn.crusoe.com.br\/uploads\/2026\/03\/ian-hutchinson-iuiKtPNHObA-unsplash.jpg\",\"datePublished\":\"2026-03-30T11:21:48+00:00\",\"author\":{\"@id\":\"https:\/\/crusoe.audiencelabs.com.br\/#\/schema\/person\/0cca5874eda7d72cef71e77a9a9c2143\"},\"breadcrumb\":{\"@id\":\"https:\/\/crusoe.audiencelabs.com.br\/anvisa-emite-alerta-para-todos-os-brasileiros-sobre-as-vacinas-da-covid\/#breadcrumb\"},\"inLanguage\":\"pt-BR\",\"potentialAction\":[{\"@type\":\"ReadAction\",\"target\":[\"https:\/\/crusoe.audiencelabs.com.br\/anvisa-emite-alerta-para-todos-os-brasileiros-sobre-as-vacinas-da-covid\/\"]}]},{\"@type\":\"ImageObject\",\"inLanguage\":\"pt-BR\",\"@id\":\"https:\/\/crusoe.audiencelabs.com.br\/anvisa-emite-alerta-para-todos-os-brasileiros-sobre-as-vacinas-da-covid\/#primaryimage\",\"url\":\"https:\/\/cdn.crusoe.com.br\/uploads\/2026\/03\/ian-hutchinson-iuiKtPNHObA-unsplash.jpg\",\"contentUrl\":\"https:\/\/cdn.crusoe.com.br\/uploads\/2026\/03\/ian-hutchinson-iuiKtPNHObA-unsplash.jpg\",\"width\":640,\"height\":427,\"caption\":\"Reprodu\u00e7\u00e3o: Unsplash \/ Ian Hutchinson\"},{\"@type\":\"BreadcrumbList\",\"@id\":\"https:\/\/crusoe.audiencelabs.com.br\/anvisa-emite-alerta-para-todos-os-brasileiros-sobre-as-vacinas-da-covid\/#breadcrumb\",\"itemListElement\":[{\"@type\":\"ListItem\",\"position\":1,\"name\":\"Home\",\"item\":\"https:\/\/crusoe.audiencelabs.com.br\/\"},{\"@type\":\"ListItem\",\"position\":2,\"name\":\"Anvisa emite alerta para todos os brasileiros sobre as vacinas da Covid\"}]},{\"@type\":\"WebSite\",\"@id\":\"https:\/\/crusoe.audiencelabs.com.br\/#website\",\"url\":\"https:\/\/crusoe.audiencelabs.com.br\/\",\"name\":\"Variedades - Cruso\u00e9\",\"description\":\"\",\"potentialAction\":[{\"@type\":\"SearchAction\",\"target\":{\"@type\":\"EntryPoint\",\"urlTemplate\":\"https:\/\/crusoe.audiencelabs.com.br\/?s={search_term_string}\"},\"query-input\":{\"@type\":\"PropertyValueSpecification\",\"valueRequired\":true,\"valueName\":\"search_term_string\"}}],\"inLanguage\":\"pt-BR\"},{\"@type\":\"Person\",\"@id\":\"https:\/\/crusoe.audiencelabs.com.br\/#\/schema\/person\/0cca5874eda7d72cef71e77a9a9c2143\",\"name\":\"J\u00falio Nesi\",\"image\":{\"@type\":\"ImageObject\",\"inLanguage\":\"pt-BR\",\"@id\":\"https:\/\/crusoe.audiencelabs.com.br\/#\/schema\/person\/image\/\",\"url\":\"https:\/\/secure.gravatar.com\/avatar\/c22eb47c3e2320e71637346b980e09f63de9f75742d3335f94a26b83dff70473?s=96&d=mm&r=g\",\"contentUrl\":\"https:\/\/secure.gravatar.com\/avatar\/c22eb47c3e2320e71637346b980e09f63de9f75742d3335f94a26b83dff70473?s=96&d=mm&r=g\",\"caption\":\"J\u00falio Nesi\"},\"description\":\"Jornalista alagoano formado pela UFAL, j\u00e1 atuei em produ\u00e7\u00e3o de conte\u00fado digital para portais, r\u00e1dio e redes sociais.\",\"sameAs\":[\"www.linkedin.com\/in\/j\u00falio-nesi\"],\"url\":\"https:\/\/crusoe.audiencelabs.com.br\/author\/julionesi\/\"}]}<\/script>\n<!-- \/ Yoast SEO plugin. -->","yoast_head_json":{"title":"Anvisa emite alerta para todos os brasileiros sobre as vacinas da Covid","robots":{"index":"index","follow":"follow","max-snippet":"max-snippet:-1","max-image-preview":"max-image-preview:large","max-video-preview":"max-video-preview:-1"},"canonical":"https:\/\/crusoe.audiencelabs.com.br\/anvisa-emite-alerta-para-todos-os-brasileiros-sobre-as-vacinas-da-covid\/","og_locale":"pt_BR","og_type":"article","og_title":"Anvisa emite alerta para todos os brasileiros sobre as vacinas da Covid","og_description":"A Ag\u00eancia Nacional de Vigil\u00e2ncia Sanit\u00e1ria (Anvisa) alertou que atualizou a composi\u00e7\u00e3o das vacinas contra Covid-19 no Brasil. A decis\u00e3o foi tomada pela diretoria colegiada da ag\u00eancia e segue par\u00e2metros tamb\u00e9m impostos a outras vacinas que devem ser atualizadas anualmente. De acordo com o comunicado, a Anvisa orientou as fabricantes das doses para atualizarem a [&hellip;]","og_url":"https:\/\/crusoe.audiencelabs.com.br\/anvisa-emite-alerta-para-todos-os-brasileiros-sobre-as-vacinas-da-covid\/","og_site_name":"Variedades - Cruso\u00e9","article_published_time":"2026-03-30T11:21:48+00:00","og_image":[{"width":640,"height":427,"url":"https:\/\/cdn.crusoe.com.br\/uploads\/2026\/03\/ian-hutchinson-iuiKtPNHObA-unsplash.jpg","type":"image\/jpeg"}],"author":"J\u00falio Nesi","twitter_card":"summary_large_image","twitter_misc":{"Escrito por":"J\u00falio Nesi","Est. tempo de leitura":"3 minutos"},"schema":{"@context":"https:\/\/schema.org","@graph":[{"@type":"WebPage","@id":"https:\/\/crusoe.audiencelabs.com.br\/anvisa-emite-alerta-para-todos-os-brasileiros-sobre-as-vacinas-da-covid\/","url":"https:\/\/crusoe.audiencelabs.com.br\/anvisa-emite-alerta-para-todos-os-brasileiros-sobre-as-vacinas-da-covid\/","name":"Anvisa emite alerta para todos os brasileiros sobre as vacinas da Covid","isPartOf":{"@id":"https:\/\/crusoe.audiencelabs.com.br\/#website"},"primaryImageOfPage":{"@id":"https:\/\/crusoe.audiencelabs.com.br\/anvisa-emite-alerta-para-todos-os-brasileiros-sobre-as-vacinas-da-covid\/#primaryimage"},"image":{"@id":"https:\/\/crusoe.audiencelabs.com.br\/anvisa-emite-alerta-para-todos-os-brasileiros-sobre-as-vacinas-da-covid\/#primaryimage"},"thumbnailUrl":"https:\/\/cdn.crusoe.com.br\/uploads\/2026\/03\/ian-hutchinson-iuiKtPNHObA-unsplash.jpg","datePublished":"2026-03-30T11:21:48+00:00","author":{"@id":"https:\/\/crusoe.audiencelabs.com.br\/#\/schema\/person\/0cca5874eda7d72cef71e77a9a9c2143"},"breadcrumb":{"@id":"https:\/\/crusoe.audiencelabs.com.br\/anvisa-emite-alerta-para-todos-os-brasileiros-sobre-as-vacinas-da-covid\/#breadcrumb"},"inLanguage":"pt-BR","potentialAction":[{"@type":"ReadAction","target":["https:\/\/crusoe.audiencelabs.com.br\/anvisa-emite-alerta-para-todos-os-brasileiros-sobre-as-vacinas-da-covid\/"]}]},{"@type":"ImageObject","inLanguage":"pt-BR","@id":"https:\/\/crusoe.audiencelabs.com.br\/anvisa-emite-alerta-para-todos-os-brasileiros-sobre-as-vacinas-da-covid\/#primaryimage","url":"https:\/\/cdn.crusoe.com.br\/uploads\/2026\/03\/ian-hutchinson-iuiKtPNHObA-unsplash.jpg","contentUrl":"https:\/\/cdn.crusoe.com.br\/uploads\/2026\/03\/ian-hutchinson-iuiKtPNHObA-unsplash.jpg","width":640,"height":427,"caption":"Reprodu\u00e7\u00e3o: Unsplash \/ Ian Hutchinson"},{"@type":"BreadcrumbList","@id":"https:\/\/crusoe.audiencelabs.com.br\/anvisa-emite-alerta-para-todos-os-brasileiros-sobre-as-vacinas-da-covid\/#breadcrumb","itemListElement":[{"@type":"ListItem","position":1,"name":"Home","item":"https:\/\/crusoe.audiencelabs.com.br\/"},{"@type":"ListItem","position":2,"name":"Anvisa emite alerta para todos os brasileiros sobre as vacinas da Covid"}]},{"@type":"WebSite","@id":"https:\/\/crusoe.audiencelabs.com.br\/#website","url":"https:\/\/crusoe.audiencelabs.com.br\/","name":"Variedades - Cruso\u00e9","description":"","potentialAction":[{"@type":"SearchAction","target":{"@type":"EntryPoint","urlTemplate":"https:\/\/crusoe.audiencelabs.com.br\/?s={search_term_string}"},"query-input":{"@type":"PropertyValueSpecification","valueRequired":true,"valueName":"search_term_string"}}],"inLanguage":"pt-BR"},{"@type":"Person","@id":"https:\/\/crusoe.audiencelabs.com.br\/#\/schema\/person\/0cca5874eda7d72cef71e77a9a9c2143","name":"J\u00falio Nesi","image":{"@type":"ImageObject","inLanguage":"pt-BR","@id":"https:\/\/crusoe.audiencelabs.com.br\/#\/schema\/person\/image\/","url":"https:\/\/secure.gravatar.com\/avatar\/c22eb47c3e2320e71637346b980e09f63de9f75742d3335f94a26b83dff70473?s=96&d=mm&r=g","contentUrl":"https:\/\/secure.gravatar.com\/avatar\/c22eb47c3e2320e71637346b980e09f63de9f75742d3335f94a26b83dff70473?s=96&d=mm&r=g","caption":"J\u00falio Nesi"},"description":"Jornalista alagoano formado pela UFAL, j\u00e1 atuei em produ\u00e7\u00e3o de conte\u00fado digital para portais, r\u00e1dio e redes sociais.","sameAs":["www.linkedin.com\/in\/j\u00falio-nesi"],"url":"https:\/\/crusoe.audiencelabs.com.br\/author\/julionesi\/"}]}},"_links":{"self":[{"href":"https:\/\/crusoe.audiencelabs.com.br\/wp-json\/wp\/v2\/posts\/35685","targetHints":{"allow":["GET"]}}],"collection":[{"href":"https:\/\/crusoe.audiencelabs.com.br\/wp-json\/wp\/v2\/posts"}],"about":[{"href":"https:\/\/crusoe.audiencelabs.com.br\/wp-json\/wp\/v2\/types\/post"}],"author":[{"embeddable":true,"href":"https:\/\/crusoe.audiencelabs.com.br\/wp-json\/wp\/v2\/users\/15"}],"replies":[{"embeddable":true,"href":"https:\/\/crusoe.audiencelabs.com.br\/wp-json\/wp\/v2\/comments?post=35685"}],"version-history":[{"count":1,"href":"https:\/\/crusoe.audiencelabs.com.br\/wp-json\/wp\/v2\/posts\/35685\/revisions"}],"predecessor-version":[{"id":35706,"href":"https:\/\/crusoe.audiencelabs.com.br\/wp-json\/wp\/v2\/posts\/35685\/revisions\/35706"}],"wp:featuredmedia":[{"embeddable":true,"href":"https:\/\/crusoe.audiencelabs.com.br\/wp-json\/wp\/v2\/media\/35705"}],"wp:attachment":[{"href":"https:\/\/crusoe.audiencelabs.com.br\/wp-json\/wp\/v2\/media?parent=35685"}],"wp:term":[{"taxonomy":"category","embeddable":true,"href":"https:\/\/crusoe.audiencelabs.com.br\/wp-json\/wp\/v2\/categories?post=35685"},{"taxonomy":"post_tag","embeddable":true,"href":"https:\/\/crusoe.audiencelabs.com.br\/wp-json\/wp\/v2\/tags?post=35685"}],"curies":[{"name":"wp","href":"https:\/\/api.w.org\/{rel}","templated":true}]}}