{"id":35678,"date":"2026-03-30T19:35:46","date_gmt":"2026-03-30T22:35:46","guid":{"rendered":"https:\/\/crusoe.audiencelabs.com.br\/?p=35678"},"modified":"2026-03-30T07:51:55","modified_gmt":"2026-03-30T10:51:55","slug":"homem-ficou-preso-por-anos-sem-ser-culpado-e-agora-vai-receber-r-5-milhoes-como-desculpa","status":"publish","type":"post","link":"https:\/\/crusoe.audiencelabs.com.br\/homem-ficou-preso-por-anos-sem-ser-culpado-e-agora-vai-receber-r-5-milhoes-como-desculpa\/","title":{"rendered":"Homem ficou preso por anos sem ser culpado e agora vai receber R$ 5 milh\u00f5es como &#8220;desculpa&#8221;"},"content":{"rendered":"<div class=\"flex flex-col text-sm pb-25\">\n<section class=\"text-token-text-primary w-full focus:outline-none [--shadow-height:45px] has-data-writing-block:pointer-events-none has-data-writing-block:-mt-(--shadow-height) has-data-writing-block:pt-(--shadow-height) [&amp;:has([data-writing-block])&gt;*]:pointer-events-auto scroll-mt-[calc(var(--header-height)+min(200px,max(70px,20svh)))]\" dir=\"auto\" data-turn-id=\"request-WEB:de6b8d72-ae43-44d3-8dd7-cd50bafe6fe6-7\" data-testid=\"conversation-turn-16\" data-scroll-anchor=\"true\" data-turn=\"assistant\">\n<div class=\"text-base my-auto mx-auto pb-10 [--thread-content-margin:var(--thread-content-margin-xs,calc(var(--spacing)*4))] @w-sm\/main:[--thread-content-margin:var(--thread-content-margin-sm,calc(var(--spacing)*6))] @w-lg\/main:[--thread-content-margin:var(--thread-content-margin-lg,calc(var(--spacing)*16))] px-(--thread-content-margin)\">\n<div class=\"[--thread-content-max-width:40rem] @w-lg\/main:[--thread-content-max-width:48rem] mx-auto max-w-(--thread-content-max-width) flex-1 group\/turn-messages focus-visible:outline-hidden relative flex w-full min-w-0 flex-col agent-turn\">\n<div class=\"flex max-w-full flex-col gap-4 grow\">\n<div class=\"min-h-8 text-message relative flex w-full flex-col items-end gap-2 text-start break-words whitespace-normal outline-none keyboard-focused:focus-ring [.text-message+&amp;]:mt-1\" dir=\"auto\" data-message-author-role=\"assistant\" data-message-id=\"453dee16-5f6b-4499-904e-4d18e9593eb0\" data-message-model-slug=\"gpt-5-3\" data-turn-start-message=\"true\">\n<div class=\"flex w-full flex-col gap-1 empty:hidden\">\n<div class=\"markdown prose dark:prose-invert w-full wrap-break-word dark markdown-new-styling\">\n<p data-start=\"0\" data-end=\"467\">Em 2017, nos Estados Unidos, um erro de identifica\u00e7\u00e3o levou \u00e0 <strong>pris\u00e3o indevida de <span class=\"hover:entity-accent entity-underline inline cursor-pointer align-baseline\"><span class=\"whitespace-normal\">Joshua Spriestersbach<\/span><\/span><\/strong>, ent\u00e3o com 54 anos.<\/p>\n<p data-start=\"0\" data-end=\"467\">Ele permaneceu detido por cerca de<strong> 32 meses<\/strong>, sendo a maior parte desse per\u00edodo, 28 meses, em uma<strong> unidade psiqui\u00e1trica. <\/strong><\/p>\n<p data-start=\"0\" data-end=\"467\">O caso ganhou repercuss\u00e3o por evidenciar falhas no sistema de verifica\u00e7\u00e3o de identidade, j\u00e1 que, mesmo com inconsist\u00eancias nas impress\u00f5es digitais, ele foi confundido com outra pessoa procurada pela Justi\u00e7a.<\/p>\n<h2 data-section-id=\"sx8c2h\" data-start=\"469\" data-end=\"496\">Deten\u00e7\u00e3o e consequ\u00eancias<\/h2>\n<p data-start=\"498\" data-end=\"965\">Spriestersbach foi abordado enquanto dormia pr\u00f3ximo a um abrigo em <span class=\"hover:entity-accent entity-underline inline cursor-pointer align-baseline\"><span class=\"whitespace-normal\">Honolulu<\/span><\/span>. Desde o in\u00edcio, afirmou que havia um engano, mas suas declara\u00e7\u00f5es n\u00e3o foram consideradas.<\/p>\n<figure id=\"attachment_35680\" aria-describedby=\"caption-attachment-35680\" style=\"width: 2500px\" class=\"wp-caption aligncenter\"><img loading=\"lazy\" decoding=\"async\" class=\"wp-image-35680 size-full\" src=\"https:\/\/cdn.crusoe.com.br\/uploads\/2026\/03\/Joshua-Spriestersbach.jpg\" alt=\"\" width=\"2500\" height=\"1404\" srcset=\"https:\/\/cdn.crusoe.com.br\/uploads\/2026\/03\/Joshua-Spriestersbach.jpg 2500w, https:\/\/cdn.crusoe.com.br\/uploads\/2026\/03\/Joshua-Spriestersbach-300x168.jpg 300w, https:\/\/cdn.crusoe.com.br\/uploads\/2026\/03\/Joshua-Spriestersbach-1024x575.jpg 1024w, https:\/\/cdn.crusoe.com.br\/uploads\/2026\/03\/Joshua-Spriestersbach-768x431.jpg 768w, https:\/\/cdn.crusoe.com.br\/uploads\/2026\/03\/Joshua-Spriestersbach-1536x863.jpg 1536w, https:\/\/cdn.crusoe.com.br\/uploads\/2026\/03\/Joshua-Spriestersbach-2048x1150.jpg 2048w, https:\/\/cdn.crusoe.com.br\/uploads\/2026\/03\/Joshua-Spriestersbach-750x421.jpg 750w, https:\/\/cdn.crusoe.com.br\/uploads\/2026\/03\/Joshua-Spriestersbach-1140x640.jpg 1140w\" sizes=\"auto, (max-width: 2500px) 100vw, 2500px\" \/><figcaption id=\"caption-attachment-35680\" class=\"wp-caption-text\"><strong>Joshua Spriestersbach &#8211; Reprodu\u00e7\u00e3o: Vedanta Griffith via KHNL\/KGMB<\/strong><\/figcaption><\/figure>\n<p data-start=\"498\" data-end=\"965\">Durante o per\u00edodo em que esteve internado em uma institui\u00e7\u00e3o psiqui\u00e1trica, chegou a receber diagn\u00f3stico de del\u00edrios por insistir em sua verdadeira identidade. A corre\u00e7\u00e3o do erro s\u00f3 ocorreu em 2019, quando registros foram revisados.<\/p>\n<h2 data-section-id=\"13n82nz\" data-start=\"967\" data-end=\"984\">Origem do erro<\/h2>\n<p data-start=\"986\" data-end=\"1344\">O problema teve origem anos antes, quando Spriestersbach utilizou o sobrenome de seu av\u00f4 em uma abordagem policial.<\/p>\n<p data-start=\"986\" data-end=\"1344\">Essa informa\u00e7\u00e3o acabou sendo associada a um mandado de pris\u00e3o de outra pessoa. A falha na checagem adequada de dados e a falta de comunica\u00e7\u00e3o entre as autoridades contribu\u00edram para a manuten\u00e7\u00e3o da pris\u00e3o, mesmo diante de ind\u00edcios de equ\u00edvoco.<\/p>\n<h2 data-section-id=\"dca8og\" data-start=\"1346\" data-end=\"1368\">Busca por repara\u00e7\u00e3o<\/h2>\n<p data-start=\"1370\" data-end=\"1699\">Em 2021, ele entrou com uma a\u00e7\u00e3o judicial federal contra o Estado do Hava\u00ed, buscando compensa\u00e7\u00e3o pelos danos sofridos durante o per\u00edodo de deten\u00e7\u00e3o.<\/p>\n<p data-start=\"1370\" data-end=\"1699\">O processo chama aten\u00e7\u00e3o para poss\u00edveis falhas estruturais no sistema de justi\u00e7a e levanta discuss\u00f5es sobre a responsabilidade das autoridades em casos de identifica\u00e7\u00e3o equivocada.<\/p>\n<h2 data-section-id=\"18gu7jb\" data-start=\"1701\" data-end=\"1725\">Impacto e repercuss\u00e3o<\/h2>\n<p data-start=\"1727\" data-end=\"1967\">O caso evidenciou fragilidades nos mecanismos de identifica\u00e7\u00e3o e no tratamento de pessoas sob cust\u00f3dia. Documentos judiciais apontam problemas na comunica\u00e7\u00e3o entre \u00f3rg\u00e3os respons\u00e1veis, o que contribuiu para a prolonga\u00e7\u00e3o indevida da pris\u00e3o.<\/p>\n<p data-start=\"1969\" data-end=\"2236\" data-is-last-node=\"\" data-is-only-node=\"\">A situa\u00e7\u00e3o de Spriestersbach refor\u00e7a a import\u00e2ncia de revis\u00f5es rigorosas em procedimentos de identifica\u00e7\u00e3o e do respeito aos direitos individuais.<\/p>\n<div class=\"flex flex-col text-sm pb-25\">\n<section class=\"text-token-text-primary w-full focus:outline-none [--shadow-height:45px] has-data-writing-block:pointer-events-none has-data-writing-block:-mt-(--shadow-height) has-data-writing-block:pt-(--shadow-height) [&amp;:has([data-writing-block])&gt;*]:pointer-events-auto scroll-mt-[calc(var(--header-height)+min(200px,max(70px,20svh)))]\" dir=\"auto\" data-turn-id=\"request-WEB:de6b8d72-ae43-44d3-8dd7-cd50bafe6fe6-8\" data-testid=\"conversation-turn-18\" data-scroll-anchor=\"true\" data-turn=\"assistant\">\n<div class=\"text-base my-auto mx-auto pb-10 [--thread-content-margin:var(--thread-content-margin-xs,calc(var(--spacing)*4))] @w-sm\/main:[--thread-content-margin:var(--thread-content-margin-sm,calc(var(--spacing)*6))] @w-lg\/main:[--thread-content-margin:var(--thread-content-margin-lg,calc(var(--spacing)*16))] px-(--thread-content-margin)\">\n<div class=\"[--thread-content-max-width:40rem] @w-lg\/main:[--thread-content-max-width:48rem] mx-auto max-w-(--thread-content-max-width) flex-1 group\/turn-messages focus-visible:outline-hidden relative flex w-full min-w-0 flex-col agent-turn\">\n<div class=\"flex max-w-full flex-col gap-4 grow\">\n<div class=\"min-h-8 text-message relative flex w-full flex-col items-end gap-2 text-start break-words whitespace-normal outline-none keyboard-focused:focus-ring [.text-message+&amp;]:mt-1\" dir=\"auto\" data-message-author-role=\"assistant\" data-message-id=\"8abfc335-4705-4e68-b4f4-df93dc58903c\" data-message-model-slug=\"gpt-5-3\" data-turn-start-message=\"true\">\n<div class=\"flex w-full flex-col gap-1 empty:hidden\">\n<div class=\"markdown prose dark:prose-invert w-full wrap-break-word dark markdown-new-styling\">\n<p data-start=\"0\" data-end=\"149\" data-is-last-node=\"\" data-is-only-node=\"\">Spriestersbach\u00a0dever\u00e1 receber cerca de<strong> US$ 975 mil (aproximadamente R$ 5 milh\u00f5es na cota\u00e7\u00e3o atual)<\/strong> em indeniza\u00e7\u00e3o, a ser paga pela cidade e pelo condado de Honolulu.<\/p>\n<\/div>\n<\/div>\n<\/div>\n<\/div>\n<\/div>\n<\/div>\n<\/section>\n<\/div>\n<\/div>\n<\/div>\n<\/div>\n<\/div>\n<\/div>\n<\/div>\n<\/section>\n<\/div>\n","protected":false},"excerpt":{"rendered":"<p>Em 2017, nos Estados Unidos, um erro de identifica\u00e7\u00e3o levou \u00e0 pris\u00e3o indevida de Joshua Spriestersbach, ent\u00e3o com 54 anos. Ele permaneceu detido por cerca de 32 meses, sendo a maior parte desse per\u00edodo, 28 meses, em uma unidade psiqui\u00e1trica. O caso ganhou repercuss\u00e3o por evidenciar falhas no sistema de verifica\u00e7\u00e3o de identidade, j\u00e1 que, [&hellip;]<\/p>\n","protected":false},"author":5,"featured_media":35679,"comment_status":"open","ping_status":"open","sticky":false,"template":"","format":"standard","meta":{"jnews-multi-image_gallery":[],"jnews_single_post":{"subtitle":"","format":"standard","jnews_video_option_group":[[]],"override":[{"template":"2","parallax":"1","fullscreen":"1","layout":"right-sidebar","sidebar":"default-sidebar","second_sidebar":"default-sidebar","sticky_sidebar":"1","share_position":"hide","share_float_style":"share-monocrhome","show_featured":"1","show_post_meta":"1","show_post_author":"1","show_post_date":"1","post_date_format":"default","post_date_format_custom":"Y\/m\/d","show_post_category":"1","show_post_reading_time":"0","post_reading_time_wpm":"300","post_calculate_word_method":"str_word_count","show_zoom_button":"0","zoom_button_out_step":"2","zoom_button_in_step":"3","show_post_tag":"1","show_popup_post":"1","number_popup_post":"1","show_author_box":"1","show_post_related":"0"}],"image_override":[{"single_post_thumbnail_size":"crop-500","single_post_gallery_size":"crop-500"}],"trending_post_position":"meta","trending_post_label":"Trending","sponsored_post_label":"Sponsored by","disable_ad":"0"},"jnews_primary_category":[],"jnews_override_counter":{"view_counter_number":"0","share_counter_number":"0","like_counter_number":"0","dislike_counter_number":"0"},"jnews_post_split":{"post_split":[{"template":"1","tag":"h2","numbering":"asc","mode":"normal","first":"0","enable_toc":"0","toc_type":"normal"}]},"footnotes":""},"categories":[1],"tags":[6763,1958],"class_list":["post-35678","post","type-post","status-publish","format-standard","has-post-thumbnail","hentry","category-geral","tag-joshua-spriestersbach","tag-prisao"],"yoast_head":"<!-- This site is optimized with the Yoast SEO plugin v25.0 - https:\/\/yoast.com\/wordpress\/plugins\/seo\/ -->\n<title>Homem ficou preso por anos sem ser culpado e agora vai receber R$ 5 milh\u00f5es como &quot;desculpa&quot;<\/title>\n<meta name=\"robots\" content=\"index, follow, max-snippet:-1, max-image-preview:large, max-video-preview:-1\" \/>\n<link rel=\"canonical\" href=\"https:\/\/crusoe.audiencelabs.com.br\/homem-ficou-preso-por-anos-sem-ser-culpado-e-agora-vai-receber-r-5-milhoes-como-desculpa\/\" \/>\n<meta property=\"og:locale\" content=\"pt_BR\" \/>\n<meta property=\"og:type\" content=\"article\" \/>\n<meta property=\"og:title\" content=\"Homem ficou preso por anos sem ser culpado e agora vai receber R$ 5 milh\u00f5es como &quot;desculpa&quot;\" \/>\n<meta property=\"og:description\" content=\"Em 2017, nos Estados Unidos, um erro de identifica\u00e7\u00e3o levou \u00e0 pris\u00e3o indevida de Joshua Spriestersbach, ent\u00e3o com 54 anos. Ele permaneceu detido por cerca de 32 meses, sendo a maior parte desse per\u00edodo, 28 meses, em uma unidade psiqui\u00e1trica. O caso ganhou repercuss\u00e3o por evidenciar falhas no sistema de verifica\u00e7\u00e3o de identidade, j\u00e1 que, [&hellip;]\" \/>\n<meta property=\"og:url\" content=\"https:\/\/crusoe.audiencelabs.com.br\/homem-ficou-preso-por-anos-sem-ser-culpado-e-agora-vai-receber-r-5-milhoes-como-desculpa\/\" \/>\n<meta property=\"og:site_name\" content=\"Variedades - Cruso\u00e9\" \/>\n<meta property=\"article:published_time\" content=\"2026-03-30T22:35:46+00:00\" \/>\n<meta name=\"author\" content=\"Milena Armando\" \/>\n<meta name=\"twitter:card\" content=\"summary_large_image\" \/>\n<meta name=\"twitter:label1\" content=\"Escrito por\" \/>\n\t<meta name=\"twitter:data1\" content=\"Milena Armando\" \/>\n\t<meta name=\"twitter:label2\" content=\"Est. tempo de leitura\" \/>\n\t<meta name=\"twitter:data2\" content=\"3 minutos\" \/>\n<script type=\"application\/ld+json\" class=\"yoast-schema-graph\">{\"@context\":\"https:\/\/schema.org\",\"@graph\":[{\"@type\":\"WebPage\",\"@id\":\"https:\/\/crusoe.audiencelabs.com.br\/homem-ficou-preso-por-anos-sem-ser-culpado-e-agora-vai-receber-r-5-milhoes-como-desculpa\/\",\"url\":\"https:\/\/crusoe.audiencelabs.com.br\/homem-ficou-preso-por-anos-sem-ser-culpado-e-agora-vai-receber-r-5-milhoes-como-desculpa\/\",\"name\":\"Homem ficou preso por anos sem ser culpado e agora vai receber R$ 5 milh\u00f5es como \\\"desculpa\\\"\",\"isPartOf\":{\"@id\":\"https:\/\/crusoe.audiencelabs.com.br\/#website\"},\"primaryImageOfPage\":{\"@id\":\"https:\/\/crusoe.audiencelabs.com.br\/homem-ficou-preso-por-anos-sem-ser-culpado-e-agora-vai-receber-r-5-milhoes-como-desculpa\/#primaryimage\"},\"image\":{\"@id\":\"https:\/\/crusoe.audiencelabs.com.br\/homem-ficou-preso-por-anos-sem-ser-culpado-e-agora-vai-receber-r-5-milhoes-como-desculpa\/#primaryimage\"},\"thumbnailUrl\":\"https:\/\/cdn.crusoe.com.br\/uploads\/2026\/03\/tiro-de-foco-seletivo-de-maos-masculinas-algemadas-em-uma-mesa-de-madeira_181624-57683.avif\",\"datePublished\":\"2026-03-30T22:35:46+00:00\",\"author\":{\"@id\":\"https:\/\/crusoe.audiencelabs.com.br\/#\/schema\/person\/f87f73cfe89e5360de2c006bd4bd6a74\"},\"breadcrumb\":{\"@id\":\"https:\/\/crusoe.audiencelabs.com.br\/homem-ficou-preso-por-anos-sem-ser-culpado-e-agora-vai-receber-r-5-milhoes-como-desculpa\/#breadcrumb\"},\"inLanguage\":\"pt-BR\",\"potentialAction\":[{\"@type\":\"ReadAction\",\"target\":[\"https:\/\/crusoe.audiencelabs.com.br\/homem-ficou-preso-por-anos-sem-ser-culpado-e-agora-vai-receber-r-5-milhoes-como-desculpa\/\"]}]},{\"@type\":\"ImageObject\",\"inLanguage\":\"pt-BR\",\"@id\":\"https:\/\/crusoe.audiencelabs.com.br\/homem-ficou-preso-por-anos-sem-ser-culpado-e-agora-vai-receber-r-5-milhoes-como-desculpa\/#primaryimage\",\"url\":\"https:\/\/cdn.crusoe.com.br\/uploads\/2026\/03\/tiro-de-foco-seletivo-de-maos-masculinas-algemadas-em-uma-mesa-de-madeira_181624-57683.avif\",\"contentUrl\":\"https:\/\/cdn.crusoe.com.br\/uploads\/2026\/03\/tiro-de-foco-seletivo-de-maos-masculinas-algemadas-em-uma-mesa-de-madeira_181624-57683.avif\",\"width\":740,\"height\":493,\"caption\":\"Reprodu\u00e7\u00e3o: Freepik\"},{\"@type\":\"BreadcrumbList\",\"@id\":\"https:\/\/crusoe.audiencelabs.com.br\/homem-ficou-preso-por-anos-sem-ser-culpado-e-agora-vai-receber-r-5-milhoes-como-desculpa\/#breadcrumb\",\"itemListElement\":[{\"@type\":\"ListItem\",\"position\":1,\"name\":\"Home\",\"item\":\"https:\/\/crusoe.audiencelabs.com.br\/\"},{\"@type\":\"ListItem\",\"position\":2,\"name\":\"Homem ficou preso por anos sem ser culpado e agora vai receber R$ 5 milh\u00f5es como &#8220;desculpa&#8221;\"}]},{\"@type\":\"WebSite\",\"@id\":\"https:\/\/crusoe.audiencelabs.com.br\/#website\",\"url\":\"https:\/\/crusoe.audiencelabs.com.br\/\",\"name\":\"Variedades - Cruso\u00e9\",\"description\":\"\",\"potentialAction\":[{\"@type\":\"SearchAction\",\"target\":{\"@type\":\"EntryPoint\",\"urlTemplate\":\"https:\/\/crusoe.audiencelabs.com.br\/?s={search_term_string}\"},\"query-input\":{\"@type\":\"PropertyValueSpecification\",\"valueRequired\":true,\"valueName\":\"search_term_string\"}}],\"inLanguage\":\"pt-BR\"},{\"@type\":\"Person\",\"@id\":\"https:\/\/crusoe.audiencelabs.com.br\/#\/schema\/person\/f87f73cfe89e5360de2c006bd4bd6a74\",\"name\":\"Milena Armando\",\"image\":{\"@type\":\"ImageObject\",\"inLanguage\":\"pt-BR\",\"@id\":\"https:\/\/crusoe.audiencelabs.com.br\/#\/schema\/person\/image\/\",\"url\":\"https:\/\/secure.gravatar.com\/avatar\/ea14ecddc9e9d202b698b18f9f69e09c9fd74cfbed5c6008d55f11faefdbdab7?s=96&d=mm&r=g\",\"contentUrl\":\"https:\/\/secure.gravatar.com\/avatar\/ea14ecddc9e9d202b698b18f9f69e09c9fd74cfbed5c6008d55f11faefdbdab7?s=96&d=mm&r=g\",\"caption\":\"Milena Armando\"},\"description\":\"Jornalista, redatora e revisora.\",\"url\":\"https:\/\/crusoe.audiencelabs.com.br\/author\/milena\/\"}]}<\/script>\n<!-- \/ Yoast SEO plugin. -->","yoast_head_json":{"title":"Homem ficou preso por anos sem ser culpado e agora vai receber R$ 5 milh\u00f5es como \"desculpa\"","robots":{"index":"index","follow":"follow","max-snippet":"max-snippet:-1","max-image-preview":"max-image-preview:large","max-video-preview":"max-video-preview:-1"},"canonical":"https:\/\/crusoe.audiencelabs.com.br\/homem-ficou-preso-por-anos-sem-ser-culpado-e-agora-vai-receber-r-5-milhoes-como-desculpa\/","og_locale":"pt_BR","og_type":"article","og_title":"Homem ficou preso por anos sem ser culpado e agora vai receber R$ 5 milh\u00f5es como \"desculpa\"","og_description":"Em 2017, nos Estados Unidos, um erro de identifica\u00e7\u00e3o levou \u00e0 pris\u00e3o indevida de Joshua Spriestersbach, ent\u00e3o com 54 anos. Ele permaneceu detido por cerca de 32 meses, sendo a maior parte desse per\u00edodo, 28 meses, em uma unidade psiqui\u00e1trica. O caso ganhou repercuss\u00e3o por evidenciar falhas no sistema de verifica\u00e7\u00e3o de identidade, j\u00e1 que, [&hellip;]","og_url":"https:\/\/crusoe.audiencelabs.com.br\/homem-ficou-preso-por-anos-sem-ser-culpado-e-agora-vai-receber-r-5-milhoes-como-desculpa\/","og_site_name":"Variedades - Cruso\u00e9","article_published_time":"2026-03-30T22:35:46+00:00","author":"Milena Armando","twitter_card":"summary_large_image","twitter_misc":{"Escrito por":"Milena Armando","Est. tempo de leitura":"3 minutos"},"schema":{"@context":"https:\/\/schema.org","@graph":[{"@type":"WebPage","@id":"https:\/\/crusoe.audiencelabs.com.br\/homem-ficou-preso-por-anos-sem-ser-culpado-e-agora-vai-receber-r-5-milhoes-como-desculpa\/","url":"https:\/\/crusoe.audiencelabs.com.br\/homem-ficou-preso-por-anos-sem-ser-culpado-e-agora-vai-receber-r-5-milhoes-como-desculpa\/","name":"Homem ficou preso por anos sem ser culpado e agora vai receber R$ 5 milh\u00f5es como \"desculpa\"","isPartOf":{"@id":"https:\/\/crusoe.audiencelabs.com.br\/#website"},"primaryImageOfPage":{"@id":"https:\/\/crusoe.audiencelabs.com.br\/homem-ficou-preso-por-anos-sem-ser-culpado-e-agora-vai-receber-r-5-milhoes-como-desculpa\/#primaryimage"},"image":{"@id":"https:\/\/crusoe.audiencelabs.com.br\/homem-ficou-preso-por-anos-sem-ser-culpado-e-agora-vai-receber-r-5-milhoes-como-desculpa\/#primaryimage"},"thumbnailUrl":"https:\/\/cdn.crusoe.com.br\/uploads\/2026\/03\/tiro-de-foco-seletivo-de-maos-masculinas-algemadas-em-uma-mesa-de-madeira_181624-57683.avif","datePublished":"2026-03-30T22:35:46+00:00","author":{"@id":"https:\/\/crusoe.audiencelabs.com.br\/#\/schema\/person\/f87f73cfe89e5360de2c006bd4bd6a74"},"breadcrumb":{"@id":"https:\/\/crusoe.audiencelabs.com.br\/homem-ficou-preso-por-anos-sem-ser-culpado-e-agora-vai-receber-r-5-milhoes-como-desculpa\/#breadcrumb"},"inLanguage":"pt-BR","potentialAction":[{"@type":"ReadAction","target":["https:\/\/crusoe.audiencelabs.com.br\/homem-ficou-preso-por-anos-sem-ser-culpado-e-agora-vai-receber-r-5-milhoes-como-desculpa\/"]}]},{"@type":"ImageObject","inLanguage":"pt-BR","@id":"https:\/\/crusoe.audiencelabs.com.br\/homem-ficou-preso-por-anos-sem-ser-culpado-e-agora-vai-receber-r-5-milhoes-como-desculpa\/#primaryimage","url":"https:\/\/cdn.crusoe.com.br\/uploads\/2026\/03\/tiro-de-foco-seletivo-de-maos-masculinas-algemadas-em-uma-mesa-de-madeira_181624-57683.avif","contentUrl":"https:\/\/cdn.crusoe.com.br\/uploads\/2026\/03\/tiro-de-foco-seletivo-de-maos-masculinas-algemadas-em-uma-mesa-de-madeira_181624-57683.avif","width":740,"height":493,"caption":"Reprodu\u00e7\u00e3o: Freepik"},{"@type":"BreadcrumbList","@id":"https:\/\/crusoe.audiencelabs.com.br\/homem-ficou-preso-por-anos-sem-ser-culpado-e-agora-vai-receber-r-5-milhoes-como-desculpa\/#breadcrumb","itemListElement":[{"@type":"ListItem","position":1,"name":"Home","item":"https:\/\/crusoe.audiencelabs.com.br\/"},{"@type":"ListItem","position":2,"name":"Homem ficou preso por anos sem ser culpado e agora vai receber R$ 5 milh\u00f5es como &#8220;desculpa&#8221;"}]},{"@type":"WebSite","@id":"https:\/\/crusoe.audiencelabs.com.br\/#website","url":"https:\/\/crusoe.audiencelabs.com.br\/","name":"Variedades - Cruso\u00e9","description":"","potentialAction":[{"@type":"SearchAction","target":{"@type":"EntryPoint","urlTemplate":"https:\/\/crusoe.audiencelabs.com.br\/?s={search_term_string}"},"query-input":{"@type":"PropertyValueSpecification","valueRequired":true,"valueName":"search_term_string"}}],"inLanguage":"pt-BR"},{"@type":"Person","@id":"https:\/\/crusoe.audiencelabs.com.br\/#\/schema\/person\/f87f73cfe89e5360de2c006bd4bd6a74","name":"Milena Armando","image":{"@type":"ImageObject","inLanguage":"pt-BR","@id":"https:\/\/crusoe.audiencelabs.com.br\/#\/schema\/person\/image\/","url":"https:\/\/secure.gravatar.com\/avatar\/ea14ecddc9e9d202b698b18f9f69e09c9fd74cfbed5c6008d55f11faefdbdab7?s=96&d=mm&r=g","contentUrl":"https:\/\/secure.gravatar.com\/avatar\/ea14ecddc9e9d202b698b18f9f69e09c9fd74cfbed5c6008d55f11faefdbdab7?s=96&d=mm&r=g","caption":"Milena Armando"},"description":"Jornalista, redatora e revisora.","url":"https:\/\/crusoe.audiencelabs.com.br\/author\/milena\/"}]}},"_links":{"self":[{"href":"https:\/\/crusoe.audiencelabs.com.br\/wp-json\/wp\/v2\/posts\/35678","targetHints":{"allow":["GET"]}}],"collection":[{"href":"https:\/\/crusoe.audiencelabs.com.br\/wp-json\/wp\/v2\/posts"}],"about":[{"href":"https:\/\/crusoe.audiencelabs.com.br\/wp-json\/wp\/v2\/types\/post"}],"author":[{"embeddable":true,"href":"https:\/\/crusoe.audiencelabs.com.br\/wp-json\/wp\/v2\/users\/5"}],"replies":[{"embeddable":true,"href":"https:\/\/crusoe.audiencelabs.com.br\/wp-json\/wp\/v2\/comments?post=35678"}],"version-history":[{"count":3,"href":"https:\/\/crusoe.audiencelabs.com.br\/wp-json\/wp\/v2\/posts\/35678\/revisions"}],"predecessor-version":[{"id":35683,"href":"https:\/\/crusoe.audiencelabs.com.br\/wp-json\/wp\/v2\/posts\/35678\/revisions\/35683"}],"wp:featuredmedia":[{"embeddable":true,"href":"https:\/\/crusoe.audiencelabs.com.br\/wp-json\/wp\/v2\/media\/35679"}],"wp:attachment":[{"href":"https:\/\/crusoe.audiencelabs.com.br\/wp-json\/wp\/v2\/media?parent=35678"}],"wp:term":[{"taxonomy":"category","embeddable":true,"href":"https:\/\/crusoe.audiencelabs.com.br\/wp-json\/wp\/v2\/categories?post=35678"},{"taxonomy":"post_tag","embeddable":true,"href":"https:\/\/crusoe.audiencelabs.com.br\/wp-json\/wp\/v2\/tags?post=35678"}],"curies":[{"name":"wp","href":"https:\/\/api.w.org\/{rel}","templated":true}]}}