{"id":35673,"date":"2026-03-30T19:01:57","date_gmt":"2026-03-30T22:01:57","guid":{"rendered":"https:\/\/crusoe.audiencelabs.com.br\/?p=35673"},"modified":"2026-03-30T07:41:39","modified_gmt":"2026-03-30T10:41:39","slug":"trump-indica-qual-pais-pode-ser-o-proximo-alvo-dos-estados-unidos","status":"publish","type":"post","link":"https:\/\/crusoe.audiencelabs.com.br\/trump-indica-qual-pais-pode-ser-o-proximo-alvo-dos-estados-unidos\/","title":{"rendered":"Trump indica qual pa\u00eds pode ser o pr\u00f3ximo alvo dos Estados Unidos"},"content":{"rendered":"<p data-start=\"0\" data-end=\"417\">O presidente dos Estados Unidos, <strong>Donald Trump<\/strong>, gerou repercuss\u00e3o ao afirmar que \u201c<strong>Cuba \u00e9 a pr\u00f3xima\u201d<\/strong> durante um discurso realizado em Miami, na Fl\u00f3rida.<\/p>\n<p data-start=\"0\" data-end=\"417\">A declara\u00e7\u00e3o ocorreu em um f\u00f3rum de investimentos, no qual o presidente destacou a\u00e7\u00f5es recentes dos EUA em outros pa\u00edses, como a <strong>Venezuela<\/strong>, e sugeriu, sem detalhar, a possibilidade de medidas semelhantes em rela\u00e7\u00e3o \u00e0 ilha caribenha.<\/p>\n<p data-start=\"419\" data-end=\"790\">Ao longo do discurso, Trump voltou a enfatizar o poder militar norte-americano, indicando que, em determinadas situa\u00e7\u00f5es, seu uso poderia ser necess\u00e1rio.<\/p>\n<h2 data-section-id=\"dgu7ns\" data-start=\"792\" data-end=\"837\">Crise econ\u00f4mica e negocia\u00e7\u00f5es em andamento<\/h2>\n<p data-start=\"839\" data-end=\"1126\">A declara\u00e7\u00e3o ocorre em meio a um cen\u00e1rio de crise econ\u00f4mica em Cuba. O pa\u00eds enfrenta <a href=\"https:\/\/crusoe.audiencelabs.com.br\/apos-crise-no-combustivel-populacao-comecou-a-usar-carro-movido-a-carvao-em-todo-este-pais\/\">dificuldades no abastecimento de energia,<\/a> agravadas pela redu\u00e7\u00e3o no fornecimento de petr\u00f3leo, o que tem provocado apag\u00f5es e impactos na atividade econ\u00f4mica.<\/p>\n<p data-start=\"1128\" data-end=\"1468\">Paralelamente, autoridades dos dois pa\u00edses mant\u00eam conversas nas \u00faltimas semanas, na tentativa de encontrar caminhos diplom\u00e1ticos para lidar com a situa\u00e7\u00e3o.<\/p>\n<p data-start=\"1128\" data-end=\"1468\">Trump j\u00e1 indicou anteriormente que h\u00e1 negocia\u00e7\u00f5es em curso, o que sinaliza a coexist\u00eancia de press\u00e3o pol\u00edtica com tentativas de di\u00e1logo.<\/p>\n<h2 data-section-id=\"rzgxl\" data-start=\"1470\" data-end=\"1516\">Discurso e incertezas sobre pr\u00f3ximos passos<\/h2>\n<p data-start=\"1518\" data-end=\"1881\">Embora o presidente norte-americano tenha sugerido uma poss\u00edvel a\u00e7\u00e3o futura, n\u00e3o foram apresentados detalhes sobre eventuais medidas.<\/p>\n<p data-start=\"1518\" data-end=\"1881\">Em ocasi\u00f5es recentes, Trump tamb\u00e9m mencionou a possibilidade de diferentes abordagens, incluindo solu\u00e7\u00f5es negociadas, o que refor\u00e7a o car\u00e1ter ainda indefinido da estrat\u00e9gia em rela\u00e7\u00e3o a Cuba.<\/p>\n<p data-start=\"1883\" data-end=\"2068\">Analistas avaliam que declara\u00e7\u00f5es desse tipo podem funcionar como instrumento de press\u00e3o pol\u00edtica e diplom\u00e1tica, especialmente em um contexto de fragilidade econ\u00f4mica do pa\u00eds caribenho.<\/p>\n<h2 data-section-id=\"wfzaci\" data-start=\"2070\" data-end=\"2098\">Repercuss\u00e3o internacional<\/h2>\n<p data-start=\"2100\" data-end=\"2339\">A fala repercutiu entre investidores e governos, que acompanham com cautela os desdobramentos. H\u00e1 preocupa\u00e7\u00e3o de que uma escalada de tens\u00f5es possa afetar a estabilidade regional e impactar mercados, especialmente aqueles ligados ao Caribe.<\/p>\n<p data-start=\"2341\" data-end=\"2589\">At\u00e9 o momento, n\u00e3o h\u00e1 indica\u00e7\u00e3o de a\u00e7\u00f5es, mas o cen\u00e1rio segue em observa\u00e7\u00e3o. A combina\u00e7\u00e3o de crise interna em Cuba, press\u00e3o externa e negocia\u00e7\u00f5es em andamento mant\u00e9m a situa\u00e7\u00e3o aberta, com diferentes possibilidades para os pr\u00f3ximos meses.<\/p>\n","protected":false},"excerpt":{"rendered":"<p>O presidente dos Estados Unidos, Donald Trump, gerou repercuss\u00e3o ao afirmar que \u201cCuba \u00e9 a pr\u00f3xima\u201d durante um discurso realizado em Miami, na Fl\u00f3rida. A declara\u00e7\u00e3o ocorreu em um f\u00f3rum de investimentos, no qual o presidente destacou a\u00e7\u00f5es recentes dos EUA em outros pa\u00edses, como a Venezuela, e sugeriu, sem detalhar, a possibilidade de medidas [&hellip;]<\/p>\n","protected":false},"author":5,"featured_media":35674,"comment_status":"open","ping_status":"open","sticky":false,"template":"","format":"standard","meta":{"jnews-multi-image_gallery":[],"jnews_single_post":{"subtitle":"","format":"standard","jnews_video_option_group":[[]],"override":[{"template":"2","parallax":"1","fullscreen":"1","layout":"right-sidebar","sidebar":"default-sidebar","second_sidebar":"default-sidebar","sticky_sidebar":"1","share_position":"hide","share_float_style":"share-monocrhome","show_featured":"1","show_post_meta":"1","show_post_author":"1","show_post_date":"1","post_date_format":"default","post_date_format_custom":"Y\/m\/d","show_post_category":"1","show_post_reading_time":"0","post_reading_time_wpm":"300","post_calculate_word_method":"str_word_count","show_zoom_button":"0","zoom_button_out_step":"2","zoom_button_in_step":"3","show_post_tag":"1","show_popup_post":"1","number_popup_post":"1","show_author_box":"1","show_post_related":"0"}],"image_override":[{"single_post_thumbnail_size":"crop-500","single_post_gallery_size":"crop-500"}],"trending_post_position":"meta","trending_post_label":"Trending","sponsored_post_label":"Sponsored by","disable_ad":"0"},"jnews_primary_category":[],"jnews_override_counter":{"view_counter_number":"0","share_counter_number":"0","like_counter_number":"0","dislike_counter_number":"0"},"jnews_post_split":{"post_split":[{"template":"1","tag":"h2","numbering":"asc","mode":"normal","first":"0","enable_toc":"0","toc_type":"normal"}]},"footnotes":""},"categories":[1],"tags":[1994,71,1259,1373],"class_list":["post-35673","post","type-post","status-publish","format-standard","has-post-thumbnail","hentry","category-geral","tag-cuba","tag-estados-unidos","tag-trump","tag-venezuela"],"yoast_head":"<!-- This site is optimized with the Yoast SEO plugin v25.0 - https:\/\/yoast.com\/wordpress\/plugins\/seo\/ -->\n<title>Trump indica qual pa\u00eds pode ser o pr\u00f3ximo alvo dos Estados Unidos<\/title>\n<meta name=\"robots\" content=\"index, follow, max-snippet:-1, max-image-preview:large, max-video-preview:-1\" \/>\n<link rel=\"canonical\" href=\"https:\/\/crusoe.audiencelabs.com.br\/trump-indica-qual-pais-pode-ser-o-proximo-alvo-dos-estados-unidos\/\" \/>\n<meta property=\"og:locale\" content=\"pt_BR\" \/>\n<meta property=\"og:type\" content=\"article\" \/>\n<meta property=\"og:title\" content=\"Trump indica qual pa\u00eds pode ser o pr\u00f3ximo alvo dos Estados Unidos\" \/>\n<meta property=\"og:description\" content=\"O presidente dos Estados Unidos, Donald Trump, gerou repercuss\u00e3o ao afirmar que \u201cCuba \u00e9 a pr\u00f3xima\u201d durante um discurso realizado em Miami, na Fl\u00f3rida. A declara\u00e7\u00e3o ocorreu em um f\u00f3rum de investimentos, no qual o presidente destacou a\u00e7\u00f5es recentes dos EUA em outros pa\u00edses, como a Venezuela, e sugeriu, sem detalhar, a possibilidade de medidas [&hellip;]\" \/>\n<meta property=\"og:url\" content=\"https:\/\/crusoe.audiencelabs.com.br\/trump-indica-qual-pais-pode-ser-o-proximo-alvo-dos-estados-unidos\/\" \/>\n<meta property=\"og:site_name\" content=\"Variedades - Cruso\u00e9\" \/>\n<meta property=\"article:published_time\" content=\"2026-03-30T22:01:57+00:00\" \/>\n<meta property=\"og:image\" content=\"https:\/\/cdn.crusoe.com.br\/uploads\/2026\/03\/washington-dc-usa-april-7-600nw-2609091587.webp\" \/>\n\t<meta property=\"og:image:width\" content=\"600\" \/>\n\t<meta property=\"og:image:height\" content=\"419\" \/>\n\t<meta property=\"og:image:type\" content=\"image\/webp\" \/>\n<meta name=\"author\" content=\"Milena Armando\" \/>\n<meta name=\"twitter:card\" content=\"summary_large_image\" \/>\n<meta name=\"twitter:label1\" content=\"Escrito por\" \/>\n\t<meta name=\"twitter:data1\" content=\"Milena Armando\" \/>\n\t<meta name=\"twitter:label2\" content=\"Est. tempo de leitura\" \/>\n\t<meta name=\"twitter:data2\" content=\"2 minutos\" \/>\n<script type=\"application\/ld+json\" class=\"yoast-schema-graph\">{\"@context\":\"https:\/\/schema.org\",\"@graph\":[{\"@type\":\"WebPage\",\"@id\":\"https:\/\/crusoe.audiencelabs.com.br\/trump-indica-qual-pais-pode-ser-o-proximo-alvo-dos-estados-unidos\/\",\"url\":\"https:\/\/crusoe.audiencelabs.com.br\/trump-indica-qual-pais-pode-ser-o-proximo-alvo-dos-estados-unidos\/\",\"name\":\"Trump indica qual pa\u00eds pode ser o pr\u00f3ximo alvo dos Estados Unidos\",\"isPartOf\":{\"@id\":\"https:\/\/crusoe.audiencelabs.com.br\/#website\"},\"primaryImageOfPage\":{\"@id\":\"https:\/\/crusoe.audiencelabs.com.br\/trump-indica-qual-pais-pode-ser-o-proximo-alvo-dos-estados-unidos\/#primaryimage\"},\"image\":{\"@id\":\"https:\/\/crusoe.audiencelabs.com.br\/trump-indica-qual-pais-pode-ser-o-proximo-alvo-dos-estados-unidos\/#primaryimage\"},\"thumbnailUrl\":\"https:\/\/cdn.crusoe.com.br\/uploads\/2026\/03\/washington-dc-usa-april-7-600nw-2609091587.webp\",\"datePublished\":\"2026-03-30T22:01:57+00:00\",\"author\":{\"@id\":\"https:\/\/crusoe.audiencelabs.com.br\/#\/schema\/person\/f87f73cfe89e5360de2c006bd4bd6a74\"},\"breadcrumb\":{\"@id\":\"https:\/\/crusoe.audiencelabs.com.br\/trump-indica-qual-pais-pode-ser-o-proximo-alvo-dos-estados-unidos\/#breadcrumb\"},\"inLanguage\":\"pt-BR\",\"potentialAction\":[{\"@type\":\"ReadAction\",\"target\":[\"https:\/\/crusoe.audiencelabs.com.br\/trump-indica-qual-pais-pode-ser-o-proximo-alvo-dos-estados-unidos\/\"]}]},{\"@type\":\"ImageObject\",\"inLanguage\":\"pt-BR\",\"@id\":\"https:\/\/crusoe.audiencelabs.com.br\/trump-indica-qual-pais-pode-ser-o-proximo-alvo-dos-estados-unidos\/#primaryimage\",\"url\":\"https:\/\/cdn.crusoe.com.br\/uploads\/2026\/03\/washington-dc-usa-april-7-600nw-2609091587.webp\",\"contentUrl\":\"https:\/\/cdn.crusoe.com.br\/uploads\/2026\/03\/washington-dc-usa-april-7-600nw-2609091587.webp\",\"width\":600,\"height\":419,\"caption\":\"Reprodu\u00e7\u00e3o: Shutterstock\/Noamgalai\"},{\"@type\":\"BreadcrumbList\",\"@id\":\"https:\/\/crusoe.audiencelabs.com.br\/trump-indica-qual-pais-pode-ser-o-proximo-alvo-dos-estados-unidos\/#breadcrumb\",\"itemListElement\":[{\"@type\":\"ListItem\",\"position\":1,\"name\":\"Home\",\"item\":\"https:\/\/crusoe.audiencelabs.com.br\/\"},{\"@type\":\"ListItem\",\"position\":2,\"name\":\"Trump indica qual pa\u00eds pode ser o pr\u00f3ximo alvo dos Estados Unidos\"}]},{\"@type\":\"WebSite\",\"@id\":\"https:\/\/crusoe.audiencelabs.com.br\/#website\",\"url\":\"https:\/\/crusoe.audiencelabs.com.br\/\",\"name\":\"Variedades - Cruso\u00e9\",\"description\":\"\",\"potentialAction\":[{\"@type\":\"SearchAction\",\"target\":{\"@type\":\"EntryPoint\",\"urlTemplate\":\"https:\/\/crusoe.audiencelabs.com.br\/?s={search_term_string}\"},\"query-input\":{\"@type\":\"PropertyValueSpecification\",\"valueRequired\":true,\"valueName\":\"search_term_string\"}}],\"inLanguage\":\"pt-BR\"},{\"@type\":\"Person\",\"@id\":\"https:\/\/crusoe.audiencelabs.com.br\/#\/schema\/person\/f87f73cfe89e5360de2c006bd4bd6a74\",\"name\":\"Milena Armando\",\"image\":{\"@type\":\"ImageObject\",\"inLanguage\":\"pt-BR\",\"@id\":\"https:\/\/crusoe.audiencelabs.com.br\/#\/schema\/person\/image\/\",\"url\":\"https:\/\/secure.gravatar.com\/avatar\/ea14ecddc9e9d202b698b18f9f69e09c9fd74cfbed5c6008d55f11faefdbdab7?s=96&d=mm&r=g\",\"contentUrl\":\"https:\/\/secure.gravatar.com\/avatar\/ea14ecddc9e9d202b698b18f9f69e09c9fd74cfbed5c6008d55f11faefdbdab7?s=96&d=mm&r=g\",\"caption\":\"Milena Armando\"},\"description\":\"Jornalista, redatora e revisora.\",\"url\":\"https:\/\/crusoe.audiencelabs.com.br\/author\/milena\/\"}]}<\/script>\n<!-- \/ Yoast SEO plugin. -->","yoast_head_json":{"title":"Trump indica qual pa\u00eds pode ser o pr\u00f3ximo alvo dos Estados Unidos","robots":{"index":"index","follow":"follow","max-snippet":"max-snippet:-1","max-image-preview":"max-image-preview:large","max-video-preview":"max-video-preview:-1"},"canonical":"https:\/\/crusoe.audiencelabs.com.br\/trump-indica-qual-pais-pode-ser-o-proximo-alvo-dos-estados-unidos\/","og_locale":"pt_BR","og_type":"article","og_title":"Trump indica qual pa\u00eds pode ser o pr\u00f3ximo alvo dos Estados Unidos","og_description":"O presidente dos Estados Unidos, Donald Trump, gerou repercuss\u00e3o ao afirmar que \u201cCuba \u00e9 a pr\u00f3xima\u201d durante um discurso realizado em Miami, na Fl\u00f3rida. A declara\u00e7\u00e3o ocorreu em um f\u00f3rum de investimentos, no qual o presidente destacou a\u00e7\u00f5es recentes dos EUA em outros pa\u00edses, como a Venezuela, e sugeriu, sem detalhar, a possibilidade de medidas [&hellip;]","og_url":"https:\/\/crusoe.audiencelabs.com.br\/trump-indica-qual-pais-pode-ser-o-proximo-alvo-dos-estados-unidos\/","og_site_name":"Variedades - Cruso\u00e9","article_published_time":"2026-03-30T22:01:57+00:00","og_image":[{"width":600,"height":419,"url":"https:\/\/cdn.crusoe.com.br\/uploads\/2026\/03\/washington-dc-usa-april-7-600nw-2609091587.webp","type":"image\/webp"}],"author":"Milena Armando","twitter_card":"summary_large_image","twitter_misc":{"Escrito por":"Milena Armando","Est. tempo de leitura":"2 minutos"},"schema":{"@context":"https:\/\/schema.org","@graph":[{"@type":"WebPage","@id":"https:\/\/crusoe.audiencelabs.com.br\/trump-indica-qual-pais-pode-ser-o-proximo-alvo-dos-estados-unidos\/","url":"https:\/\/crusoe.audiencelabs.com.br\/trump-indica-qual-pais-pode-ser-o-proximo-alvo-dos-estados-unidos\/","name":"Trump indica qual pa\u00eds pode ser o pr\u00f3ximo alvo dos Estados Unidos","isPartOf":{"@id":"https:\/\/crusoe.audiencelabs.com.br\/#website"},"primaryImageOfPage":{"@id":"https:\/\/crusoe.audiencelabs.com.br\/trump-indica-qual-pais-pode-ser-o-proximo-alvo-dos-estados-unidos\/#primaryimage"},"image":{"@id":"https:\/\/crusoe.audiencelabs.com.br\/trump-indica-qual-pais-pode-ser-o-proximo-alvo-dos-estados-unidos\/#primaryimage"},"thumbnailUrl":"https:\/\/cdn.crusoe.com.br\/uploads\/2026\/03\/washington-dc-usa-april-7-600nw-2609091587.webp","datePublished":"2026-03-30T22:01:57+00:00","author":{"@id":"https:\/\/crusoe.audiencelabs.com.br\/#\/schema\/person\/f87f73cfe89e5360de2c006bd4bd6a74"},"breadcrumb":{"@id":"https:\/\/crusoe.audiencelabs.com.br\/trump-indica-qual-pais-pode-ser-o-proximo-alvo-dos-estados-unidos\/#breadcrumb"},"inLanguage":"pt-BR","potentialAction":[{"@type":"ReadAction","target":["https:\/\/crusoe.audiencelabs.com.br\/trump-indica-qual-pais-pode-ser-o-proximo-alvo-dos-estados-unidos\/"]}]},{"@type":"ImageObject","inLanguage":"pt-BR","@id":"https:\/\/crusoe.audiencelabs.com.br\/trump-indica-qual-pais-pode-ser-o-proximo-alvo-dos-estados-unidos\/#primaryimage","url":"https:\/\/cdn.crusoe.com.br\/uploads\/2026\/03\/washington-dc-usa-april-7-600nw-2609091587.webp","contentUrl":"https:\/\/cdn.crusoe.com.br\/uploads\/2026\/03\/washington-dc-usa-april-7-600nw-2609091587.webp","width":600,"height":419,"caption":"Reprodu\u00e7\u00e3o: Shutterstock\/Noamgalai"},{"@type":"BreadcrumbList","@id":"https:\/\/crusoe.audiencelabs.com.br\/trump-indica-qual-pais-pode-ser-o-proximo-alvo-dos-estados-unidos\/#breadcrumb","itemListElement":[{"@type":"ListItem","position":1,"name":"Home","item":"https:\/\/crusoe.audiencelabs.com.br\/"},{"@type":"ListItem","position":2,"name":"Trump indica qual pa\u00eds pode ser o pr\u00f3ximo alvo dos Estados Unidos"}]},{"@type":"WebSite","@id":"https:\/\/crusoe.audiencelabs.com.br\/#website","url":"https:\/\/crusoe.audiencelabs.com.br\/","name":"Variedades - Cruso\u00e9","description":"","potentialAction":[{"@type":"SearchAction","target":{"@type":"EntryPoint","urlTemplate":"https:\/\/crusoe.audiencelabs.com.br\/?s={search_term_string}"},"query-input":{"@type":"PropertyValueSpecification","valueRequired":true,"valueName":"search_term_string"}}],"inLanguage":"pt-BR"},{"@type":"Person","@id":"https:\/\/crusoe.audiencelabs.com.br\/#\/schema\/person\/f87f73cfe89e5360de2c006bd4bd6a74","name":"Milena Armando","image":{"@type":"ImageObject","inLanguage":"pt-BR","@id":"https:\/\/crusoe.audiencelabs.com.br\/#\/schema\/person\/image\/","url":"https:\/\/secure.gravatar.com\/avatar\/ea14ecddc9e9d202b698b18f9f69e09c9fd74cfbed5c6008d55f11faefdbdab7?s=96&d=mm&r=g","contentUrl":"https:\/\/secure.gravatar.com\/avatar\/ea14ecddc9e9d202b698b18f9f69e09c9fd74cfbed5c6008d55f11faefdbdab7?s=96&d=mm&r=g","caption":"Milena Armando"},"description":"Jornalista, redatora e revisora.","url":"https:\/\/crusoe.audiencelabs.com.br\/author\/milena\/"}]}},"_links":{"self":[{"href":"https:\/\/crusoe.audiencelabs.com.br\/wp-json\/wp\/v2\/posts\/35673","targetHints":{"allow":["GET"]}}],"collection":[{"href":"https:\/\/crusoe.audiencelabs.com.br\/wp-json\/wp\/v2\/posts"}],"about":[{"href":"https:\/\/crusoe.audiencelabs.com.br\/wp-json\/wp\/v2\/types\/post"}],"author":[{"embeddable":true,"href":"https:\/\/crusoe.audiencelabs.com.br\/wp-json\/wp\/v2\/users\/5"}],"replies":[{"embeddable":true,"href":"https:\/\/crusoe.audiencelabs.com.br\/wp-json\/wp\/v2\/comments?post=35673"}],"version-history":[{"count":3,"href":"https:\/\/crusoe.audiencelabs.com.br\/wp-json\/wp\/v2\/posts\/35673\/revisions"}],"predecessor-version":[{"id":35677,"href":"https:\/\/crusoe.audiencelabs.com.br\/wp-json\/wp\/v2\/posts\/35673\/revisions\/35677"}],"wp:featuredmedia":[{"embeddable":true,"href":"https:\/\/crusoe.audiencelabs.com.br\/wp-json\/wp\/v2\/media\/35674"}],"wp:attachment":[{"href":"https:\/\/crusoe.audiencelabs.com.br\/wp-json\/wp\/v2\/media?parent=35673"}],"wp:term":[{"taxonomy":"category","embeddable":true,"href":"https:\/\/crusoe.audiencelabs.com.br\/wp-json\/wp\/v2\/categories?post=35673"},{"taxonomy":"post_tag","embeddable":true,"href":"https:\/\/crusoe.audiencelabs.com.br\/wp-json\/wp\/v2\/tags?post=35673"}],"curies":[{"name":"wp","href":"https:\/\/api.w.org\/{rel}","templated":true}]}}