{"id":35612,"date":"2026-04-03T10:37:34","date_gmt":"2026-04-03T13:37:34","guid":{"rendered":"https:\/\/crusoe.audiencelabs.com.br\/?p=35612"},"modified":"2026-04-02T16:17:56","modified_gmt":"2026-04-02T19:17:56","slug":"o-que-a-ciencia-realmente-diz-sobre-pessoas-com-olhos-verdes-e-azuis","status":"publish","type":"post","link":"https:\/\/crusoe.audiencelabs.com.br\/o-que-a-ciencia-realmente-diz-sobre-pessoas-com-olhos-verdes-e-azuis\/","title":{"rendered":"O que a ci\u00eancia realmente diz sobre pessoas com olhos verdes e azuis"},"content":{"rendered":"<p>Os olhos s\u00e3o considerados por muitos como uma das partes mais belas e chamativas do corpo, especialmente o verde e o azul, cores mais raras e muito diferentes do castanho, a colora\u00e7\u00e3o mais comum, mas o que provoca essa diferen\u00e7a? Acontece que a ci\u00eancia descobriu que o motivo seria uma muta\u00e7\u00e3o gen\u00e9tica rara que aconteceu anos atr\u00e1s.<\/p>\n<p>O pesquisador dinamarqu\u00eas Hans Eiberg descobriu, enquanto realizava um estudo em 2008, que os genes respons\u00e1veis pelos olhos azuis apareceram h\u00e1 relativamente pouco tempo.<\/p>\n<p>De acordo com o estudo, a colora\u00e7\u00e3o apareceu em um indiv\u00edduo h\u00e1 cerca de 7.000 anos gra\u00e7as a uma muta\u00e7\u00e3o gen\u00e9tica. Eiberg ainda concluiu que todas as pessoas com olhos azuis no mundo compartilham esse mesmo ancestral. Em outras palavras, todos os olhos azuis do planeta t\u00eam uma origem \u00fanica.<\/p>\n<p>O &#8220;progenitor&#8221; original dos olhos azuis vivia pr\u00f3ximo ao Mar Morto e, desde que a muta\u00e7\u00e3o aconteceu, essa caracter\u00edstica come\u00e7ou a ser repassada entre as gera\u00e7\u00f5es. At\u00e9 hoje o gene continua transitando pela humanidade e fazendo com que beb\u00eas de olhos claros apare\u00e7am em fam\u00edlias de olhos escuros.<\/p>\n<h2>O que faz a cor dos olhos?<\/h2>\n<style>@media (min-width: 992px) {\n    .recomendadorV2Area1 {\n        width: 280px;\n    }\n    .recomendadorV2Area2 {\n        padding: 0px 20px;\n        width: calc(100% - 280px);\n    }\n}\n\n@media (max-width: 992px) {\n    .recomendadorV2Button {\n        margin: 0 auto;\n    }\n    .recomendadorV2Area {\n        flex-direction: column;\n        text-align: center;\n    }\n    .recomendadorV2Area2 {\n        padding: 0px 20px;\n    }\n}\n\n.recomendadorV2Area {\n    background: #eeeeee3d;\n    border-radius: 10px;\n    padding: 15px;\n    display: flex;\n    margin: 15px auto;\n    border: 1px solid #00000014;\n    max-width: 800px;\n}\n\n.recomendadorV2Area1 img {\n    width: 280px;\n    height: auto;\n    border-radius: 8px;\n}\n\n.linkrecomendadorv2 {\n    text-decoration: none !important;\n}\n\n.recomendadorV2Area2 .recomendadorV2Type {\n    text-transform: uppercase;\n    font-weight: 500;\n    font-size: 11px;\n    letter-spacing: 2px;\n    color: #666;\n    margin: 12px 0;\n    display: block;\n}\n\n.recomendadorV2Title h2 {\n    padding-top: 0px !important;\n    margin: 0px !important;\n    border-left: none !important;\n    padding-left: 0px !important;\n    line-height: 1.3;\n    color: #000 !important;\n    font-size: 24px;\n    margin-bottom: 12px !important;\n}\n\n.recomendadorV2Desc {\n    color: #333;\n    margin: 12px 0px !important;\n    font-size: 15px;\n    line-height: 1.5;\n}\n\n.recomendadorV2Button {\n    width: auto;\n    max-width: 200px;\n    margin: 0;\n    display: inline-flex;\n    align-items: center;\n    background: #1D3557;\n    border-radius: 8px;\n    color: #fff;\n    height: 36px;\n    justify-content: center;\n    text-align: center;\n    font-size: 14px;\n    padding: 0 20px;\n    transition: background-color 0.2s ease;\n}\n\n.recomendadorV2Button:hover {\n    background: #2a4d7a;\n}\n\n.recomendadorV2Button:after {\n    margin-top: -2px;\n    content: \"\u2192\";\n    padding: 0px 0px 0px 8px;\n}\n\n.recomendadorV2Alert {\n    text-align: left;\n    font-size: 11px;\n    margin-top: 8px;\n    color: #666;\n}\n\n.recomendadorFixedArea {\n    width: 100%;\n    display: flex;\n    justify-content: center;\n    align-items: center;\n}\n\n@media (min-width: 992px) {\n    #recomendadorFixed {\n        width: 32% !important;\n        left: 5%;\n    }\n    .recomendadorCloseFixed{\n        right: inherit !important;\n        left: 378px !important;\n    }\n}\n\n#recomendadorFixed {\n    width: 90%;\n    box-shadow: 0 10px 20px 0px #00000057;\n    display: none;\n    height: 90px;\n    background: #F6F6F6;\n    position: fixed;\n    flex-direction: row;\n    bottom: 10px;\n    z-index: 9999;\n    border-radius: 16px;\n    padding: 7px 10px;\n}\n\n.recomendadorLeftArea {\n    width: 160px;\n}\n\n.recomendadorRightArea h2 {\n    padding-top: 0px;\n    margin: 2px 0px 4px 0px !important;\n    font-weight: 400;\n    text-align: center;\n    padding-left: 0px !important;\n    color: #000 !important;\n    border-left: none !important;\n    line-height: 20px;\n    font-size: 12px !important;\n}\n\n.recomendadorImgFixed {\n    overflow: hidden;\n    padding: 8px 6px;\n    height: 100%;\n}\n\n.recomendadorImgFixed img {\n    height: 100% !important;\n    border-radius: 16px;\n}\n\n.recomendadorRightArea {\n    padding-top: 6px;\n    display: flex;\n    width: calc(100% - 130px);\n    justify-content: space-between;\n    align-items: center;\n    flex-direction: column;\n}\n\n.recomendadorButtonFixed {\n    margin: 0 auto;\n    background: #1D3557;\n    width: 80%;\n    text-align: center;\n    font-size: 10px;\n    color: #FFF;\n    padding: 2px 10px;\n    border-radius: 3px;\n}\n\n.recomendadorButtonFixed:after {\n    margin-top: -3px;\n    content: \"\u2192\";\n    padding: 0px 0px 0px 10px;\n}\n\n.recomendadorAlertFixed {\n    font-weight: 400;\n    text-align: center;\n    color: #484848;\n    font-size: 8px;\n}\n\n.recomendadorCloseFixed {\n    z-index: 99999;\n    display: none;\n    right: 0px;\n    left: inherit;\n    bottom: 99px;\n    position: fixed;\n    justify-content: center;\n    background: #F6F6F6;\n    width: 25px;\n    align-items: center;\n    height: 25px;\n    font-weight: 800;\n    border-radius: 50%;\n    border: 1px solid #EBEBEB;\n}\n\n.recomendadorV2Desc{\n    color: #000000;\n    margin: 20px 0px;\n}\n\n@media (max-width: 576px) {\n    .recomendadorV2Area {\n      padding: 10px;\n      max-width: 100%;\n    }\n  \n    .recomendadorV2Area1 img {\n      width: 100%;\n      border-radius: 6px;\n    }\n  \n    .recomendadorV2Area2 .recomendadorV2Type {\n      font-size: 9px;\n      letter-spacing: 1px;\n      margin: 8px 0;\n    }\n  \n    .recomendadorV2Title h2 {\n      font-size: 18px !important;\n      margin-bottom: 8px !important;\n      line-height: 1.2;\n    }\n  \n    .recomendadorV2Desc {\n      font-size: 14px;\n      margin: 8px 0 !important;\n      line-height: 1.4;\n    }\n  \n    .recomendadorV2Button {\n      font-size: 14px;\n      height: 40px;\n      padding: 0 12px;\n      max-width: 100%;\n      width: 100%;\n    }\n  \n    .recomendadorV2Button:after {\n      padding-left: 6px;\n    }\n  }\n  <\/style>\n        <div class=\"lazyblock-recomendador-v2-2jDGz wp-block-lazyblock-recomendador-v2\">\n        <a class=\"linkrecomendadorv2\" href=\"https:\/\/crusoe.com.br\/variedades\/petrobras-aumenta-combustivel-em-mais-de-50-e-pode-fazer-precos-dispararem-em-todo-o-brasil\/?utm_source=lazy\">\n            <div class=\"recomendadorV2Area\">\n            <div class=\"recomendadorV2Area1\">\n                <div class=\"recomendadorV2Img\">\n                <img class=\"lazyloaded\" decoding=\"async\" src=\"https:\/\/cdn.crusoe.com.br\/uploads\/2026\/04\/sia_petrobras_0514203043-1140x570.jpg\" data-src=\"https:\/\/cdn.crusoe.com.br\/uploads\/2026\/04\/sia_petrobras_0514203043-1140x570.jpg\" alt=\"\">\n                <\/div>\n            <\/div>\n            <div class=\"recomendadorV2Area2\">\n                <div class=\"recomendadorV2Type\">\n                    <span>Alerta pre\u00e7os<\/span>\n                <\/div>\n                <div class=\"recomendadorV2Title\">\n                <h2><span>Combust\u00edvel dispara \u26fd<\/span><\/h2>\n                <\/div>\n                <div class=\"recomendadorV2Desc\">\n                <span>Aumento pode afetar todo pa\u00eds<\/span>\n                <\/div>\n                <div class=\"recomendadorV2Button\">Veja impacto no bolso<\/div>\n                <div class=\"recomendadorV2Alert\"><\/div>\n            <\/div>\n            <\/div>\n        <\/a>\n        <div>\n            <div style=\"z-index:99999;\" id=\"buttonClose\" onclick=\"closeRecomendadorFixed()\">\n            <div class=\"recomendadorCloseFixed\">X<\/div>\n            <\/div>\n            <a href=\"https:\/\/crusoe.com.br\/variedades\/petrobras-aumenta-combustivel-em-mais-de-50-e-pode-fazer-precos-dispararem-em-todo-o-brasil\/?utm_source=lazy\">\n            <div class=\"recomendadorFixedArea\">\n                <div id=\"recomendadorFixed\">\n                <div class=\"recomendadorLeftArea\">\n                    <div class=\"recomendadorImgFixed\">\n                    <img class=\"lazyload\" decoding=\"async\" src=\"https:\/\/cdn.crusoe.com.br\/uploads\/2026\/04\/sia_petrobras_0514203043-1140x570.jpg\" alt=\"\">\n                    <\/div>\n                <\/div>\n                <div class=\"recomendadorRightArea\">\n                    <div class=\"recomendadorTitleFixed\">\n                    <h2><span>Combust\u00edvel dispara \u26fd<\/span><\/h2>\n                    <\/div>\n                    <div class=\"recomendadorButtonFixed\">Veja impacto no bolso<\/div>\n                    <div class=\"recomendadorAlertFixed\"><\/div>\n                <\/div>\n                <\/div>\n            <\/div>\n            <\/a>\n        <\/div>\n        <\/div>\n<p class=\"font-claude-response-body break-words whitespace-normal leading-[1.7]\">A cor que se enxerga no olho de algu\u00e9m depende diretamente de uma subst\u00e2ncia chamada melanina, o mesmo pigmento que determina o tom da pele e do cabelo. Quanto mais melanina na \u00edris, mais escuro o olho. Quanto menos, mais claro.<\/p>\n<p class=\"font-claude-response-body break-words whitespace-normal leading-[1.7]\">Nos olhos castanhos, a concentra\u00e7\u00e3o de melanina \u00e9 alta. Nos verdes, ela existe em quantidade menor. J\u00e1 nos azuis, a melanina est\u00e1 praticamente ausente da \u00edris.<\/p>\n<p class=\"font-claude-response-body break-words whitespace-normal leading-[1.7]\">Aqui est\u00e1 o detalhe curioso: na pr\u00e1tica, n\u00e3o existe pigmento azul no olho humano. A colora\u00e7\u00e3o azul \u00e9, na verdade, um efeito \u00f3ptico. A luz entra na \u00edris com pouca melanina e se dispersa de uma forma que faz o olho parecer azul para quem olha de fora.<\/p>\n<h2>Beb\u00ea de olhos claros, pais de olhos escuros<\/h2>\n<p class=\"font-claude-response-body break-words whitespace-normal leading-[1.7]\">Essa d\u00favida \u00e9 mais comum do que parece, e a resposta \u00e9 sim. Uma pessoa pode ter olhos castanhos e ainda assim carregar um gene recessivo de olhos claros escondido no DNA.<\/p>\n<p class=\"font-claude-response-body break-words whitespace-normal leading-[1.7]\">Os cromossomos 1, 15 e 19 s\u00e3o os respons\u00e1veis por transmitir os genes da cor dos olhos de pai e m\u00e3e para o filho. Quando um gene de olho castanho entra na combina\u00e7\u00e3o, ele domina, e o beb\u00ea nasce com olhos escuros. Por\u00e9m, se os dois genes herdados forem recessivos, o beb\u00ea pode nascer com olhos azuis ou verdes.<\/p>\n<p class=\"font-claude-response-body break-words whitespace-normal leading-[1.7]\">Foi exatamente isso que aconteceu com Adonis, filho do cantor Drake. Tanto o pai quanto a m\u00e3e, Sophie Brussaux, t\u00eam olhos castanhos. Ainda assim, Adonis nasceu com olhos azuis e cabelo loiro, tra\u00e7os que estavam presentes no DNA da fam\u00edlia esperando a combina\u00e7\u00e3o certa para aparecer.<\/p>\n<h2>Por que s\u00e3o mais raros?<\/h2>\n<p class=\"font-claude-response-body break-words whitespace-normal leading-[1.7]\">O gene do olho castanho \u00e9 dominante, o que significa que ele prevalece na maioria das combina\u00e7\u00f5es gen\u00e9ticas poss\u00edveis. Por isso, olhos castanhos s\u00e3o encontrados em 55% a 79% da popula\u00e7\u00e3o mundial.<\/p>\n<p class=\"font-claude-response-body break-words whitespace-normal leading-[1.7]\">Os olhos azuis representam entre 8% e 10% das pessoas no planeta. J\u00e1 os verdes s\u00e3o ainda mais escassos: cerca de 2% da popula\u00e7\u00e3o os possui. A maioria das pessoas com essa colora\u00e7\u00e3o est\u00e1 concentrada em pa\u00edses como Irlanda e Reino Unido.<\/p>\n<p>Agora, apesar dessas colora\u00e7\u00f5es serem consideradas diferentes do castanho, um artigo publicado pela CNN em 2017 aponta que todos os olhos humanos s\u00e3o, tecnicamente, castanhos. O que muda n\u00e3o \u00e9 o pigmento em si, mas a quantidade dele e a forma como a luz interage com a \u00edris.<\/p>\n<p class=\"font-claude-response-body break-words whitespace-normal leading-[1.7]\">Azul, verde ou avel\u00e3: todas essas varia\u00e7\u00f5es surgem da mesma melanina marrom. A aus\u00eancia ou presen\u00e7a dela em diferentes concentra\u00e7\u00f5es cria o espectro de cores que vemos nos olhos humanos.<\/p>\n","protected":false},"excerpt":{"rendered":"<p>Os olhos s\u00e3o considerados por muitos como uma das partes mais belas e chamativas do corpo, especialmente o verde e o azul, cores mais raras e muito diferentes do castanho, a colora\u00e7\u00e3o mais comum, mas o que provoca essa diferen\u00e7a? Acontece que a ci\u00eancia descobriu que o motivo seria uma muta\u00e7\u00e3o gen\u00e9tica rara que aconteceu [&hellip;]<\/p>\n","protected":false},"author":15,"featured_media":35614,"comment_status":"open","ping_status":"open","sticky":false,"template":"","format":"standard","meta":{"jnews-multi-image_gallery":[],"jnews_single_post":{"format":"standard","jnews_video_option_group":[[]],"override":[{"template":"2","parallax":"1","fullscreen":"1","layout":"right-sidebar","sidebar":"default-sidebar","second_sidebar":"default-sidebar","sticky_sidebar":"1","share_position":"hide","share_float_style":"share-monocrhome","show_featured":"1","show_post_meta":"1","show_post_author":"1","show_post_date":"1","post_date_format":"default","post_date_format_custom":"Y\/m\/d","show_post_category":"1","show_post_reading_time":"0","post_reading_time_wpm":"300","post_calculate_word_method":"str_word_count","show_zoom_button":"0","zoom_button_out_step":"2","zoom_button_in_step":"3","show_post_tag":"1","show_popup_post":"1","number_popup_post":"1","show_author_box":"1","show_post_related":"0"}],"image_override":[{"single_post_thumbnail_size":"crop-500","single_post_gallery_size":"crop-500"}],"trending_post_position":"meta","trending_post_label":"Trending","sponsored_post_label":"Sponsored by","disable_ad":"0","subtitle":"Um cientista realizou um estudo apontando a possibilidade de todas as pessoas de olhos azuis serem ligadas de alguma forma"},"jnews_primary_category":[],"jnews_override_counter":{"view_counter_number":"0","share_counter_number":"0","like_counter_number":"0","dislike_counter_number":"0"},"jnews_post_split":{"post_split":[{"template":"1","tag":"h2","numbering":"asc","mode":"normal","first":"0","enable_toc":"0","toc_type":"normal"}]},"footnotes":""},"categories":[1],"tags":[251,692,6744,6741,6743,6742],"class_list":["post-35612","post","type-post","status-publish","format-standard","has-post-thumbnail","hentry","category-geral","tag-ciencia","tag-curiosidades","tag-mutacao-genetica","tag-olho-azul","tag-olho-castanho","tag-olho-verde"],"yoast_head":"<!-- This site is optimized with the Yoast SEO plugin v25.0 - https:\/\/yoast.com\/wordpress\/plugins\/seo\/ -->\n<title>O que a ci\u00eancia realmente diz sobre pessoas com olhos verdes e azuis<\/title>\n<meta name=\"robots\" content=\"index, follow, max-snippet:-1, max-image-preview:large, max-video-preview:-1\" \/>\n<link rel=\"canonical\" href=\"https:\/\/crusoe.audiencelabs.com.br\/o-que-a-ciencia-realmente-diz-sobre-pessoas-com-olhos-verdes-e-azuis\/\" \/>\n<meta property=\"og:locale\" content=\"pt_BR\" \/>\n<meta property=\"og:type\" content=\"article\" \/>\n<meta property=\"og:title\" content=\"O que a ci\u00eancia realmente diz sobre pessoas com olhos verdes e azuis\" \/>\n<meta property=\"og:description\" content=\"Os olhos s\u00e3o considerados por muitos como uma das partes mais belas e chamativas do corpo, especialmente o verde e o azul, cores mais raras e muito diferentes do castanho, a colora\u00e7\u00e3o mais comum, mas o que provoca essa diferen\u00e7a? Acontece que a ci\u00eancia descobriu que o motivo seria uma muta\u00e7\u00e3o gen\u00e9tica rara que aconteceu [&hellip;]\" \/>\n<meta property=\"og:url\" content=\"https:\/\/crusoe.audiencelabs.com.br\/o-que-a-ciencia-realmente-diz-sobre-pessoas-com-olhos-verdes-e-azuis\/\" \/>\n<meta property=\"og:site_name\" content=\"Variedades - Cruso\u00e9\" \/>\n<meta property=\"article:published_time\" content=\"2026-04-03T13:37:34+00:00\" \/>\n<meta property=\"og:image\" content=\"https:\/\/cdn.crusoe.com.br\/uploads\/2026\/03\/dimitar-krastev-0L6e2y-PaCY-unsplash.jpg\" \/>\n\t<meta property=\"og:image:width\" content=\"640\" \/>\n\t<meta property=\"og:image:height\" content=\"482\" \/>\n\t<meta property=\"og:image:type\" content=\"image\/jpeg\" \/>\n<meta name=\"author\" content=\"J\u00falio Nesi\" \/>\n<meta name=\"twitter:card\" content=\"summary_large_image\" \/>\n<meta name=\"twitter:label1\" content=\"Escrito por\" \/>\n\t<meta name=\"twitter:data1\" content=\"J\u00falio Nesi\" \/>\n\t<meta name=\"twitter:label2\" content=\"Est. tempo de leitura\" \/>\n\t<meta name=\"twitter:data2\" content=\"4 minutos\" \/>\n<script type=\"application\/ld+json\" class=\"yoast-schema-graph\">{\"@context\":\"https:\/\/schema.org\",\"@graph\":[{\"@type\":\"WebPage\",\"@id\":\"https:\/\/crusoe.audiencelabs.com.br\/o-que-a-ciencia-realmente-diz-sobre-pessoas-com-olhos-verdes-e-azuis\/\",\"url\":\"https:\/\/crusoe.audiencelabs.com.br\/o-que-a-ciencia-realmente-diz-sobre-pessoas-com-olhos-verdes-e-azuis\/\",\"name\":\"O que a ci\u00eancia realmente diz sobre pessoas com olhos verdes e azuis\",\"isPartOf\":{\"@id\":\"https:\/\/crusoe.audiencelabs.com.br\/#website\"},\"primaryImageOfPage\":{\"@id\":\"https:\/\/crusoe.audiencelabs.com.br\/o-que-a-ciencia-realmente-diz-sobre-pessoas-com-olhos-verdes-e-azuis\/#primaryimage\"},\"image\":{\"@id\":\"https:\/\/crusoe.audiencelabs.com.br\/o-que-a-ciencia-realmente-diz-sobre-pessoas-com-olhos-verdes-e-azuis\/#primaryimage\"},\"thumbnailUrl\":\"https:\/\/cdn.crusoe.com.br\/uploads\/2026\/03\/dimitar-krastev-0L6e2y-PaCY-unsplash.jpg\",\"datePublished\":\"2026-04-03T13:37:34+00:00\",\"author\":{\"@id\":\"https:\/\/crusoe.audiencelabs.com.br\/#\/schema\/person\/0cca5874eda7d72cef71e77a9a9c2143\"},\"breadcrumb\":{\"@id\":\"https:\/\/crusoe.audiencelabs.com.br\/o-que-a-ciencia-realmente-diz-sobre-pessoas-com-olhos-verdes-e-azuis\/#breadcrumb\"},\"inLanguage\":\"pt-BR\",\"potentialAction\":[{\"@type\":\"ReadAction\",\"target\":[\"https:\/\/crusoe.audiencelabs.com.br\/o-que-a-ciencia-realmente-diz-sobre-pessoas-com-olhos-verdes-e-azuis\/\"]}]},{\"@type\":\"ImageObject\",\"inLanguage\":\"pt-BR\",\"@id\":\"https:\/\/crusoe.audiencelabs.com.br\/o-que-a-ciencia-realmente-diz-sobre-pessoas-com-olhos-verdes-e-azuis\/#primaryimage\",\"url\":\"https:\/\/cdn.crusoe.com.br\/uploads\/2026\/03\/dimitar-krastev-0L6e2y-PaCY-unsplash.jpg\",\"contentUrl\":\"https:\/\/cdn.crusoe.com.br\/uploads\/2026\/03\/dimitar-krastev-0L6e2y-PaCY-unsplash.jpg\",\"width\":640,\"height\":482,\"caption\":\"Reprodu\u00e7\u00e3o: Unsplash \/ Dimitar Krastev\"},{\"@type\":\"BreadcrumbList\",\"@id\":\"https:\/\/crusoe.audiencelabs.com.br\/o-que-a-ciencia-realmente-diz-sobre-pessoas-com-olhos-verdes-e-azuis\/#breadcrumb\",\"itemListElement\":[{\"@type\":\"ListItem\",\"position\":1,\"name\":\"Home\",\"item\":\"https:\/\/crusoe.audiencelabs.com.br\/\"},{\"@type\":\"ListItem\",\"position\":2,\"name\":\"O que a ci\u00eancia realmente diz sobre pessoas com olhos verdes e azuis\"}]},{\"@type\":\"WebSite\",\"@id\":\"https:\/\/crusoe.audiencelabs.com.br\/#website\",\"url\":\"https:\/\/crusoe.audiencelabs.com.br\/\",\"name\":\"Variedades - Cruso\u00e9\",\"description\":\"\",\"potentialAction\":[{\"@type\":\"SearchAction\",\"target\":{\"@type\":\"EntryPoint\",\"urlTemplate\":\"https:\/\/crusoe.audiencelabs.com.br\/?s={search_term_string}\"},\"query-input\":{\"@type\":\"PropertyValueSpecification\",\"valueRequired\":true,\"valueName\":\"search_term_string\"}}],\"inLanguage\":\"pt-BR\"},{\"@type\":\"Person\",\"@id\":\"https:\/\/crusoe.audiencelabs.com.br\/#\/schema\/person\/0cca5874eda7d72cef71e77a9a9c2143\",\"name\":\"J\u00falio Nesi\",\"image\":{\"@type\":\"ImageObject\",\"inLanguage\":\"pt-BR\",\"@id\":\"https:\/\/crusoe.audiencelabs.com.br\/#\/schema\/person\/image\/\",\"url\":\"https:\/\/secure.gravatar.com\/avatar\/c22eb47c3e2320e71637346b980e09f63de9f75742d3335f94a26b83dff70473?s=96&d=mm&r=g\",\"contentUrl\":\"https:\/\/secure.gravatar.com\/avatar\/c22eb47c3e2320e71637346b980e09f63de9f75742d3335f94a26b83dff70473?s=96&d=mm&r=g\",\"caption\":\"J\u00falio Nesi\"},\"description\":\"Jornalista alagoano formado pela UFAL, j\u00e1 atuei em produ\u00e7\u00e3o de conte\u00fado digital para portais, r\u00e1dio e redes sociais.\",\"sameAs\":[\"www.linkedin.com\/in\/j\u00falio-nesi\"],\"url\":\"https:\/\/crusoe.audiencelabs.com.br\/author\/julionesi\/\"}]}<\/script>\n<!-- \/ Yoast SEO plugin. -->","yoast_head_json":{"title":"O que a ci\u00eancia realmente diz sobre pessoas com olhos verdes e azuis","robots":{"index":"index","follow":"follow","max-snippet":"max-snippet:-1","max-image-preview":"max-image-preview:large","max-video-preview":"max-video-preview:-1"},"canonical":"https:\/\/crusoe.audiencelabs.com.br\/o-que-a-ciencia-realmente-diz-sobre-pessoas-com-olhos-verdes-e-azuis\/","og_locale":"pt_BR","og_type":"article","og_title":"O que a ci\u00eancia realmente diz sobre pessoas com olhos verdes e azuis","og_description":"Os olhos s\u00e3o considerados por muitos como uma das partes mais belas e chamativas do corpo, especialmente o verde e o azul, cores mais raras e muito diferentes do castanho, a colora\u00e7\u00e3o mais comum, mas o que provoca essa diferen\u00e7a? Acontece que a ci\u00eancia descobriu que o motivo seria uma muta\u00e7\u00e3o gen\u00e9tica rara que aconteceu [&hellip;]","og_url":"https:\/\/crusoe.audiencelabs.com.br\/o-que-a-ciencia-realmente-diz-sobre-pessoas-com-olhos-verdes-e-azuis\/","og_site_name":"Variedades - Cruso\u00e9","article_published_time":"2026-04-03T13:37:34+00:00","og_image":[{"width":640,"height":482,"url":"https:\/\/cdn.crusoe.com.br\/uploads\/2026\/03\/dimitar-krastev-0L6e2y-PaCY-unsplash.jpg","type":"image\/jpeg"}],"author":"J\u00falio Nesi","twitter_card":"summary_large_image","twitter_misc":{"Escrito por":"J\u00falio Nesi","Est. tempo de leitura":"4 minutos"},"schema":{"@context":"https:\/\/schema.org","@graph":[{"@type":"WebPage","@id":"https:\/\/crusoe.audiencelabs.com.br\/o-que-a-ciencia-realmente-diz-sobre-pessoas-com-olhos-verdes-e-azuis\/","url":"https:\/\/crusoe.audiencelabs.com.br\/o-que-a-ciencia-realmente-diz-sobre-pessoas-com-olhos-verdes-e-azuis\/","name":"O que a ci\u00eancia realmente diz sobre pessoas com olhos verdes e azuis","isPartOf":{"@id":"https:\/\/crusoe.audiencelabs.com.br\/#website"},"primaryImageOfPage":{"@id":"https:\/\/crusoe.audiencelabs.com.br\/o-que-a-ciencia-realmente-diz-sobre-pessoas-com-olhos-verdes-e-azuis\/#primaryimage"},"image":{"@id":"https:\/\/crusoe.audiencelabs.com.br\/o-que-a-ciencia-realmente-diz-sobre-pessoas-com-olhos-verdes-e-azuis\/#primaryimage"},"thumbnailUrl":"https:\/\/cdn.crusoe.com.br\/uploads\/2026\/03\/dimitar-krastev-0L6e2y-PaCY-unsplash.jpg","datePublished":"2026-04-03T13:37:34+00:00","author":{"@id":"https:\/\/crusoe.audiencelabs.com.br\/#\/schema\/person\/0cca5874eda7d72cef71e77a9a9c2143"},"breadcrumb":{"@id":"https:\/\/crusoe.audiencelabs.com.br\/o-que-a-ciencia-realmente-diz-sobre-pessoas-com-olhos-verdes-e-azuis\/#breadcrumb"},"inLanguage":"pt-BR","potentialAction":[{"@type":"ReadAction","target":["https:\/\/crusoe.audiencelabs.com.br\/o-que-a-ciencia-realmente-diz-sobre-pessoas-com-olhos-verdes-e-azuis\/"]}]},{"@type":"ImageObject","inLanguage":"pt-BR","@id":"https:\/\/crusoe.audiencelabs.com.br\/o-que-a-ciencia-realmente-diz-sobre-pessoas-com-olhos-verdes-e-azuis\/#primaryimage","url":"https:\/\/cdn.crusoe.com.br\/uploads\/2026\/03\/dimitar-krastev-0L6e2y-PaCY-unsplash.jpg","contentUrl":"https:\/\/cdn.crusoe.com.br\/uploads\/2026\/03\/dimitar-krastev-0L6e2y-PaCY-unsplash.jpg","width":640,"height":482,"caption":"Reprodu\u00e7\u00e3o: Unsplash \/ Dimitar Krastev"},{"@type":"BreadcrumbList","@id":"https:\/\/crusoe.audiencelabs.com.br\/o-que-a-ciencia-realmente-diz-sobre-pessoas-com-olhos-verdes-e-azuis\/#breadcrumb","itemListElement":[{"@type":"ListItem","position":1,"name":"Home","item":"https:\/\/crusoe.audiencelabs.com.br\/"},{"@type":"ListItem","position":2,"name":"O que a ci\u00eancia realmente diz sobre pessoas com olhos verdes e azuis"}]},{"@type":"WebSite","@id":"https:\/\/crusoe.audiencelabs.com.br\/#website","url":"https:\/\/crusoe.audiencelabs.com.br\/","name":"Variedades - Cruso\u00e9","description":"","potentialAction":[{"@type":"SearchAction","target":{"@type":"EntryPoint","urlTemplate":"https:\/\/crusoe.audiencelabs.com.br\/?s={search_term_string}"},"query-input":{"@type":"PropertyValueSpecification","valueRequired":true,"valueName":"search_term_string"}}],"inLanguage":"pt-BR"},{"@type":"Person","@id":"https:\/\/crusoe.audiencelabs.com.br\/#\/schema\/person\/0cca5874eda7d72cef71e77a9a9c2143","name":"J\u00falio Nesi","image":{"@type":"ImageObject","inLanguage":"pt-BR","@id":"https:\/\/crusoe.audiencelabs.com.br\/#\/schema\/person\/image\/","url":"https:\/\/secure.gravatar.com\/avatar\/c22eb47c3e2320e71637346b980e09f63de9f75742d3335f94a26b83dff70473?s=96&d=mm&r=g","contentUrl":"https:\/\/secure.gravatar.com\/avatar\/c22eb47c3e2320e71637346b980e09f63de9f75742d3335f94a26b83dff70473?s=96&d=mm&r=g","caption":"J\u00falio Nesi"},"description":"Jornalista alagoano formado pela UFAL, j\u00e1 atuei em produ\u00e7\u00e3o de conte\u00fado digital para portais, r\u00e1dio e redes sociais.","sameAs":["www.linkedin.com\/in\/j\u00falio-nesi"],"url":"https:\/\/crusoe.audiencelabs.com.br\/author\/julionesi\/"}]}},"_links":{"self":[{"href":"https:\/\/crusoe.audiencelabs.com.br\/wp-json\/wp\/v2\/posts\/35612","targetHints":{"allow":["GET"]}}],"collection":[{"href":"https:\/\/crusoe.audiencelabs.com.br\/wp-json\/wp\/v2\/posts"}],"about":[{"href":"https:\/\/crusoe.audiencelabs.com.br\/wp-json\/wp\/v2\/types\/post"}],"author":[{"embeddable":true,"href":"https:\/\/crusoe.audiencelabs.com.br\/wp-json\/wp\/v2\/users\/15"}],"replies":[{"embeddable":true,"href":"https:\/\/crusoe.audiencelabs.com.br\/wp-json\/wp\/v2\/comments?post=35612"}],"version-history":[{"count":5,"href":"https:\/\/crusoe.audiencelabs.com.br\/wp-json\/wp\/v2\/posts\/35612\/revisions"}],"predecessor-version":[{"id":36343,"href":"https:\/\/crusoe.audiencelabs.com.br\/wp-json\/wp\/v2\/posts\/35612\/revisions\/36343"}],"wp:featuredmedia":[{"embeddable":true,"href":"https:\/\/crusoe.audiencelabs.com.br\/wp-json\/wp\/v2\/media\/35614"}],"wp:attachment":[{"href":"https:\/\/crusoe.audiencelabs.com.br\/wp-json\/wp\/v2\/media?parent=35612"}],"wp:term":[{"taxonomy":"category","embeddable":true,"href":"https:\/\/crusoe.audiencelabs.com.br\/wp-json\/wp\/v2\/categories?post=35612"},{"taxonomy":"post_tag","embeddable":true,"href":"https:\/\/crusoe.audiencelabs.com.br\/wp-json\/wp\/v2\/tags?post=35612"}],"curies":[{"name":"wp","href":"https:\/\/api.w.org\/{rel}","templated":true}]}}