{"id":3553,"date":"2025-07-02T13:56:23","date_gmt":"2025-07-02T16:56:23","guid":{"rendered":"https:\/\/crusoe.com.br\/variedades\/?p=3553"},"modified":"2025-07-02T13:56:25","modified_gmt":"2025-07-02T16:56:25","slug":"julho-vai-ter-feriado-veja-o-que-diz-o-calendario","status":"publish","type":"post","link":"https:\/\/crusoe.audiencelabs.com.br\/julho-vai-ter-feriado-veja-o-que-diz-o-calendario\/","title":{"rendered":"Julho vai ter feriado? Veja o que diz o calend\u00e1rio"},"content":{"rendered":"\n<p>Para quem esperava por feriado neste m\u00eas de julho, pode se decepcionar. N\u00e3o contando com essas datas nacionais em 2025, haver\u00e1 uma exce\u00e7\u00e3o no estado de S\u00e3o Paulo. Com feriado de 9 de julho, uma quarta-feira, ter\u00e1 a Revolu\u00e7\u00e3o Constitucionalista de 1932.<\/p>\n\n\n\n<p>Referente \u00e0 reivindica\u00e7\u00e3o de uma nova constitui\u00e7\u00e3o, paulistas se reuniram contra o governo de Get\u00falio Vargas. Sendo assim, o feriado n\u00e3o \u00e9 v\u00e1lido para outros estados brasileiros. Quanto ao Rio de Janeiro, haver\u00e1 uma altera\u00e7\u00e3o apenas na capital por conta da Reuni\u00e3o da C\u00fapula do BRICS 2025 na sexta-feira, 4 de julho. Decretando ponto facultativo, o governo estadual informou.<\/p>\n\n\n\n<p>No m\u00eas de setembro, o pr\u00f3ximo feriado nacional ser\u00e1 no dia 7, em comemora\u00e7\u00e3o \u00e0 Independ\u00eancia do Brasil. Em seguida, dia 12 de outubro, no dia de Nossa Senhora Aparecida. Logo depois, 2 de novembro, feriado de Finados. Tendo o Dia da Consci\u00eancia Negra, ele ser\u00e1 celebrado no dia 20, uma quinta-feira.<\/p>\n\n\n\n<h2 class=\"wp-block-heading\"><strong>Julho sem folgas<\/strong><\/h2>\n\n\n\n<p>Pensando em uma pausa no meio do ano, julho de 2025 ser\u00e1 um m\u00eas sem feriados nacionais. Sendo assim, boa parte dos brasileiros seguir\u00e1 normalmente sem interrup\u00e7\u00f5es. Setores de com\u00e9rcio e turismo podem ter uma queda, porque geralmente contam com os benef\u00edcios dos feriados prolongados.<\/p>\n\n\n\n<p>No dia 9 de julho, o estado de S\u00e3o Paulo n\u00e3o contar\u00e1 com servi\u00e7os de \u00f3rg\u00e3os p\u00fablicos, incluindo boa parte dos servi\u00e7os fechados em respeito \u00e0 legisla\u00e7\u00e3o estadual. Fora do estado, o dia ser\u00e1 considerado \u00fatil. A suspens\u00e3o do expediente no Rio de Janeiro ser\u00e1 no dia 7, uma segunda-feira, juntamente com a sexta-feira 4, com a realiza\u00e7\u00e3o do BRICS.<\/p>\n\n\n\n<p>Mudan\u00e7as pontuais s\u00f3 ocorrer\u00e3o em S\u00e3o Paulo e Rio de Janeiro nesses dias no m\u00eas de julho. Nos demais estados, a rotina se mant\u00e9m a mesma, sem altera\u00e7\u00f5es. Enquanto paulistas ter\u00e3o folga no dia 9, o prolongamento ser\u00e1 para a capital carioca entre os dias 4 e 7.<\/p>\n\n\n\n<p>Organizar viagens s\u00f3 ser\u00e1 poss\u00edvel em finais de semanas, sem feriados nacionais. O planejamento \u00e9 de responsabilidade individual, com ajuste na agenda pessoal. Tendo outra oportunidade somente em setembro, o descanso s\u00f3 ser\u00e1 pelo feriado da Independ\u00eancia do Brasil.<\/p>\n","protected":false},"excerpt":{"rendered":"<p>Sem feriados nacionais no m\u00eas de julho, haver\u00e1 somente exce\u00e7\u00f5es em S\u00e3o Paulo e Rio de Janeiro.<\/p>\n","protected":false},"author":8,"featured_media":3564,"comment_status":"open","ping_status":"open","sticky":false,"template":"","format":"standard","meta":{"jnews-multi-image_gallery":[],"jnews_single_post":{"format":"standard"},"jnews_primary_category":[],"jnews_override_counter":[],"jnews_post_split":[],"footnotes":""},"categories":[1],"tags":[],"class_list":["post-3553","post","type-post","status-publish","format-standard","has-post-thumbnail","hentry","category-geral"],"yoast_head":"<!-- This site is optimized with the Yoast SEO plugin v25.0 - https:\/\/yoast.com\/wordpress\/plugins\/seo\/ -->\n<title>Julho vai ter feriado? Veja o que diz o calend\u00e1rio<\/title>\n<meta name=\"robots\" content=\"index, follow, max-snippet:-1, max-image-preview:large, max-video-preview:-1\" \/>\n<link rel=\"canonical\" href=\"https:\/\/crusoe.audiencelabs.com.br\/julho-vai-ter-feriado-veja-o-que-diz-o-calendario\/\" \/>\n<meta property=\"og:locale\" content=\"pt_BR\" \/>\n<meta property=\"og:type\" content=\"article\" \/>\n<meta property=\"og:title\" content=\"Julho vai ter feriado? Veja o que diz o calend\u00e1rio\" \/>\n<meta property=\"og:description\" content=\"Sem feriados nacionais no m\u00eas de julho, haver\u00e1 somente exce\u00e7\u00f5es em S\u00e3o Paulo e Rio de Janeiro.\" \/>\n<meta property=\"og:url\" content=\"https:\/\/crusoe.audiencelabs.com.br\/julho-vai-ter-feriado-veja-o-que-diz-o-calendario\/\" \/>\n<meta property=\"og:site_name\" content=\"Variedades - Cruso\u00e9\" \/>\n<meta property=\"article:published_time\" content=\"2025-07-02T16:56:23+00:00\" \/>\n<meta property=\"article:modified_time\" content=\"2025-07-02T16:56:25+00:00\" \/>\n<meta property=\"og:image\" content=\"https:\/\/cdn.crusoe.com.br\/uploads\/2025\/07\/feriado-em-julho.webp\" \/>\n\t<meta property=\"og:image:width\" content=\"1170\" \/>\n\t<meta property=\"og:image:height\" content=\"700\" \/>\n\t<meta property=\"og:image:type\" content=\"image\/webp\" \/>\n<meta name=\"author\" content=\"Gabriela Santos\" \/>\n<meta name=\"twitter:card\" content=\"summary_large_image\" \/>\n<meta name=\"twitter:label1\" content=\"Escrito por\" \/>\n\t<meta name=\"twitter:data1\" content=\"Gabriela Santos\" \/>\n\t<meta name=\"twitter:label2\" content=\"Est. tempo de leitura\" \/>\n\t<meta name=\"twitter:data2\" content=\"3 minutos\" \/>\n<script type=\"application\/ld+json\" class=\"yoast-schema-graph\">{\"@context\":\"https:\/\/schema.org\",\"@graph\":[{\"@type\":\"WebPage\",\"@id\":\"https:\/\/crusoe.audiencelabs.com.br\/julho-vai-ter-feriado-veja-o-que-diz-o-calendario\/\",\"url\":\"https:\/\/crusoe.audiencelabs.com.br\/julho-vai-ter-feriado-veja-o-que-diz-o-calendario\/\",\"name\":\"Julho vai ter feriado? Veja o que diz o calend\u00e1rio\",\"isPartOf\":{\"@id\":\"https:\/\/crusoe.audiencelabs.com.br\/#website\"},\"primaryImageOfPage\":{\"@id\":\"https:\/\/crusoe.audiencelabs.com.br\/julho-vai-ter-feriado-veja-o-que-diz-o-calendario\/#primaryimage\"},\"image\":{\"@id\":\"https:\/\/crusoe.audiencelabs.com.br\/julho-vai-ter-feriado-veja-o-que-diz-o-calendario\/#primaryimage\"},\"thumbnailUrl\":\"https:\/\/cdn.crusoe.com.br\/uploads\/2025\/07\/feriado-em-julho.webp\",\"datePublished\":\"2025-07-02T16:56:23+00:00\",\"dateModified\":\"2025-07-02T16:56:25+00:00\",\"author\":{\"@id\":\"https:\/\/crusoe.audiencelabs.com.br\/#\/schema\/person\/be66e7e59ad3bc2a7c0833132c5c8c00\"},\"breadcrumb\":{\"@id\":\"https:\/\/crusoe.audiencelabs.com.br\/julho-vai-ter-feriado-veja-o-que-diz-o-calendario\/#breadcrumb\"},\"inLanguage\":\"pt-BR\",\"potentialAction\":[{\"@type\":\"ReadAction\",\"target\":[\"https:\/\/crusoe.audiencelabs.com.br\/julho-vai-ter-feriado-veja-o-que-diz-o-calendario\/\"]}]},{\"@type\":\"ImageObject\",\"inLanguage\":\"pt-BR\",\"@id\":\"https:\/\/crusoe.audiencelabs.com.br\/julho-vai-ter-feriado-veja-o-que-diz-o-calendario\/#primaryimage\",\"url\":\"https:\/\/cdn.crusoe.com.br\/uploads\/2025\/07\/feriado-em-julho.webp\",\"contentUrl\":\"https:\/\/cdn.crusoe.com.br\/uploads\/2025\/07\/feriado-em-julho.webp\",\"width\":1170,\"height\":700,\"caption\":\"Reprodu\u00e7\u00e3o: Ag\u00eancia Brasil (Rovena Rosa)\"},{\"@type\":\"BreadcrumbList\",\"@id\":\"https:\/\/crusoe.audiencelabs.com.br\/julho-vai-ter-feriado-veja-o-que-diz-o-calendario\/#breadcrumb\",\"itemListElement\":[{\"@type\":\"ListItem\",\"position\":1,\"name\":\"Home\",\"item\":\"https:\/\/crusoe.audiencelabs.com.br\/\"},{\"@type\":\"ListItem\",\"position\":2,\"name\":\"Julho vai ter feriado? Veja o que diz o calend\u00e1rio\"}]},{\"@type\":\"WebSite\",\"@id\":\"https:\/\/crusoe.audiencelabs.com.br\/#website\",\"url\":\"https:\/\/crusoe.audiencelabs.com.br\/\",\"name\":\"Variedades - Cruso\u00e9\",\"description\":\"\",\"potentialAction\":[{\"@type\":\"SearchAction\",\"target\":{\"@type\":\"EntryPoint\",\"urlTemplate\":\"https:\/\/crusoe.audiencelabs.com.br\/?s={search_term_string}\"},\"query-input\":{\"@type\":\"PropertyValueSpecification\",\"valueRequired\":true,\"valueName\":\"search_term_string\"}}],\"inLanguage\":\"pt-BR\"},{\"@type\":\"Person\",\"@id\":\"https:\/\/crusoe.audiencelabs.com.br\/#\/schema\/person\/be66e7e59ad3bc2a7c0833132c5c8c00\",\"name\":\"Gabriela Santos\",\"image\":{\"@type\":\"ImageObject\",\"inLanguage\":\"pt-BR\",\"@id\":\"https:\/\/crusoe.audiencelabs.com.br\/#\/schema\/person\/image\/\",\"url\":\"https:\/\/secure.gravatar.com\/avatar\/d58b244b5f316c2ae218c4fd7fd0fdf0fbcf215931ac50c70906d65db85b6002?s=96&d=mm&r=g\",\"contentUrl\":\"https:\/\/secure.gravatar.com\/avatar\/d58b244b5f316c2ae218c4fd7fd0fdf0fbcf215931ac50c70906d65db85b6002?s=96&d=mm&r=g\",\"caption\":\"Gabriela Santos\"},\"description\":\"Jornalista que atua com a produ\u00e7\u00e3o de conte\u00fado em temas diversos, aproximando o leitor por meio de informa\u00e7\u00f5es que refletem o cotidiano.\",\"url\":\"https:\/\/crusoe.audiencelabs.com.br\/author\/gabrielasantos\/\"}]}<\/script>\n<!-- \/ Yoast SEO plugin. -->","yoast_head_json":{"title":"Julho vai ter feriado? Veja o que diz o calend\u00e1rio","robots":{"index":"index","follow":"follow","max-snippet":"max-snippet:-1","max-image-preview":"max-image-preview:large","max-video-preview":"max-video-preview:-1"},"canonical":"https:\/\/crusoe.audiencelabs.com.br\/julho-vai-ter-feriado-veja-o-que-diz-o-calendario\/","og_locale":"pt_BR","og_type":"article","og_title":"Julho vai ter feriado? Veja o que diz o calend\u00e1rio","og_description":"Sem feriados nacionais no m\u00eas de julho, haver\u00e1 somente exce\u00e7\u00f5es em S\u00e3o Paulo e Rio de Janeiro.","og_url":"https:\/\/crusoe.audiencelabs.com.br\/julho-vai-ter-feriado-veja-o-que-diz-o-calendario\/","og_site_name":"Variedades - Cruso\u00e9","article_published_time":"2025-07-02T16:56:23+00:00","article_modified_time":"2025-07-02T16:56:25+00:00","og_image":[{"width":1170,"height":700,"url":"https:\/\/cdn.crusoe.com.br\/uploads\/2025\/07\/feriado-em-julho.webp","type":"image\/webp"}],"author":"Gabriela Santos","twitter_card":"summary_large_image","twitter_misc":{"Escrito por":"Gabriela Santos","Est. tempo de leitura":"3 minutos"},"schema":{"@context":"https:\/\/schema.org","@graph":[{"@type":"WebPage","@id":"https:\/\/crusoe.audiencelabs.com.br\/julho-vai-ter-feriado-veja-o-que-diz-o-calendario\/","url":"https:\/\/crusoe.audiencelabs.com.br\/julho-vai-ter-feriado-veja-o-que-diz-o-calendario\/","name":"Julho vai ter feriado? Veja o que diz o calend\u00e1rio","isPartOf":{"@id":"https:\/\/crusoe.audiencelabs.com.br\/#website"},"primaryImageOfPage":{"@id":"https:\/\/crusoe.audiencelabs.com.br\/julho-vai-ter-feriado-veja-o-que-diz-o-calendario\/#primaryimage"},"image":{"@id":"https:\/\/crusoe.audiencelabs.com.br\/julho-vai-ter-feriado-veja-o-que-diz-o-calendario\/#primaryimage"},"thumbnailUrl":"https:\/\/cdn.crusoe.com.br\/uploads\/2025\/07\/feriado-em-julho.webp","datePublished":"2025-07-02T16:56:23+00:00","dateModified":"2025-07-02T16:56:25+00:00","author":{"@id":"https:\/\/crusoe.audiencelabs.com.br\/#\/schema\/person\/be66e7e59ad3bc2a7c0833132c5c8c00"},"breadcrumb":{"@id":"https:\/\/crusoe.audiencelabs.com.br\/julho-vai-ter-feriado-veja-o-que-diz-o-calendario\/#breadcrumb"},"inLanguage":"pt-BR","potentialAction":[{"@type":"ReadAction","target":["https:\/\/crusoe.audiencelabs.com.br\/julho-vai-ter-feriado-veja-o-que-diz-o-calendario\/"]}]},{"@type":"ImageObject","inLanguage":"pt-BR","@id":"https:\/\/crusoe.audiencelabs.com.br\/julho-vai-ter-feriado-veja-o-que-diz-o-calendario\/#primaryimage","url":"https:\/\/cdn.crusoe.com.br\/uploads\/2025\/07\/feriado-em-julho.webp","contentUrl":"https:\/\/cdn.crusoe.com.br\/uploads\/2025\/07\/feriado-em-julho.webp","width":1170,"height":700,"caption":"Reprodu\u00e7\u00e3o: Ag\u00eancia Brasil (Rovena Rosa)"},{"@type":"BreadcrumbList","@id":"https:\/\/crusoe.audiencelabs.com.br\/julho-vai-ter-feriado-veja-o-que-diz-o-calendario\/#breadcrumb","itemListElement":[{"@type":"ListItem","position":1,"name":"Home","item":"https:\/\/crusoe.audiencelabs.com.br\/"},{"@type":"ListItem","position":2,"name":"Julho vai ter feriado? Veja o que diz o calend\u00e1rio"}]},{"@type":"WebSite","@id":"https:\/\/crusoe.audiencelabs.com.br\/#website","url":"https:\/\/crusoe.audiencelabs.com.br\/","name":"Variedades - Cruso\u00e9","description":"","potentialAction":[{"@type":"SearchAction","target":{"@type":"EntryPoint","urlTemplate":"https:\/\/crusoe.audiencelabs.com.br\/?s={search_term_string}"},"query-input":{"@type":"PropertyValueSpecification","valueRequired":true,"valueName":"search_term_string"}}],"inLanguage":"pt-BR"},{"@type":"Person","@id":"https:\/\/crusoe.audiencelabs.com.br\/#\/schema\/person\/be66e7e59ad3bc2a7c0833132c5c8c00","name":"Gabriela Santos","image":{"@type":"ImageObject","inLanguage":"pt-BR","@id":"https:\/\/crusoe.audiencelabs.com.br\/#\/schema\/person\/image\/","url":"https:\/\/secure.gravatar.com\/avatar\/d58b244b5f316c2ae218c4fd7fd0fdf0fbcf215931ac50c70906d65db85b6002?s=96&d=mm&r=g","contentUrl":"https:\/\/secure.gravatar.com\/avatar\/d58b244b5f316c2ae218c4fd7fd0fdf0fbcf215931ac50c70906d65db85b6002?s=96&d=mm&r=g","caption":"Gabriela Santos"},"description":"Jornalista que atua com a produ\u00e7\u00e3o de conte\u00fado em temas diversos, aproximando o leitor por meio de informa\u00e7\u00f5es que refletem o cotidiano.","url":"https:\/\/crusoe.audiencelabs.com.br\/author\/gabrielasantos\/"}]}},"_links":{"self":[{"href":"https:\/\/crusoe.audiencelabs.com.br\/wp-json\/wp\/v2\/posts\/3553","targetHints":{"allow":["GET"]}}],"collection":[{"href":"https:\/\/crusoe.audiencelabs.com.br\/wp-json\/wp\/v2\/posts"}],"about":[{"href":"https:\/\/crusoe.audiencelabs.com.br\/wp-json\/wp\/v2\/types\/post"}],"author":[{"embeddable":true,"href":"https:\/\/crusoe.audiencelabs.com.br\/wp-json\/wp\/v2\/users\/8"}],"replies":[{"embeddable":true,"href":"https:\/\/crusoe.audiencelabs.com.br\/wp-json\/wp\/v2\/comments?post=3553"}],"version-history":[{"count":3,"href":"https:\/\/crusoe.audiencelabs.com.br\/wp-json\/wp\/v2\/posts\/3553\/revisions"}],"predecessor-version":[{"id":3565,"href":"https:\/\/crusoe.audiencelabs.com.br\/wp-json\/wp\/v2\/posts\/3553\/revisions\/3565"}],"wp:featuredmedia":[{"embeddable":true,"href":"https:\/\/crusoe.audiencelabs.com.br\/wp-json\/wp\/v2\/media\/3564"}],"wp:attachment":[{"href":"https:\/\/crusoe.audiencelabs.com.br\/wp-json\/wp\/v2\/media?parent=3553"}],"wp:term":[{"taxonomy":"category","embeddable":true,"href":"https:\/\/crusoe.audiencelabs.com.br\/wp-json\/wp\/v2\/categories?post=3553"},{"taxonomy":"post_tag","embeddable":true,"href":"https:\/\/crusoe.audiencelabs.com.br\/wp-json\/wp\/v2\/tags?post=3553"}],"curies":[{"name":"wp","href":"https:\/\/api.w.org\/{rel}","templated":true}]}}