{"id":35240,"date":"2026-04-03T07:01:34","date_gmt":"2026-04-03T10:01:34","guid":{"rendered":"https:\/\/crusoe.audiencelabs.com.br\/?p=35240"},"modified":"2026-03-31T17:32:27","modified_gmt":"2026-03-31T20:32:27","slug":"o-que-acontece-com-seu-corpo-quando-voce-toma-cafe-logo-ao-acordar","status":"publish","type":"post","link":"https:\/\/crusoe.audiencelabs.com.br\/o-que-acontece-com-seu-corpo-quando-voce-toma-cafe-logo-ao-acordar\/","title":{"rendered":"O que acontece com seu corpo quando voc\u00ea toma caf\u00e9 logo ao acordar"},"content":{"rendered":"<p>Tomar caf\u00e9 assim que os olhos abrem parece o come\u00e7o perfeito do dia. Mas essa pr\u00e1tica pode estar reduzindo o efeito da cafe\u00edna e aumentando sua depend\u00eancia da bebida ao longo do tempo. O motivo est\u00e1 num horm\u00f4nio que muita gente nunca associou ao cafezinho da manh\u00e3: o cortisol.<\/p>\n<p class=\"font-claude-response-body break-words whitespace-normal leading-[1.7]\">De acordo com o cardiologista Aurelio Rojas, os primeiros 30 a 60 minutos ap\u00f3s acordar, o organismo produz um pico de cortisol conhecido como Cortisol Awakening Response (CAR), ou resposta de despertar. Esse horm\u00f4nio eleva a energia, regula a press\u00e3o arterial e sincroniza o rel\u00f3gio biol\u00f3gico, funcionando como um despertador natural.<\/p>\n<p class=\"font-claude-response-body break-words whitespace-normal leading-[1.7]\">O problema come\u00e7a quando a cafe\u00edna entra em cena antes desse processo terminar. Rojas alertou, em v\u00eddeo divulgado em seus canais digitais e citado pelo jornal espanhol El Confidencial, que ingerir caf\u00e9 logo ap\u00f3s acordar n\u00e3o acrescenta energia extra. O efeito estimulante da bebida \u00e9 reduzido porque a cafe\u00edna se sobrep\u00f5e a um pico hormonal que o corpo j\u00e1 estava produzindo por conta pr\u00f3pria.<\/p>\n<h2>Depend\u00eancia sem perceber<\/h2>\n<style>@media (min-width: 992px) {\n    .recomendadorV2Area1 {\n        width: 280px;\n    }\n    .recomendadorV2Area2 {\n        padding: 0px 20px;\n        width: calc(100% - 280px);\n    }\n}\n\n@media (max-width: 992px) {\n    .recomendadorV2Button {\n        margin: 0 auto;\n    }\n    .recomendadorV2Area {\n        flex-direction: column;\n        text-align: center;\n    }\n    .recomendadorV2Area2 {\n        padding: 0px 20px;\n    }\n}\n\n.recomendadorV2Area {\n    background: #eeeeee3d;\n    border-radius: 10px;\n    padding: 15px;\n    display: flex;\n    margin: 15px auto;\n    border: 1px solid #00000014;\n    max-width: 800px;\n}\n\n.recomendadorV2Area1 img {\n    width: 280px;\n    height: auto;\n    border-radius: 8px;\n}\n\n.linkrecomendadorv2 {\n    text-decoration: none !important;\n}\n\n.recomendadorV2Area2 .recomendadorV2Type {\n    text-transform: uppercase;\n    font-weight: 500;\n    font-size: 11px;\n    letter-spacing: 2px;\n    color: #666;\n    margin: 12px 0;\n    display: block;\n}\n\n.recomendadorV2Title h2 {\n    padding-top: 0px !important;\n    margin: 0px !important;\n    border-left: none !important;\n    padding-left: 0px !important;\n    line-height: 1.3;\n    color: #000 !important;\n    font-size: 24px;\n    margin-bottom: 12px !important;\n}\n\n.recomendadorV2Desc {\n    color: #333;\n    margin: 12px 0px !important;\n    font-size: 15px;\n    line-height: 1.5;\n}\n\n.recomendadorV2Button {\n    width: auto;\n    max-width: 200px;\n    margin: 0;\n    display: inline-flex;\n    align-items: center;\n    background: #1D3557;\n    border-radius: 8px;\n    color: #fff;\n    height: 36px;\n    justify-content: center;\n    text-align: center;\n    font-size: 14px;\n    padding: 0 20px;\n    transition: background-color 0.2s ease;\n}\n\n.recomendadorV2Button:hover {\n    background: #2a4d7a;\n}\n\n.recomendadorV2Button:after {\n    margin-top: -2px;\n    content: \"\u2192\";\n    padding: 0px 0px 0px 8px;\n}\n\n.recomendadorV2Alert {\n    text-align: left;\n    font-size: 11px;\n    margin-top: 8px;\n    color: #666;\n}\n\n.recomendadorFixedArea {\n    width: 100%;\n    display: flex;\n    justify-content: center;\n    align-items: center;\n}\n\n@media (min-width: 992px) {\n    #recomendadorFixed {\n        width: 32% !important;\n        left: 5%;\n    }\n    .recomendadorCloseFixed{\n        right: inherit !important;\n        left: 378px !important;\n    }\n}\n\n#recomendadorFixed {\n    width: 90%;\n    box-shadow: 0 10px 20px 0px #00000057;\n    display: none;\n    height: 90px;\n    background: #F6F6F6;\n    position: fixed;\n    flex-direction: row;\n    bottom: 10px;\n    z-index: 9999;\n    border-radius: 16px;\n    padding: 7px 10px;\n}\n\n.recomendadorLeftArea {\n    width: 160px;\n}\n\n.recomendadorRightArea h2 {\n    padding-top: 0px;\n    margin: 2px 0px 4px 0px !important;\n    font-weight: 400;\n    text-align: center;\n    padding-left: 0px !important;\n    color: #000 !important;\n    border-left: none !important;\n    line-height: 20px;\n    font-size: 12px !important;\n}\n\n.recomendadorImgFixed {\n    overflow: hidden;\n    padding: 8px 6px;\n    height: 100%;\n}\n\n.recomendadorImgFixed img {\n    height: 100% !important;\n    border-radius: 16px;\n}\n\n.recomendadorRightArea {\n    padding-top: 6px;\n    display: flex;\n    width: calc(100% - 130px);\n    justify-content: space-between;\n    align-items: center;\n    flex-direction: column;\n}\n\n.recomendadorButtonFixed {\n    margin: 0 auto;\n    background: #1D3557;\n    width: 80%;\n    text-align: center;\n    font-size: 10px;\n    color: #FFF;\n    padding: 2px 10px;\n    border-radius: 3px;\n}\n\n.recomendadorButtonFixed:after {\n    margin-top: -3px;\n    content: \"\u2192\";\n    padding: 0px 0px 0px 10px;\n}\n\n.recomendadorAlertFixed {\n    font-weight: 400;\n    text-align: center;\n    color: #484848;\n    font-size: 8px;\n}\n\n.recomendadorCloseFixed {\n    z-index: 99999;\n    display: none;\n    right: 0px;\n    left: inherit;\n    bottom: 99px;\n    position: fixed;\n    justify-content: center;\n    background: #F6F6F6;\n    width: 25px;\n    align-items: center;\n    height: 25px;\n    font-weight: 800;\n    border-radius: 50%;\n    border: 1px solid #EBEBEB;\n}\n\n.recomendadorV2Desc{\n    color: #000000;\n    margin: 20px 0px;\n}\n\n@media (max-width: 576px) {\n    .recomendadorV2Area {\n      padding: 10px;\n      max-width: 100%;\n    }\n  \n    .recomendadorV2Area1 img {\n      width: 100%;\n      border-radius: 6px;\n    }\n  \n    .recomendadorV2Area2 .recomendadorV2Type {\n      font-size: 9px;\n      letter-spacing: 1px;\n      margin: 8px 0;\n    }\n  \n    .recomendadorV2Title h2 {\n      font-size: 18px !important;\n      margin-bottom: 8px !important;\n      line-height: 1.2;\n    }\n  \n    .recomendadorV2Desc {\n      font-size: 14px;\n      margin: 8px 0 !important;\n      line-height: 1.4;\n    }\n  \n    .recomendadorV2Button {\n      font-size: 14px;\n      height: 40px;\n      padding: 0 12px;\n      max-width: 100%;\n      width: 100%;\n    }\n  \n    .recomendadorV2Button:after {\n      padding-left: 6px;\n    }\n  }\n  <\/style>\n        <div class=\"lazyblock-recomendador-v2-2jDGz wp-block-lazyblock-recomendador-v2\">\n        <a class=\"linkrecomendadorv2\" href=\"https:\/\/crusoe.com.br\/variedades\/voce-esquece-nomes-com-frequencia-entenda-o-que-isso-diz-sobre-seu-cerebro\/?utm_source=lazy\">\n            <div class=\"recomendadorV2Area\">\n            <div class=\"recomendadorV2Area1\">\n                <div class=\"recomendadorV2Img\">\n                <img class=\"lazyloaded\" decoding=\"async\" src=\"https:\/\/cdn.crusoe.com.br\/uploads\/2026\/03\/um-homem-de-negocios-bonito-a-trabalhar-na-secretaria_1303-25724-740x375.jpg\" data-src=\"https:\/\/cdn.crusoe.com.br\/uploads\/2026\/03\/um-homem-de-negocios-bonito-a-trabalhar-na-secretaria_1303-25724-740x375.jpg\" alt=\"\">\n                <\/div>\n            <\/div>\n            <div class=\"recomendadorV2Area2\">\n                <div class=\"recomendadorV2Type\">\n                    <span>Sa\u00fade mental<\/span>\n                <\/div>\n                <div class=\"recomendadorV2Title\">\n                <h2><span>Esquece nomes? \ud83e\udde0<\/span><\/h2>\n                <\/div>\n                <div class=\"recomendadorV2Desc\">\n                <span>O que isso revela sobre seu c\u00e9rebro<\/span>\n                <\/div>\n                <div class=\"recomendadorV2Button\">Entenda<\/div>\n                <div class=\"recomendadorV2Alert\"><\/div>\n            <\/div>\n            <\/div>\n        <\/a>\n        <div>\n            <div style=\"z-index:99999;\" id=\"buttonClose\" onclick=\"closeRecomendadorFixed()\">\n            <div class=\"recomendadorCloseFixed\">X<\/div>\n            <\/div>\n            <a href=\"https:\/\/crusoe.com.br\/variedades\/voce-esquece-nomes-com-frequencia-entenda-o-que-isso-diz-sobre-seu-cerebro\/?utm_source=lazy\">\n            <div class=\"recomendadorFixedArea\">\n                <div id=\"recomendadorFixed\">\n                <div class=\"recomendadorLeftArea\">\n                    <div class=\"recomendadorImgFixed\">\n                    <img class=\"lazyload\" decoding=\"async\" src=\"https:\/\/cdn.crusoe.com.br\/uploads\/2026\/03\/um-homem-de-negocios-bonito-a-trabalhar-na-secretaria_1303-25724-740x375.jpg\" alt=\"\">\n                    <\/div>\n                <\/div>\n                <div class=\"recomendadorRightArea\">\n                    <div class=\"recomendadorTitleFixed\">\n                    <h2><span>Esquece nomes? \ud83e\udde0<\/span><\/h2>\n                    <\/div>\n                    <div class=\"recomendadorButtonFixed\">Entenda<\/div>\n                    <div class=\"recomendadorAlertFixed\"><\/div>\n                <\/div>\n                <\/div>\n            <\/div>\n            <\/a>\n        <\/div>\n        <\/div>\n<p class=\"font-claude-response-body break-words whitespace-normal leading-[1.7]\">A interfer\u00eancia vai al\u00e9m da manh\u00e3. Segundo Rojas, estressar o sistema nervoso nesse momento faz com que o organismo desenvolva toler\u00e2ncia \u00e0 cafe\u00edna. Com o tempo, doses cada vez maiores passam a ser necess\u00e1rias para atingir o mesmo n\u00edvel de alerta, criando um ciclo de depend\u00eancia que muitas pessoas nem percebem que est\u00e3o alimentando.<\/p>\n<p class=\"font-claude-response-body break-words whitespace-normal leading-[1.7]\">O neurocientista Andrew Huberman, da Universidade Stanford, refor\u00e7a esse racioc\u00ednio. Em um epis\u00f3dio do seu podcast Huberman Lab, ele explica que tomar caf\u00e9 imediatamente ap\u00f3s acordar bloqueia os receptores de adenosina, mas n\u00e3o os limpa. A adenosina \u00e9 o neurotransmissor respons\u00e1vel por induzir o sono, e ela se acumula ao longo da noite. Sem o cortisol agindo livremente para remov\u00ea-la, esse ac\u00famulo persiste, o que explica a queda brusca de energia que muita gente sente no meio da tarde.<\/p>\n<p class=\"font-claude-response-body break-words whitespace-normal leading-[1.7]\">&#8220;Ao atrasar a cafe\u00edna para 90 a 120 minutos ap\u00f3s acordar, voc\u00ea prepara o sistema para que obtenha o pico de cortisol matinal e, quando ingere o caf\u00e9, estar\u00e1 bebendo com um pano de fundo j\u00e1 existente de maior alerta&#8221;, disse Huberman no podcast.<\/p>\n<h2>Quando tomar o primeiro gole<\/h2>\n<p class=\"font-claude-response-body break-words whitespace-normal leading-[1.7]\">A recomenda\u00e7\u00e3o que une os dois especialistas \u00e9 esperar entre 60 e 90 minutos ap\u00f3s acordar antes de tomar o primeiro caf\u00e9. Esse intervalo permite que o cortisol fa\u00e7a seu trabalho e que a adenosina se acumule um pouco, tornando a cafe\u00edna mais eficaz quando finalmente \u00e9 consumida.<\/p>\n<p class=\"font-claude-response-body break-words whitespace-normal leading-[1.7]\">Para preencher esse tempo, algumas pr\u00e1ticas ajudam a manter o pico de cortisol ativo: tomar \u00e1gua ao acordar, se expor \u00e0 luz natural e fazer alguma movimenta\u00e7\u00e3o leve, como uma caminhada curta ou alongamentos.<\/p>\n<p>Aurelio Rojas destaca ainda que o caf\u00e9 est\u00e1 longe de ser o &#8220;vil\u00e3o&#8221;. Para pessoas com estresse cr\u00f4nico elevado ou sistema cardiovascular mais reativo, tomar caf\u00e9 muito cedo pode provocar ansiedade, palpita\u00e7\u00f5es ou nervosismo. Mas, consumido no momento certo, o caf\u00e9 est\u00e1 associado a benef\u00edcios significativos para a sa\u00fade.<\/p>\n<p class=\"font-claude-response-body break-words whitespace-normal leading-[1.7]\">&#8220;O caf\u00e9, quando consumido corretamente, est\u00e1 associado a um menor risco de doen\u00e7as cardiovasculares, menor mortalidade geral e melhor fun\u00e7\u00e3o metab\u00f3lica&#8221;, afirmou o cardiologista.<\/p>\n<p>&nbsp;<\/p>\n","protected":false},"excerpt":{"rendered":"<p>Tomar caf\u00e9 assim que os olhos abrem parece o come\u00e7o perfeito do dia. Mas essa pr\u00e1tica pode estar reduzindo o efeito da cafe\u00edna e aumentando sua depend\u00eancia da bebida ao longo do tempo. O motivo est\u00e1 num horm\u00f4nio que muita gente nunca associou ao cafezinho da manh\u00e3: o cortisol. De acordo com o cardiologista Aurelio [&hellip;]<\/p>\n","protected":false},"author":15,"featured_media":35241,"comment_status":"open","ping_status":"open","sticky":false,"template":"","format":"standard","meta":{"jnews-multi-image_gallery":[],"jnews_single_post":{"format":"standard","jnews_video_option_group":[[]],"override":[{"template":"2","parallax":"1","fullscreen":"1","layout":"right-sidebar","sidebar":"default-sidebar","second_sidebar":"default-sidebar","sticky_sidebar":"1","share_position":"hide","share_float_style":"share-monocrhome","show_featured":"1","show_post_meta":"1","show_post_author":"1","show_post_date":"1","post_date_format":"default","post_date_format_custom":"Y\/m\/d","show_post_category":"1","show_post_reading_time":"0","post_reading_time_wpm":"300","post_calculate_word_method":"str_word_count","show_zoom_button":"0","zoom_button_out_step":"2","zoom_button_in_step":"3","show_post_tag":"1","show_popup_post":"1","number_popup_post":"1","show_author_box":"1","show_post_related":"0"}],"image_override":[{"single_post_thumbnail_size":"crop-500","single_post_gallery_size":"crop-500"}],"trending_post_position":"meta","trending_post_label":"Trending","sponsored_post_label":"Sponsored by","disable_ad":"0","subtitle":"Um especialista aponta que apesar da energia, tomar a bebida pela manh\u00e3 n\u00e3o \u00e9 t\u00e3o ben\u00e9fico"},"jnews_primary_category":[],"jnews_override_counter":{"view_counter_number":"0","share_counter_number":"0","like_counter_number":"0","dislike_counter_number":"0"},"jnews_post_split":{"post_split":[{"template":"1","tag":"h2","numbering":"asc","mode":"normal","first":"0","enable_toc":"0","toc_type":"normal"}]},"footnotes":""},"categories":[1],"tags":[6603,869,36,3929,6601,3850,2799,6602,234,424],"class_list":["post-35240","post","type-post","status-publish","format-standard","has-post-thumbnail","hentry","category-geral","tag-andrew-huberman","tag-bem-estar","tag-cafe","tag-cafeina","tag-cortisol","tag-energia","tag-habitos-saudaveis","tag-rotina-matinal","tag-saude","tag-sono"],"yoast_head":"<!-- This site is optimized with the Yoast SEO plugin v25.0 - https:\/\/yoast.com\/wordpress\/plugins\/seo\/ -->\n<title>O que acontece com seu corpo quando voc\u00ea toma caf\u00e9 logo ao acordar<\/title>\n<meta name=\"robots\" content=\"index, follow, max-snippet:-1, max-image-preview:large, max-video-preview:-1\" \/>\n<link rel=\"canonical\" href=\"https:\/\/crusoe.audiencelabs.com.br\/o-que-acontece-com-seu-corpo-quando-voce-toma-cafe-logo-ao-acordar\/\" \/>\n<meta property=\"og:locale\" content=\"pt_BR\" \/>\n<meta property=\"og:type\" content=\"article\" \/>\n<meta property=\"og:title\" content=\"O que acontece com seu corpo quando voc\u00ea toma caf\u00e9 logo ao acordar\" \/>\n<meta property=\"og:description\" content=\"Tomar caf\u00e9 assim que os olhos abrem parece o come\u00e7o perfeito do dia. Mas essa pr\u00e1tica pode estar reduzindo o efeito da cafe\u00edna e aumentando sua depend\u00eancia da bebida ao longo do tempo. O motivo est\u00e1 num horm\u00f4nio que muita gente nunca associou ao cafezinho da manh\u00e3: o cortisol. De acordo com o cardiologista Aurelio [&hellip;]\" \/>\n<meta property=\"og:url\" content=\"https:\/\/crusoe.audiencelabs.com.br\/o-que-acontece-com-seu-corpo-quando-voce-toma-cafe-logo-ao-acordar\/\" \/>\n<meta property=\"og:site_name\" content=\"Variedades - Cruso\u00e9\" \/>\n<meta property=\"article:published_time\" content=\"2026-04-03T10:01:34+00:00\" \/>\n<meta property=\"og:image\" content=\"https:\/\/cdn.crusoe.com.br\/uploads\/2026\/03\/parker-johnson-HVg-Nj9ySHs-unsplash.jpg\" \/>\n\t<meta property=\"og:image:width\" content=\"640\" \/>\n\t<meta property=\"og:image:height\" content=\"427\" \/>\n\t<meta property=\"og:image:type\" content=\"image\/jpeg\" \/>\n<meta name=\"author\" content=\"J\u00falio Nesi\" \/>\n<meta name=\"twitter:card\" content=\"summary_large_image\" \/>\n<meta name=\"twitter:label1\" content=\"Escrito por\" \/>\n\t<meta name=\"twitter:data1\" content=\"J\u00falio Nesi\" \/>\n\t<meta name=\"twitter:label2\" content=\"Est. tempo de leitura\" \/>\n\t<meta name=\"twitter:data2\" content=\"4 minutos\" \/>\n<script type=\"application\/ld+json\" class=\"yoast-schema-graph\">{\"@context\":\"https:\/\/schema.org\",\"@graph\":[{\"@type\":\"WebPage\",\"@id\":\"https:\/\/crusoe.audiencelabs.com.br\/o-que-acontece-com-seu-corpo-quando-voce-toma-cafe-logo-ao-acordar\/\",\"url\":\"https:\/\/crusoe.audiencelabs.com.br\/o-que-acontece-com-seu-corpo-quando-voce-toma-cafe-logo-ao-acordar\/\",\"name\":\"O que acontece com seu corpo quando voc\u00ea toma caf\u00e9 logo ao acordar\",\"isPartOf\":{\"@id\":\"https:\/\/crusoe.audiencelabs.com.br\/#website\"},\"primaryImageOfPage\":{\"@id\":\"https:\/\/crusoe.audiencelabs.com.br\/o-que-acontece-com-seu-corpo-quando-voce-toma-cafe-logo-ao-acordar\/#primaryimage\"},\"image\":{\"@id\":\"https:\/\/crusoe.audiencelabs.com.br\/o-que-acontece-com-seu-corpo-quando-voce-toma-cafe-logo-ao-acordar\/#primaryimage\"},\"thumbnailUrl\":\"https:\/\/cdn.crusoe.com.br\/uploads\/2026\/03\/parker-johnson-HVg-Nj9ySHs-unsplash.jpg\",\"datePublished\":\"2026-04-03T10:01:34+00:00\",\"author\":{\"@id\":\"https:\/\/crusoe.audiencelabs.com.br\/#\/schema\/person\/0cca5874eda7d72cef71e77a9a9c2143\"},\"breadcrumb\":{\"@id\":\"https:\/\/crusoe.audiencelabs.com.br\/o-que-acontece-com-seu-corpo-quando-voce-toma-cafe-logo-ao-acordar\/#breadcrumb\"},\"inLanguage\":\"pt-BR\",\"potentialAction\":[{\"@type\":\"ReadAction\",\"target\":[\"https:\/\/crusoe.audiencelabs.com.br\/o-que-acontece-com-seu-corpo-quando-voce-toma-cafe-logo-ao-acordar\/\"]}]},{\"@type\":\"ImageObject\",\"inLanguage\":\"pt-BR\",\"@id\":\"https:\/\/crusoe.audiencelabs.com.br\/o-que-acontece-com-seu-corpo-quando-voce-toma-cafe-logo-ao-acordar\/#primaryimage\",\"url\":\"https:\/\/cdn.crusoe.com.br\/uploads\/2026\/03\/parker-johnson-HVg-Nj9ySHs-unsplash.jpg\",\"contentUrl\":\"https:\/\/cdn.crusoe.com.br\/uploads\/2026\/03\/parker-johnson-HVg-Nj9ySHs-unsplash.jpg\",\"width\":640,\"height\":427,\"caption\":\"Reprodu\u00e7\u00e3o: Unsplash \/ Parker Johnson\"},{\"@type\":\"BreadcrumbList\",\"@id\":\"https:\/\/crusoe.audiencelabs.com.br\/o-que-acontece-com-seu-corpo-quando-voce-toma-cafe-logo-ao-acordar\/#breadcrumb\",\"itemListElement\":[{\"@type\":\"ListItem\",\"position\":1,\"name\":\"Home\",\"item\":\"https:\/\/crusoe.audiencelabs.com.br\/\"},{\"@type\":\"ListItem\",\"position\":2,\"name\":\"O que acontece com seu corpo quando voc\u00ea toma caf\u00e9 logo ao acordar\"}]},{\"@type\":\"WebSite\",\"@id\":\"https:\/\/crusoe.audiencelabs.com.br\/#website\",\"url\":\"https:\/\/crusoe.audiencelabs.com.br\/\",\"name\":\"Variedades - Cruso\u00e9\",\"description\":\"\",\"potentialAction\":[{\"@type\":\"SearchAction\",\"target\":{\"@type\":\"EntryPoint\",\"urlTemplate\":\"https:\/\/crusoe.audiencelabs.com.br\/?s={search_term_string}\"},\"query-input\":{\"@type\":\"PropertyValueSpecification\",\"valueRequired\":true,\"valueName\":\"search_term_string\"}}],\"inLanguage\":\"pt-BR\"},{\"@type\":\"Person\",\"@id\":\"https:\/\/crusoe.audiencelabs.com.br\/#\/schema\/person\/0cca5874eda7d72cef71e77a9a9c2143\",\"name\":\"J\u00falio Nesi\",\"image\":{\"@type\":\"ImageObject\",\"inLanguage\":\"pt-BR\",\"@id\":\"https:\/\/crusoe.audiencelabs.com.br\/#\/schema\/person\/image\/\",\"url\":\"https:\/\/secure.gravatar.com\/avatar\/c22eb47c3e2320e71637346b980e09f63de9f75742d3335f94a26b83dff70473?s=96&d=mm&r=g\",\"contentUrl\":\"https:\/\/secure.gravatar.com\/avatar\/c22eb47c3e2320e71637346b980e09f63de9f75742d3335f94a26b83dff70473?s=96&d=mm&r=g\",\"caption\":\"J\u00falio Nesi\"},\"description\":\"Jornalista alagoano formado pela UFAL, j\u00e1 atuei em produ\u00e7\u00e3o de conte\u00fado digital para portais, r\u00e1dio e redes sociais.\",\"sameAs\":[\"www.linkedin.com\/in\/j\u00falio-nesi\"],\"url\":\"https:\/\/crusoe.audiencelabs.com.br\/author\/julionesi\/\"}]}<\/script>\n<!-- \/ Yoast SEO plugin. -->","yoast_head_json":{"title":"O que acontece com seu corpo quando voc\u00ea toma caf\u00e9 logo ao acordar","robots":{"index":"index","follow":"follow","max-snippet":"max-snippet:-1","max-image-preview":"max-image-preview:large","max-video-preview":"max-video-preview:-1"},"canonical":"https:\/\/crusoe.audiencelabs.com.br\/o-que-acontece-com-seu-corpo-quando-voce-toma-cafe-logo-ao-acordar\/","og_locale":"pt_BR","og_type":"article","og_title":"O que acontece com seu corpo quando voc\u00ea toma caf\u00e9 logo ao acordar","og_description":"Tomar caf\u00e9 assim que os olhos abrem parece o come\u00e7o perfeito do dia. Mas essa pr\u00e1tica pode estar reduzindo o efeito da cafe\u00edna e aumentando sua depend\u00eancia da bebida ao longo do tempo. O motivo est\u00e1 num horm\u00f4nio que muita gente nunca associou ao cafezinho da manh\u00e3: o cortisol. De acordo com o cardiologista Aurelio [&hellip;]","og_url":"https:\/\/crusoe.audiencelabs.com.br\/o-que-acontece-com-seu-corpo-quando-voce-toma-cafe-logo-ao-acordar\/","og_site_name":"Variedades - Cruso\u00e9","article_published_time":"2026-04-03T10:01:34+00:00","og_image":[{"width":640,"height":427,"url":"https:\/\/cdn.crusoe.com.br\/uploads\/2026\/03\/parker-johnson-HVg-Nj9ySHs-unsplash.jpg","type":"image\/jpeg"}],"author":"J\u00falio Nesi","twitter_card":"summary_large_image","twitter_misc":{"Escrito por":"J\u00falio Nesi","Est. tempo de leitura":"4 minutos"},"schema":{"@context":"https:\/\/schema.org","@graph":[{"@type":"WebPage","@id":"https:\/\/crusoe.audiencelabs.com.br\/o-que-acontece-com-seu-corpo-quando-voce-toma-cafe-logo-ao-acordar\/","url":"https:\/\/crusoe.audiencelabs.com.br\/o-que-acontece-com-seu-corpo-quando-voce-toma-cafe-logo-ao-acordar\/","name":"O que acontece com seu corpo quando voc\u00ea toma caf\u00e9 logo ao acordar","isPartOf":{"@id":"https:\/\/crusoe.audiencelabs.com.br\/#website"},"primaryImageOfPage":{"@id":"https:\/\/crusoe.audiencelabs.com.br\/o-que-acontece-com-seu-corpo-quando-voce-toma-cafe-logo-ao-acordar\/#primaryimage"},"image":{"@id":"https:\/\/crusoe.audiencelabs.com.br\/o-que-acontece-com-seu-corpo-quando-voce-toma-cafe-logo-ao-acordar\/#primaryimage"},"thumbnailUrl":"https:\/\/cdn.crusoe.com.br\/uploads\/2026\/03\/parker-johnson-HVg-Nj9ySHs-unsplash.jpg","datePublished":"2026-04-03T10:01:34+00:00","author":{"@id":"https:\/\/crusoe.audiencelabs.com.br\/#\/schema\/person\/0cca5874eda7d72cef71e77a9a9c2143"},"breadcrumb":{"@id":"https:\/\/crusoe.audiencelabs.com.br\/o-que-acontece-com-seu-corpo-quando-voce-toma-cafe-logo-ao-acordar\/#breadcrumb"},"inLanguage":"pt-BR","potentialAction":[{"@type":"ReadAction","target":["https:\/\/crusoe.audiencelabs.com.br\/o-que-acontece-com-seu-corpo-quando-voce-toma-cafe-logo-ao-acordar\/"]}]},{"@type":"ImageObject","inLanguage":"pt-BR","@id":"https:\/\/crusoe.audiencelabs.com.br\/o-que-acontece-com-seu-corpo-quando-voce-toma-cafe-logo-ao-acordar\/#primaryimage","url":"https:\/\/cdn.crusoe.com.br\/uploads\/2026\/03\/parker-johnson-HVg-Nj9ySHs-unsplash.jpg","contentUrl":"https:\/\/cdn.crusoe.com.br\/uploads\/2026\/03\/parker-johnson-HVg-Nj9ySHs-unsplash.jpg","width":640,"height":427,"caption":"Reprodu\u00e7\u00e3o: Unsplash \/ Parker Johnson"},{"@type":"BreadcrumbList","@id":"https:\/\/crusoe.audiencelabs.com.br\/o-que-acontece-com-seu-corpo-quando-voce-toma-cafe-logo-ao-acordar\/#breadcrumb","itemListElement":[{"@type":"ListItem","position":1,"name":"Home","item":"https:\/\/crusoe.audiencelabs.com.br\/"},{"@type":"ListItem","position":2,"name":"O que acontece com seu corpo quando voc\u00ea toma caf\u00e9 logo ao acordar"}]},{"@type":"WebSite","@id":"https:\/\/crusoe.audiencelabs.com.br\/#website","url":"https:\/\/crusoe.audiencelabs.com.br\/","name":"Variedades - Cruso\u00e9","description":"","potentialAction":[{"@type":"SearchAction","target":{"@type":"EntryPoint","urlTemplate":"https:\/\/crusoe.audiencelabs.com.br\/?s={search_term_string}"},"query-input":{"@type":"PropertyValueSpecification","valueRequired":true,"valueName":"search_term_string"}}],"inLanguage":"pt-BR"},{"@type":"Person","@id":"https:\/\/crusoe.audiencelabs.com.br\/#\/schema\/person\/0cca5874eda7d72cef71e77a9a9c2143","name":"J\u00falio Nesi","image":{"@type":"ImageObject","inLanguage":"pt-BR","@id":"https:\/\/crusoe.audiencelabs.com.br\/#\/schema\/person\/image\/","url":"https:\/\/secure.gravatar.com\/avatar\/c22eb47c3e2320e71637346b980e09f63de9f75742d3335f94a26b83dff70473?s=96&d=mm&r=g","contentUrl":"https:\/\/secure.gravatar.com\/avatar\/c22eb47c3e2320e71637346b980e09f63de9f75742d3335f94a26b83dff70473?s=96&d=mm&r=g","caption":"J\u00falio Nesi"},"description":"Jornalista alagoano formado pela UFAL, j\u00e1 atuei em produ\u00e7\u00e3o de conte\u00fado digital para portais, r\u00e1dio e redes sociais.","sameAs":["www.linkedin.com\/in\/j\u00falio-nesi"],"url":"https:\/\/crusoe.audiencelabs.com.br\/author\/julionesi\/"}]}},"_links":{"self":[{"href":"https:\/\/crusoe.audiencelabs.com.br\/wp-json\/wp\/v2\/posts\/35240","targetHints":{"allow":["GET"]}}],"collection":[{"href":"https:\/\/crusoe.audiencelabs.com.br\/wp-json\/wp\/v2\/posts"}],"about":[{"href":"https:\/\/crusoe.audiencelabs.com.br\/wp-json\/wp\/v2\/types\/post"}],"author":[{"embeddable":true,"href":"https:\/\/crusoe.audiencelabs.com.br\/wp-json\/wp\/v2\/users\/15"}],"replies":[{"embeddable":true,"href":"https:\/\/crusoe.audiencelabs.com.br\/wp-json\/wp\/v2\/comments?post=35240"}],"version-history":[{"count":2,"href":"https:\/\/crusoe.audiencelabs.com.br\/wp-json\/wp\/v2\/posts\/35240\/revisions"}],"predecessor-version":[{"id":35967,"href":"https:\/\/crusoe.audiencelabs.com.br\/wp-json\/wp\/v2\/posts\/35240\/revisions\/35967"}],"wp:featuredmedia":[{"embeddable":true,"href":"https:\/\/crusoe.audiencelabs.com.br\/wp-json\/wp\/v2\/media\/35241"}],"wp:attachment":[{"href":"https:\/\/crusoe.audiencelabs.com.br\/wp-json\/wp\/v2\/media?parent=35240"}],"wp:term":[{"taxonomy":"category","embeddable":true,"href":"https:\/\/crusoe.audiencelabs.com.br\/wp-json\/wp\/v2\/categories?post=35240"},{"taxonomy":"post_tag","embeddable":true,"href":"https:\/\/crusoe.audiencelabs.com.br\/wp-json\/wp\/v2\/tags?post=35240"}],"curies":[{"name":"wp","href":"https:\/\/api.w.org\/{rel}","templated":true}]}}