{"id":3520,"date":"2025-07-01T21:49:19","date_gmt":"2025-07-02T00:49:19","guid":{"rendered":"https:\/\/crusoe.com.br\/variedades\/?p=3520"},"modified":"2025-07-01T21:49:21","modified_gmt":"2025-07-02T00:49:21","slug":"descubra-os-sinais-de-que-voce-esta-com-deficiencia-de-vitamina-c","status":"publish","type":"post","link":"https:\/\/crusoe.audiencelabs.com.br\/descubra-os-sinais-de-que-voce-esta-com-deficiencia-de-vitamina-c\/","title":{"rendered":"Descubra os sinais de que voc\u00ea est\u00e1 com defici\u00eancia de vitamina C"},"content":{"rendered":"\n<p>Conhecida como \u00e1cido asc\u00f3rbico, a vitamina C conta com uma grande efic\u00e1cia. Prevenindo gripes e resfriados, tem uma import\u00e2ncia que vai al\u00e9m. Sendo essencial para diversas fun\u00e7\u00f5es no organismo, passa pelo sistema imunol\u00f3gico at\u00e9 na prote\u00e7\u00e3o contra danos causados por radicais livres.<\/p>\n\n\n\n<p>O papel da vitamina C serve como antioxidante, retardando o envelhecimento precoce, deixando o corpo mais resistente e saud\u00e1vel. Indispens\u00e1vel para produzir col\u00e1geno, \u00e9 uma prote\u00edna para a sa\u00fade da pele, unhas e cabelos. Melhorando a absor\u00e7\u00e3o do ferro, evita a anemia.<\/p>\n\n\n\n<p>Podendo at\u00e9 mesmo reduzir a oxida\u00e7\u00e3o de prote\u00ednas, ela tamb\u00e9m diminui microrganismos que s\u00e3o nocivos para o corpo. A recomenda\u00e7\u00e3o da vitamina C varia de acordo com a idade, sexo, condi\u00e7\u00f5es especiais como gravidez e lacta\u00e7\u00e3o. Seus valores podem ser de 75 a 120 miligramas por dia.<\/p>\n\n\n\n<h2 class=\"wp-block-heading\"><strong>Fun\u00e7\u00f5es essenciais e as consequ\u00eancias da defici\u00eancia<\/strong><\/h2>\n\n\n\n<p>Fadiga, unhas e cabelos fr\u00e1geis s\u00e3o alguns sintomas da falta de vitamina C, sendo mais suscet\u00edveis a infec\u00e7\u00f5es e dificuldade para a cicatriza\u00e7\u00e3o. Dependendo do caso, a falta pode levar a uma condi\u00e7\u00e3o grave como escorbuto, comprometendo a sa\u00fade bucal de maneira geral.<\/p>\n\n\n\n<p>Enfraquecendo o sistema imunol\u00f3gico, a aus\u00eancia da vitamina C deixa o corpo mais vulner\u00e1vel, retardando at\u00e9 mesmo o processo de recupera\u00e7\u00e3o em casos de feridas. Como o col\u00e1geno \u00e9 importante para a repara\u00e7\u00e3o, a produ\u00e7\u00e3o depende efetivamente da presen\u00e7a da vitamina.<\/p>\n\n\n\n<p>Demorando para fechar feridas abertas, o risco de inflama\u00e7\u00f5es sem a presen\u00e7a da vitamina C pode aumentar. Chegando at\u00e9 mesmo nas gengivas, sangramentos e inflama\u00e7\u00f5es dolorosas podem se intensificar. Em um quadro geral de fraqueza, alimenta\u00e7\u00f5es inadequadas podem prevalecer esses problemas.<\/p>\n\n\n\n<p>Afetando o bem-estar emocional e mental, a car\u00eancia de vitamina C contribui para a irritabilidade, dificuldade de concentra\u00e7\u00e3o, proporcionando estresse. Negligenciando esses aspectos, o papel do nutriente \u00e9 ainda mais importante e essencial para uma sa\u00fade plena. <\/p>\n\n\n\n<p><\/p>\n\n\n\n<p><\/p>\n","protected":false},"excerpt":{"rendered":"<p>A import\u00e2ncia da vitamina C \u00e9 fundamental para o bom funcionamento do corpo<\/p>\n","protected":false},"author":8,"featured_media":3525,"comment_status":"open","ping_status":"open","sticky":false,"template":"","format":"standard","meta":{"jnews-multi-image_gallery":[],"jnews_single_post":{"format":"standard"},"jnews_primary_category":[],"jnews_override_counter":[],"jnews_post_split":[],"footnotes":""},"categories":[1],"tags":[],"class_list":["post-3520","post","type-post","status-publish","format-standard","has-post-thumbnail","hentry","category-geral"],"yoast_head":"<!-- This site is optimized with the Yoast SEO plugin v25.0 - https:\/\/yoast.com\/wordpress\/plugins\/seo\/ -->\n<title>Descubra os sinais de que voc\u00ea est\u00e1 com defici\u00eancia de vitamina C<\/title>\n<meta name=\"robots\" content=\"index, follow, max-snippet:-1, max-image-preview:large, max-video-preview:-1\" \/>\n<link rel=\"canonical\" href=\"https:\/\/crusoe.audiencelabs.com.br\/descubra-os-sinais-de-que-voce-esta-com-deficiencia-de-vitamina-c\/\" \/>\n<meta property=\"og:locale\" content=\"pt_BR\" \/>\n<meta property=\"og:type\" content=\"article\" \/>\n<meta property=\"og:title\" content=\"Descubra os sinais de que voc\u00ea est\u00e1 com defici\u00eancia de vitamina C\" \/>\n<meta property=\"og:description\" content=\"A import\u00e2ncia da vitamina C \u00e9 fundamental para o bom funcionamento do corpo\" \/>\n<meta property=\"og:url\" content=\"https:\/\/crusoe.audiencelabs.com.br\/descubra-os-sinais-de-que-voce-esta-com-deficiencia-de-vitamina-c\/\" \/>\n<meta property=\"og:site_name\" content=\"Variedades - Cruso\u00e9\" \/>\n<meta property=\"article:published_time\" content=\"2025-07-02T00:49:19+00:00\" \/>\n<meta property=\"article:modified_time\" content=\"2025-07-02T00:49:21+00:00\" \/>\n<meta property=\"og:image\" content=\"https:\/\/cdn.crusoe.com.br\/uploads\/2025\/07\/vitamina-C.webp\" \/>\n\t<meta property=\"og:image:width\" content=\"1200\" \/>\n\t<meta property=\"og:image:height\" content=\"800\" \/>\n\t<meta property=\"og:image:type\" content=\"image\/webp\" \/>\n<meta name=\"author\" content=\"Gabriela Santos\" \/>\n<meta name=\"twitter:card\" content=\"summary_large_image\" \/>\n<meta name=\"twitter:label1\" content=\"Escrito por\" \/>\n\t<meta name=\"twitter:data1\" content=\"Gabriela Santos\" \/>\n\t<meta name=\"twitter:label2\" content=\"Est. tempo de leitura\" \/>\n\t<meta name=\"twitter:data2\" content=\"2 minutos\" \/>\n<script type=\"application\/ld+json\" class=\"yoast-schema-graph\">{\"@context\":\"https:\/\/schema.org\",\"@graph\":[{\"@type\":\"WebPage\",\"@id\":\"https:\/\/crusoe.audiencelabs.com.br\/descubra-os-sinais-de-que-voce-esta-com-deficiencia-de-vitamina-c\/\",\"url\":\"https:\/\/crusoe.audiencelabs.com.br\/descubra-os-sinais-de-que-voce-esta-com-deficiencia-de-vitamina-c\/\",\"name\":\"Descubra os sinais de que voc\u00ea est\u00e1 com defici\u00eancia de vitamina C\",\"isPartOf\":{\"@id\":\"https:\/\/crusoe.audiencelabs.com.br\/#website\"},\"primaryImageOfPage\":{\"@id\":\"https:\/\/crusoe.audiencelabs.com.br\/descubra-os-sinais-de-que-voce-esta-com-deficiencia-de-vitamina-c\/#primaryimage\"},\"image\":{\"@id\":\"https:\/\/crusoe.audiencelabs.com.br\/descubra-os-sinais-de-que-voce-esta-com-deficiencia-de-vitamina-c\/#primaryimage\"},\"thumbnailUrl\":\"https:\/\/cdn.crusoe.com.br\/uploads\/2025\/07\/vitamina-C.webp\",\"datePublished\":\"2025-07-02T00:49:19+00:00\",\"dateModified\":\"2025-07-02T00:49:21+00:00\",\"author\":{\"@id\":\"https:\/\/crusoe.audiencelabs.com.br\/#\/schema\/person\/be66e7e59ad3bc2a7c0833132c5c8c00\"},\"breadcrumb\":{\"@id\":\"https:\/\/crusoe.audiencelabs.com.br\/descubra-os-sinais-de-que-voce-esta-com-deficiencia-de-vitamina-c\/#breadcrumb\"},\"inLanguage\":\"pt-BR\",\"potentialAction\":[{\"@type\":\"ReadAction\",\"target\":[\"https:\/\/crusoe.audiencelabs.com.br\/descubra-os-sinais-de-que-voce-esta-com-deficiencia-de-vitamina-c\/\"]}]},{\"@type\":\"ImageObject\",\"inLanguage\":\"pt-BR\",\"@id\":\"https:\/\/crusoe.audiencelabs.com.br\/descubra-os-sinais-de-que-voce-esta-com-deficiencia-de-vitamina-c\/#primaryimage\",\"url\":\"https:\/\/cdn.crusoe.com.br\/uploads\/2025\/07\/vitamina-C.webp\",\"contentUrl\":\"https:\/\/cdn.crusoe.com.br\/uploads\/2025\/07\/vitamina-C.webp\",\"width\":1200,\"height\":800,\"caption\":\"Reprodu\u00e7\u00e3o: Unsplash\"},{\"@type\":\"BreadcrumbList\",\"@id\":\"https:\/\/crusoe.audiencelabs.com.br\/descubra-os-sinais-de-que-voce-esta-com-deficiencia-de-vitamina-c\/#breadcrumb\",\"itemListElement\":[{\"@type\":\"ListItem\",\"position\":1,\"name\":\"Home\",\"item\":\"https:\/\/crusoe.audiencelabs.com.br\/\"},{\"@type\":\"ListItem\",\"position\":2,\"name\":\"Descubra os sinais de que voc\u00ea est\u00e1 com defici\u00eancia de vitamina C\"}]},{\"@type\":\"WebSite\",\"@id\":\"https:\/\/crusoe.audiencelabs.com.br\/#website\",\"url\":\"https:\/\/crusoe.audiencelabs.com.br\/\",\"name\":\"Variedades - Cruso\u00e9\",\"description\":\"\",\"potentialAction\":[{\"@type\":\"SearchAction\",\"target\":{\"@type\":\"EntryPoint\",\"urlTemplate\":\"https:\/\/crusoe.audiencelabs.com.br\/?s={search_term_string}\"},\"query-input\":{\"@type\":\"PropertyValueSpecification\",\"valueRequired\":true,\"valueName\":\"search_term_string\"}}],\"inLanguage\":\"pt-BR\"},{\"@type\":\"Person\",\"@id\":\"https:\/\/crusoe.audiencelabs.com.br\/#\/schema\/person\/be66e7e59ad3bc2a7c0833132c5c8c00\",\"name\":\"Gabriela Santos\",\"image\":{\"@type\":\"ImageObject\",\"inLanguage\":\"pt-BR\",\"@id\":\"https:\/\/crusoe.audiencelabs.com.br\/#\/schema\/person\/image\/\",\"url\":\"https:\/\/secure.gravatar.com\/avatar\/d58b244b5f316c2ae218c4fd7fd0fdf0fbcf215931ac50c70906d65db85b6002?s=96&d=mm&r=g\",\"contentUrl\":\"https:\/\/secure.gravatar.com\/avatar\/d58b244b5f316c2ae218c4fd7fd0fdf0fbcf215931ac50c70906d65db85b6002?s=96&d=mm&r=g\",\"caption\":\"Gabriela Santos\"},\"description\":\"Jornalista que atua com a produ\u00e7\u00e3o de conte\u00fado em temas diversos, aproximando o leitor por meio de informa\u00e7\u00f5es que refletem o cotidiano.\",\"url\":\"https:\/\/crusoe.audiencelabs.com.br\/author\/gabrielasantos\/\"}]}<\/script>\n<!-- \/ Yoast SEO plugin. -->","yoast_head_json":{"title":"Descubra os sinais de que voc\u00ea est\u00e1 com defici\u00eancia de vitamina C","robots":{"index":"index","follow":"follow","max-snippet":"max-snippet:-1","max-image-preview":"max-image-preview:large","max-video-preview":"max-video-preview:-1"},"canonical":"https:\/\/crusoe.audiencelabs.com.br\/descubra-os-sinais-de-que-voce-esta-com-deficiencia-de-vitamina-c\/","og_locale":"pt_BR","og_type":"article","og_title":"Descubra os sinais de que voc\u00ea est\u00e1 com defici\u00eancia de vitamina C","og_description":"A import\u00e2ncia da vitamina C \u00e9 fundamental para o bom funcionamento do corpo","og_url":"https:\/\/crusoe.audiencelabs.com.br\/descubra-os-sinais-de-que-voce-esta-com-deficiencia-de-vitamina-c\/","og_site_name":"Variedades - Cruso\u00e9","article_published_time":"2025-07-02T00:49:19+00:00","article_modified_time":"2025-07-02T00:49:21+00:00","og_image":[{"width":1200,"height":800,"url":"https:\/\/cdn.crusoe.com.br\/uploads\/2025\/07\/vitamina-C.webp","type":"image\/webp"}],"author":"Gabriela Santos","twitter_card":"summary_large_image","twitter_misc":{"Escrito por":"Gabriela Santos","Est. tempo de leitura":"2 minutos"},"schema":{"@context":"https:\/\/schema.org","@graph":[{"@type":"WebPage","@id":"https:\/\/crusoe.audiencelabs.com.br\/descubra-os-sinais-de-que-voce-esta-com-deficiencia-de-vitamina-c\/","url":"https:\/\/crusoe.audiencelabs.com.br\/descubra-os-sinais-de-que-voce-esta-com-deficiencia-de-vitamina-c\/","name":"Descubra os sinais de que voc\u00ea est\u00e1 com defici\u00eancia de vitamina C","isPartOf":{"@id":"https:\/\/crusoe.audiencelabs.com.br\/#website"},"primaryImageOfPage":{"@id":"https:\/\/crusoe.audiencelabs.com.br\/descubra-os-sinais-de-que-voce-esta-com-deficiencia-de-vitamina-c\/#primaryimage"},"image":{"@id":"https:\/\/crusoe.audiencelabs.com.br\/descubra-os-sinais-de-que-voce-esta-com-deficiencia-de-vitamina-c\/#primaryimage"},"thumbnailUrl":"https:\/\/cdn.crusoe.com.br\/uploads\/2025\/07\/vitamina-C.webp","datePublished":"2025-07-02T00:49:19+00:00","dateModified":"2025-07-02T00:49:21+00:00","author":{"@id":"https:\/\/crusoe.audiencelabs.com.br\/#\/schema\/person\/be66e7e59ad3bc2a7c0833132c5c8c00"},"breadcrumb":{"@id":"https:\/\/crusoe.audiencelabs.com.br\/descubra-os-sinais-de-que-voce-esta-com-deficiencia-de-vitamina-c\/#breadcrumb"},"inLanguage":"pt-BR","potentialAction":[{"@type":"ReadAction","target":["https:\/\/crusoe.audiencelabs.com.br\/descubra-os-sinais-de-que-voce-esta-com-deficiencia-de-vitamina-c\/"]}]},{"@type":"ImageObject","inLanguage":"pt-BR","@id":"https:\/\/crusoe.audiencelabs.com.br\/descubra-os-sinais-de-que-voce-esta-com-deficiencia-de-vitamina-c\/#primaryimage","url":"https:\/\/cdn.crusoe.com.br\/uploads\/2025\/07\/vitamina-C.webp","contentUrl":"https:\/\/cdn.crusoe.com.br\/uploads\/2025\/07\/vitamina-C.webp","width":1200,"height":800,"caption":"Reprodu\u00e7\u00e3o: Unsplash"},{"@type":"BreadcrumbList","@id":"https:\/\/crusoe.audiencelabs.com.br\/descubra-os-sinais-de-que-voce-esta-com-deficiencia-de-vitamina-c\/#breadcrumb","itemListElement":[{"@type":"ListItem","position":1,"name":"Home","item":"https:\/\/crusoe.audiencelabs.com.br\/"},{"@type":"ListItem","position":2,"name":"Descubra os sinais de que voc\u00ea est\u00e1 com defici\u00eancia de vitamina C"}]},{"@type":"WebSite","@id":"https:\/\/crusoe.audiencelabs.com.br\/#website","url":"https:\/\/crusoe.audiencelabs.com.br\/","name":"Variedades - Cruso\u00e9","description":"","potentialAction":[{"@type":"SearchAction","target":{"@type":"EntryPoint","urlTemplate":"https:\/\/crusoe.audiencelabs.com.br\/?s={search_term_string}"},"query-input":{"@type":"PropertyValueSpecification","valueRequired":true,"valueName":"search_term_string"}}],"inLanguage":"pt-BR"},{"@type":"Person","@id":"https:\/\/crusoe.audiencelabs.com.br\/#\/schema\/person\/be66e7e59ad3bc2a7c0833132c5c8c00","name":"Gabriela Santos","image":{"@type":"ImageObject","inLanguage":"pt-BR","@id":"https:\/\/crusoe.audiencelabs.com.br\/#\/schema\/person\/image\/","url":"https:\/\/secure.gravatar.com\/avatar\/d58b244b5f316c2ae218c4fd7fd0fdf0fbcf215931ac50c70906d65db85b6002?s=96&d=mm&r=g","contentUrl":"https:\/\/secure.gravatar.com\/avatar\/d58b244b5f316c2ae218c4fd7fd0fdf0fbcf215931ac50c70906d65db85b6002?s=96&d=mm&r=g","caption":"Gabriela Santos"},"description":"Jornalista que atua com a produ\u00e7\u00e3o de conte\u00fado em temas diversos, aproximando o leitor por meio de informa\u00e7\u00f5es que refletem o cotidiano.","url":"https:\/\/crusoe.audiencelabs.com.br\/author\/gabrielasantos\/"}]}},"_links":{"self":[{"href":"https:\/\/crusoe.audiencelabs.com.br\/wp-json\/wp\/v2\/posts\/3520","targetHints":{"allow":["GET"]}}],"collection":[{"href":"https:\/\/crusoe.audiencelabs.com.br\/wp-json\/wp\/v2\/posts"}],"about":[{"href":"https:\/\/crusoe.audiencelabs.com.br\/wp-json\/wp\/v2\/types\/post"}],"author":[{"embeddable":true,"href":"https:\/\/crusoe.audiencelabs.com.br\/wp-json\/wp\/v2\/users\/8"}],"replies":[{"embeddable":true,"href":"https:\/\/crusoe.audiencelabs.com.br\/wp-json\/wp\/v2\/comments?post=3520"}],"version-history":[{"count":5,"href":"https:\/\/crusoe.audiencelabs.com.br\/wp-json\/wp\/v2\/posts\/3520\/revisions"}],"predecessor-version":[{"id":3526,"href":"https:\/\/crusoe.audiencelabs.com.br\/wp-json\/wp\/v2\/posts\/3520\/revisions\/3526"}],"wp:featuredmedia":[{"embeddable":true,"href":"https:\/\/crusoe.audiencelabs.com.br\/wp-json\/wp\/v2\/media\/3525"}],"wp:attachment":[{"href":"https:\/\/crusoe.audiencelabs.com.br\/wp-json\/wp\/v2\/media?parent=3520"}],"wp:term":[{"taxonomy":"category","embeddable":true,"href":"https:\/\/crusoe.audiencelabs.com.br\/wp-json\/wp\/v2\/categories?post=3520"},{"taxonomy":"post_tag","embeddable":true,"href":"https:\/\/crusoe.audiencelabs.com.br\/wp-json\/wp\/v2\/tags?post=3520"}],"curies":[{"name":"wp","href":"https:\/\/api.w.org\/{rel}","templated":true}]}}