{"id":34282,"date":"2026-03-17T13:20:46","date_gmt":"2026-03-17T16:20:46","guid":{"rendered":"https:\/\/crusoe.audiencelabs.com.br\/?p=34282"},"modified":"2026-03-17T13:20:46","modified_gmt":"2026-03-17T16:20:46","slug":"acidente-fatal-mata-candidato-que-disputaria-a-presidencia-deste-pais-em-2026","status":"publish","type":"post","link":"https:\/\/crusoe.audiencelabs.com.br\/acidente-fatal-mata-candidato-que-disputaria-a-presidencia-deste-pais-em-2026\/","title":{"rendered":"Acidente fatal mata candidato que disputaria a presid\u00eancia deste pa\u00eds em 2026"},"content":{"rendered":"<p><span style=\"font-weight: 400\">A corrida presidencial no Peru foi abruptamente impactada por uma trag\u00e9dia. O candidato Napole\u00f3n Becerra, de 61 anos, morreu ap\u00f3s um grave acidente de tr\u00e2nsito enquanto se deslocava para um compromisso pol\u00edtico, interrompendo sua participa\u00e7\u00e3o na disputa eleitoral marcada para 2026.<\/span><\/p>\n<p><span style=\"font-weight: 400\">De acordo com informa\u00e7\u00f5es divulgadas por autoridades locais, Becerra viajava por uma rodovia em dire\u00e7\u00e3o \u00e0 cidade de Ayacucho, na regi\u00e3o sul do pa\u00eds, quando o ve\u00edculo em que estava perdeu o controle e capotou. O pol\u00edtico chegou a ser socorrido, mas n\u00e3o resistiu aos ferimentos.<\/span><\/p>\n<p><span style=\"font-weight: 400\">Outras pessoas que estavam no carro tamb\u00e9m ficaram feridas e foram encaminhadas a unidades de sa\u00fade da regi\u00e3o. O estado de algumas delas \u00e9 considerado grave.<\/span><\/p>\n<h2><b>Circunst\u00e2ncias do caso ainda s\u00e3o investigadas<\/b><\/h2>\n<p><span style=\"font-weight: 400\">As causas do capotamento ainda n\u00e3o foram esclarecidas. O trajeto fazia parte da agenda de campanha do candidato, que percorria diferentes regi\u00f5es do pa\u00eds em busca de apoio popular.<\/span><\/p>\n<p><span style=\"font-weight: 400\">As autoridades peruanas investigam o que pode ter ocasionado o capotamento do ve\u00edculo, como falha mec\u00e2nica, problemas na via ou at\u00e9 mesmo erro humano na condu\u00e7\u00e3o do autom\u00f3vel.\u00a0<\/span><\/p>\n<h2><b>Morte gera como\u00e7\u00e3o e impacto pol\u00edtico<\/b><\/h2>\n<p><span style=\"font-weight: 400\">Napole\u00f3n Becerra integrava o Partido dos Trabalhadores e Empreendedores (PTE) e era um dos diversos nomes na disputa presidencial. Embora n\u00e3o figurasse entre os favoritos nas pesquisas, sua morte provocou repercuss\u00e3o entre apoiadores e advers\u00e1rios.<\/span><\/p>\n<p><span style=\"font-weight: 400\">Lideran\u00e7as pol\u00edticas manifestaram pesar nas redes sociais, destacando a import\u00e2ncia do respeito ao processo democr\u00e1tico em meio a um cen\u00e1rio pol\u00edtico j\u00e1 marcado por instabilidade no pa\u00eds.<\/span><\/p>\n<p><span style=\"font-weight: 400\">Com a perda do candidato, o partido deve enfrentar desafios para reorganizar sua participa\u00e7\u00e3o na elei\u00e7\u00e3o, j\u00e1 que a legisla\u00e7\u00e3o local imp\u00f5e restri\u00e7\u00f5es para substitui\u00e7\u00e3o de nomes na corrida presidencial.<\/span><\/p>\n<h2>Elei\u00e7\u00f5es no Peru<\/h2>\n<p data-start=\"0\" data-end=\"327\">As elei\u00e7\u00f5es gerais no Peru est\u00e3o marcadas para 12 de abril e v\u00e3o definir os principais cargos pol\u00edticos do pa\u00eds para o per\u00edodo de 2026 a 2031. Na ocasi\u00e3o, os eleitores escolher\u00e3o o presidente da Rep\u00fablica, dois vice-presidentes, os 130 membros do Congresso, al\u00e9m de 60 senadores e cinco representantes para o Parlamento Andino.<\/p>\n<p data-start=\"329\" data-end=\"593\" data-is-last-node=\"\" data-is-only-node=\"\">Se nenhum dos candidatos \u00e0 Presid\u00eancia alcan\u00e7ar maioria absoluta dos votos v\u00e1lidos, ou seja, mais da metade, a disputa ser\u00e1 levada para um segundo turno, previsto para 7 de junho. Nessa etapa, concorrem apenas os dois candidatos mais votados na primeira rodada.<\/p>\n","protected":false},"excerpt":{"rendered":"<p>A corrida presidencial no Peru foi abruptamente impactada por uma trag\u00e9dia. O candidato Napole\u00f3n Becerra, de 61 anos, morreu ap\u00f3s um grave acidente de tr\u00e2nsito enquanto se deslocava para um compromisso pol\u00edtico, interrompendo sua participa\u00e7\u00e3o na disputa eleitoral marcada para 2026. De acordo com informa\u00e7\u00f5es divulgadas por autoridades locais, Becerra viajava por uma rodovia em [&hellip;]<\/p>\n","protected":false},"author":16,"featured_media":34285,"comment_status":"open","ping_status":"open","sticky":false,"template":"","format":"standard","meta":{"jnews-multi-image_gallery":[],"jnews_single_post":{"format":"standard","jnews_video_option_group":[[]],"override":[{"template":"2","parallax":"1","fullscreen":"1","layout":"right-sidebar","sidebar":"default-sidebar","second_sidebar":"default-sidebar","sticky_sidebar":"1","share_position":"hide","share_float_style":"share-monocrhome","show_featured":"1","show_post_meta":"1","show_post_author":"1","show_post_date":"1","post_date_format":"default","post_date_format_custom":"Y\/m\/d","show_post_category":"1","show_post_reading_time":"0","post_reading_time_wpm":"300","post_calculate_word_method":"str_word_count","show_zoom_button":"0","zoom_button_out_step":"2","zoom_button_in_step":"3","show_post_tag":"1","show_popup_post":"1","number_popup_post":"1","show_author_box":"1","show_post_related":"0"}],"image_override":[{"single_post_thumbnail_size":"crop-500","single_post_gallery_size":"crop-500"}],"trending_post_position":"meta","trending_post_label":"Trending","sponsored_post_label":"Sponsored by","disable_ad":"0","subtitle":"A semanas das elei\u00e7\u00f5es nacionais, pol\u00edtico peruano morre ap\u00f3s capotamento em viagem de campanha"},"jnews_primary_category":[],"jnews_override_counter":{"view_counter_number":"0","share_counter_number":"0","like_counter_number":"0","dislike_counter_number":"0"},"jnews_post_split":{"post_split":[{"template":"1","tag":"h2","numbering":"asc","mode":"normal","first":"0","enable_toc":"0","toc_type":"normal"}]},"footnotes":""},"categories":[1],"tags":[4108,5484,2946],"class_list":["post-34282","post","type-post","status-publish","format-standard","has-post-thumbnail","hentry","category-geral","tag-eleicao-2026","tag-eleicoes","tag-peru"],"yoast_head":"<!-- This site is optimized with the Yoast SEO plugin v25.0 - https:\/\/yoast.com\/wordpress\/plugins\/seo\/ -->\n<title>Acidente fatal mata candidato que disputaria a presid\u00eancia deste pa\u00eds em 2026<\/title>\n<meta name=\"description\" content=\"Candidato \u00e0 presid\u00eancia do Peru, Napole\u00f3n Becerra morre em acidente de tr\u00e2nsito. Trag\u00e9dia ocorre \u00e0s v\u00e9speras das elei\u00e7\u00f5es de 2026.\" \/>\n<meta name=\"robots\" content=\"index, follow, max-snippet:-1, max-image-preview:large, max-video-preview:-1\" \/>\n<link rel=\"canonical\" href=\"https:\/\/crusoe.audiencelabs.com.br\/acidente-fatal-mata-candidato-que-disputaria-a-presidencia-deste-pais-em-2026\/\" \/>\n<meta property=\"og:locale\" content=\"pt_BR\" \/>\n<meta property=\"og:type\" content=\"article\" \/>\n<meta property=\"og:title\" content=\"Acidente fatal mata candidato que disputaria a presid\u00eancia deste pa\u00eds em 2026\" \/>\n<meta property=\"og:description\" content=\"Candidato \u00e0 presid\u00eancia do Peru, Napole\u00f3n Becerra morre em acidente de tr\u00e2nsito. Trag\u00e9dia ocorre \u00e0s v\u00e9speras das elei\u00e7\u00f5es de 2026.\" \/>\n<meta property=\"og:url\" content=\"https:\/\/crusoe.audiencelabs.com.br\/acidente-fatal-mata-candidato-que-disputaria-a-presidencia-deste-pais-em-2026\/\" \/>\n<meta property=\"og:site_name\" content=\"Variedades - Cruso\u00e9\" \/>\n<meta property=\"article:published_time\" content=\"2026-03-17T16:20:46+00:00\" \/>\n<meta property=\"og:image\" content=\"https:\/\/cdn.crusoe.com.br\/uploads\/2026\/03\/Candidato-peruano.png\" \/>\n\t<meta property=\"og:image:width\" content=\"1235\" \/>\n\t<meta property=\"og:image:height\" content=\"851\" \/>\n\t<meta property=\"og:image:type\" content=\"image\/png\" \/>\n<meta name=\"author\" content=\"Matheus Chaves\" \/>\n<meta name=\"twitter:card\" content=\"summary_large_image\" \/>\n<meta name=\"twitter:label1\" content=\"Escrito por\" \/>\n\t<meta name=\"twitter:data1\" content=\"Matheus Chaves\" \/>\n\t<meta name=\"twitter:label2\" content=\"Est. tempo de leitura\" \/>\n\t<meta name=\"twitter:data2\" content=\"3 minutos\" \/>\n<script type=\"application\/ld+json\" class=\"yoast-schema-graph\">{\"@context\":\"https:\/\/schema.org\",\"@graph\":[{\"@type\":\"WebPage\",\"@id\":\"https:\/\/crusoe.audiencelabs.com.br\/acidente-fatal-mata-candidato-que-disputaria-a-presidencia-deste-pais-em-2026\/\",\"url\":\"https:\/\/crusoe.audiencelabs.com.br\/acidente-fatal-mata-candidato-que-disputaria-a-presidencia-deste-pais-em-2026\/\",\"name\":\"Acidente fatal mata candidato que disputaria a presid\u00eancia deste pa\u00eds em 2026\",\"isPartOf\":{\"@id\":\"https:\/\/crusoe.audiencelabs.com.br\/#website\"},\"primaryImageOfPage\":{\"@id\":\"https:\/\/crusoe.audiencelabs.com.br\/acidente-fatal-mata-candidato-que-disputaria-a-presidencia-deste-pais-em-2026\/#primaryimage\"},\"image\":{\"@id\":\"https:\/\/crusoe.audiencelabs.com.br\/acidente-fatal-mata-candidato-que-disputaria-a-presidencia-deste-pais-em-2026\/#primaryimage\"},\"thumbnailUrl\":\"https:\/\/cdn.crusoe.com.br\/uploads\/2026\/03\/Candidato-peruano.png\",\"datePublished\":\"2026-03-17T16:20:46+00:00\",\"author\":{\"@id\":\"https:\/\/crusoe.audiencelabs.com.br\/#\/schema\/person\/eb8fe6d57e54530ddfc57ca6d4f6418c\"},\"description\":\"Candidato \u00e0 presid\u00eancia do Peru, Napole\u00f3n Becerra morre em acidente de tr\u00e2nsito. Trag\u00e9dia ocorre \u00e0s v\u00e9speras das elei\u00e7\u00f5es de 2026.\",\"breadcrumb\":{\"@id\":\"https:\/\/crusoe.audiencelabs.com.br\/acidente-fatal-mata-candidato-que-disputaria-a-presidencia-deste-pais-em-2026\/#breadcrumb\"},\"inLanguage\":\"pt-BR\",\"potentialAction\":[{\"@type\":\"ReadAction\",\"target\":[\"https:\/\/crusoe.audiencelabs.com.br\/acidente-fatal-mata-candidato-que-disputaria-a-presidencia-deste-pais-em-2026\/\"]}]},{\"@type\":\"ImageObject\",\"inLanguage\":\"pt-BR\",\"@id\":\"https:\/\/crusoe.audiencelabs.com.br\/acidente-fatal-mata-candidato-que-disputaria-a-presidencia-deste-pais-em-2026\/#primaryimage\",\"url\":\"https:\/\/cdn.crusoe.com.br\/uploads\/2026\/03\/Candidato-peruano.png\",\"contentUrl\":\"https:\/\/cdn.crusoe.com.br\/uploads\/2026\/03\/Candidato-peruano.png\",\"width\":1235,\"height\":851,\"caption\":\"Imagem: Reprodu\u00e7\u00e3o\/Instagram @becerranapoleon\"},{\"@type\":\"BreadcrumbList\",\"@id\":\"https:\/\/crusoe.audiencelabs.com.br\/acidente-fatal-mata-candidato-que-disputaria-a-presidencia-deste-pais-em-2026\/#breadcrumb\",\"itemListElement\":[{\"@type\":\"ListItem\",\"position\":1,\"name\":\"Home\",\"item\":\"https:\/\/crusoe.audiencelabs.com.br\/\"},{\"@type\":\"ListItem\",\"position\":2,\"name\":\"Acidente fatal mata candidato que disputaria a presid\u00eancia deste pa\u00eds em 2026\"}]},{\"@type\":\"WebSite\",\"@id\":\"https:\/\/crusoe.audiencelabs.com.br\/#website\",\"url\":\"https:\/\/crusoe.audiencelabs.com.br\/\",\"name\":\"Variedades - Cruso\u00e9\",\"description\":\"\",\"potentialAction\":[{\"@type\":\"SearchAction\",\"target\":{\"@type\":\"EntryPoint\",\"urlTemplate\":\"https:\/\/crusoe.audiencelabs.com.br\/?s={search_term_string}\"},\"query-input\":{\"@type\":\"PropertyValueSpecification\",\"valueRequired\":true,\"valueName\":\"search_term_string\"}}],\"inLanguage\":\"pt-BR\"},{\"@type\":\"Person\",\"@id\":\"https:\/\/crusoe.audiencelabs.com.br\/#\/schema\/person\/eb8fe6d57e54530ddfc57ca6d4f6418c\",\"name\":\"Matheus Chaves\",\"image\":{\"@type\":\"ImageObject\",\"inLanguage\":\"pt-BR\",\"@id\":\"https:\/\/crusoe.audiencelabs.com.br\/#\/schema\/person\/image\/\",\"url\":\"https:\/\/secure.gravatar.com\/avatar\/d784a6c575f0b36caada39b0c5368f2f409f47a19eeb4eee6f62e452783f9bb8?s=96&d=mm&r=g\",\"contentUrl\":\"https:\/\/secure.gravatar.com\/avatar\/d784a6c575f0b36caada39b0c5368f2f409f47a19eeb4eee6f62e452783f9bb8?s=96&d=mm&r=g\",\"caption\":\"Matheus Chaves\"},\"description\":\"Sou jornalista e produtor de conte\u00fado com mais de nove anos de experi\u00eancia em comunica\u00e7\u00e3o digital, produ\u00e7\u00e3o editorial e jornalismo online.\",\"sameAs\":[\"https:\/\/www.linkedin.com\/in\/matheus-chaves-melo\"],\"url\":\"https:\/\/crusoe.audiencelabs.com.br\/author\/matheuschaves\/\"}]}<\/script>\n<!-- \/ Yoast SEO plugin. -->","yoast_head_json":{"title":"Acidente fatal mata candidato que disputaria a presid\u00eancia deste pa\u00eds em 2026","description":"Candidato \u00e0 presid\u00eancia do Peru, Napole\u00f3n Becerra morre em acidente de tr\u00e2nsito. Trag\u00e9dia ocorre \u00e0s v\u00e9speras das elei\u00e7\u00f5es de 2026.","robots":{"index":"index","follow":"follow","max-snippet":"max-snippet:-1","max-image-preview":"max-image-preview:large","max-video-preview":"max-video-preview:-1"},"canonical":"https:\/\/crusoe.audiencelabs.com.br\/acidente-fatal-mata-candidato-que-disputaria-a-presidencia-deste-pais-em-2026\/","og_locale":"pt_BR","og_type":"article","og_title":"Acidente fatal mata candidato que disputaria a presid\u00eancia deste pa\u00eds em 2026","og_description":"Candidato \u00e0 presid\u00eancia do Peru, Napole\u00f3n Becerra morre em acidente de tr\u00e2nsito. Trag\u00e9dia ocorre \u00e0s v\u00e9speras das elei\u00e7\u00f5es de 2026.","og_url":"https:\/\/crusoe.audiencelabs.com.br\/acidente-fatal-mata-candidato-que-disputaria-a-presidencia-deste-pais-em-2026\/","og_site_name":"Variedades - Cruso\u00e9","article_published_time":"2026-03-17T16:20:46+00:00","og_image":[{"width":1235,"height":851,"url":"https:\/\/cdn.crusoe.com.br\/uploads\/2026\/03\/Candidato-peruano.png","type":"image\/png"}],"author":"Matheus Chaves","twitter_card":"summary_large_image","twitter_misc":{"Escrito por":"Matheus Chaves","Est. tempo de leitura":"3 minutos"},"schema":{"@context":"https:\/\/schema.org","@graph":[{"@type":"WebPage","@id":"https:\/\/crusoe.audiencelabs.com.br\/acidente-fatal-mata-candidato-que-disputaria-a-presidencia-deste-pais-em-2026\/","url":"https:\/\/crusoe.audiencelabs.com.br\/acidente-fatal-mata-candidato-que-disputaria-a-presidencia-deste-pais-em-2026\/","name":"Acidente fatal mata candidato que disputaria a presid\u00eancia deste pa\u00eds em 2026","isPartOf":{"@id":"https:\/\/crusoe.audiencelabs.com.br\/#website"},"primaryImageOfPage":{"@id":"https:\/\/crusoe.audiencelabs.com.br\/acidente-fatal-mata-candidato-que-disputaria-a-presidencia-deste-pais-em-2026\/#primaryimage"},"image":{"@id":"https:\/\/crusoe.audiencelabs.com.br\/acidente-fatal-mata-candidato-que-disputaria-a-presidencia-deste-pais-em-2026\/#primaryimage"},"thumbnailUrl":"https:\/\/cdn.crusoe.com.br\/uploads\/2026\/03\/Candidato-peruano.png","datePublished":"2026-03-17T16:20:46+00:00","author":{"@id":"https:\/\/crusoe.audiencelabs.com.br\/#\/schema\/person\/eb8fe6d57e54530ddfc57ca6d4f6418c"},"description":"Candidato \u00e0 presid\u00eancia do Peru, Napole\u00f3n Becerra morre em acidente de tr\u00e2nsito. Trag\u00e9dia ocorre \u00e0s v\u00e9speras das elei\u00e7\u00f5es de 2026.","breadcrumb":{"@id":"https:\/\/crusoe.audiencelabs.com.br\/acidente-fatal-mata-candidato-que-disputaria-a-presidencia-deste-pais-em-2026\/#breadcrumb"},"inLanguage":"pt-BR","potentialAction":[{"@type":"ReadAction","target":["https:\/\/crusoe.audiencelabs.com.br\/acidente-fatal-mata-candidato-que-disputaria-a-presidencia-deste-pais-em-2026\/"]}]},{"@type":"ImageObject","inLanguage":"pt-BR","@id":"https:\/\/crusoe.audiencelabs.com.br\/acidente-fatal-mata-candidato-que-disputaria-a-presidencia-deste-pais-em-2026\/#primaryimage","url":"https:\/\/cdn.crusoe.com.br\/uploads\/2026\/03\/Candidato-peruano.png","contentUrl":"https:\/\/cdn.crusoe.com.br\/uploads\/2026\/03\/Candidato-peruano.png","width":1235,"height":851,"caption":"Imagem: Reprodu\u00e7\u00e3o\/Instagram @becerranapoleon"},{"@type":"BreadcrumbList","@id":"https:\/\/crusoe.audiencelabs.com.br\/acidente-fatal-mata-candidato-que-disputaria-a-presidencia-deste-pais-em-2026\/#breadcrumb","itemListElement":[{"@type":"ListItem","position":1,"name":"Home","item":"https:\/\/crusoe.audiencelabs.com.br\/"},{"@type":"ListItem","position":2,"name":"Acidente fatal mata candidato que disputaria a presid\u00eancia deste pa\u00eds em 2026"}]},{"@type":"WebSite","@id":"https:\/\/crusoe.audiencelabs.com.br\/#website","url":"https:\/\/crusoe.audiencelabs.com.br\/","name":"Variedades - Cruso\u00e9","description":"","potentialAction":[{"@type":"SearchAction","target":{"@type":"EntryPoint","urlTemplate":"https:\/\/crusoe.audiencelabs.com.br\/?s={search_term_string}"},"query-input":{"@type":"PropertyValueSpecification","valueRequired":true,"valueName":"search_term_string"}}],"inLanguage":"pt-BR"},{"@type":"Person","@id":"https:\/\/crusoe.audiencelabs.com.br\/#\/schema\/person\/eb8fe6d57e54530ddfc57ca6d4f6418c","name":"Matheus Chaves","image":{"@type":"ImageObject","inLanguage":"pt-BR","@id":"https:\/\/crusoe.audiencelabs.com.br\/#\/schema\/person\/image\/","url":"https:\/\/secure.gravatar.com\/avatar\/d784a6c575f0b36caada39b0c5368f2f409f47a19eeb4eee6f62e452783f9bb8?s=96&d=mm&r=g","contentUrl":"https:\/\/secure.gravatar.com\/avatar\/d784a6c575f0b36caada39b0c5368f2f409f47a19eeb4eee6f62e452783f9bb8?s=96&d=mm&r=g","caption":"Matheus Chaves"},"description":"Sou jornalista e produtor de conte\u00fado com mais de nove anos de experi\u00eancia em comunica\u00e7\u00e3o digital, produ\u00e7\u00e3o editorial e jornalismo online.","sameAs":["https:\/\/www.linkedin.com\/in\/matheus-chaves-melo"],"url":"https:\/\/crusoe.audiencelabs.com.br\/author\/matheuschaves\/"}]}},"_links":{"self":[{"href":"https:\/\/crusoe.audiencelabs.com.br\/wp-json\/wp\/v2\/posts\/34282","targetHints":{"allow":["GET"]}}],"collection":[{"href":"https:\/\/crusoe.audiencelabs.com.br\/wp-json\/wp\/v2\/posts"}],"about":[{"href":"https:\/\/crusoe.audiencelabs.com.br\/wp-json\/wp\/v2\/types\/post"}],"author":[{"embeddable":true,"href":"https:\/\/crusoe.audiencelabs.com.br\/wp-json\/wp\/v2\/users\/16"}],"replies":[{"embeddable":true,"href":"https:\/\/crusoe.audiencelabs.com.br\/wp-json\/wp\/v2\/comments?post=34282"}],"version-history":[{"count":1,"href":"https:\/\/crusoe.audiencelabs.com.br\/wp-json\/wp\/v2\/posts\/34282\/revisions"}],"predecessor-version":[{"id":34286,"href":"https:\/\/crusoe.audiencelabs.com.br\/wp-json\/wp\/v2\/posts\/34282\/revisions\/34286"}],"wp:featuredmedia":[{"embeddable":true,"href":"https:\/\/crusoe.audiencelabs.com.br\/wp-json\/wp\/v2\/media\/34285"}],"wp:attachment":[{"href":"https:\/\/crusoe.audiencelabs.com.br\/wp-json\/wp\/v2\/media?parent=34282"}],"wp:term":[{"taxonomy":"category","embeddable":true,"href":"https:\/\/crusoe.audiencelabs.com.br\/wp-json\/wp\/v2\/categories?post=34282"},{"taxonomy":"post_tag","embeddable":true,"href":"https:\/\/crusoe.audiencelabs.com.br\/wp-json\/wp\/v2\/tags?post=34282"}],"curies":[{"name":"wp","href":"https:\/\/api.w.org\/{rel}","templated":true}]}}