{"id":34270,"date":"2026-03-17T12:37:18","date_gmt":"2026-03-17T15:37:18","guid":{"rendered":"https:\/\/crusoe.audiencelabs.com.br\/?p=34270"},"modified":"2026-03-17T11:13:29","modified_gmt":"2026-03-17T14:13:29","slug":"capital-no-brasil-pode-encolher-apos-decisao-judicial-que-tira-11-do-territorio","status":"publish","type":"post","link":"https:\/\/crusoe.audiencelabs.com.br\/capital-no-brasil-pode-encolher-apos-decisao-judicial-que-tira-11-do-territorio\/","title":{"rendered":"Capital no Brasil pode encolher ap\u00f3s decis\u00e3o judicial que tira 11% do territ\u00f3rio"},"content":{"rendered":"<p>Diversos habitantes do munic\u00edpio de Aracaju, capital do estado de Sergipe, podem acabar acordando um dia como moradores de S\u00e3o Crist\u00f3v\u00e3o, munic\u00edpio vizinho da capital sergipana. Isso pode acontecer por causa de uma disputa judicial que envolve uma \u00e1rea de cerca de 20,78 km\u00b2 de Aracaju, que \u00e9 contestada pela cidade vizinha.<\/p>\n<p>Segundo informa\u00e7\u00f5es sobre o caso, essa disputa come\u00e7ou na d\u00e9cada de 90, ap\u00f3s altera\u00e7\u00f5es nos limites municipais feitas pela Constitui\u00e7\u00e3o estadual de 1989 e uma emenda de 1999, que teriam retirado territ\u00f3rios de S\u00e3o Crist\u00f3v\u00e3o para Aracaju. No entanto, essas altera\u00e7\u00f5es foram consideradas inconstitucionais e anuladas pelo Tribunal de Justi\u00e7a de Sergipe (TJSE) e pelo Supremo Tribunal Federal (STF), que tamb\u00e9m determinaram que essas mudan\u00e7as ocorreram sem plebiscito para consultar a popula\u00e7\u00e3o interessada, o que iniciou o processo de reclama\u00e7\u00e3o das \u00e1reas perdidas pela cidade.<\/p>\n<p>A devolu\u00e7\u00e3o das terras foi efetivamente determinada em novembro de 2024, quando a 3\u00aa Vara Federal de Sergipe ordenou a mudan\u00e7a e que o Instituto Brasileiro de Geografia e Estat\u00edstica (IBGE) criasse um novo mapa com a corre\u00e7\u00e3o.<\/p>\n<h2>O processo judicial<\/h2>\n<p>A capital sergipana tinha um recurso em andamento para reverter uma decis\u00e3o judicial que determinava a devolu\u00e7\u00e3o de 11,4% de seu territ\u00f3rio a S\u00e3o Crist\u00f3v\u00e3o, mas essa a\u00e7\u00e3o foi negada pelo Tribunal Regional Federal da 5\u00aa Regi\u00e3o (TRF). Esse julgamento ocorreu na quarta-feira passada (11). A prefeitura de Aracaju, no entanto, pode recorrer a cortes superiores ainda.<\/p>\n<p>Em sua justificativa, a prefeitura de Aracaju alega que administra a \u00e1rea h\u00e1 d\u00e9cadas, oferecendo servi\u00e7os p\u00fablicos. Essa mudan\u00e7a pode fazer a capital de Sergipe perder para S\u00e3o Crist\u00f3v\u00e3o condom\u00ednios de luxo e at\u00e9 orlas, como o povoado e a praia de Mosqueiro, a praia de Viral e a Orla P\u00f4r do Sol. Segundo informa\u00e7\u00f5es do IBGE, cerca de 30 mil habitantes de Aracaju vivem nessas \u00e1reas e ser\u00e3o impactados pela mudan\u00e7a.<\/p>\n<p>Ao todo, os bairros afetados ser\u00e3o Mosqueiro, Robalo, S\u00e3o Jos\u00e9 dos N\u00e1ufragos, Areia Branca, Gameleira e Matapu\u00e3.<\/p>\n<p>&nbsp;<\/p>\n","protected":false},"excerpt":{"rendered":"<p>Diversos habitantes do munic\u00edpio de Aracaju, capital do estado de Sergipe, podem acabar acordando um dia como moradores de S\u00e3o Crist\u00f3v\u00e3o, munic\u00edpio vizinho da capital sergipana. Isso pode acontecer por causa de uma disputa judicial que envolve uma \u00e1rea de cerca de 20,78 km\u00b2 de Aracaju, que \u00e9 contestada pela cidade vizinha. Segundo informa\u00e7\u00f5es sobre [&hellip;]<\/p>\n","protected":false},"author":15,"featured_media":34272,"comment_status":"open","ping_status":"open","sticky":false,"template":"","format":"standard","meta":{"jnews-multi-image_gallery":[],"jnews_single_post":{"format":"standard","jnews_video_option_group":[[]],"override":[{"template":"2","parallax":"1","fullscreen":"1","layout":"right-sidebar","sidebar":"default-sidebar","second_sidebar":"default-sidebar","sticky_sidebar":"1","share_position":"hide","share_float_style":"share-monocrhome","show_featured":"1","show_post_meta":"1","show_post_author":"1","show_post_date":"1","post_date_format":"default","post_date_format_custom":"Y\/m\/d","show_post_category":"1","show_post_reading_time":"0","post_reading_time_wpm":"300","post_calculate_word_method":"str_word_count","show_zoom_button":"0","zoom_button_out_step":"2","zoom_button_in_step":"3","show_post_tag":"1","show_popup_post":"1","number_popup_post":"1","show_author_box":"1","show_post_related":"0"}],"image_override":[{"single_post_thumbnail_size":"crop-500","single_post_gallery_size":"crop-500"}],"trending_post_position":"meta","trending_post_label":"Trending","sponsored_post_label":"Sponsored by","disable_ad":"0","subtitle":"Medida deve \"mudar a cidade\" de certa de 30 mil habitantes da capital"},"jnews_primary_category":[],"jnews_override_counter":{"view_counter_number":"0","share_counter_number":"0","like_counter_number":"0","dislike_counter_number":"0"},"jnews_post_split":{"post_split":[{"template":"1","tag":"h2","numbering":"asc","mode":"normal","first":"0","enable_toc":"0","toc_type":"normal"}]},"footnotes":""},"categories":[1],"tags":[6157,6160,6159,4073,6158,6161,3644],"class_list":["post-34270","post","type-post","status-publish","format-standard","has-post-thumbnail","hentry","category-geral","tag-aracaju","tag-geografia","tag-ibge","tag-nordeste","tag-sao-cristovao","tag-sergipe","tag-stf"],"yoast_head":"<!-- This site is optimized with the Yoast SEO plugin v25.0 - https:\/\/yoast.com\/wordpress\/plugins\/seo\/ -->\n<title>Capital no Brasil pode encolher ap\u00f3s decis\u00e3o judicial que tira 11% do territ\u00f3rio<\/title>\n<meta name=\"robots\" content=\"index, follow, max-snippet:-1, max-image-preview:large, max-video-preview:-1\" \/>\n<link rel=\"canonical\" href=\"https:\/\/crusoe.audiencelabs.com.br\/capital-no-brasil-pode-encolher-apos-decisao-judicial-que-tira-11-do-territorio\/\" \/>\n<meta property=\"og:locale\" content=\"pt_BR\" \/>\n<meta property=\"og:type\" content=\"article\" \/>\n<meta property=\"og:title\" content=\"Capital no Brasil pode encolher ap\u00f3s decis\u00e3o judicial que tira 11% do territ\u00f3rio\" \/>\n<meta property=\"og:description\" content=\"Diversos habitantes do munic\u00edpio de Aracaju, capital do estado de Sergipe, podem acabar acordando um dia como moradores de S\u00e3o Crist\u00f3v\u00e3o, munic\u00edpio vizinho da capital sergipana. Isso pode acontecer por causa de uma disputa judicial que envolve uma \u00e1rea de cerca de 20,78 km\u00b2 de Aracaju, que \u00e9 contestada pela cidade vizinha. Segundo informa\u00e7\u00f5es sobre [&hellip;]\" \/>\n<meta property=\"og:url\" content=\"https:\/\/crusoe.audiencelabs.com.br\/capital-no-brasil-pode-encolher-apos-decisao-judicial-que-tira-11-do-territorio\/\" \/>\n<meta property=\"og:site_name\" content=\"Variedades - Cruso\u00e9\" \/>\n<meta property=\"article:published_time\" content=\"2026-03-17T15:37:18+00:00\" \/>\n<meta property=\"og:image\" content=\"https:\/\/cdn.crusoe.com.br\/uploads\/2026\/03\/Aracaju.jpg_595.jpg\" \/>\n\t<meta property=\"og:image:width\" content=\"595\" \/>\n\t<meta property=\"og:image:height\" content=\"446\" \/>\n\t<meta property=\"og:image:type\" content=\"image\/jpeg\" \/>\n<meta name=\"author\" content=\"J\u00falio Nesi\" \/>\n<meta name=\"twitter:card\" content=\"summary_large_image\" \/>\n<meta name=\"twitter:label1\" content=\"Escrito por\" \/>\n\t<meta name=\"twitter:data1\" content=\"J\u00falio Nesi\" \/>\n\t<meta name=\"twitter:label2\" content=\"Est. tempo de leitura\" \/>\n\t<meta name=\"twitter:data2\" content=\"2 minutos\" \/>\n<script type=\"application\/ld+json\" class=\"yoast-schema-graph\">{\"@context\":\"https:\/\/schema.org\",\"@graph\":[{\"@type\":\"WebPage\",\"@id\":\"https:\/\/crusoe.audiencelabs.com.br\/capital-no-brasil-pode-encolher-apos-decisao-judicial-que-tira-11-do-territorio\/\",\"url\":\"https:\/\/crusoe.audiencelabs.com.br\/capital-no-brasil-pode-encolher-apos-decisao-judicial-que-tira-11-do-territorio\/\",\"name\":\"Capital no Brasil pode encolher ap\u00f3s decis\u00e3o judicial que tira 11% do territ\u00f3rio\",\"isPartOf\":{\"@id\":\"https:\/\/crusoe.audiencelabs.com.br\/#website\"},\"primaryImageOfPage\":{\"@id\":\"https:\/\/crusoe.audiencelabs.com.br\/capital-no-brasil-pode-encolher-apos-decisao-judicial-que-tira-11-do-territorio\/#primaryimage\"},\"image\":{\"@id\":\"https:\/\/crusoe.audiencelabs.com.br\/capital-no-brasil-pode-encolher-apos-decisao-judicial-que-tira-11-do-territorio\/#primaryimage\"},\"thumbnailUrl\":\"https:\/\/cdn.crusoe.com.br\/uploads\/2026\/03\/Aracaju.jpg_595.jpg\",\"datePublished\":\"2026-03-17T15:37:18+00:00\",\"author\":{\"@id\":\"https:\/\/crusoe.audiencelabs.com.br\/#\/schema\/person\/0cca5874eda7d72cef71e77a9a9c2143\"},\"breadcrumb\":{\"@id\":\"https:\/\/crusoe.audiencelabs.com.br\/capital-no-brasil-pode-encolher-apos-decisao-judicial-que-tira-11-do-territorio\/#breadcrumb\"},\"inLanguage\":\"pt-BR\",\"potentialAction\":[{\"@type\":\"ReadAction\",\"target\":[\"https:\/\/crusoe.audiencelabs.com.br\/capital-no-brasil-pode-encolher-apos-decisao-judicial-que-tira-11-do-territorio\/\"]}]},{\"@type\":\"ImageObject\",\"inLanguage\":\"pt-BR\",\"@id\":\"https:\/\/crusoe.audiencelabs.com.br\/capital-no-brasil-pode-encolher-apos-decisao-judicial-que-tira-11-do-territorio\/#primaryimage\",\"url\":\"https:\/\/cdn.crusoe.com.br\/uploads\/2026\/03\/Aracaju.jpg_595.jpg\",\"contentUrl\":\"https:\/\/cdn.crusoe.com.br\/uploads\/2026\/03\/Aracaju.jpg_595.jpg\",\"width\":595,\"height\":446,\"caption\":\"Reprodu\u00e7\u00e3o \/ Banco de Dados TRF\"},{\"@type\":\"BreadcrumbList\",\"@id\":\"https:\/\/crusoe.audiencelabs.com.br\/capital-no-brasil-pode-encolher-apos-decisao-judicial-que-tira-11-do-territorio\/#breadcrumb\",\"itemListElement\":[{\"@type\":\"ListItem\",\"position\":1,\"name\":\"Home\",\"item\":\"https:\/\/crusoe.audiencelabs.com.br\/\"},{\"@type\":\"ListItem\",\"position\":2,\"name\":\"Capital no Brasil pode encolher ap\u00f3s decis\u00e3o judicial que tira 11% do territ\u00f3rio\"}]},{\"@type\":\"WebSite\",\"@id\":\"https:\/\/crusoe.audiencelabs.com.br\/#website\",\"url\":\"https:\/\/crusoe.audiencelabs.com.br\/\",\"name\":\"Variedades - Cruso\u00e9\",\"description\":\"\",\"potentialAction\":[{\"@type\":\"SearchAction\",\"target\":{\"@type\":\"EntryPoint\",\"urlTemplate\":\"https:\/\/crusoe.audiencelabs.com.br\/?s={search_term_string}\"},\"query-input\":{\"@type\":\"PropertyValueSpecification\",\"valueRequired\":true,\"valueName\":\"search_term_string\"}}],\"inLanguage\":\"pt-BR\"},{\"@type\":\"Person\",\"@id\":\"https:\/\/crusoe.audiencelabs.com.br\/#\/schema\/person\/0cca5874eda7d72cef71e77a9a9c2143\",\"name\":\"J\u00falio Nesi\",\"image\":{\"@type\":\"ImageObject\",\"inLanguage\":\"pt-BR\",\"@id\":\"https:\/\/crusoe.audiencelabs.com.br\/#\/schema\/person\/image\/\",\"url\":\"https:\/\/secure.gravatar.com\/avatar\/c22eb47c3e2320e71637346b980e09f63de9f75742d3335f94a26b83dff70473?s=96&d=mm&r=g\",\"contentUrl\":\"https:\/\/secure.gravatar.com\/avatar\/c22eb47c3e2320e71637346b980e09f63de9f75742d3335f94a26b83dff70473?s=96&d=mm&r=g\",\"caption\":\"J\u00falio Nesi\"},\"description\":\"Jornalista alagoano formado pela UFAL, j\u00e1 atuei em produ\u00e7\u00e3o de conte\u00fado digital para portais, r\u00e1dio e redes sociais.\",\"sameAs\":[\"www.linkedin.com\/in\/j\u00falio-nesi\"],\"url\":\"https:\/\/crusoe.audiencelabs.com.br\/author\/julionesi\/\"}]}<\/script>\n<!-- \/ Yoast SEO plugin. -->","yoast_head_json":{"title":"Capital no Brasil pode encolher ap\u00f3s decis\u00e3o judicial que tira 11% do territ\u00f3rio","robots":{"index":"index","follow":"follow","max-snippet":"max-snippet:-1","max-image-preview":"max-image-preview:large","max-video-preview":"max-video-preview:-1"},"canonical":"https:\/\/crusoe.audiencelabs.com.br\/capital-no-brasil-pode-encolher-apos-decisao-judicial-que-tira-11-do-territorio\/","og_locale":"pt_BR","og_type":"article","og_title":"Capital no Brasil pode encolher ap\u00f3s decis\u00e3o judicial que tira 11% do territ\u00f3rio","og_description":"Diversos habitantes do munic\u00edpio de Aracaju, capital do estado de Sergipe, podem acabar acordando um dia como moradores de S\u00e3o Crist\u00f3v\u00e3o, munic\u00edpio vizinho da capital sergipana. Isso pode acontecer por causa de uma disputa judicial que envolve uma \u00e1rea de cerca de 20,78 km\u00b2 de Aracaju, que \u00e9 contestada pela cidade vizinha. Segundo informa\u00e7\u00f5es sobre [&hellip;]","og_url":"https:\/\/crusoe.audiencelabs.com.br\/capital-no-brasil-pode-encolher-apos-decisao-judicial-que-tira-11-do-territorio\/","og_site_name":"Variedades - Cruso\u00e9","article_published_time":"2026-03-17T15:37:18+00:00","og_image":[{"width":595,"height":446,"url":"https:\/\/cdn.crusoe.com.br\/uploads\/2026\/03\/Aracaju.jpg_595.jpg","type":"image\/jpeg"}],"author":"J\u00falio Nesi","twitter_card":"summary_large_image","twitter_misc":{"Escrito por":"J\u00falio Nesi","Est. tempo de leitura":"2 minutos"},"schema":{"@context":"https:\/\/schema.org","@graph":[{"@type":"WebPage","@id":"https:\/\/crusoe.audiencelabs.com.br\/capital-no-brasil-pode-encolher-apos-decisao-judicial-que-tira-11-do-territorio\/","url":"https:\/\/crusoe.audiencelabs.com.br\/capital-no-brasil-pode-encolher-apos-decisao-judicial-que-tira-11-do-territorio\/","name":"Capital no Brasil pode encolher ap\u00f3s decis\u00e3o judicial que tira 11% do territ\u00f3rio","isPartOf":{"@id":"https:\/\/crusoe.audiencelabs.com.br\/#website"},"primaryImageOfPage":{"@id":"https:\/\/crusoe.audiencelabs.com.br\/capital-no-brasil-pode-encolher-apos-decisao-judicial-que-tira-11-do-territorio\/#primaryimage"},"image":{"@id":"https:\/\/crusoe.audiencelabs.com.br\/capital-no-brasil-pode-encolher-apos-decisao-judicial-que-tira-11-do-territorio\/#primaryimage"},"thumbnailUrl":"https:\/\/cdn.crusoe.com.br\/uploads\/2026\/03\/Aracaju.jpg_595.jpg","datePublished":"2026-03-17T15:37:18+00:00","author":{"@id":"https:\/\/crusoe.audiencelabs.com.br\/#\/schema\/person\/0cca5874eda7d72cef71e77a9a9c2143"},"breadcrumb":{"@id":"https:\/\/crusoe.audiencelabs.com.br\/capital-no-brasil-pode-encolher-apos-decisao-judicial-que-tira-11-do-territorio\/#breadcrumb"},"inLanguage":"pt-BR","potentialAction":[{"@type":"ReadAction","target":["https:\/\/crusoe.audiencelabs.com.br\/capital-no-brasil-pode-encolher-apos-decisao-judicial-que-tira-11-do-territorio\/"]}]},{"@type":"ImageObject","inLanguage":"pt-BR","@id":"https:\/\/crusoe.audiencelabs.com.br\/capital-no-brasil-pode-encolher-apos-decisao-judicial-que-tira-11-do-territorio\/#primaryimage","url":"https:\/\/cdn.crusoe.com.br\/uploads\/2026\/03\/Aracaju.jpg_595.jpg","contentUrl":"https:\/\/cdn.crusoe.com.br\/uploads\/2026\/03\/Aracaju.jpg_595.jpg","width":595,"height":446,"caption":"Reprodu\u00e7\u00e3o \/ Banco de Dados TRF"},{"@type":"BreadcrumbList","@id":"https:\/\/crusoe.audiencelabs.com.br\/capital-no-brasil-pode-encolher-apos-decisao-judicial-que-tira-11-do-territorio\/#breadcrumb","itemListElement":[{"@type":"ListItem","position":1,"name":"Home","item":"https:\/\/crusoe.audiencelabs.com.br\/"},{"@type":"ListItem","position":2,"name":"Capital no Brasil pode encolher ap\u00f3s decis\u00e3o judicial que tira 11% do territ\u00f3rio"}]},{"@type":"WebSite","@id":"https:\/\/crusoe.audiencelabs.com.br\/#website","url":"https:\/\/crusoe.audiencelabs.com.br\/","name":"Variedades - Cruso\u00e9","description":"","potentialAction":[{"@type":"SearchAction","target":{"@type":"EntryPoint","urlTemplate":"https:\/\/crusoe.audiencelabs.com.br\/?s={search_term_string}"},"query-input":{"@type":"PropertyValueSpecification","valueRequired":true,"valueName":"search_term_string"}}],"inLanguage":"pt-BR"},{"@type":"Person","@id":"https:\/\/crusoe.audiencelabs.com.br\/#\/schema\/person\/0cca5874eda7d72cef71e77a9a9c2143","name":"J\u00falio Nesi","image":{"@type":"ImageObject","inLanguage":"pt-BR","@id":"https:\/\/crusoe.audiencelabs.com.br\/#\/schema\/person\/image\/","url":"https:\/\/secure.gravatar.com\/avatar\/c22eb47c3e2320e71637346b980e09f63de9f75742d3335f94a26b83dff70473?s=96&d=mm&r=g","contentUrl":"https:\/\/secure.gravatar.com\/avatar\/c22eb47c3e2320e71637346b980e09f63de9f75742d3335f94a26b83dff70473?s=96&d=mm&r=g","caption":"J\u00falio Nesi"},"description":"Jornalista alagoano formado pela UFAL, j\u00e1 atuei em produ\u00e7\u00e3o de conte\u00fado digital para portais, r\u00e1dio e redes sociais.","sameAs":["www.linkedin.com\/in\/j\u00falio-nesi"],"url":"https:\/\/crusoe.audiencelabs.com.br\/author\/julionesi\/"}]}},"_links":{"self":[{"href":"https:\/\/crusoe.audiencelabs.com.br\/wp-json\/wp\/v2\/posts\/34270","targetHints":{"allow":["GET"]}}],"collection":[{"href":"https:\/\/crusoe.audiencelabs.com.br\/wp-json\/wp\/v2\/posts"}],"about":[{"href":"https:\/\/crusoe.audiencelabs.com.br\/wp-json\/wp\/v2\/types\/post"}],"author":[{"embeddable":true,"href":"https:\/\/crusoe.audiencelabs.com.br\/wp-json\/wp\/v2\/users\/15"}],"replies":[{"embeddable":true,"href":"https:\/\/crusoe.audiencelabs.com.br\/wp-json\/wp\/v2\/comments?post=34270"}],"version-history":[{"count":1,"href":"https:\/\/crusoe.audiencelabs.com.br\/wp-json\/wp\/v2\/posts\/34270\/revisions"}],"predecessor-version":[{"id":34271,"href":"https:\/\/crusoe.audiencelabs.com.br\/wp-json\/wp\/v2\/posts\/34270\/revisions\/34271"}],"wp:featuredmedia":[{"embeddable":true,"href":"https:\/\/crusoe.audiencelabs.com.br\/wp-json\/wp\/v2\/media\/34272"}],"wp:attachment":[{"href":"https:\/\/crusoe.audiencelabs.com.br\/wp-json\/wp\/v2\/media?parent=34270"}],"wp:term":[{"taxonomy":"category","embeddable":true,"href":"https:\/\/crusoe.audiencelabs.com.br\/wp-json\/wp\/v2\/categories?post=34270"},{"taxonomy":"post_tag","embeddable":true,"href":"https:\/\/crusoe.audiencelabs.com.br\/wp-json\/wp\/v2\/tags?post=34270"}],"curies":[{"name":"wp","href":"https:\/\/api.w.org\/{rel}","templated":true}]}}