{"id":34221,"date":"2026-03-17T07:02:37","date_gmt":"2026-03-17T10:02:37","guid":{"rendered":"https:\/\/crusoe.audiencelabs.com.br\/?p=34221"},"modified":"2026-03-17T11:13:00","modified_gmt":"2026-03-17T14:13:00","slug":"empresa-planeja-usar-satelites-para-acabar-com-a-noite-na-terra-e-fazer-ter-sol-durancao-de-24-horas","status":"publish","type":"post","link":"https:\/\/crusoe.audiencelabs.com.br\/empresa-planeja-usar-satelites-para-acabar-com-a-noite-na-terra-e-fazer-ter-sol-durancao-de-24-horas\/","title":{"rendered":"Empresa planeja usar sat\u00e9lites para acabar com a noite na Terra e fazer ter sol dura\u00e7\u00e3o de 24 horas"},"content":{"rendered":"<p>Uma empresa de tecnologia espacial est\u00e1 desenvolvendo um projeto ambicioso que pode mudar completamente a forma como o planeta lida com a escurid\u00e3o. A ideia \u00e9 usar sat\u00e9lites equipados com espelhos gigantes para refletir a luz do Sol de volta para a Terra durante a noite, criando \u00e1reas iluminadas mesmo ap\u00f3s o p\u00f4r do sol.<\/p>\n<p>A proposta \u00e9 liderada pela Reflect Orbital, uma startup norte-americana fundada em 2021 e sediada na Calif\u00f3rnia. A empresa deseja realizar testes com o sat\u00e9lite que possui um grande espelho no espa\u00e7o, mas para isso precisa da autoriza\u00e7\u00e3o da Comiss\u00e3o Federal de Comunica\u00e7\u00f5es dos Estados Unidos (FCC).<\/p>\n<h2>Sat\u00e9lites com espelhos gigantes no espa\u00e7o<\/h2>\n<style>@media (min-width: 992px) {\n    .recomendadorV2Area1 {\n        width: 280px;\n    }\n    .recomendadorV2Area2 {\n        padding: 0px 20px;\n        width: calc(100% - 280px);\n    }\n}\n\n@media (max-width: 992px) {\n    .recomendadorV2Button {\n        margin: 0 auto;\n    }\n    .recomendadorV2Area {\n        flex-direction: column;\n        text-align: center;\n    }\n    .recomendadorV2Area2 {\n        padding: 0px 20px;\n    }\n}\n\n.recomendadorV2Area {\n    background: #eeeeee3d;\n    border-radius: 10px;\n    padding: 15px;\n    display: flex;\n    margin: 15px auto;\n    border: 1px solid #00000014;\n    max-width: 800px;\n}\n\n.recomendadorV2Area1 img {\n    width: 280px;\n    height: auto;\n    border-radius: 8px;\n}\n\n.linkrecomendadorv2 {\n    text-decoration: none !important;\n}\n\n.recomendadorV2Area2 .recomendadorV2Type {\n    text-transform: uppercase;\n    font-weight: 500;\n    font-size: 11px;\n    letter-spacing: 2px;\n    color: #666;\n    margin: 12px 0;\n    display: block;\n}\n\n.recomendadorV2Title h2 {\n    padding-top: 0px !important;\n    margin: 0px !important;\n    border-left: none !important;\n    padding-left: 0px !important;\n    line-height: 1.3;\n    color: #000 !important;\n    font-size: 24px;\n    margin-bottom: 12px !important;\n}\n\n.recomendadorV2Desc {\n    color: #333;\n    margin: 12px 0px !important;\n    font-size: 15px;\n    line-height: 1.5;\n}\n\n.recomendadorV2Button {\n    width: auto;\n    max-width: 200px;\n    margin: 0;\n    display: inline-flex;\n    align-items: center;\n    background: #1D3557;\n    border-radius: 8px;\n    color: #fff;\n    height: 36px;\n    justify-content: center;\n    text-align: center;\n    font-size: 14px;\n    padding: 0 20px;\n    transition: background-color 0.2s ease;\n}\n\n.recomendadorV2Button:hover {\n    background: #2a4d7a;\n}\n\n.recomendadorV2Button:after {\n    margin-top: -2px;\n    content: \"\u2192\";\n    padding: 0px 0px 0px 8px;\n}\n\n.recomendadorV2Alert {\n    text-align: left;\n    font-size: 11px;\n    margin-top: 8px;\n    color: #666;\n}\n\n.recomendadorFixedArea {\n    width: 100%;\n    display: flex;\n    justify-content: center;\n    align-items: center;\n}\n\n@media (min-width: 992px) {\n    #recomendadorFixed {\n        width: 32% !important;\n        left: 5%;\n    }\n    .recomendadorCloseFixed{\n        right: inherit !important;\n        left: 378px !important;\n    }\n}\n\n#recomendadorFixed {\n    width: 90%;\n    box-shadow: 0 10px 20px 0px #00000057;\n    display: none;\n    height: 90px;\n    background: #F6F6F6;\n    position: fixed;\n    flex-direction: row;\n    bottom: 10px;\n    z-index: 9999;\n    border-radius: 16px;\n    padding: 7px 10px;\n}\n\n.recomendadorLeftArea {\n    width: 160px;\n}\n\n.recomendadorRightArea h2 {\n    padding-top: 0px;\n    margin: 2px 0px 4px 0px !important;\n    font-weight: 400;\n    text-align: center;\n    padding-left: 0px !important;\n    color: #000 !important;\n    border-left: none !important;\n    line-height: 20px;\n    font-size: 12px !important;\n}\n\n.recomendadorImgFixed {\n    overflow: hidden;\n    padding: 8px 6px;\n    height: 100%;\n}\n\n.recomendadorImgFixed img {\n    height: 100% !important;\n    border-radius: 16px;\n}\n\n.recomendadorRightArea {\n    padding-top: 6px;\n    display: flex;\n    width: calc(100% - 130px);\n    justify-content: space-between;\n    align-items: center;\n    flex-direction: column;\n}\n\n.recomendadorButtonFixed {\n    margin: 0 auto;\n    background: #1D3557;\n    width: 80%;\n    text-align: center;\n    font-size: 10px;\n    color: #FFF;\n    padding: 2px 10px;\n    border-radius: 3px;\n}\n\n.recomendadorButtonFixed:after {\n    margin-top: -3px;\n    content: \"\u2192\";\n    padding: 0px 0px 0px 10px;\n}\n\n.recomendadorAlertFixed {\n    font-weight: 400;\n    text-align: center;\n    color: #484848;\n    font-size: 8px;\n}\n\n.recomendadorCloseFixed {\n    z-index: 99999;\n    display: none;\n    right: 0px;\n    left: inherit;\n    bottom: 99px;\n    position: fixed;\n    justify-content: center;\n    background: #F6F6F6;\n    width: 25px;\n    align-items: center;\n    height: 25px;\n    font-weight: 800;\n    border-radius: 50%;\n    border: 1px solid #EBEBEB;\n}\n\n.recomendadorV2Desc{\n    color: #000000;\n    margin: 20px 0px;\n}\n\n@media (max-width: 576px) {\n    .recomendadorV2Area {\n      padding: 10px;\n      max-width: 100%;\n    }\n  \n    .recomendadorV2Area1 img {\n      width: 100%;\n      border-radius: 6px;\n    }\n  \n    .recomendadorV2Area2 .recomendadorV2Type {\n      font-size: 9px;\n      letter-spacing: 1px;\n      margin: 8px 0;\n    }\n  \n    .recomendadorV2Title h2 {\n      font-size: 18px !important;\n      margin-bottom: 8px !important;\n      line-height: 1.2;\n    }\n  \n    .recomendadorV2Desc {\n      font-size: 14px;\n      margin: 8px 0 !important;\n      line-height: 1.4;\n    }\n  \n    .recomendadorV2Button {\n      font-size: 14px;\n      height: 40px;\n      padding: 0 12px;\n      max-width: 100%;\n      width: 100%;\n    }\n  \n    .recomendadorV2Button:after {\n      padding-left: 6px;\n    }\n  }\n  <\/style>\n        <div class=\"lazyblock-recomendador-v2-2jDGz wp-block-lazyblock-recomendador-v2\">\n        <a class=\"linkrecomendadorv2\" href=\"https:\/\/crusoe.com.br\/variedades\/os-rios-voadores-da-amazonia-existem-e-cientistas-explicam-como-se-formam-no-ceu\/?utm_source=lazy\">\n            <div class=\"recomendadorV2Area\">\n            <div class=\"recomendadorV2Area1\">\n                <div class=\"recomendadorV2Img\">\n                <img class=\"lazyloaded\" decoding=\"async\" src=\"https:\/\/cdn.crusoe.com.br\/uploads\/2026\/03\/Rios-Voadores-1140x570.jpg\" data-src=\"https:\/\/cdn.crusoe.com.br\/uploads\/2026\/03\/Rios-Voadores-1140x570.jpg\" alt=\"\">\n                <\/div>\n            <\/div>\n            <div class=\"recomendadorV2Area2\">\n                <div class=\"recomendadorV2Type\">\n                    <span>Natureza Brasil<\/span>\n                <\/div>\n                <div class=\"recomendadorV2Title\">\n                <h2><span>Rios no c\u00e9u \u2601\ufe0f<\/span><\/h2>\n                <\/div>\n                <div class=\"recomendadorV2Desc\">\n                <span>Cientistas explicam rios voadores<\/span>\n                <\/div>\n                <div class=\"recomendadorV2Button\">Entender fen\u00f4meno<\/div>\n                <div class=\"recomendadorV2Alert\"><\/div>\n            <\/div>\n            <\/div>\n        <\/a>\n        <div>\n            <div style=\"z-index:99999;\" id=\"buttonClose\" onclick=\"closeRecomendadorFixed()\">\n            <div class=\"recomendadorCloseFixed\">X<\/div>\n            <\/div>\n            <a href=\"https:\/\/crusoe.com.br\/variedades\/os-rios-voadores-da-amazonia-existem-e-cientistas-explicam-como-se-formam-no-ceu\/?utm_source=lazy\">\n            <div class=\"recomendadorFixedArea\">\n                <div id=\"recomendadorFixed\">\n                <div class=\"recomendadorLeftArea\">\n                    <div class=\"recomendadorImgFixed\">\n                    <img class=\"lazyload\" decoding=\"async\" src=\"https:\/\/cdn.crusoe.com.br\/uploads\/2026\/03\/Rios-Voadores-1140x570.jpg\" alt=\"\">\n                    <\/div>\n                <\/div>\n                <div class=\"recomendadorRightArea\">\n                    <div class=\"recomendadorTitleFixed\">\n                    <h2><span>Rios no c\u00e9u \u2601\ufe0f<\/span><\/h2>\n                    <\/div>\n                    <div class=\"recomendadorButtonFixed\">Entender fen\u00f4meno<\/div>\n                    <div class=\"recomendadorAlertFixed\"><\/div>\n                <\/div>\n                <\/div>\n            <\/div>\n            <\/a>\n        <\/div>\n        <\/div>\n<p>O conceito envolve sat\u00e9lites posicionados em \u00f3rbita baixa da Terra, em cerca de 640 km de altitude. Nessa posi\u00e7\u00e3o, os equipamentos ainda recebem luz solar mesmo quando algumas regi\u00f5es do planeta j\u00e1 est\u00e3o no escuro.<\/p>\n<p>Cada sat\u00e9lite levaria um grande espelho ultrafino, dobrado durante o lan\u00e7amento e aberto depois de chegar ao espa\u00e7o. O prot\u00f3tipo inicial, chamado E\u00e4rendil-1, possui um refletor quadrado de aproximadamente 18m x 18m, \u00e1rea compar\u00e1vel \u00e0 de uma pequena quadra esportiva.<\/p>\n<p>O espelho pode ser ajustado para direcionar a luz solar para um ponto espec\u00edfico da superf\u00edcie terrestre, iluminando \u00e1reas de at\u00e9 cerca de 5 quil\u00f4metros de di\u00e2metro. A luminosidade n\u00e3o seria equivalente \u00e0 luz direta do Sol, mas poderia atingir intensidade semelhante ou superior ao brilho da Lua cheia.<\/p>\n<h2>\u201cLuz solar sob demanda\u201d<\/h2>\n<p>A empresa descreve o servi\u00e7o como \u201csunlight-as-a-service\u201d, ou luz solar sob demanda. A tecnologia poderia ser usada para diversas aplica\u00e7\u00f5es, principalmente em locais onde a ilumina\u00e7\u00e3o noturna \u00e9 limitada ou cara.<br \/>\nEntre os poss\u00edveis usos est\u00e3o:<\/p>\n<ul>\n<li>ampliar o tempo de funcionamento de usinas solares ap\u00f3s o p\u00f4r do sol;<\/li>\n<li>iluminar opera\u00e7\u00f5es de resgate e emerg\u00eancias;<\/li>\n<li>apoiar obras e atividades industriais noturnas;<\/li>\n<li>aumentar o tempo de exposi\u00e7\u00e3o de culturas agr\u00edcolas \u00e0 luz;<\/li>\n<li>fornecer ilumina\u00e7\u00e3o tempor\u00e1ria para eventos ou regi\u00f5es isoladas.<\/li>\n<\/ul>\n<h2>Projeto ambicioso e controverso<\/h2>\n<p>Apesar do potencial tecnol\u00f3gico, a iniciativa tamb\u00e9m levanta preocupa\u00e7\u00f5es entre cientistas e astr\u00f4nomos. Especialistas alertam que a presen\u00e7a de espelhos brilhantes em \u00f3rbita pode interferir em observa\u00e7\u00f5es astron\u00f4micas e alterar o ciclo natural de luz e escurid\u00e3o que influencia a fauna, a flora e at\u00e9 o ritmo biol\u00f3gico humano.<\/p>\n<p>Mesmo assim, a empresa segue buscando a autoriza\u00e7\u00e3o para realizar os testes. A expectativa \u00e9 lan\u00e7ar os primeiros sat\u00e9lites demonstradores ainda nesta d\u00e9cada, o que poder\u00e1 mostrar se a ideia de iluminar a Terra a partir do espa\u00e7o \u00e9 realmente vi\u00e1vel.<\/p>\n","protected":false},"excerpt":{"rendered":"<p>Uma empresa de tecnologia espacial est\u00e1 desenvolvendo um projeto ambicioso que pode mudar completamente a forma como o planeta lida com a escurid\u00e3o. A ideia \u00e9 usar sat\u00e9lites equipados com espelhos gigantes para refletir a luz do Sol de volta para a Terra durante a noite, criando \u00e1reas iluminadas mesmo ap\u00f3s o p\u00f4r do sol. [&hellip;]<\/p>\n","protected":false},"author":16,"featured_media":34222,"comment_status":"open","ping_status":"open","sticky":false,"template":"","format":"standard","meta":{"jnews-multi-image_gallery":[],"jnews_single_post":{"format":"standard","jnews_video_option_group":[[]],"override":[{"template":"2","parallax":"1","fullscreen":"1","layout":"right-sidebar","sidebar":"default-sidebar","second_sidebar":"default-sidebar","sticky_sidebar":"1","share_position":"hide","share_float_style":"share-monocrhome","show_featured":"1","show_post_meta":"1","show_post_author":"1","show_post_date":"1","post_date_format":"default","post_date_format_custom":"Y\/m\/d","show_post_category":"1","show_post_reading_time":"0","post_reading_time_wpm":"300","post_calculate_word_method":"str_word_count","show_zoom_button":"0","zoom_button_out_step":"2","zoom_button_in_step":"3","show_post_tag":"1","show_popup_post":"1","number_popup_post":"1","show_author_box":"1","show_post_related":"0"}],"image_override":[{"single_post_thumbnail_size":"crop-500","single_post_gallery_size":"crop-500"}],"trending_post_position":"meta","trending_post_label":"Trending","sponsored_post_label":"Sponsored by","disable_ad":"0","subtitle":"Projeto de startup prev\u00ea o uso de espelhos gigantes em \u00f3rbita para refletir luz solar \u00e0 noite e iluminar regi\u00f5es espec\u00edficas do planeta"},"jnews_primary_category":[],"jnews_override_counter":{"view_counter_number":"0","share_counter_number":"0","like_counter_number":"0","dislike_counter_number":"0"},"jnews_post_split":{"post_split":[{"template":"1","tag":"h2","numbering":"asc","mode":"normal","first":"0","enable_toc":"0","toc_type":"normal"}]},"footnotes":""},"categories":[1],"tags":[1095,941,724],"class_list":["post-34221","post","type-post","status-publish","format-standard","has-post-thumbnail","hentry","category-geral","tag-espaco","tag-satelite","tag-terra"],"yoast_head":"<!-- This site is optimized with the Yoast SEO plugin v25.0 - https:\/\/yoast.com\/wordpress\/plugins\/seo\/ -->\n<title>Empresa planeja usar sat\u00e9lites para acabar com a noite na Terra e fazer ter sol dura\u00e7\u00e3o de 24 horas<\/title>\n<meta name=\"description\" content=\"Startup planeja lan\u00e7ar sat\u00e9lites com espelhos gigantes para refletir luz solar na Terra durante a noite. Saiba mais!\" \/>\n<meta name=\"robots\" content=\"index, follow, max-snippet:-1, max-image-preview:large, max-video-preview:-1\" \/>\n<link rel=\"canonical\" href=\"https:\/\/crusoe.audiencelabs.com.br\/empresa-planeja-usar-satelites-para-acabar-com-a-noite-na-terra-e-fazer-ter-sol-durancao-de-24-horas\/\" \/>\n<meta property=\"og:locale\" content=\"pt_BR\" \/>\n<meta property=\"og:type\" content=\"article\" \/>\n<meta property=\"og:title\" content=\"Empresa planeja usar sat\u00e9lites para acabar com a noite na Terra e fazer ter sol dura\u00e7\u00e3o de 24 horas\" \/>\n<meta property=\"og:description\" content=\"Startup planeja lan\u00e7ar sat\u00e9lites com espelhos gigantes para refletir luz solar na Terra durante a noite. Saiba mais!\" \/>\n<meta property=\"og:url\" content=\"https:\/\/crusoe.audiencelabs.com.br\/empresa-planeja-usar-satelites-para-acabar-com-a-noite-na-terra-e-fazer-ter-sol-durancao-de-24-horas\/\" \/>\n<meta property=\"og:site_name\" content=\"Variedades - Cruso\u00e9\" \/>\n<meta property=\"article:published_time\" content=\"2026-03-17T10:02:37+00:00\" \/>\n<meta property=\"article:modified_time\" content=\"2026-03-17T14:13:00+00:00\" \/>\n<meta property=\"og:image\" content=\"https:\/\/cdn.crusoe.com.br\/uploads\/2026\/03\/Espelhos-de-satelite.jpg\" \/>\n\t<meta property=\"og:image:width\" content=\"1536\" \/>\n\t<meta property=\"og:image:height\" content=\"897\" \/>\n\t<meta property=\"og:image:type\" content=\"image\/jpeg\" \/>\n<meta name=\"author\" content=\"Matheus Chaves\" \/>\n<meta name=\"twitter:card\" content=\"summary_large_image\" \/>\n<meta name=\"twitter:label1\" content=\"Escrito por\" \/>\n\t<meta name=\"twitter:data1\" content=\"Matheus Chaves\" \/>\n\t<meta name=\"twitter:label2\" content=\"Est. tempo de leitura\" \/>\n\t<meta name=\"twitter:data2\" content=\"3 minutos\" \/>\n<script type=\"application\/ld+json\" class=\"yoast-schema-graph\">{\"@context\":\"https:\/\/schema.org\",\"@graph\":[{\"@type\":\"WebPage\",\"@id\":\"https:\/\/crusoe.audiencelabs.com.br\/empresa-planeja-usar-satelites-para-acabar-com-a-noite-na-terra-e-fazer-ter-sol-durancao-de-24-horas\/\",\"url\":\"https:\/\/crusoe.audiencelabs.com.br\/empresa-planeja-usar-satelites-para-acabar-com-a-noite-na-terra-e-fazer-ter-sol-durancao-de-24-horas\/\",\"name\":\"Empresa planeja usar sat\u00e9lites para acabar com a noite na Terra e fazer ter sol dura\u00e7\u00e3o de 24 horas\",\"isPartOf\":{\"@id\":\"https:\/\/crusoe.audiencelabs.com.br\/#website\"},\"primaryImageOfPage\":{\"@id\":\"https:\/\/crusoe.audiencelabs.com.br\/empresa-planeja-usar-satelites-para-acabar-com-a-noite-na-terra-e-fazer-ter-sol-durancao-de-24-horas\/#primaryimage\"},\"image\":{\"@id\":\"https:\/\/crusoe.audiencelabs.com.br\/empresa-planeja-usar-satelites-para-acabar-com-a-noite-na-terra-e-fazer-ter-sol-durancao-de-24-horas\/#primaryimage\"},\"thumbnailUrl\":\"https:\/\/cdn.crusoe.com.br\/uploads\/2026\/03\/Espelhos-de-satelite.jpg\",\"datePublished\":\"2026-03-17T10:02:37+00:00\",\"dateModified\":\"2026-03-17T14:13:00+00:00\",\"author\":{\"@id\":\"https:\/\/crusoe.audiencelabs.com.br\/#\/schema\/person\/eb8fe6d57e54530ddfc57ca6d4f6418c\"},\"description\":\"Startup planeja lan\u00e7ar sat\u00e9lites com espelhos gigantes para refletir luz solar na Terra durante a noite. Saiba mais!\",\"breadcrumb\":{\"@id\":\"https:\/\/crusoe.audiencelabs.com.br\/empresa-planeja-usar-satelites-para-acabar-com-a-noite-na-terra-e-fazer-ter-sol-durancao-de-24-horas\/#breadcrumb\"},\"inLanguage\":\"pt-BR\",\"potentialAction\":[{\"@type\":\"ReadAction\",\"target\":[\"https:\/\/crusoe.audiencelabs.com.br\/empresa-planeja-usar-satelites-para-acabar-com-a-noite-na-terra-e-fazer-ter-sol-durancao-de-24-horas\/\"]}]},{\"@type\":\"ImageObject\",\"inLanguage\":\"pt-BR\",\"@id\":\"https:\/\/crusoe.audiencelabs.com.br\/empresa-planeja-usar-satelites-para-acabar-com-a-noite-na-terra-e-fazer-ter-sol-durancao-de-24-horas\/#primaryimage\",\"url\":\"https:\/\/cdn.crusoe.com.br\/uploads\/2026\/03\/Espelhos-de-satelite.jpg\",\"contentUrl\":\"https:\/\/cdn.crusoe.com.br\/uploads\/2026\/03\/Espelhos-de-satelite.jpg\",\"width\":1536,\"height\":897,\"caption\":\"Imagem: Reflect Orbital\/X\"},{\"@type\":\"BreadcrumbList\",\"@id\":\"https:\/\/crusoe.audiencelabs.com.br\/empresa-planeja-usar-satelites-para-acabar-com-a-noite-na-terra-e-fazer-ter-sol-durancao-de-24-horas\/#breadcrumb\",\"itemListElement\":[{\"@type\":\"ListItem\",\"position\":1,\"name\":\"Home\",\"item\":\"https:\/\/crusoe.audiencelabs.com.br\/\"},{\"@type\":\"ListItem\",\"position\":2,\"name\":\"Empresa planeja usar sat\u00e9lites para acabar com a noite na Terra e fazer ter sol dura\u00e7\u00e3o de 24 horas\"}]},{\"@type\":\"WebSite\",\"@id\":\"https:\/\/crusoe.audiencelabs.com.br\/#website\",\"url\":\"https:\/\/crusoe.audiencelabs.com.br\/\",\"name\":\"Variedades - Cruso\u00e9\",\"description\":\"\",\"potentialAction\":[{\"@type\":\"SearchAction\",\"target\":{\"@type\":\"EntryPoint\",\"urlTemplate\":\"https:\/\/crusoe.audiencelabs.com.br\/?s={search_term_string}\"},\"query-input\":{\"@type\":\"PropertyValueSpecification\",\"valueRequired\":true,\"valueName\":\"search_term_string\"}}],\"inLanguage\":\"pt-BR\"},{\"@type\":\"Person\",\"@id\":\"https:\/\/crusoe.audiencelabs.com.br\/#\/schema\/person\/eb8fe6d57e54530ddfc57ca6d4f6418c\",\"name\":\"Matheus Chaves\",\"image\":{\"@type\":\"ImageObject\",\"inLanguage\":\"pt-BR\",\"@id\":\"https:\/\/crusoe.audiencelabs.com.br\/#\/schema\/person\/image\/\",\"url\":\"https:\/\/secure.gravatar.com\/avatar\/d784a6c575f0b36caada39b0c5368f2f409f47a19eeb4eee6f62e452783f9bb8?s=96&d=mm&r=g\",\"contentUrl\":\"https:\/\/secure.gravatar.com\/avatar\/d784a6c575f0b36caada39b0c5368f2f409f47a19eeb4eee6f62e452783f9bb8?s=96&d=mm&r=g\",\"caption\":\"Matheus Chaves\"},\"description\":\"Sou jornalista e produtor de conte\u00fado com mais de nove anos de experi\u00eancia em comunica\u00e7\u00e3o digital, produ\u00e7\u00e3o editorial e jornalismo online.\",\"sameAs\":[\"https:\/\/www.linkedin.com\/in\/matheus-chaves-melo\"],\"url\":\"https:\/\/crusoe.audiencelabs.com.br\/author\/matheuschaves\/\"}]}<\/script>\n<!-- \/ Yoast SEO plugin. -->","yoast_head_json":{"title":"Empresa planeja usar sat\u00e9lites para acabar com a noite na Terra e fazer ter sol dura\u00e7\u00e3o de 24 horas","description":"Startup planeja lan\u00e7ar sat\u00e9lites com espelhos gigantes para refletir luz solar na Terra durante a noite. Saiba mais!","robots":{"index":"index","follow":"follow","max-snippet":"max-snippet:-1","max-image-preview":"max-image-preview:large","max-video-preview":"max-video-preview:-1"},"canonical":"https:\/\/crusoe.audiencelabs.com.br\/empresa-planeja-usar-satelites-para-acabar-com-a-noite-na-terra-e-fazer-ter-sol-durancao-de-24-horas\/","og_locale":"pt_BR","og_type":"article","og_title":"Empresa planeja usar sat\u00e9lites para acabar com a noite na Terra e fazer ter sol dura\u00e7\u00e3o de 24 horas","og_description":"Startup planeja lan\u00e7ar sat\u00e9lites com espelhos gigantes para refletir luz solar na Terra durante a noite. Saiba mais!","og_url":"https:\/\/crusoe.audiencelabs.com.br\/empresa-planeja-usar-satelites-para-acabar-com-a-noite-na-terra-e-fazer-ter-sol-durancao-de-24-horas\/","og_site_name":"Variedades - Cruso\u00e9","article_published_time":"2026-03-17T10:02:37+00:00","article_modified_time":"2026-03-17T14:13:00+00:00","og_image":[{"width":1536,"height":897,"url":"https:\/\/cdn.crusoe.com.br\/uploads\/2026\/03\/Espelhos-de-satelite.jpg","type":"image\/jpeg"}],"author":"Matheus Chaves","twitter_card":"summary_large_image","twitter_misc":{"Escrito por":"Matheus Chaves","Est. tempo de leitura":"3 minutos"},"schema":{"@context":"https:\/\/schema.org","@graph":[{"@type":"WebPage","@id":"https:\/\/crusoe.audiencelabs.com.br\/empresa-planeja-usar-satelites-para-acabar-com-a-noite-na-terra-e-fazer-ter-sol-durancao-de-24-horas\/","url":"https:\/\/crusoe.audiencelabs.com.br\/empresa-planeja-usar-satelites-para-acabar-com-a-noite-na-terra-e-fazer-ter-sol-durancao-de-24-horas\/","name":"Empresa planeja usar sat\u00e9lites para acabar com a noite na Terra e fazer ter sol dura\u00e7\u00e3o de 24 horas","isPartOf":{"@id":"https:\/\/crusoe.audiencelabs.com.br\/#website"},"primaryImageOfPage":{"@id":"https:\/\/crusoe.audiencelabs.com.br\/empresa-planeja-usar-satelites-para-acabar-com-a-noite-na-terra-e-fazer-ter-sol-durancao-de-24-horas\/#primaryimage"},"image":{"@id":"https:\/\/crusoe.audiencelabs.com.br\/empresa-planeja-usar-satelites-para-acabar-com-a-noite-na-terra-e-fazer-ter-sol-durancao-de-24-horas\/#primaryimage"},"thumbnailUrl":"https:\/\/cdn.crusoe.com.br\/uploads\/2026\/03\/Espelhos-de-satelite.jpg","datePublished":"2026-03-17T10:02:37+00:00","dateModified":"2026-03-17T14:13:00+00:00","author":{"@id":"https:\/\/crusoe.audiencelabs.com.br\/#\/schema\/person\/eb8fe6d57e54530ddfc57ca6d4f6418c"},"description":"Startup planeja lan\u00e7ar sat\u00e9lites com espelhos gigantes para refletir luz solar na Terra durante a noite. Saiba mais!","breadcrumb":{"@id":"https:\/\/crusoe.audiencelabs.com.br\/empresa-planeja-usar-satelites-para-acabar-com-a-noite-na-terra-e-fazer-ter-sol-durancao-de-24-horas\/#breadcrumb"},"inLanguage":"pt-BR","potentialAction":[{"@type":"ReadAction","target":["https:\/\/crusoe.audiencelabs.com.br\/empresa-planeja-usar-satelites-para-acabar-com-a-noite-na-terra-e-fazer-ter-sol-durancao-de-24-horas\/"]}]},{"@type":"ImageObject","inLanguage":"pt-BR","@id":"https:\/\/crusoe.audiencelabs.com.br\/empresa-planeja-usar-satelites-para-acabar-com-a-noite-na-terra-e-fazer-ter-sol-durancao-de-24-horas\/#primaryimage","url":"https:\/\/cdn.crusoe.com.br\/uploads\/2026\/03\/Espelhos-de-satelite.jpg","contentUrl":"https:\/\/cdn.crusoe.com.br\/uploads\/2026\/03\/Espelhos-de-satelite.jpg","width":1536,"height":897,"caption":"Imagem: Reflect Orbital\/X"},{"@type":"BreadcrumbList","@id":"https:\/\/crusoe.audiencelabs.com.br\/empresa-planeja-usar-satelites-para-acabar-com-a-noite-na-terra-e-fazer-ter-sol-durancao-de-24-horas\/#breadcrumb","itemListElement":[{"@type":"ListItem","position":1,"name":"Home","item":"https:\/\/crusoe.audiencelabs.com.br\/"},{"@type":"ListItem","position":2,"name":"Empresa planeja usar sat\u00e9lites para acabar com a noite na Terra e fazer ter sol dura\u00e7\u00e3o de 24 horas"}]},{"@type":"WebSite","@id":"https:\/\/crusoe.audiencelabs.com.br\/#website","url":"https:\/\/crusoe.audiencelabs.com.br\/","name":"Variedades - Cruso\u00e9","description":"","potentialAction":[{"@type":"SearchAction","target":{"@type":"EntryPoint","urlTemplate":"https:\/\/crusoe.audiencelabs.com.br\/?s={search_term_string}"},"query-input":{"@type":"PropertyValueSpecification","valueRequired":true,"valueName":"search_term_string"}}],"inLanguage":"pt-BR"},{"@type":"Person","@id":"https:\/\/crusoe.audiencelabs.com.br\/#\/schema\/person\/eb8fe6d57e54530ddfc57ca6d4f6418c","name":"Matheus Chaves","image":{"@type":"ImageObject","inLanguage":"pt-BR","@id":"https:\/\/crusoe.audiencelabs.com.br\/#\/schema\/person\/image\/","url":"https:\/\/secure.gravatar.com\/avatar\/d784a6c575f0b36caada39b0c5368f2f409f47a19eeb4eee6f62e452783f9bb8?s=96&d=mm&r=g","contentUrl":"https:\/\/secure.gravatar.com\/avatar\/d784a6c575f0b36caada39b0c5368f2f409f47a19eeb4eee6f62e452783f9bb8?s=96&d=mm&r=g","caption":"Matheus Chaves"},"description":"Sou jornalista e produtor de conte\u00fado com mais de nove anos de experi\u00eancia em comunica\u00e7\u00e3o digital, produ\u00e7\u00e3o editorial e jornalismo online.","sameAs":["https:\/\/www.linkedin.com\/in\/matheus-chaves-melo"],"url":"https:\/\/crusoe.audiencelabs.com.br\/author\/matheuschaves\/"}]}},"_links":{"self":[{"href":"https:\/\/crusoe.audiencelabs.com.br\/wp-json\/wp\/v2\/posts\/34221","targetHints":{"allow":["GET"]}}],"collection":[{"href":"https:\/\/crusoe.audiencelabs.com.br\/wp-json\/wp\/v2\/posts"}],"about":[{"href":"https:\/\/crusoe.audiencelabs.com.br\/wp-json\/wp\/v2\/types\/post"}],"author":[{"embeddable":true,"href":"https:\/\/crusoe.audiencelabs.com.br\/wp-json\/wp\/v2\/users\/16"}],"replies":[{"embeddable":true,"href":"https:\/\/crusoe.audiencelabs.com.br\/wp-json\/wp\/v2\/comments?post=34221"}],"version-history":[{"count":3,"href":"https:\/\/crusoe.audiencelabs.com.br\/wp-json\/wp\/v2\/posts\/34221\/revisions"}],"predecessor-version":[{"id":34273,"href":"https:\/\/crusoe.audiencelabs.com.br\/wp-json\/wp\/v2\/posts\/34221\/revisions\/34273"}],"wp:featuredmedia":[{"embeddable":true,"href":"https:\/\/crusoe.audiencelabs.com.br\/wp-json\/wp\/v2\/media\/34222"}],"wp:attachment":[{"href":"https:\/\/crusoe.audiencelabs.com.br\/wp-json\/wp\/v2\/media?parent=34221"}],"wp:term":[{"taxonomy":"category","embeddable":true,"href":"https:\/\/crusoe.audiencelabs.com.br\/wp-json\/wp\/v2\/categories?post=34221"},{"taxonomy":"post_tag","embeddable":true,"href":"https:\/\/crusoe.audiencelabs.com.br\/wp-json\/wp\/v2\/tags?post=34221"}],"curies":[{"name":"wp","href":"https:\/\/api.w.org\/{rel}","templated":true}]}}