{"id":34218,"date":"2026-03-16T19:06:26","date_gmt":"2026-03-16T22:06:26","guid":{"rendered":"https:\/\/crusoe.audiencelabs.com.br\/?p=34218"},"modified":"2026-03-16T18:00:48","modified_gmt":"2026-03-16T21:00:48","slug":"depois-de-decadas-nasa-recebe-autorizacao-para-missao-que-vai-marcar-a-historia-da-humanidade","status":"publish","type":"post","link":"https:\/\/crusoe.audiencelabs.com.br\/depois-de-decadas-nasa-recebe-autorizacao-para-missao-que-vai-marcar-a-historia-da-humanidade\/","title":{"rendered":"Depois de d\u00e9cadas, NASA recebe autoriza\u00e7\u00e3o para miss\u00e3o que vai marcar a hist\u00f3ria da humanidade"},"content":{"rendered":"<p>Ap\u00f3s anos de prepara\u00e7\u00e3o e uma s\u00e9rie de testes t\u00e9cnicos, a NASA revelou que recebeu sinal verde para realizar uma das miss\u00f5es espaciais mais aguardadas das \u00faltimas d\u00e9cadas. A miss\u00e3o Artemis II, que pretende levar astronautas novamente \u00e0s proximidades da Lua, foi oficialmente autorizada para seguir com os preparativos finais para lan\u00e7amento em abril de 2026.<\/p>\n<p>A opera\u00e7\u00e3o representa um marco hist\u00f3rico: ser\u00e1 a primeira miss\u00e3o tripulada a viajar al\u00e9m da \u00f3rbita baixa da Terra desde a Apollo 17, realizada em 1972. Ou seja, mais de meio s\u00e9culo depois, seres humanos voltar\u00e3o a se aproximar do sat\u00e9lite natural da Terra.<\/p>\n<style>@media (min-width: 992px) {\n    .recomendadorV2Area1 {\n        width: 280px;\n    }\n    .recomendadorV2Area2 {\n        padding: 0px 20px;\n        width: calc(100% - 280px);\n    }\n}\n\n@media (max-width: 992px) {\n    .recomendadorV2Button {\n        margin: 0 auto;\n    }\n    .recomendadorV2Area {\n        flex-direction: column;\n        text-align: center;\n    }\n    .recomendadorV2Area2 {\n        padding: 0px 20px;\n    }\n}\n\n.recomendadorV2Area {\n    background: #eeeeee3d;\n    border-radius: 10px;\n    padding: 15px;\n    display: flex;\n    margin: 15px auto;\n    border: 1px solid #00000014;\n    max-width: 800px;\n}\n\n.recomendadorV2Area1 img {\n    width: 280px;\n    height: auto;\n    border-radius: 8px;\n}\n\n.linkrecomendadorv2 {\n    text-decoration: none !important;\n}\n\n.recomendadorV2Area2 .recomendadorV2Type {\n    text-transform: uppercase;\n    font-weight: 500;\n    font-size: 11px;\n    letter-spacing: 2px;\n    color: #666;\n    margin: 12px 0;\n    display: block;\n}\n\n.recomendadorV2Title h2 {\n    padding-top: 0px !important;\n    margin: 0px !important;\n    border-left: none !important;\n    padding-left: 0px !important;\n    line-height: 1.3;\n    color: #000 !important;\n    font-size: 24px;\n    margin-bottom: 12px !important;\n}\n\n.recomendadorV2Desc {\n    color: #333;\n    margin: 12px 0px !important;\n    font-size: 15px;\n    line-height: 1.5;\n}\n\n.recomendadorV2Button {\n    width: auto;\n    max-width: 200px;\n    margin: 0;\n    display: inline-flex;\n    align-items: center;\n    background: #1D3557;\n    border-radius: 8px;\n    color: #fff;\n    height: 36px;\n    justify-content: center;\n    text-align: center;\n    font-size: 14px;\n    padding: 0 20px;\n    transition: background-color 0.2s ease;\n}\n\n.recomendadorV2Button:hover {\n    background: #2a4d7a;\n}\n\n.recomendadorV2Button:after {\n    margin-top: -2px;\n    content: \"\u2192\";\n    padding: 0px 0px 0px 8px;\n}\n\n.recomendadorV2Alert {\n    text-align: left;\n    font-size: 11px;\n    margin-top: 8px;\n    color: #666;\n}\n\n.recomendadorFixedArea {\n    width: 100%;\n    display: flex;\n    justify-content: center;\n    align-items: center;\n}\n\n@media (min-width: 992px) {\n    #recomendadorFixed {\n        width: 32% !important;\n        left: 5%;\n    }\n    .recomendadorCloseFixed{\n        right: inherit !important;\n        left: 378px !important;\n    }\n}\n\n#recomendadorFixed {\n    width: 90%;\n    box-shadow: 0 10px 20px 0px #00000057;\n    display: none;\n    height: 90px;\n    background: #F6F6F6;\n    position: fixed;\n    flex-direction: row;\n    bottom: 10px;\n    z-index: 9999;\n    border-radius: 16px;\n    padding: 7px 10px;\n}\n\n.recomendadorLeftArea {\n    width: 160px;\n}\n\n.recomendadorRightArea h2 {\n    padding-top: 0px;\n    margin: 2px 0px 4px 0px !important;\n    font-weight: 400;\n    text-align: center;\n    padding-left: 0px !important;\n    color: #000 !important;\n    border-left: none !important;\n    line-height: 20px;\n    font-size: 12px !important;\n}\n\n.recomendadorImgFixed {\n    overflow: hidden;\n    padding: 8px 6px;\n    height: 100%;\n}\n\n.recomendadorImgFixed img {\n    height: 100% !important;\n    border-radius: 16px;\n}\n\n.recomendadorRightArea {\n    padding-top: 6px;\n    display: flex;\n    width: calc(100% - 130px);\n    justify-content: space-between;\n    align-items: center;\n    flex-direction: column;\n}\n\n.recomendadorButtonFixed {\n    margin: 0 auto;\n    background: #1D3557;\n    width: 80%;\n    text-align: center;\n    font-size: 10px;\n    color: #FFF;\n    padding: 2px 10px;\n    border-radius: 3px;\n}\n\n.recomendadorButtonFixed:after {\n    margin-top: -3px;\n    content: \"\u2192\";\n    padding: 0px 0px 0px 10px;\n}\n\n.recomendadorAlertFixed {\n    font-weight: 400;\n    text-align: center;\n    color: #484848;\n    font-size: 8px;\n}\n\n.recomendadorCloseFixed {\n    z-index: 99999;\n    display: none;\n    right: 0px;\n    left: inherit;\n    bottom: 99px;\n    position: fixed;\n    justify-content: center;\n    background: #F6F6F6;\n    width: 25px;\n    align-items: center;\n    height: 25px;\n    font-weight: 800;\n    border-radius: 50%;\n    border: 1px solid #EBEBEB;\n}\n\n.recomendadorV2Desc{\n    color: #000000;\n    margin: 20px 0px;\n}\n\n@media (max-width: 576px) {\n    .recomendadorV2Area {\n      padding: 10px;\n      max-width: 100%;\n    }\n  \n    .recomendadorV2Area1 img {\n      width: 100%;\n      border-radius: 6px;\n    }\n  \n    .recomendadorV2Area2 .recomendadorV2Type {\n      font-size: 9px;\n      letter-spacing: 1px;\n      margin: 8px 0;\n    }\n  \n    .recomendadorV2Title h2 {\n      font-size: 18px !important;\n      margin-bottom: 8px !important;\n      line-height: 1.2;\n    }\n  \n    .recomendadorV2Desc {\n      font-size: 14px;\n      margin: 8px 0 !important;\n      line-height: 1.4;\n    }\n  \n    .recomendadorV2Button {\n      font-size: 14px;\n      height: 40px;\n      padding: 0 12px;\n      max-width: 100%;\n      width: 100%;\n    }\n  \n    .recomendadorV2Button:after {\n      padding-left: 6px;\n    }\n  }\n  <\/style>\n        <div class=\"lazyblock-recomendador-v2-2jDGz wp-block-lazyblock-recomendador-v2\">\n        <a class=\"linkrecomendadorv2\" href=\"https:\/\/crusoe.com.br\/variedades\/cientistas-encontram-dinossauro-no-brasil-em-descoberta-que-muda-a-historia-dos-animais\/?utm_source=lazy\">\n            <div class=\"recomendadorV2Area\">\n            <div class=\"recomendadorV2Area1\">\n                <div class=\"recomendadorV2Img\">\n                <img class=\"lazyloaded\" decoding=\"async\" src=\"https:\/\/cdn.crusoe.com.br\/uploads\/2026\/03\/dasosaurus_tocantinensis_2-1024x683-1-750x375.jpg\" data-src=\"https:\/\/cdn.crusoe.com.br\/uploads\/2026\/03\/dasosaurus_tocantinensis_2-1024x683-1-750x375.jpg\" alt=\"\">\n                <\/div>\n            <\/div>\n            <div class=\"recomendadorV2Area2\">\n                <div class=\"recomendadorV2Type\">\n                    <span>Descoberta Brasil<\/span>\n                <\/div>\n                <div class=\"recomendadorV2Title\">\n                <h2><span>Novo dinossauro \ud83e\udd96<\/span><\/h2>\n                <\/div>\n                <div class=\"recomendadorV2Desc\">\n                <span>Achado no Brasil surpreende cientistas<\/span>\n                <\/div>\n                <div class=\"recomendadorV2Button\">Ver descoberta<\/div>\n                <div class=\"recomendadorV2Alert\"><\/div>\n            <\/div>\n            <\/div>\n        <\/a>\n        <div>\n            <div style=\"z-index:99999;\" id=\"buttonClose\" onclick=\"closeRecomendadorFixed()\">\n            <div class=\"recomendadorCloseFixed\">X<\/div>\n            <\/div>\n            <a href=\"https:\/\/crusoe.com.br\/variedades\/cientistas-encontram-dinossauro-no-brasil-em-descoberta-que-muda-a-historia-dos-animais\/?utm_source=lazy\">\n            <div class=\"recomendadorFixedArea\">\n                <div id=\"recomendadorFixed\">\n                <div class=\"recomendadorLeftArea\">\n                    <div class=\"recomendadorImgFixed\">\n                    <img class=\"lazyload\" decoding=\"async\" src=\"https:\/\/cdn.crusoe.com.br\/uploads\/2026\/03\/dasosaurus_tocantinensis_2-1024x683-1-750x375.jpg\" alt=\"\">\n                    <\/div>\n                <\/div>\n                <div class=\"recomendadorRightArea\">\n                    <div class=\"recomendadorTitleFixed\">\n                    <h2><span>Novo dinossauro \ud83e\udd96<\/span><\/h2>\n                    <\/div>\n                    <div class=\"recomendadorButtonFixed\">Ver descoberta<\/div>\n                    <div class=\"recomendadorAlertFixed\"><\/div>\n                <\/div>\n                <\/div>\n            <\/div>\n            <\/a>\n        <\/div>\n        <\/div>\n<h2>Miss\u00e3o Artemis II pode inaugurar nova era da explora\u00e7\u00e3o espacial<\/h2>\n<p>A Artemis II faz parte do programa Artemis, iniciativa da NASA que busca estabelecer uma presen\u00e7a humana sustent\u00e1vel na Lua e preparar futuras viagens tripuladas para Marte. Diferentemente da miss\u00e3o anterior, a Artemis I, que ocorreu sem tripula\u00e7\u00e3o, esta nova etapa levar\u00e1 quatro astronautas em uma jornada de aproximadamente dez dias ao redor da Lua.<\/p>\n<p>O grupo ser\u00e1 formado pelos astronautas Reid Wiseman, Victor Glover, Christina Koch e Jeremy Hansen, da Ag\u00eancia Espacial Canadense. Durante a miss\u00e3o, a nave Orion ser\u00e1 lan\u00e7ada pelo poderoso foguete Space Launch System (SLS) e seguir\u00e1 em uma trajet\u00f3ria que contornar\u00e1 a Lua antes de retornar \u00e0 Terra.<\/p>\n<p>Essa jornada servir\u00e1 para testar sistemas de navega\u00e7\u00e3o, comunica\u00e7\u00e3o, suporte \u00e0 vida e opera\u00e7\u00e3o em espa\u00e7o profundo \u2014 tecnologias fundamentais para futuras miss\u00f5es mais ambiciosas.<\/p>\n<h2>Miss\u00e3o hist\u00f3rica ap\u00f3s mais de 50 anos sem voos tripulados \u00e0 Lua<\/h2>\n<p>O retorno humano ao entorno da Lua marca um momento simb\u00f3lico para a explora\u00e7\u00e3o espacial. Desde o fim do programa Apollo, nenhuma miss\u00e3o tripulada havia se aventurado t\u00e3o longe da Terra.<\/p>\n<p>Especialistas apontam que essa nova fase tamb\u00e9m impulsiona a coopera\u00e7\u00e3o internacional, reunindo diferentes ag\u00eancias espaciais e tecnologias avan\u00e7adas para ampliar a presen\u00e7a humana no espa\u00e7o.<\/p>\n<h2>Preparativos finais e expectativa para o lan\u00e7amento<\/h2>\n<p>O lan\u00e7amento est\u00e1 previsto para ocorrer a partir de 1\u00ba de abril de 2026, com janelas adicionais no fim do m\u00eas e outras oportunidades que v\u00e3o at\u00e9 o final de maio, caso ocorram ajustes t\u00e9cnicos ou condi\u00e7\u00f5es clim\u00e1ticas desfavor\u00e1veis.<\/p>\n<p>A autoriza\u00e7\u00e3o recente foi concedida ap\u00f3s uma avalia\u00e7\u00e3o detalhada da seguran\u00e7a do foguete e da c\u00e1psula espacial, incluindo corre\u00e7\u00f5es em sistemas que haviam apresentado falhas em testes anteriores, como um problema no fluxo de h\u00e9lio e vazamentos de hidrog\u00eanio. Com isso resolvido, os engenheiros da ag\u00eancia espacial consideraram que o ve\u00edculo est\u00e1 pronto para avan\u00e7ar para a fase final da miss\u00e3o.<\/p>\n<p>Se tudo ocorrer conforme o planejado, a Artemis II n\u00e3o apenas marcar\u00e1 o retorno humano \u00e0s proximidades da Lua, mas tamb\u00e9m abrir\u00e1 caminho para uma nova era de explora\u00e7\u00e3o espacial, o que pode levar astronautas novamente ao solo lunar e, no futuro, at\u00e9 Marte.<\/p>\n<p>&nbsp;<\/p>\n","protected":false},"excerpt":{"rendered":"<p>Ap\u00f3s anos de prepara\u00e7\u00e3o e uma s\u00e9rie de testes t\u00e9cnicos, a NASA revelou que recebeu sinal verde para realizar uma das miss\u00f5es espaciais mais aguardadas das \u00faltimas d\u00e9cadas. A miss\u00e3o Artemis II, que pretende levar astronautas novamente \u00e0s proximidades da Lua, foi oficialmente autorizada para seguir com os preparativos finais para lan\u00e7amento em abril de [&hellip;]<\/p>\n","protected":false},"author":16,"featured_media":34219,"comment_status":"open","ping_status":"open","sticky":false,"template":"","format":"standard","meta":{"jnews-multi-image_gallery":[],"jnews_single_post":{"subtitle":"","format":"standard","jnews_video_option_group":[[]],"override":[{"template":"2","parallax":"1","fullscreen":"1","layout":"right-sidebar","sidebar":"default-sidebar","second_sidebar":"default-sidebar","sticky_sidebar":"1","share_position":"hide","share_float_style":"share-monocrhome","show_featured":"1","show_post_meta":"1","show_post_author":"1","show_post_date":"1","post_date_format":"default","post_date_format_custom":"Y\/m\/d","show_post_category":"1","show_post_reading_time":"0","post_reading_time_wpm":"300","post_calculate_word_method":"str_word_count","show_zoom_button":"0","zoom_button_out_step":"2","zoom_button_in_step":"3","show_post_tag":"1","show_popup_post":"1","number_popup_post":"1","show_author_box":"1","show_post_related":"0"}],"image_override":[{"single_post_thumbnail_size":"crop-500","single_post_gallery_size":"crop-500"}],"trending_post_position":"meta","trending_post_label":"Trending","sponsored_post_label":"Sponsored by","disable_ad":"0"},"jnews_primary_category":[],"jnews_override_counter":{"view_counter_number":"0","share_counter_number":"0","like_counter_number":"0","dislike_counter_number":"0"},"jnews_post_split":{"post_split":[{"template":"1","tag":"h2","numbering":"asc","mode":"normal","first":"0","enable_toc":"0","toc_type":"normal"}]},"footnotes":""},"categories":[1],"tags":[1095,1177,249],"class_list":["post-34218","post","type-post","status-publish","format-standard","has-post-thumbnail","hentry","category-geral","tag-espaco","tag-lua","tag-nasa"],"yoast_head":"<!-- This site is optimized with the Yoast SEO plugin v25.0 - https:\/\/yoast.com\/wordpress\/plugins\/seo\/ -->\n<title>Depois de d\u00e9cadas, NASA recebe autoriza\u00e7\u00e3o para miss\u00e3o que vai marcar a hist\u00f3ria da humanidade<\/title>\n<meta name=\"description\" content=\"NASA autoriza miss\u00e3o Artemis II, que levar\u00e1 astronautas novamente \u00e0 Lua ap\u00f3s mais de 50 anos. Lan\u00e7amento est\u00e1 previsto para abril de 2026.\" \/>\n<meta name=\"robots\" content=\"index, follow, max-snippet:-1, max-image-preview:large, max-video-preview:-1\" \/>\n<link rel=\"canonical\" href=\"https:\/\/crusoe.audiencelabs.com.br\/depois-de-decadas-nasa-recebe-autorizacao-para-missao-que-vai-marcar-a-historia-da-humanidade\/\" \/>\n<meta property=\"og:locale\" content=\"pt_BR\" \/>\n<meta property=\"og:type\" content=\"article\" \/>\n<meta property=\"og:title\" content=\"Depois de d\u00e9cadas, NASA recebe autoriza\u00e7\u00e3o para miss\u00e3o que vai marcar a hist\u00f3ria da humanidade\" \/>\n<meta property=\"og:description\" content=\"NASA autoriza miss\u00e3o Artemis II, que levar\u00e1 astronautas novamente \u00e0 Lua ap\u00f3s mais de 50 anos. Lan\u00e7amento est\u00e1 previsto para abril de 2026.\" \/>\n<meta property=\"og:url\" content=\"https:\/\/crusoe.audiencelabs.com.br\/depois-de-decadas-nasa-recebe-autorizacao-para-missao-que-vai-marcar-a-historia-da-humanidade\/\" \/>\n<meta property=\"og:site_name\" content=\"Variedades - Cruso\u00e9\" \/>\n<meta property=\"article:published_time\" content=\"2026-03-16T22:06:26+00:00\" \/>\n<meta property=\"og:image\" content=\"https:\/\/cdn.crusoe.com.br\/uploads\/2026\/03\/Artemis-II.jpg\" \/>\n\t<meta property=\"og:image:width\" content=\"1920\" \/>\n\t<meta property=\"og:image:height\" content=\"1280\" \/>\n\t<meta property=\"og:image:type\" content=\"image\/jpeg\" \/>\n<meta name=\"author\" content=\"Matheus Chaves\" \/>\n<meta name=\"twitter:card\" content=\"summary_large_image\" \/>\n<meta name=\"twitter:label1\" content=\"Escrito por\" \/>\n\t<meta name=\"twitter:data1\" content=\"Matheus Chaves\" \/>\n\t<meta name=\"twitter:label2\" content=\"Est. tempo de leitura\" \/>\n\t<meta name=\"twitter:data2\" content=\"3 minutos\" \/>\n<script type=\"application\/ld+json\" class=\"yoast-schema-graph\">{\"@context\":\"https:\/\/schema.org\",\"@graph\":[{\"@type\":\"WebPage\",\"@id\":\"https:\/\/crusoe.audiencelabs.com.br\/depois-de-decadas-nasa-recebe-autorizacao-para-missao-que-vai-marcar-a-historia-da-humanidade\/\",\"url\":\"https:\/\/crusoe.audiencelabs.com.br\/depois-de-decadas-nasa-recebe-autorizacao-para-missao-que-vai-marcar-a-historia-da-humanidade\/\",\"name\":\"Depois de d\u00e9cadas, NASA recebe autoriza\u00e7\u00e3o para miss\u00e3o que vai marcar a hist\u00f3ria da humanidade\",\"isPartOf\":{\"@id\":\"https:\/\/crusoe.audiencelabs.com.br\/#website\"},\"primaryImageOfPage\":{\"@id\":\"https:\/\/crusoe.audiencelabs.com.br\/depois-de-decadas-nasa-recebe-autorizacao-para-missao-que-vai-marcar-a-historia-da-humanidade\/#primaryimage\"},\"image\":{\"@id\":\"https:\/\/crusoe.audiencelabs.com.br\/depois-de-decadas-nasa-recebe-autorizacao-para-missao-que-vai-marcar-a-historia-da-humanidade\/#primaryimage\"},\"thumbnailUrl\":\"https:\/\/cdn.crusoe.com.br\/uploads\/2026\/03\/Artemis-II.jpg\",\"datePublished\":\"2026-03-16T22:06:26+00:00\",\"author\":{\"@id\":\"https:\/\/crusoe.audiencelabs.com.br\/#\/schema\/person\/eb8fe6d57e54530ddfc57ca6d4f6418c\"},\"description\":\"NASA autoriza miss\u00e3o Artemis II, que levar\u00e1 astronautas novamente \u00e0 Lua ap\u00f3s mais de 50 anos. Lan\u00e7amento est\u00e1 previsto para abril de 2026.\",\"breadcrumb\":{\"@id\":\"https:\/\/crusoe.audiencelabs.com.br\/depois-de-decadas-nasa-recebe-autorizacao-para-missao-que-vai-marcar-a-historia-da-humanidade\/#breadcrumb\"},\"inLanguage\":\"pt-BR\",\"potentialAction\":[{\"@type\":\"ReadAction\",\"target\":[\"https:\/\/crusoe.audiencelabs.com.br\/depois-de-decadas-nasa-recebe-autorizacao-para-missao-que-vai-marcar-a-historia-da-humanidade\/\"]}]},{\"@type\":\"ImageObject\",\"inLanguage\":\"pt-BR\",\"@id\":\"https:\/\/crusoe.audiencelabs.com.br\/depois-de-decadas-nasa-recebe-autorizacao-para-missao-que-vai-marcar-a-historia-da-humanidade\/#primaryimage\",\"url\":\"https:\/\/cdn.crusoe.com.br\/uploads\/2026\/03\/Artemis-II.jpg\",\"contentUrl\":\"https:\/\/cdn.crusoe.com.br\/uploads\/2026\/03\/Artemis-II.jpg\",\"width\":1920,\"height\":1280,\"caption\":\"Imagem: NASA\/Kim Shiflett\"},{\"@type\":\"BreadcrumbList\",\"@id\":\"https:\/\/crusoe.audiencelabs.com.br\/depois-de-decadas-nasa-recebe-autorizacao-para-missao-que-vai-marcar-a-historia-da-humanidade\/#breadcrumb\",\"itemListElement\":[{\"@type\":\"ListItem\",\"position\":1,\"name\":\"Home\",\"item\":\"https:\/\/crusoe.audiencelabs.com.br\/\"},{\"@type\":\"ListItem\",\"position\":2,\"name\":\"Depois de d\u00e9cadas, NASA recebe autoriza\u00e7\u00e3o para miss\u00e3o que vai marcar a hist\u00f3ria da humanidade\"}]},{\"@type\":\"WebSite\",\"@id\":\"https:\/\/crusoe.audiencelabs.com.br\/#website\",\"url\":\"https:\/\/crusoe.audiencelabs.com.br\/\",\"name\":\"Variedades - Cruso\u00e9\",\"description\":\"\",\"potentialAction\":[{\"@type\":\"SearchAction\",\"target\":{\"@type\":\"EntryPoint\",\"urlTemplate\":\"https:\/\/crusoe.audiencelabs.com.br\/?s={search_term_string}\"},\"query-input\":{\"@type\":\"PropertyValueSpecification\",\"valueRequired\":true,\"valueName\":\"search_term_string\"}}],\"inLanguage\":\"pt-BR\"},{\"@type\":\"Person\",\"@id\":\"https:\/\/crusoe.audiencelabs.com.br\/#\/schema\/person\/eb8fe6d57e54530ddfc57ca6d4f6418c\",\"name\":\"Matheus Chaves\",\"image\":{\"@type\":\"ImageObject\",\"inLanguage\":\"pt-BR\",\"@id\":\"https:\/\/crusoe.audiencelabs.com.br\/#\/schema\/person\/image\/\",\"url\":\"https:\/\/secure.gravatar.com\/avatar\/d784a6c575f0b36caada39b0c5368f2f409f47a19eeb4eee6f62e452783f9bb8?s=96&d=mm&r=g\",\"contentUrl\":\"https:\/\/secure.gravatar.com\/avatar\/d784a6c575f0b36caada39b0c5368f2f409f47a19eeb4eee6f62e452783f9bb8?s=96&d=mm&r=g\",\"caption\":\"Matheus Chaves\"},\"description\":\"Sou jornalista e produtor de conte\u00fado com mais de nove anos de experi\u00eancia em comunica\u00e7\u00e3o digital, produ\u00e7\u00e3o editorial e jornalismo online.\",\"sameAs\":[\"https:\/\/www.linkedin.com\/in\/matheus-chaves-melo\"],\"url\":\"https:\/\/crusoe.audiencelabs.com.br\/author\/matheuschaves\/\"}]}<\/script>\n<!-- \/ Yoast SEO plugin. -->","yoast_head_json":{"title":"Depois de d\u00e9cadas, NASA recebe autoriza\u00e7\u00e3o para miss\u00e3o que vai marcar a hist\u00f3ria da humanidade","description":"NASA autoriza miss\u00e3o Artemis II, que levar\u00e1 astronautas novamente \u00e0 Lua ap\u00f3s mais de 50 anos. Lan\u00e7amento est\u00e1 previsto para abril de 2026.","robots":{"index":"index","follow":"follow","max-snippet":"max-snippet:-1","max-image-preview":"max-image-preview:large","max-video-preview":"max-video-preview:-1"},"canonical":"https:\/\/crusoe.audiencelabs.com.br\/depois-de-decadas-nasa-recebe-autorizacao-para-missao-que-vai-marcar-a-historia-da-humanidade\/","og_locale":"pt_BR","og_type":"article","og_title":"Depois de d\u00e9cadas, NASA recebe autoriza\u00e7\u00e3o para miss\u00e3o que vai marcar a hist\u00f3ria da humanidade","og_description":"NASA autoriza miss\u00e3o Artemis II, que levar\u00e1 astronautas novamente \u00e0 Lua ap\u00f3s mais de 50 anos. Lan\u00e7amento est\u00e1 previsto para abril de 2026.","og_url":"https:\/\/crusoe.audiencelabs.com.br\/depois-de-decadas-nasa-recebe-autorizacao-para-missao-que-vai-marcar-a-historia-da-humanidade\/","og_site_name":"Variedades - Cruso\u00e9","article_published_time":"2026-03-16T22:06:26+00:00","og_image":[{"width":1920,"height":1280,"url":"https:\/\/cdn.crusoe.com.br\/uploads\/2026\/03\/Artemis-II.jpg","type":"image\/jpeg"}],"author":"Matheus Chaves","twitter_card":"summary_large_image","twitter_misc":{"Escrito por":"Matheus Chaves","Est. tempo de leitura":"3 minutos"},"schema":{"@context":"https:\/\/schema.org","@graph":[{"@type":"WebPage","@id":"https:\/\/crusoe.audiencelabs.com.br\/depois-de-decadas-nasa-recebe-autorizacao-para-missao-que-vai-marcar-a-historia-da-humanidade\/","url":"https:\/\/crusoe.audiencelabs.com.br\/depois-de-decadas-nasa-recebe-autorizacao-para-missao-que-vai-marcar-a-historia-da-humanidade\/","name":"Depois de d\u00e9cadas, NASA recebe autoriza\u00e7\u00e3o para miss\u00e3o que vai marcar a hist\u00f3ria da humanidade","isPartOf":{"@id":"https:\/\/crusoe.audiencelabs.com.br\/#website"},"primaryImageOfPage":{"@id":"https:\/\/crusoe.audiencelabs.com.br\/depois-de-decadas-nasa-recebe-autorizacao-para-missao-que-vai-marcar-a-historia-da-humanidade\/#primaryimage"},"image":{"@id":"https:\/\/crusoe.audiencelabs.com.br\/depois-de-decadas-nasa-recebe-autorizacao-para-missao-que-vai-marcar-a-historia-da-humanidade\/#primaryimage"},"thumbnailUrl":"https:\/\/cdn.crusoe.com.br\/uploads\/2026\/03\/Artemis-II.jpg","datePublished":"2026-03-16T22:06:26+00:00","author":{"@id":"https:\/\/crusoe.audiencelabs.com.br\/#\/schema\/person\/eb8fe6d57e54530ddfc57ca6d4f6418c"},"description":"NASA autoriza miss\u00e3o Artemis II, que levar\u00e1 astronautas novamente \u00e0 Lua ap\u00f3s mais de 50 anos. Lan\u00e7amento est\u00e1 previsto para abril de 2026.","breadcrumb":{"@id":"https:\/\/crusoe.audiencelabs.com.br\/depois-de-decadas-nasa-recebe-autorizacao-para-missao-que-vai-marcar-a-historia-da-humanidade\/#breadcrumb"},"inLanguage":"pt-BR","potentialAction":[{"@type":"ReadAction","target":["https:\/\/crusoe.audiencelabs.com.br\/depois-de-decadas-nasa-recebe-autorizacao-para-missao-que-vai-marcar-a-historia-da-humanidade\/"]}]},{"@type":"ImageObject","inLanguage":"pt-BR","@id":"https:\/\/crusoe.audiencelabs.com.br\/depois-de-decadas-nasa-recebe-autorizacao-para-missao-que-vai-marcar-a-historia-da-humanidade\/#primaryimage","url":"https:\/\/cdn.crusoe.com.br\/uploads\/2026\/03\/Artemis-II.jpg","contentUrl":"https:\/\/cdn.crusoe.com.br\/uploads\/2026\/03\/Artemis-II.jpg","width":1920,"height":1280,"caption":"Imagem: NASA\/Kim Shiflett"},{"@type":"BreadcrumbList","@id":"https:\/\/crusoe.audiencelabs.com.br\/depois-de-decadas-nasa-recebe-autorizacao-para-missao-que-vai-marcar-a-historia-da-humanidade\/#breadcrumb","itemListElement":[{"@type":"ListItem","position":1,"name":"Home","item":"https:\/\/crusoe.audiencelabs.com.br\/"},{"@type":"ListItem","position":2,"name":"Depois de d\u00e9cadas, NASA recebe autoriza\u00e7\u00e3o para miss\u00e3o que vai marcar a hist\u00f3ria da humanidade"}]},{"@type":"WebSite","@id":"https:\/\/crusoe.audiencelabs.com.br\/#website","url":"https:\/\/crusoe.audiencelabs.com.br\/","name":"Variedades - Cruso\u00e9","description":"","potentialAction":[{"@type":"SearchAction","target":{"@type":"EntryPoint","urlTemplate":"https:\/\/crusoe.audiencelabs.com.br\/?s={search_term_string}"},"query-input":{"@type":"PropertyValueSpecification","valueRequired":true,"valueName":"search_term_string"}}],"inLanguage":"pt-BR"},{"@type":"Person","@id":"https:\/\/crusoe.audiencelabs.com.br\/#\/schema\/person\/eb8fe6d57e54530ddfc57ca6d4f6418c","name":"Matheus Chaves","image":{"@type":"ImageObject","inLanguage":"pt-BR","@id":"https:\/\/crusoe.audiencelabs.com.br\/#\/schema\/person\/image\/","url":"https:\/\/secure.gravatar.com\/avatar\/d784a6c575f0b36caada39b0c5368f2f409f47a19eeb4eee6f62e452783f9bb8?s=96&d=mm&r=g","contentUrl":"https:\/\/secure.gravatar.com\/avatar\/d784a6c575f0b36caada39b0c5368f2f409f47a19eeb4eee6f62e452783f9bb8?s=96&d=mm&r=g","caption":"Matheus Chaves"},"description":"Sou jornalista e produtor de conte\u00fado com mais de nove anos de experi\u00eancia em comunica\u00e7\u00e3o digital, produ\u00e7\u00e3o editorial e jornalismo online.","sameAs":["https:\/\/www.linkedin.com\/in\/matheus-chaves-melo"],"url":"https:\/\/crusoe.audiencelabs.com.br\/author\/matheuschaves\/"}]}},"_links":{"self":[{"href":"https:\/\/crusoe.audiencelabs.com.br\/wp-json\/wp\/v2\/posts\/34218","targetHints":{"allow":["GET"]}}],"collection":[{"href":"https:\/\/crusoe.audiencelabs.com.br\/wp-json\/wp\/v2\/posts"}],"about":[{"href":"https:\/\/crusoe.audiencelabs.com.br\/wp-json\/wp\/v2\/types\/post"}],"author":[{"embeddable":true,"href":"https:\/\/crusoe.audiencelabs.com.br\/wp-json\/wp\/v2\/users\/16"}],"replies":[{"embeddable":true,"href":"https:\/\/crusoe.audiencelabs.com.br\/wp-json\/wp\/v2\/comments?post=34218"}],"version-history":[{"count":2,"href":"https:\/\/crusoe.audiencelabs.com.br\/wp-json\/wp\/v2\/posts\/34218\/revisions"}],"predecessor-version":[{"id":34242,"href":"https:\/\/crusoe.audiencelabs.com.br\/wp-json\/wp\/v2\/posts\/34218\/revisions\/34242"}],"wp:featuredmedia":[{"embeddable":true,"href":"https:\/\/crusoe.audiencelabs.com.br\/wp-json\/wp\/v2\/media\/34219"}],"wp:attachment":[{"href":"https:\/\/crusoe.audiencelabs.com.br\/wp-json\/wp\/v2\/media?parent=34218"}],"wp:term":[{"taxonomy":"category","embeddable":true,"href":"https:\/\/crusoe.audiencelabs.com.br\/wp-json\/wp\/v2\/categories?post=34218"},{"taxonomy":"post_tag","embeddable":true,"href":"https:\/\/crusoe.audiencelabs.com.br\/wp-json\/wp\/v2\/tags?post=34218"}],"curies":[{"name":"wp","href":"https:\/\/api.w.org\/{rel}","templated":true}]}}