{"id":34209,"date":"2026-03-16T16:07:40","date_gmt":"2026-03-16T19:07:40","guid":{"rendered":"https:\/\/crusoe.audiencelabs.com.br\/?p=34209"},"modified":"2026-03-16T15:05:02","modified_gmt":"2026-03-16T18:05:02","slug":"o-que-acontece-com-quem-usa-celular-na-academia-segundo-especialistas","status":"publish","type":"post","link":"https:\/\/crusoe.audiencelabs.com.br\/o-que-acontece-com-quem-usa-celular-na-academia-segundo-especialistas\/","title":{"rendered":"O que acontece com quem usa celular na academia, segundo especialistas"},"content":{"rendered":"<p><span style=\"font-weight: 400\">O celular virou um companheiro constante em diversos momentos do dia, at\u00e9 mesmo durante os treinos. Por\u00e9m, especialistas alertam que usar o smartphone na academia, principalmente para acessar redes sociais durante os intervalos entre s\u00e9ries, pode prejudicar o desempenho f\u00edsico e a concentra\u00e7\u00e3o durante a atividade.<\/span><\/p>\n<p><span style=\"font-weight: 400\">Em entrevista ao <a href=\"https:\/\/marreta.link\/p\/oglobo.globo.com\/saude\/noticia\/2026\/03\/14\/por-que-voce-nao-deve-usar-as-redes-sociais-durante-os-intervalos-na-academia-especialista-em-bem-estar-tem-a-resposta.ghtml\" target=\"_blank\" rel=\"noopener\">jornal O Globo<\/a>, Sebasti\u00e1n la Roda, fundador do Pulso Health, um aplicativo voltado \u00e0 nutri\u00e7\u00e3o com o objetivo de aprimorar a dieta e suplementa\u00e7\u00e3o das pessoas, afirmou que o uso do aparelho pode ocasionar graves acidentes devido a falta de aten\u00e7\u00e3o, al\u00e9m de causar um desgaste mental s\u00e9rio.<\/span><\/p>\n<p><span style=\"font-weight: 400\">Al\u00e9m de Roda, outro especialista j\u00e1 havia falado sobre o tema. Em entrevista ao Eu Atleta, no <a href=\"https:\/\/ge.globo.com\/google\/amp\/eu-atleta\/treinos\/noticia\/2024\/05\/31\/uso-de-celular-na-academia-pode-prejudicar-treinos.ghtml\" target=\"_blank\" rel=\"noopener\">portal GE<\/a>, Gustavo Starling Torres, da Sociedade Brasileira de Medicina do Exerc\u00edcio e do Esporte, fez um alerta ao dizer que a distra\u00e7\u00e3o causada pelo smartphone pode comprometer a qualidade do treino.<\/span><\/p>\n<p><span style=\"font-weight: 400\">Ele tamb\u00e9m afirmou que a falta de aten\u00e7\u00e3o ao ambiente da academia pode aumentar o risco de les\u00f5es, principalmente em exerc\u00edcios que exigem coordena\u00e7\u00e3o e concentra\u00e7\u00e3o.<\/span><\/p>\n<h2><span style=\"font-weight: 400\">Impacto no desempenho f\u00edsico<\/span><\/h2>\n<p><span style=\"font-weight: 400\">Vale destacar ainda que estudos indicam que o uso de redes sociais entre s\u00e9ries pode afetar diretamente o rendimento do treino. Uma <a href=\"https:\/\/pubmed.ncbi.nlm.nih.gov\/34000894\/\" target=\"_blank\" rel=\"noopener\">pesquisa<\/a> liderada pelo doutor em Educa\u00e7\u00e3o F\u00edsica, Petrus Gantois, por exemplo, aponta que pessoas que utilizam o celular nesses intervalos podem apresentar queda de desempenho, levantando menos peso ou percebendo o exerc\u00edcio como mais dif\u00edcil.<\/span><\/p>\n<p><span style=\"font-weight: 400\">Um dos motivos para isso seria a chamada fadiga mental. Ao consumir conte\u00fado digital especialmente nas redes sociais, o c\u00e9rebro continua ativo e processando informa\u00e7\u00f5es, o que reduz a capacidade de concentra\u00e7\u00e3o na atividade f\u00edsica seguinte.<\/span><\/p>\n<h2><span style=\"font-weight: 400\">Como evitar o problema<\/span><\/h2>\n<p><span style=\"font-weight: 400\">Para melhorar o rendimento durante os exerc\u00edcios, especialistas recomendam algumas estrat\u00e9gias simples:<\/span><\/p>\n<ul>\n<li style=\"font-weight: 400\"><span style=\"font-weight: 400\">Deixar o celular guardado durante o treino;<\/span><span style=\"font-weight: 400\">\n<p><\/span><\/li>\n<li style=\"font-weight: 400\"><span style=\"font-weight: 400\">Usar o aparelho apenas para ouvir m\u00fasica ou registrar o treino;<\/span><span style=\"font-weight: 400\">\n<p><\/span><\/li>\n<li style=\"font-weight: 400\"><span style=\"font-weight: 400\">Definir intervalos curtos e objetivos entre as s\u00e9ries;<\/span><span style=\"font-weight: 400\">\n<p><\/span><\/li>\n<li style=\"font-weight: 400\"><span style=\"font-weight: 400\">Priorizar a concentra\u00e7\u00e3o na execu\u00e7\u00e3o dos movimentos.<\/span><span style=\"font-weight: 400\">\n<p><\/span><\/li>\n<\/ul>\n","protected":false},"excerpt":{"rendered":"<p>O celular virou um companheiro constante em diversos momentos do dia, at\u00e9 mesmo durante os treinos. Por\u00e9m, especialistas alertam que usar o smartphone na academia, principalmente para acessar redes sociais durante os intervalos entre s\u00e9ries, pode prejudicar o desempenho f\u00edsico e a concentra\u00e7\u00e3o durante a atividade. Em entrevista ao jornal O Globo, Sebasti\u00e1n la Roda, [&hellip;]<\/p>\n","protected":false},"author":16,"featured_media":34210,"comment_status":"open","ping_status":"open","sticky":false,"template":"","format":"standard","meta":{"jnews-multi-image_gallery":[],"jnews_single_post":{"format":"standard","jnews_video_option_group":[[]],"override":[{"template":"2","parallax":"1","fullscreen":"1","layout":"right-sidebar","sidebar":"default-sidebar","second_sidebar":"default-sidebar","sticky_sidebar":"1","share_position":"hide","share_float_style":"share-monocrhome","show_featured":"1","show_post_meta":"1","show_post_author":"1","show_post_date":"1","post_date_format":"default","post_date_format_custom":"Y\/m\/d","show_post_category":"1","show_post_reading_time":"0","post_reading_time_wpm":"300","post_calculate_word_method":"str_word_count","show_zoom_button":"0","zoom_button_out_step":"2","zoom_button_in_step":"3","show_post_tag":"1","show_popup_post":"1","number_popup_post":"1","show_author_box":"1","show_post_related":"0"}],"image_override":[{"single_post_thumbnail_size":"crop-500","single_post_gallery_size":"crop-500"}],"trending_post_position":"meta","trending_post_label":"Trending","sponsored_post_label":"Sponsored by","disable_ad":"0","subtitle":"Uso do smartphone durante os intervalos do treino pode comprometer desempenho f\u00edsico, aumentar distra\u00e7\u00f5es e at\u00e9 elevar o risco de acidentes"},"jnews_primary_category":[],"jnews_override_counter":{"view_counter_number":"0","share_counter_number":"0","like_counter_number":"0","dislike_counter_number":"0"},"jnews_post_split":{"post_split":[{"template":"1","tag":"h2","numbering":"asc","mode":"normal","first":"0","enable_toc":"0","toc_type":"normal"}]},"footnotes":""},"categories":[1],"tags":[6141,788,234],"class_list":["post-34209","post","type-post","status-publish","format-standard","has-post-thumbnail","hentry","category-geral","tag-esporte","tag-musculacao","tag-saude"],"yoast_head":"<!-- This site is optimized with the Yoast SEO plugin v25.0 - https:\/\/yoast.com\/wordpress\/plugins\/seo\/ -->\n<title>O que acontece com quem usa celular na academia, segundo especialistas<\/title>\n<meta name=\"description\" content=\"Especialistas explicam por que usar celular na academia, especialmente nas redes sociais durante os intervalos, pode trazer preju\u00edzos.\" \/>\n<meta name=\"robots\" content=\"index, follow, max-snippet:-1, max-image-preview:large, max-video-preview:-1\" \/>\n<link rel=\"canonical\" href=\"https:\/\/crusoe.audiencelabs.com.br\/o-que-acontece-com-quem-usa-celular-na-academia-segundo-especialistas\/\" \/>\n<meta property=\"og:locale\" content=\"pt_BR\" \/>\n<meta property=\"og:type\" content=\"article\" \/>\n<meta property=\"og:title\" content=\"O que acontece com quem usa celular na academia, segundo especialistas\" \/>\n<meta property=\"og:description\" content=\"Especialistas explicam por que usar celular na academia, especialmente nas redes sociais durante os intervalos, pode trazer preju\u00edzos.\" \/>\n<meta property=\"og:url\" content=\"https:\/\/crusoe.audiencelabs.com.br\/o-que-acontece-com-quem-usa-celular-na-academia-segundo-especialistas\/\" \/>\n<meta property=\"og:site_name\" content=\"Variedades - Cruso\u00e9\" \/>\n<meta property=\"article:published_time\" content=\"2026-03-16T19:07:40+00:00\" \/>\n<meta property=\"og:image\" content=\"https:\/\/cdn.crusoe.com.br\/uploads\/2026\/03\/Celular-na-academia.jpg\" \/>\n\t<meta property=\"og:image:width\" content=\"1000\" \/>\n\t<meta property=\"og:image:height\" content=\"667\" \/>\n\t<meta property=\"og:image:type\" content=\"image\/jpeg\" \/>\n<meta name=\"author\" content=\"Matheus Chaves\" \/>\n<meta name=\"twitter:card\" content=\"summary_large_image\" \/>\n<meta name=\"twitter:label1\" content=\"Escrito por\" \/>\n\t<meta name=\"twitter:data1\" content=\"Matheus Chaves\" \/>\n\t<meta name=\"twitter:label2\" content=\"Est. tempo de leitura\" \/>\n\t<meta name=\"twitter:data2\" content=\"2 minutos\" \/>\n<script type=\"application\/ld+json\" class=\"yoast-schema-graph\">{\"@context\":\"https:\/\/schema.org\",\"@graph\":[{\"@type\":\"WebPage\",\"@id\":\"https:\/\/crusoe.audiencelabs.com.br\/o-que-acontece-com-quem-usa-celular-na-academia-segundo-especialistas\/\",\"url\":\"https:\/\/crusoe.audiencelabs.com.br\/o-que-acontece-com-quem-usa-celular-na-academia-segundo-especialistas\/\",\"name\":\"O que acontece com quem usa celular na academia, segundo especialistas\",\"isPartOf\":{\"@id\":\"https:\/\/crusoe.audiencelabs.com.br\/#website\"},\"primaryImageOfPage\":{\"@id\":\"https:\/\/crusoe.audiencelabs.com.br\/o-que-acontece-com-quem-usa-celular-na-academia-segundo-especialistas\/#primaryimage\"},\"image\":{\"@id\":\"https:\/\/crusoe.audiencelabs.com.br\/o-que-acontece-com-quem-usa-celular-na-academia-segundo-especialistas\/#primaryimage\"},\"thumbnailUrl\":\"https:\/\/cdn.crusoe.com.br\/uploads\/2026\/03\/Celular-na-academia.jpg\",\"datePublished\":\"2026-03-16T19:07:40+00:00\",\"author\":{\"@id\":\"https:\/\/crusoe.audiencelabs.com.br\/#\/schema\/person\/eb8fe6d57e54530ddfc57ca6d4f6418c\"},\"description\":\"Especialistas explicam por que usar celular na academia, especialmente nas redes sociais durante os intervalos, pode trazer preju\u00edzos.\",\"breadcrumb\":{\"@id\":\"https:\/\/crusoe.audiencelabs.com.br\/o-que-acontece-com-quem-usa-celular-na-academia-segundo-especialistas\/#breadcrumb\"},\"inLanguage\":\"pt-BR\",\"potentialAction\":[{\"@type\":\"ReadAction\",\"target\":[\"https:\/\/crusoe.audiencelabs.com.br\/o-que-acontece-com-quem-usa-celular-na-academia-segundo-especialistas\/\"]}]},{\"@type\":\"ImageObject\",\"inLanguage\":\"pt-BR\",\"@id\":\"https:\/\/crusoe.audiencelabs.com.br\/o-que-acontece-com-quem-usa-celular-na-academia-segundo-especialistas\/#primaryimage\",\"url\":\"https:\/\/cdn.crusoe.com.br\/uploads\/2026\/03\/Celular-na-academia.jpg\",\"contentUrl\":\"https:\/\/cdn.crusoe.com.br\/uploads\/2026\/03\/Celular-na-academia.jpg\",\"width\":1000,\"height\":667,\"caption\":\"Imagem: Senivpetro\/Freepik\"},{\"@type\":\"BreadcrumbList\",\"@id\":\"https:\/\/crusoe.audiencelabs.com.br\/o-que-acontece-com-quem-usa-celular-na-academia-segundo-especialistas\/#breadcrumb\",\"itemListElement\":[{\"@type\":\"ListItem\",\"position\":1,\"name\":\"Home\",\"item\":\"https:\/\/crusoe.audiencelabs.com.br\/\"},{\"@type\":\"ListItem\",\"position\":2,\"name\":\"O que acontece com quem usa celular na academia, segundo especialistas\"}]},{\"@type\":\"WebSite\",\"@id\":\"https:\/\/crusoe.audiencelabs.com.br\/#website\",\"url\":\"https:\/\/crusoe.audiencelabs.com.br\/\",\"name\":\"Variedades - Cruso\u00e9\",\"description\":\"\",\"potentialAction\":[{\"@type\":\"SearchAction\",\"target\":{\"@type\":\"EntryPoint\",\"urlTemplate\":\"https:\/\/crusoe.audiencelabs.com.br\/?s={search_term_string}\"},\"query-input\":{\"@type\":\"PropertyValueSpecification\",\"valueRequired\":true,\"valueName\":\"search_term_string\"}}],\"inLanguage\":\"pt-BR\"},{\"@type\":\"Person\",\"@id\":\"https:\/\/crusoe.audiencelabs.com.br\/#\/schema\/person\/eb8fe6d57e54530ddfc57ca6d4f6418c\",\"name\":\"Matheus Chaves\",\"image\":{\"@type\":\"ImageObject\",\"inLanguage\":\"pt-BR\",\"@id\":\"https:\/\/crusoe.audiencelabs.com.br\/#\/schema\/person\/image\/\",\"url\":\"https:\/\/secure.gravatar.com\/avatar\/d784a6c575f0b36caada39b0c5368f2f409f47a19eeb4eee6f62e452783f9bb8?s=96&d=mm&r=g\",\"contentUrl\":\"https:\/\/secure.gravatar.com\/avatar\/d784a6c575f0b36caada39b0c5368f2f409f47a19eeb4eee6f62e452783f9bb8?s=96&d=mm&r=g\",\"caption\":\"Matheus Chaves\"},\"description\":\"Sou jornalista e produtor de conte\u00fado com mais de nove anos de experi\u00eancia em comunica\u00e7\u00e3o digital, produ\u00e7\u00e3o editorial e jornalismo online.\",\"sameAs\":[\"https:\/\/www.linkedin.com\/in\/matheus-chaves-melo\"],\"url\":\"https:\/\/crusoe.audiencelabs.com.br\/author\/matheuschaves\/\"}]}<\/script>\n<!-- \/ Yoast SEO plugin. -->","yoast_head_json":{"title":"O que acontece com quem usa celular na academia, segundo especialistas","description":"Especialistas explicam por que usar celular na academia, especialmente nas redes sociais durante os intervalos, pode trazer preju\u00edzos.","robots":{"index":"index","follow":"follow","max-snippet":"max-snippet:-1","max-image-preview":"max-image-preview:large","max-video-preview":"max-video-preview:-1"},"canonical":"https:\/\/crusoe.audiencelabs.com.br\/o-que-acontece-com-quem-usa-celular-na-academia-segundo-especialistas\/","og_locale":"pt_BR","og_type":"article","og_title":"O que acontece com quem usa celular na academia, segundo especialistas","og_description":"Especialistas explicam por que usar celular na academia, especialmente nas redes sociais durante os intervalos, pode trazer preju\u00edzos.","og_url":"https:\/\/crusoe.audiencelabs.com.br\/o-que-acontece-com-quem-usa-celular-na-academia-segundo-especialistas\/","og_site_name":"Variedades - Cruso\u00e9","article_published_time":"2026-03-16T19:07:40+00:00","og_image":[{"width":1000,"height":667,"url":"https:\/\/cdn.crusoe.com.br\/uploads\/2026\/03\/Celular-na-academia.jpg","type":"image\/jpeg"}],"author":"Matheus Chaves","twitter_card":"summary_large_image","twitter_misc":{"Escrito por":"Matheus Chaves","Est. tempo de leitura":"2 minutos"},"schema":{"@context":"https:\/\/schema.org","@graph":[{"@type":"WebPage","@id":"https:\/\/crusoe.audiencelabs.com.br\/o-que-acontece-com-quem-usa-celular-na-academia-segundo-especialistas\/","url":"https:\/\/crusoe.audiencelabs.com.br\/o-que-acontece-com-quem-usa-celular-na-academia-segundo-especialistas\/","name":"O que acontece com quem usa celular na academia, segundo especialistas","isPartOf":{"@id":"https:\/\/crusoe.audiencelabs.com.br\/#website"},"primaryImageOfPage":{"@id":"https:\/\/crusoe.audiencelabs.com.br\/o-que-acontece-com-quem-usa-celular-na-academia-segundo-especialistas\/#primaryimage"},"image":{"@id":"https:\/\/crusoe.audiencelabs.com.br\/o-que-acontece-com-quem-usa-celular-na-academia-segundo-especialistas\/#primaryimage"},"thumbnailUrl":"https:\/\/cdn.crusoe.com.br\/uploads\/2026\/03\/Celular-na-academia.jpg","datePublished":"2026-03-16T19:07:40+00:00","author":{"@id":"https:\/\/crusoe.audiencelabs.com.br\/#\/schema\/person\/eb8fe6d57e54530ddfc57ca6d4f6418c"},"description":"Especialistas explicam por que usar celular na academia, especialmente nas redes sociais durante os intervalos, pode trazer preju\u00edzos.","breadcrumb":{"@id":"https:\/\/crusoe.audiencelabs.com.br\/o-que-acontece-com-quem-usa-celular-na-academia-segundo-especialistas\/#breadcrumb"},"inLanguage":"pt-BR","potentialAction":[{"@type":"ReadAction","target":["https:\/\/crusoe.audiencelabs.com.br\/o-que-acontece-com-quem-usa-celular-na-academia-segundo-especialistas\/"]}]},{"@type":"ImageObject","inLanguage":"pt-BR","@id":"https:\/\/crusoe.audiencelabs.com.br\/o-que-acontece-com-quem-usa-celular-na-academia-segundo-especialistas\/#primaryimage","url":"https:\/\/cdn.crusoe.com.br\/uploads\/2026\/03\/Celular-na-academia.jpg","contentUrl":"https:\/\/cdn.crusoe.com.br\/uploads\/2026\/03\/Celular-na-academia.jpg","width":1000,"height":667,"caption":"Imagem: Senivpetro\/Freepik"},{"@type":"BreadcrumbList","@id":"https:\/\/crusoe.audiencelabs.com.br\/o-que-acontece-com-quem-usa-celular-na-academia-segundo-especialistas\/#breadcrumb","itemListElement":[{"@type":"ListItem","position":1,"name":"Home","item":"https:\/\/crusoe.audiencelabs.com.br\/"},{"@type":"ListItem","position":2,"name":"O que acontece com quem usa celular na academia, segundo especialistas"}]},{"@type":"WebSite","@id":"https:\/\/crusoe.audiencelabs.com.br\/#website","url":"https:\/\/crusoe.audiencelabs.com.br\/","name":"Variedades - Cruso\u00e9","description":"","potentialAction":[{"@type":"SearchAction","target":{"@type":"EntryPoint","urlTemplate":"https:\/\/crusoe.audiencelabs.com.br\/?s={search_term_string}"},"query-input":{"@type":"PropertyValueSpecification","valueRequired":true,"valueName":"search_term_string"}}],"inLanguage":"pt-BR"},{"@type":"Person","@id":"https:\/\/crusoe.audiencelabs.com.br\/#\/schema\/person\/eb8fe6d57e54530ddfc57ca6d4f6418c","name":"Matheus Chaves","image":{"@type":"ImageObject","inLanguage":"pt-BR","@id":"https:\/\/crusoe.audiencelabs.com.br\/#\/schema\/person\/image\/","url":"https:\/\/secure.gravatar.com\/avatar\/d784a6c575f0b36caada39b0c5368f2f409f47a19eeb4eee6f62e452783f9bb8?s=96&d=mm&r=g","contentUrl":"https:\/\/secure.gravatar.com\/avatar\/d784a6c575f0b36caada39b0c5368f2f409f47a19eeb4eee6f62e452783f9bb8?s=96&d=mm&r=g","caption":"Matheus Chaves"},"description":"Sou jornalista e produtor de conte\u00fado com mais de nove anos de experi\u00eancia em comunica\u00e7\u00e3o digital, produ\u00e7\u00e3o editorial e jornalismo online.","sameAs":["https:\/\/www.linkedin.com\/in\/matheus-chaves-melo"],"url":"https:\/\/crusoe.audiencelabs.com.br\/author\/matheuschaves\/"}]}},"_links":{"self":[{"href":"https:\/\/crusoe.audiencelabs.com.br\/wp-json\/wp\/v2\/posts\/34209","targetHints":{"allow":["GET"]}}],"collection":[{"href":"https:\/\/crusoe.audiencelabs.com.br\/wp-json\/wp\/v2\/posts"}],"about":[{"href":"https:\/\/crusoe.audiencelabs.com.br\/wp-json\/wp\/v2\/types\/post"}],"author":[{"embeddable":true,"href":"https:\/\/crusoe.audiencelabs.com.br\/wp-json\/wp\/v2\/users\/16"}],"replies":[{"embeddable":true,"href":"https:\/\/crusoe.audiencelabs.com.br\/wp-json\/wp\/v2\/comments?post=34209"}],"version-history":[{"count":1,"href":"https:\/\/crusoe.audiencelabs.com.br\/wp-json\/wp\/v2\/posts\/34209\/revisions"}],"predecessor-version":[{"id":34211,"href":"https:\/\/crusoe.audiencelabs.com.br\/wp-json\/wp\/v2\/posts\/34209\/revisions\/34211"}],"wp:featuredmedia":[{"embeddable":true,"href":"https:\/\/crusoe.audiencelabs.com.br\/wp-json\/wp\/v2\/media\/34210"}],"wp:attachment":[{"href":"https:\/\/crusoe.audiencelabs.com.br\/wp-json\/wp\/v2\/media?parent=34209"}],"wp:term":[{"taxonomy":"category","embeddable":true,"href":"https:\/\/crusoe.audiencelabs.com.br\/wp-json\/wp\/v2\/categories?post=34209"},{"taxonomy":"post_tag","embeddable":true,"href":"https:\/\/crusoe.audiencelabs.com.br\/wp-json\/wp\/v2\/tags?post=34209"}],"curies":[{"name":"wp","href":"https:\/\/api.w.org\/{rel}","templated":true}]}}