{"id":34169,"date":"2026-03-16T11:49:19","date_gmt":"2026-03-16T14:49:19","guid":{"rendered":"https:\/\/crusoe.audiencelabs.com.br\/?p=34169"},"modified":"2026-03-16T11:49:19","modified_gmt":"2026-03-16T14:49:19","slug":"por-risco-da-guerra-governo-pede-evacuacao-imediata-em-todo-este-pais","status":"publish","type":"post","link":"https:\/\/crusoe.audiencelabs.com.br\/por-risco-da-guerra-governo-pede-evacuacao-imediata-em-todo-este-pais\/","title":{"rendered":"Por risco da guerra, governo pede evacua\u00e7\u00e3o imediata em todo este pa\u00eds"},"content":{"rendered":"<p>O Governo dos Estados Unidos emitiu um alerta para que todos os cidad\u00e3os norte-americanos deixem o Iraque &#8220;de imediato&#8221;. O aviso foi emitido neste final de semana ap\u00f3s a embaixada dos EUA ser alvo de um ataque a\u00e9reo no pa\u00eds.<\/p>\n<p>Segundo o alerta, o governo norte-americano aponta que mil\u00edcias terroristas alinhadas ao Ir\u00e3 estariam realizando ataques na capital iraquiana, apontando o risco de seguran\u00e7a e pede para que estadunidenses que est\u00e3o no pa\u00eds retornem aos EUA. Al\u00e9m disso, o consulado dos Estados Unidos tamb\u00e9m desencoraja os americanos de se deslocarem at\u00e9 a embaixada em Bagd\u00e1 devido a poss\u00edveis ataques de misseis, drones e foguetes.<\/p>\n<p>Al\u00e9m dos ataques com explosivos, o consulado tamb\u00e9m pediu cautela, alertando que norte-americanos poderiam se tornar alvos de sequestro por parte de terroristas. \u201cAmericanos correm o risco de serem sequestrados, e militares americanos t\u00eam sido alvos diretos\u201d, alerta o Governo.<\/p>\n<h2>Alerta vem ap\u00f3s ataque<\/h2>\n<p>O alerta foi emitido ap\u00f3s a embaixada dos Estados Unidos, localizada em Bagd\u00e1, capital do Iraque, foi alvo de um ataque de m\u00edsseis por drones na tarde deste s\u00e1bado (14). Diversas testemunhas gravaram o ataque e publicaram nas redes sociais imagens do pr\u00e9dio em chamas.<\/p>\n<p>Apesar do susto, n\u00e3o houve mortes entre as pessoas que estavam dentro do edif\u00edcio e arredores. Contudo, foram relatados\u00a0quatro contratados americanos com ferimentos leves, que receberam tratamento.<\/p>\n<p>At\u00e9 o momento o ataque n\u00e3o tem reivindica\u00e7\u00e3o oficial de autoria, mas autoridades e analistas de seguran\u00e7a norte-americanos suspeitam de mil\u00edcias iraquianas apoiadas pelo Ir\u00e3, como o Hezbollah, pois cerca de uma hora antes do ataque \u00e0 embaixada, um bombardeio dos EUA contra uma sede de mil\u00edcias pr\u00f3-Ir\u00e3 no bairro de Karrada deixou 3 mortos e houve promessa de retalia\u00e7\u00e3o por parte desses grupos. O Ir\u00e3 tamb\u00e9m n\u00e3o confirmou autoria no ataque.<\/p>\n<p>As autoridades iraquianas iniciaram uma investiga\u00e7\u00e3o para identificar os locais de lan\u00e7amento dos m\u00edsseis e drones, mas at\u00e9 o momento, os autores ainda n\u00e3o foram divulgados.<\/p>\n<p>&nbsp;<\/p>\n","protected":false},"excerpt":{"rendered":"<p>O Governo dos Estados Unidos emitiu um alerta para que todos os cidad\u00e3os norte-americanos deixem o Iraque &#8220;de imediato&#8221;. O aviso foi emitido neste final de semana ap\u00f3s a embaixada dos EUA ser alvo de um ataque a\u00e9reo no pa\u00eds. Segundo o alerta, o governo norte-americano aponta que mil\u00edcias terroristas alinhadas ao Ir\u00e3 estariam realizando [&hellip;]<\/p>\n","protected":false},"author":15,"featured_media":34170,"comment_status":"open","ping_status":"open","sticky":false,"template":"","format":"standard","meta":{"jnews-multi-image_gallery":[],"jnews_single_post":{"format":"standard","jnews_video_option_group":[[]],"override":[{"template":"2","parallax":"1","fullscreen":"1","layout":"right-sidebar","sidebar":"default-sidebar","second_sidebar":"default-sidebar","sticky_sidebar":"1","share_position":"hide","share_float_style":"share-monocrhome","show_featured":"1","show_post_meta":"1","show_post_author":"1","show_post_date":"1","post_date_format":"default","post_date_format_custom":"Y\/m\/d","show_post_category":"1","show_post_reading_time":"0","post_reading_time_wpm":"300","post_calculate_word_method":"str_word_count","show_zoom_button":"0","zoom_button_out_step":"2","zoom_button_in_step":"3","show_post_tag":"1","show_popup_post":"1","number_popup_post":"1","show_author_box":"1","show_post_related":"0"}],"image_override":[{"single_post_thumbnail_size":"crop-500","single_post_gallery_size":"crop-500"}],"trending_post_position":"meta","trending_post_label":"Trending","sponsored_post_label":"Sponsored by","disable_ad":"0","subtitle":"Embaixada americana foi alvo de ataque de m\u00edsseis neste s\u00e1bado (14). A suspeita \u00e9 que tenha sido retalia\u00e7\u00e3o."},"jnews_primary_category":[],"jnews_override_counter":{"view_counter_number":"0","share_counter_number":"0","like_counter_number":"0","dislike_counter_number":"0"},"jnews_post_split":{"post_split":[{"template":"1","tag":"h2","numbering":"asc","mode":"normal","first":"0","enable_toc":"0","toc_type":"normal"}]},"footnotes":""},"categories":[1],"tags":[1258,1086,3059,6134],"class_list":["post-34169","post","type-post","status-publish","format-standard","has-post-thumbnail","hentry","category-geral","tag-eua","tag-guerra","tag-ira","tag-iraque"],"yoast_head":"<!-- This site is optimized with the Yoast SEO plugin v25.0 - https:\/\/yoast.com\/wordpress\/plugins\/seo\/ -->\n<title>Por risco da guerra, governo pede evacua\u00e7\u00e3o imediata em todo este pa\u00eds<\/title>\n<meta name=\"robots\" content=\"index, follow, max-snippet:-1, max-image-preview:large, max-video-preview:-1\" \/>\n<link rel=\"canonical\" href=\"https:\/\/crusoe.audiencelabs.com.br\/por-risco-da-guerra-governo-pede-evacuacao-imediata-em-todo-este-pais\/\" \/>\n<meta property=\"og:locale\" content=\"pt_BR\" \/>\n<meta property=\"og:type\" content=\"article\" \/>\n<meta property=\"og:title\" content=\"Por risco da guerra, governo pede evacua\u00e7\u00e3o imediata em todo este pa\u00eds\" \/>\n<meta property=\"og:description\" content=\"O Governo dos Estados Unidos emitiu um alerta para que todos os cidad\u00e3os norte-americanos deixem o Iraque &#8220;de imediato&#8221;. O aviso foi emitido neste final de semana ap\u00f3s a embaixada dos EUA ser alvo de um ataque a\u00e9reo no pa\u00eds. Segundo o alerta, o governo norte-americano aponta que mil\u00edcias terroristas alinhadas ao Ir\u00e3 estariam realizando [&hellip;]\" \/>\n<meta property=\"og:url\" content=\"https:\/\/crusoe.audiencelabs.com.br\/por-risco-da-guerra-governo-pede-evacuacao-imediata-em-todo-este-pais\/\" \/>\n<meta property=\"og:site_name\" content=\"Variedades - Cruso\u00e9\" \/>\n<meta property=\"article:published_time\" content=\"2026-03-16T14:49:19+00:00\" \/>\n<meta property=\"og:image\" content=\"https:\/\/cdn.crusoe.com.br\/uploads\/2026\/03\/ataque-embaixada-eua-1.jpg\" \/>\n\t<meta property=\"og:image:width\" content=\"1200\" \/>\n\t<meta property=\"og:image:height\" content=\"700\" \/>\n\t<meta property=\"og:image:type\" content=\"image\/jpeg\" \/>\n<meta name=\"author\" content=\"J\u00falio Nesi\" \/>\n<meta name=\"twitter:card\" content=\"summary_large_image\" \/>\n<meta name=\"twitter:label1\" content=\"Escrito por\" \/>\n\t<meta name=\"twitter:data1\" content=\"J\u00falio Nesi\" \/>\n\t<meta name=\"twitter:label2\" content=\"Est. tempo de leitura\" \/>\n\t<meta name=\"twitter:data2\" content=\"2 minutos\" \/>\n<script type=\"application\/ld+json\" class=\"yoast-schema-graph\">{\"@context\":\"https:\/\/schema.org\",\"@graph\":[{\"@type\":\"WebPage\",\"@id\":\"https:\/\/crusoe.audiencelabs.com.br\/por-risco-da-guerra-governo-pede-evacuacao-imediata-em-todo-este-pais\/\",\"url\":\"https:\/\/crusoe.audiencelabs.com.br\/por-risco-da-guerra-governo-pede-evacuacao-imediata-em-todo-este-pais\/\",\"name\":\"Por risco da guerra, governo pede evacua\u00e7\u00e3o imediata em todo este pa\u00eds\",\"isPartOf\":{\"@id\":\"https:\/\/crusoe.audiencelabs.com.br\/#website\"},\"primaryImageOfPage\":{\"@id\":\"https:\/\/crusoe.audiencelabs.com.br\/por-risco-da-guerra-governo-pede-evacuacao-imediata-em-todo-este-pais\/#primaryimage\"},\"image\":{\"@id\":\"https:\/\/crusoe.audiencelabs.com.br\/por-risco-da-guerra-governo-pede-evacuacao-imediata-em-todo-este-pais\/#primaryimage\"},\"thumbnailUrl\":\"https:\/\/cdn.crusoe.com.br\/uploads\/2026\/03\/ataque-embaixada-eua-1.jpg\",\"datePublished\":\"2026-03-16T14:49:19+00:00\",\"author\":{\"@id\":\"https:\/\/crusoe.audiencelabs.com.br\/#\/schema\/person\/0cca5874eda7d72cef71e77a9a9c2143\"},\"breadcrumb\":{\"@id\":\"https:\/\/crusoe.audiencelabs.com.br\/por-risco-da-guerra-governo-pede-evacuacao-imediata-em-todo-este-pais\/#breadcrumb\"},\"inLanguage\":\"pt-BR\",\"potentialAction\":[{\"@type\":\"ReadAction\",\"target\":[\"https:\/\/crusoe.audiencelabs.com.br\/por-risco-da-guerra-governo-pede-evacuacao-imediata-em-todo-este-pais\/\"]}]},{\"@type\":\"ImageObject\",\"inLanguage\":\"pt-BR\",\"@id\":\"https:\/\/crusoe.audiencelabs.com.br\/por-risco-da-guerra-governo-pede-evacuacao-imediata-em-todo-este-pais\/#primaryimage\",\"url\":\"https:\/\/cdn.crusoe.com.br\/uploads\/2026\/03\/ataque-embaixada-eua-1.jpg\",\"contentUrl\":\"https:\/\/cdn.crusoe.com.br\/uploads\/2026\/03\/ataque-embaixada-eua-1.jpg\",\"width\":1200,\"height\":700},{\"@type\":\"BreadcrumbList\",\"@id\":\"https:\/\/crusoe.audiencelabs.com.br\/por-risco-da-guerra-governo-pede-evacuacao-imediata-em-todo-este-pais\/#breadcrumb\",\"itemListElement\":[{\"@type\":\"ListItem\",\"position\":1,\"name\":\"Home\",\"item\":\"https:\/\/crusoe.audiencelabs.com.br\/\"},{\"@type\":\"ListItem\",\"position\":2,\"name\":\"Por risco da guerra, governo pede evacua\u00e7\u00e3o imediata em todo este pa\u00eds\"}]},{\"@type\":\"WebSite\",\"@id\":\"https:\/\/crusoe.audiencelabs.com.br\/#website\",\"url\":\"https:\/\/crusoe.audiencelabs.com.br\/\",\"name\":\"Variedades - Cruso\u00e9\",\"description\":\"\",\"potentialAction\":[{\"@type\":\"SearchAction\",\"target\":{\"@type\":\"EntryPoint\",\"urlTemplate\":\"https:\/\/crusoe.audiencelabs.com.br\/?s={search_term_string}\"},\"query-input\":{\"@type\":\"PropertyValueSpecification\",\"valueRequired\":true,\"valueName\":\"search_term_string\"}}],\"inLanguage\":\"pt-BR\"},{\"@type\":\"Person\",\"@id\":\"https:\/\/crusoe.audiencelabs.com.br\/#\/schema\/person\/0cca5874eda7d72cef71e77a9a9c2143\",\"name\":\"J\u00falio Nesi\",\"image\":{\"@type\":\"ImageObject\",\"inLanguage\":\"pt-BR\",\"@id\":\"https:\/\/crusoe.audiencelabs.com.br\/#\/schema\/person\/image\/\",\"url\":\"https:\/\/secure.gravatar.com\/avatar\/c22eb47c3e2320e71637346b980e09f63de9f75742d3335f94a26b83dff70473?s=96&d=mm&r=g\",\"contentUrl\":\"https:\/\/secure.gravatar.com\/avatar\/c22eb47c3e2320e71637346b980e09f63de9f75742d3335f94a26b83dff70473?s=96&d=mm&r=g\",\"caption\":\"J\u00falio Nesi\"},\"description\":\"Jornalista alagoano formado pela UFAL, j\u00e1 atuei em produ\u00e7\u00e3o de conte\u00fado digital para portais, r\u00e1dio e redes sociais.\",\"sameAs\":[\"www.linkedin.com\/in\/j\u00falio-nesi\"],\"url\":\"https:\/\/crusoe.audiencelabs.com.br\/author\/julionesi\/\"}]}<\/script>\n<!-- \/ Yoast SEO plugin. -->","yoast_head_json":{"title":"Por risco da guerra, governo pede evacua\u00e7\u00e3o imediata em todo este pa\u00eds","robots":{"index":"index","follow":"follow","max-snippet":"max-snippet:-1","max-image-preview":"max-image-preview:large","max-video-preview":"max-video-preview:-1"},"canonical":"https:\/\/crusoe.audiencelabs.com.br\/por-risco-da-guerra-governo-pede-evacuacao-imediata-em-todo-este-pais\/","og_locale":"pt_BR","og_type":"article","og_title":"Por risco da guerra, governo pede evacua\u00e7\u00e3o imediata em todo este pa\u00eds","og_description":"O Governo dos Estados Unidos emitiu um alerta para que todos os cidad\u00e3os norte-americanos deixem o Iraque &#8220;de imediato&#8221;. O aviso foi emitido neste final de semana ap\u00f3s a embaixada dos EUA ser alvo de um ataque a\u00e9reo no pa\u00eds. Segundo o alerta, o governo norte-americano aponta que mil\u00edcias terroristas alinhadas ao Ir\u00e3 estariam realizando [&hellip;]","og_url":"https:\/\/crusoe.audiencelabs.com.br\/por-risco-da-guerra-governo-pede-evacuacao-imediata-em-todo-este-pais\/","og_site_name":"Variedades - Cruso\u00e9","article_published_time":"2026-03-16T14:49:19+00:00","og_image":[{"width":1200,"height":700,"url":"https:\/\/cdn.crusoe.com.br\/uploads\/2026\/03\/ataque-embaixada-eua-1.jpg","type":"image\/jpeg"}],"author":"J\u00falio Nesi","twitter_card":"summary_large_image","twitter_misc":{"Escrito por":"J\u00falio Nesi","Est. tempo de leitura":"2 minutos"},"schema":{"@context":"https:\/\/schema.org","@graph":[{"@type":"WebPage","@id":"https:\/\/crusoe.audiencelabs.com.br\/por-risco-da-guerra-governo-pede-evacuacao-imediata-em-todo-este-pais\/","url":"https:\/\/crusoe.audiencelabs.com.br\/por-risco-da-guerra-governo-pede-evacuacao-imediata-em-todo-este-pais\/","name":"Por risco da guerra, governo pede evacua\u00e7\u00e3o imediata em todo este pa\u00eds","isPartOf":{"@id":"https:\/\/crusoe.audiencelabs.com.br\/#website"},"primaryImageOfPage":{"@id":"https:\/\/crusoe.audiencelabs.com.br\/por-risco-da-guerra-governo-pede-evacuacao-imediata-em-todo-este-pais\/#primaryimage"},"image":{"@id":"https:\/\/crusoe.audiencelabs.com.br\/por-risco-da-guerra-governo-pede-evacuacao-imediata-em-todo-este-pais\/#primaryimage"},"thumbnailUrl":"https:\/\/cdn.crusoe.com.br\/uploads\/2026\/03\/ataque-embaixada-eua-1.jpg","datePublished":"2026-03-16T14:49:19+00:00","author":{"@id":"https:\/\/crusoe.audiencelabs.com.br\/#\/schema\/person\/0cca5874eda7d72cef71e77a9a9c2143"},"breadcrumb":{"@id":"https:\/\/crusoe.audiencelabs.com.br\/por-risco-da-guerra-governo-pede-evacuacao-imediata-em-todo-este-pais\/#breadcrumb"},"inLanguage":"pt-BR","potentialAction":[{"@type":"ReadAction","target":["https:\/\/crusoe.audiencelabs.com.br\/por-risco-da-guerra-governo-pede-evacuacao-imediata-em-todo-este-pais\/"]}]},{"@type":"ImageObject","inLanguage":"pt-BR","@id":"https:\/\/crusoe.audiencelabs.com.br\/por-risco-da-guerra-governo-pede-evacuacao-imediata-em-todo-este-pais\/#primaryimage","url":"https:\/\/cdn.crusoe.com.br\/uploads\/2026\/03\/ataque-embaixada-eua-1.jpg","contentUrl":"https:\/\/cdn.crusoe.com.br\/uploads\/2026\/03\/ataque-embaixada-eua-1.jpg","width":1200,"height":700},{"@type":"BreadcrumbList","@id":"https:\/\/crusoe.audiencelabs.com.br\/por-risco-da-guerra-governo-pede-evacuacao-imediata-em-todo-este-pais\/#breadcrumb","itemListElement":[{"@type":"ListItem","position":1,"name":"Home","item":"https:\/\/crusoe.audiencelabs.com.br\/"},{"@type":"ListItem","position":2,"name":"Por risco da guerra, governo pede evacua\u00e7\u00e3o imediata em todo este pa\u00eds"}]},{"@type":"WebSite","@id":"https:\/\/crusoe.audiencelabs.com.br\/#website","url":"https:\/\/crusoe.audiencelabs.com.br\/","name":"Variedades - Cruso\u00e9","description":"","potentialAction":[{"@type":"SearchAction","target":{"@type":"EntryPoint","urlTemplate":"https:\/\/crusoe.audiencelabs.com.br\/?s={search_term_string}"},"query-input":{"@type":"PropertyValueSpecification","valueRequired":true,"valueName":"search_term_string"}}],"inLanguage":"pt-BR"},{"@type":"Person","@id":"https:\/\/crusoe.audiencelabs.com.br\/#\/schema\/person\/0cca5874eda7d72cef71e77a9a9c2143","name":"J\u00falio Nesi","image":{"@type":"ImageObject","inLanguage":"pt-BR","@id":"https:\/\/crusoe.audiencelabs.com.br\/#\/schema\/person\/image\/","url":"https:\/\/secure.gravatar.com\/avatar\/c22eb47c3e2320e71637346b980e09f63de9f75742d3335f94a26b83dff70473?s=96&d=mm&r=g","contentUrl":"https:\/\/secure.gravatar.com\/avatar\/c22eb47c3e2320e71637346b980e09f63de9f75742d3335f94a26b83dff70473?s=96&d=mm&r=g","caption":"J\u00falio Nesi"},"description":"Jornalista alagoano formado pela UFAL, j\u00e1 atuei em produ\u00e7\u00e3o de conte\u00fado digital para portais, r\u00e1dio e redes sociais.","sameAs":["www.linkedin.com\/in\/j\u00falio-nesi"],"url":"https:\/\/crusoe.audiencelabs.com.br\/author\/julionesi\/"}]}},"_links":{"self":[{"href":"https:\/\/crusoe.audiencelabs.com.br\/wp-json\/wp\/v2\/posts\/34169","targetHints":{"allow":["GET"]}}],"collection":[{"href":"https:\/\/crusoe.audiencelabs.com.br\/wp-json\/wp\/v2\/posts"}],"about":[{"href":"https:\/\/crusoe.audiencelabs.com.br\/wp-json\/wp\/v2\/types\/post"}],"author":[{"embeddable":true,"href":"https:\/\/crusoe.audiencelabs.com.br\/wp-json\/wp\/v2\/users\/15"}],"replies":[{"embeddable":true,"href":"https:\/\/crusoe.audiencelabs.com.br\/wp-json\/wp\/v2\/comments?post=34169"}],"version-history":[{"count":1,"href":"https:\/\/crusoe.audiencelabs.com.br\/wp-json\/wp\/v2\/posts\/34169\/revisions"}],"predecessor-version":[{"id":34171,"href":"https:\/\/crusoe.audiencelabs.com.br\/wp-json\/wp\/v2\/posts\/34169\/revisions\/34171"}],"wp:featuredmedia":[{"embeddable":true,"href":"https:\/\/crusoe.audiencelabs.com.br\/wp-json\/wp\/v2\/media\/34170"}],"wp:attachment":[{"href":"https:\/\/crusoe.audiencelabs.com.br\/wp-json\/wp\/v2\/media?parent=34169"}],"wp:term":[{"taxonomy":"category","embeddable":true,"href":"https:\/\/crusoe.audiencelabs.com.br\/wp-json\/wp\/v2\/categories?post=34169"},{"taxonomy":"post_tag","embeddable":true,"href":"https:\/\/crusoe.audiencelabs.com.br\/wp-json\/wp\/v2\/tags?post=34169"}],"curies":[{"name":"wp","href":"https:\/\/api.w.org\/{rel}","templated":true}]}}