{"id":34163,"date":"2026-03-16T10:52:05","date_gmt":"2026-03-16T13:52:05","guid":{"rendered":"https:\/\/crusoe.audiencelabs.com.br\/?p=34163"},"modified":"2026-03-16T10:52:05","modified_gmt":"2026-03-16T13:52:05","slug":"adeus-ao-papa-leao-xiv-mudanca-no-vaticano-e-confirmada-por-diretor","status":"publish","type":"post","link":"https:\/\/crusoe.audiencelabs.com.br\/adeus-ao-papa-leao-xiv-mudanca-no-vaticano-e-confirmada-por-diretor\/","title":{"rendered":"Adeus ao papa Le\u00e3o XIV? Mudan\u00e7a no Vaticano \u00e9 confirmada por diretor"},"content":{"rendered":"<p>A Sala de Imprensa da Santa S\u00e9 emitiu um comunicado oficial informando que o papa Le\u00e3o XIV se mudou oficialmente para o apartamento pontif\u00edcio no Pal\u00e1cio Apost\u00f3lico, no Vaticano, nesta semana. De acordo com o diretor da Sala de Imprensa, Matteo Brunni, a mudan\u00e7a foi realizada pouco depois do apartamento, que tamb\u00e9m foi moradia dos antecessores do Papa, ter as reformas finalizadas.<\/p>\n<p>Antes de ir para o apartamento com seus colaboradores, o l\u00edder da Igreja Cat\u00f3lica vivia no Pal\u00e1cio do Santo Of\u00edcio, onde morava quando era prefeito do Dicast\u00e9rio para os Bispos. A mudan\u00e7a foi realizada por decis\u00e3o de Le\u00e3o XIV para atender uma demanda surgida durante o conclave de que o novo pont\u00edfice voltasse a residir no Pal\u00e1cio Apost\u00f3lico, tradicional lar dos papas desde 1870.<\/p>\n<p>A mudan\u00e7a n\u00e3o foi imediata, no entanto, pois a moradia entrou em reforma quase que imediatamente ap\u00f3s a elei\u00e7\u00e3o do pontifice, em maio de 2025, e a reforma foi finalizada apenas recentemente. O Papa tamb\u00e9m n\u00e3o realizou a mudan\u00e7a sozinho, ele foi acompanhado com seus dois secret\u00e1rios: Edgard Iv\u00e1n Rimaycuna Inga e Marco Billeri.<\/p>\n<h2>O apartamento papal<\/h2>\n<p>O apartamento serve como moradia oficial do Papa na sua fun\u00e7\u00e3o religiosa (como chefe da Igreja). Antes de 1870 (quando o Quirinal foi tomado pela It\u00e1lia), o Papa usava outros pal\u00e1cios para assuntos \u201ctemporais\u201d (como rei dos Estados Papais). Hoje \u00e9 o cora\u00e7\u00e3o administrativo e residencial do Vaticano.<\/p>\n<p>O apartamento em quest\u00e3o fica no terceiro andar do Pal\u00e1cio Apost\u00f3lico e \u00e9 composto por multiplos aposentos, incluindo um escrit\u00f3rio pessoal para o pontifice, uma biblioteca e uma pequena capela. O primeiro Papa a ocupar esses aposentos foiS\u00e3o Pio X, que liderou a Igreja Cat\u00f3lica entre 1903\u20131914 e o \u00faltimo antes do retorno de Le\u00e3o XIV foi Bento XVI, entre os anos de 2005-2013.<\/p>\n<p>A ida de Papa Le\u00e3o XIV para o apartamento marca o retorno da maior autoridade cat\u00f3lica para a tradicional moradia do pontifice ap\u00f3s 13 anos, que que o Papa Francisco, seu antecessor, vivia na Casa Santa Marta.<\/p>\n<p>&nbsp;<\/p>\n","protected":false},"excerpt":{"rendered":"<p>A Sala de Imprensa da Santa S\u00e9 emitiu um comunicado oficial informando que o papa Le\u00e3o XIV se mudou oficialmente para o apartamento pontif\u00edcio no Pal\u00e1cio Apost\u00f3lico, no Vaticano, nesta semana. De acordo com o diretor da Sala de Imprensa, Matteo Brunni, a mudan\u00e7a foi realizada pouco depois do apartamento, que tamb\u00e9m foi moradia dos [&hellip;]<\/p>\n","protected":false},"author":15,"featured_media":34164,"comment_status":"open","ping_status":"open","sticky":false,"template":"","format":"standard","meta":{"jnews-multi-image_gallery":[],"jnews_single_post":{"format":"standard","jnews_video_option_group":[[]],"override":[{"template":"2","parallax":"1","fullscreen":"1","layout":"right-sidebar","sidebar":"default-sidebar","second_sidebar":"default-sidebar","sticky_sidebar":"1","share_position":"hide","share_float_style":"share-monocrhome","show_featured":"1","show_post_meta":"1","show_post_author":"1","show_post_date":"1","post_date_format":"default","post_date_format_custom":"Y\/m\/d","show_post_category":"1","show_post_reading_time":"0","post_reading_time_wpm":"300","post_calculate_word_method":"str_word_count","show_zoom_button":"0","zoom_button_out_step":"2","zoom_button_in_step":"3","show_post_tag":"1","show_popup_post":"1","number_popup_post":"1","show_author_box":"1","show_post_related":"0"}],"image_override":[{"single_post_thumbnail_size":"crop-500","single_post_gallery_size":"crop-500"}],"trending_post_position":"meta","trending_post_label":"Trending","sponsored_post_label":"Sponsored by","disable_ad":"0","subtitle":"Diretor da Sala de Imprensa da Santa S\u00e9 confirma que pont\u00edfice ocupou os mesmos espa\u00e7os de seus antecessores no Pal\u00e1cio Apost\u00f3lico"},"jnews_primary_category":[],"jnews_override_counter":{"view_counter_number":"0","share_counter_number":"0","like_counter_number":"0","dislike_counter_number":"0"},"jnews_post_split":{"post_split":[{"template":"1","tag":"h2","numbering":"asc","mode":"normal","first":"0","enable_toc":"0","toc_type":"normal"}]},"footnotes":""},"categories":[1],"tags":[63,64],"class_list":["post-34163","post","type-post","status-publish","format-standard","has-post-thumbnail","hentry","category-geral","tag-igreja-catolica","tag-papa-leao-xiv"],"yoast_head":"<!-- This site is optimized with the Yoast SEO plugin v25.0 - https:\/\/yoast.com\/wordpress\/plugins\/seo\/ -->\n<title>Adeus ao papa Le\u00e3o XIV? Mudan\u00e7a no Vaticano \u00e9 confirmada por diretor<\/title>\n<meta name=\"robots\" content=\"index, follow, max-snippet:-1, max-image-preview:large, max-video-preview:-1\" \/>\n<link rel=\"canonical\" href=\"https:\/\/crusoe.audiencelabs.com.br\/adeus-ao-papa-leao-xiv-mudanca-no-vaticano-e-confirmada-por-diretor\/\" \/>\n<meta property=\"og:locale\" content=\"pt_BR\" \/>\n<meta property=\"og:type\" content=\"article\" \/>\n<meta property=\"og:title\" content=\"Adeus ao papa Le\u00e3o XIV? Mudan\u00e7a no Vaticano \u00e9 confirmada por diretor\" \/>\n<meta property=\"og:description\" content=\"A Sala de Imprensa da Santa S\u00e9 emitiu um comunicado oficial informando que o papa Le\u00e3o XIV se mudou oficialmente para o apartamento pontif\u00edcio no Pal\u00e1cio Apost\u00f3lico, no Vaticano, nesta semana. De acordo com o diretor da Sala de Imprensa, Matteo Brunni, a mudan\u00e7a foi realizada pouco depois do apartamento, que tamb\u00e9m foi moradia dos [&hellip;]\" \/>\n<meta property=\"og:url\" content=\"https:\/\/crusoe.audiencelabs.com.br\/adeus-ao-papa-leao-xiv-mudanca-no-vaticano-e-confirmada-por-diretor\/\" \/>\n<meta property=\"og:site_name\" content=\"Variedades - Cruso\u00e9\" \/>\n<meta property=\"article:published_time\" content=\"2026-03-16T13:52:05+00:00\" \/>\n<meta property=\"og:image\" content=\"https:\/\/cdn.crusoe.com.br\/uploads\/2026\/03\/papa-leao-xiv-reutersyara-nardi.png\" \/>\n\t<meta property=\"og:image:width\" content=\"1920\" \/>\n\t<meta property=\"og:image:height\" content=\"1080\" \/>\n\t<meta property=\"og:image:type\" content=\"image\/png\" \/>\n<meta name=\"author\" content=\"J\u00falio Nesi\" \/>\n<meta name=\"twitter:card\" content=\"summary_large_image\" \/>\n<meta name=\"twitter:label1\" content=\"Escrito por\" \/>\n\t<meta name=\"twitter:data1\" content=\"J\u00falio Nesi\" \/>\n\t<meta name=\"twitter:label2\" content=\"Est. tempo de leitura\" \/>\n\t<meta name=\"twitter:data2\" content=\"3 minutos\" \/>\n<script type=\"application\/ld+json\" class=\"yoast-schema-graph\">{\"@context\":\"https:\/\/schema.org\",\"@graph\":[{\"@type\":\"WebPage\",\"@id\":\"https:\/\/crusoe.audiencelabs.com.br\/adeus-ao-papa-leao-xiv-mudanca-no-vaticano-e-confirmada-por-diretor\/\",\"url\":\"https:\/\/crusoe.audiencelabs.com.br\/adeus-ao-papa-leao-xiv-mudanca-no-vaticano-e-confirmada-por-diretor\/\",\"name\":\"Adeus ao papa Le\u00e3o XIV? Mudan\u00e7a no Vaticano \u00e9 confirmada por diretor\",\"isPartOf\":{\"@id\":\"https:\/\/crusoe.audiencelabs.com.br\/#website\"},\"primaryImageOfPage\":{\"@id\":\"https:\/\/crusoe.audiencelabs.com.br\/adeus-ao-papa-leao-xiv-mudanca-no-vaticano-e-confirmada-por-diretor\/#primaryimage\"},\"image\":{\"@id\":\"https:\/\/crusoe.audiencelabs.com.br\/adeus-ao-papa-leao-xiv-mudanca-no-vaticano-e-confirmada-por-diretor\/#primaryimage\"},\"thumbnailUrl\":\"https:\/\/cdn.crusoe.com.br\/uploads\/2026\/03\/papa-leao-xiv-reutersyara-nardi.png\",\"datePublished\":\"2026-03-16T13:52:05+00:00\",\"author\":{\"@id\":\"https:\/\/crusoe.audiencelabs.com.br\/#\/schema\/person\/0cca5874eda7d72cef71e77a9a9c2143\"},\"breadcrumb\":{\"@id\":\"https:\/\/crusoe.audiencelabs.com.br\/adeus-ao-papa-leao-xiv-mudanca-no-vaticano-e-confirmada-por-diretor\/#breadcrumb\"},\"inLanguage\":\"pt-BR\",\"potentialAction\":[{\"@type\":\"ReadAction\",\"target\":[\"https:\/\/crusoe.audiencelabs.com.br\/adeus-ao-papa-leao-xiv-mudanca-no-vaticano-e-confirmada-por-diretor\/\"]}]},{\"@type\":\"ImageObject\",\"inLanguage\":\"pt-BR\",\"@id\":\"https:\/\/crusoe.audiencelabs.com.br\/adeus-ao-papa-leao-xiv-mudanca-no-vaticano-e-confirmada-por-diretor\/#primaryimage\",\"url\":\"https:\/\/cdn.crusoe.com.br\/uploads\/2026\/03\/papa-leao-xiv-reutersyara-nardi.png\",\"contentUrl\":\"https:\/\/cdn.crusoe.com.br\/uploads\/2026\/03\/papa-leao-xiv-reutersyara-nardi.png\",\"width\":1920,\"height\":1080},{\"@type\":\"BreadcrumbList\",\"@id\":\"https:\/\/crusoe.audiencelabs.com.br\/adeus-ao-papa-leao-xiv-mudanca-no-vaticano-e-confirmada-por-diretor\/#breadcrumb\",\"itemListElement\":[{\"@type\":\"ListItem\",\"position\":1,\"name\":\"Home\",\"item\":\"https:\/\/crusoe.audiencelabs.com.br\/\"},{\"@type\":\"ListItem\",\"position\":2,\"name\":\"Adeus ao papa Le\u00e3o XIV? Mudan\u00e7a no Vaticano \u00e9 confirmada por diretor\"}]},{\"@type\":\"WebSite\",\"@id\":\"https:\/\/crusoe.audiencelabs.com.br\/#website\",\"url\":\"https:\/\/crusoe.audiencelabs.com.br\/\",\"name\":\"Variedades - Cruso\u00e9\",\"description\":\"\",\"potentialAction\":[{\"@type\":\"SearchAction\",\"target\":{\"@type\":\"EntryPoint\",\"urlTemplate\":\"https:\/\/crusoe.audiencelabs.com.br\/?s={search_term_string}\"},\"query-input\":{\"@type\":\"PropertyValueSpecification\",\"valueRequired\":true,\"valueName\":\"search_term_string\"}}],\"inLanguage\":\"pt-BR\"},{\"@type\":\"Person\",\"@id\":\"https:\/\/crusoe.audiencelabs.com.br\/#\/schema\/person\/0cca5874eda7d72cef71e77a9a9c2143\",\"name\":\"J\u00falio Nesi\",\"image\":{\"@type\":\"ImageObject\",\"inLanguage\":\"pt-BR\",\"@id\":\"https:\/\/crusoe.audiencelabs.com.br\/#\/schema\/person\/image\/\",\"url\":\"https:\/\/secure.gravatar.com\/avatar\/c22eb47c3e2320e71637346b980e09f63de9f75742d3335f94a26b83dff70473?s=96&d=mm&r=g\",\"contentUrl\":\"https:\/\/secure.gravatar.com\/avatar\/c22eb47c3e2320e71637346b980e09f63de9f75742d3335f94a26b83dff70473?s=96&d=mm&r=g\",\"caption\":\"J\u00falio Nesi\"},\"description\":\"Jornalista alagoano formado pela UFAL, j\u00e1 atuei em produ\u00e7\u00e3o de conte\u00fado digital para portais, r\u00e1dio e redes sociais.\",\"sameAs\":[\"www.linkedin.com\/in\/j\u00falio-nesi\"],\"url\":\"https:\/\/crusoe.audiencelabs.com.br\/author\/julionesi\/\"}]}<\/script>\n<!-- \/ Yoast SEO plugin. -->","yoast_head_json":{"title":"Adeus ao papa Le\u00e3o XIV? Mudan\u00e7a no Vaticano \u00e9 confirmada por diretor","robots":{"index":"index","follow":"follow","max-snippet":"max-snippet:-1","max-image-preview":"max-image-preview:large","max-video-preview":"max-video-preview:-1"},"canonical":"https:\/\/crusoe.audiencelabs.com.br\/adeus-ao-papa-leao-xiv-mudanca-no-vaticano-e-confirmada-por-diretor\/","og_locale":"pt_BR","og_type":"article","og_title":"Adeus ao papa Le\u00e3o XIV? Mudan\u00e7a no Vaticano \u00e9 confirmada por diretor","og_description":"A Sala de Imprensa da Santa S\u00e9 emitiu um comunicado oficial informando que o papa Le\u00e3o XIV se mudou oficialmente para o apartamento pontif\u00edcio no Pal\u00e1cio Apost\u00f3lico, no Vaticano, nesta semana. De acordo com o diretor da Sala de Imprensa, Matteo Brunni, a mudan\u00e7a foi realizada pouco depois do apartamento, que tamb\u00e9m foi moradia dos [&hellip;]","og_url":"https:\/\/crusoe.audiencelabs.com.br\/adeus-ao-papa-leao-xiv-mudanca-no-vaticano-e-confirmada-por-diretor\/","og_site_name":"Variedades - Cruso\u00e9","article_published_time":"2026-03-16T13:52:05+00:00","og_image":[{"width":1920,"height":1080,"url":"https:\/\/cdn.crusoe.com.br\/uploads\/2026\/03\/papa-leao-xiv-reutersyara-nardi.png","type":"image\/png"}],"author":"J\u00falio Nesi","twitter_card":"summary_large_image","twitter_misc":{"Escrito por":"J\u00falio Nesi","Est. tempo de leitura":"3 minutos"},"schema":{"@context":"https:\/\/schema.org","@graph":[{"@type":"WebPage","@id":"https:\/\/crusoe.audiencelabs.com.br\/adeus-ao-papa-leao-xiv-mudanca-no-vaticano-e-confirmada-por-diretor\/","url":"https:\/\/crusoe.audiencelabs.com.br\/adeus-ao-papa-leao-xiv-mudanca-no-vaticano-e-confirmada-por-diretor\/","name":"Adeus ao papa Le\u00e3o XIV? Mudan\u00e7a no Vaticano \u00e9 confirmada por diretor","isPartOf":{"@id":"https:\/\/crusoe.audiencelabs.com.br\/#website"},"primaryImageOfPage":{"@id":"https:\/\/crusoe.audiencelabs.com.br\/adeus-ao-papa-leao-xiv-mudanca-no-vaticano-e-confirmada-por-diretor\/#primaryimage"},"image":{"@id":"https:\/\/crusoe.audiencelabs.com.br\/adeus-ao-papa-leao-xiv-mudanca-no-vaticano-e-confirmada-por-diretor\/#primaryimage"},"thumbnailUrl":"https:\/\/cdn.crusoe.com.br\/uploads\/2026\/03\/papa-leao-xiv-reutersyara-nardi.png","datePublished":"2026-03-16T13:52:05+00:00","author":{"@id":"https:\/\/crusoe.audiencelabs.com.br\/#\/schema\/person\/0cca5874eda7d72cef71e77a9a9c2143"},"breadcrumb":{"@id":"https:\/\/crusoe.audiencelabs.com.br\/adeus-ao-papa-leao-xiv-mudanca-no-vaticano-e-confirmada-por-diretor\/#breadcrumb"},"inLanguage":"pt-BR","potentialAction":[{"@type":"ReadAction","target":["https:\/\/crusoe.audiencelabs.com.br\/adeus-ao-papa-leao-xiv-mudanca-no-vaticano-e-confirmada-por-diretor\/"]}]},{"@type":"ImageObject","inLanguage":"pt-BR","@id":"https:\/\/crusoe.audiencelabs.com.br\/adeus-ao-papa-leao-xiv-mudanca-no-vaticano-e-confirmada-por-diretor\/#primaryimage","url":"https:\/\/cdn.crusoe.com.br\/uploads\/2026\/03\/papa-leao-xiv-reutersyara-nardi.png","contentUrl":"https:\/\/cdn.crusoe.com.br\/uploads\/2026\/03\/papa-leao-xiv-reutersyara-nardi.png","width":1920,"height":1080},{"@type":"BreadcrumbList","@id":"https:\/\/crusoe.audiencelabs.com.br\/adeus-ao-papa-leao-xiv-mudanca-no-vaticano-e-confirmada-por-diretor\/#breadcrumb","itemListElement":[{"@type":"ListItem","position":1,"name":"Home","item":"https:\/\/crusoe.audiencelabs.com.br\/"},{"@type":"ListItem","position":2,"name":"Adeus ao papa Le\u00e3o XIV? Mudan\u00e7a no Vaticano \u00e9 confirmada por diretor"}]},{"@type":"WebSite","@id":"https:\/\/crusoe.audiencelabs.com.br\/#website","url":"https:\/\/crusoe.audiencelabs.com.br\/","name":"Variedades - Cruso\u00e9","description":"","potentialAction":[{"@type":"SearchAction","target":{"@type":"EntryPoint","urlTemplate":"https:\/\/crusoe.audiencelabs.com.br\/?s={search_term_string}"},"query-input":{"@type":"PropertyValueSpecification","valueRequired":true,"valueName":"search_term_string"}}],"inLanguage":"pt-BR"},{"@type":"Person","@id":"https:\/\/crusoe.audiencelabs.com.br\/#\/schema\/person\/0cca5874eda7d72cef71e77a9a9c2143","name":"J\u00falio Nesi","image":{"@type":"ImageObject","inLanguage":"pt-BR","@id":"https:\/\/crusoe.audiencelabs.com.br\/#\/schema\/person\/image\/","url":"https:\/\/secure.gravatar.com\/avatar\/c22eb47c3e2320e71637346b980e09f63de9f75742d3335f94a26b83dff70473?s=96&d=mm&r=g","contentUrl":"https:\/\/secure.gravatar.com\/avatar\/c22eb47c3e2320e71637346b980e09f63de9f75742d3335f94a26b83dff70473?s=96&d=mm&r=g","caption":"J\u00falio Nesi"},"description":"Jornalista alagoano formado pela UFAL, j\u00e1 atuei em produ\u00e7\u00e3o de conte\u00fado digital para portais, r\u00e1dio e redes sociais.","sameAs":["www.linkedin.com\/in\/j\u00falio-nesi"],"url":"https:\/\/crusoe.audiencelabs.com.br\/author\/julionesi\/"}]}},"_links":{"self":[{"href":"https:\/\/crusoe.audiencelabs.com.br\/wp-json\/wp\/v2\/posts\/34163","targetHints":{"allow":["GET"]}}],"collection":[{"href":"https:\/\/crusoe.audiencelabs.com.br\/wp-json\/wp\/v2\/posts"}],"about":[{"href":"https:\/\/crusoe.audiencelabs.com.br\/wp-json\/wp\/v2\/types\/post"}],"author":[{"embeddable":true,"href":"https:\/\/crusoe.audiencelabs.com.br\/wp-json\/wp\/v2\/users\/15"}],"replies":[{"embeddable":true,"href":"https:\/\/crusoe.audiencelabs.com.br\/wp-json\/wp\/v2\/comments?post=34163"}],"version-history":[{"count":1,"href":"https:\/\/crusoe.audiencelabs.com.br\/wp-json\/wp\/v2\/posts\/34163\/revisions"}],"predecessor-version":[{"id":34165,"href":"https:\/\/crusoe.audiencelabs.com.br\/wp-json\/wp\/v2\/posts\/34163\/revisions\/34165"}],"wp:featuredmedia":[{"embeddable":true,"href":"https:\/\/crusoe.audiencelabs.com.br\/wp-json\/wp\/v2\/media\/34164"}],"wp:attachment":[{"href":"https:\/\/crusoe.audiencelabs.com.br\/wp-json\/wp\/v2\/media?parent=34163"}],"wp:term":[{"taxonomy":"category","embeddable":true,"href":"https:\/\/crusoe.audiencelabs.com.br\/wp-json\/wp\/v2\/categories?post=34163"},{"taxonomy":"post_tag","embeddable":true,"href":"https:\/\/crusoe.audiencelabs.com.br\/wp-json\/wp\/v2\/tags?post=34163"}],"curies":[{"name":"wp","href":"https:\/\/api.w.org\/{rel}","templated":true}]}}