{"id":34159,"date":"2026-03-16T12:38:14","date_gmt":"2026-03-16T15:38:14","guid":{"rendered":"https:\/\/crusoe.audiencelabs.com.br\/?p=34159"},"modified":"2026-03-16T10:18:52","modified_gmt":"2026-03-16T13:18:52","slug":"cientistas-afirmam-que-algo-bizarro-se-esconde-dentro-dos-buracos-negros","status":"publish","type":"post","link":"https:\/\/crusoe.audiencelabs.com.br\/cientistas-afirmam-que-algo-bizarro-se-esconde-dentro-dos-buracos-negros\/","title":{"rendered":"Cientistas afirmam que algo bizarro se esconde dentro dos buracos negros"},"content":{"rendered":"<p data-pm-slice=\"1 1 []\">Um dos objetos de estudo mais curiosos (e assustadores) da f\u00edsica \u00e9 o buraco negro, as enormes massas negras que t\u00eam gravidades t\u00e3o intensas que nem mesmo a luz escapa de seu &#8220;pux\u00e3o&#8221;, sendo devoradas pelos abismos gravitacionais, e um dos t\u00f3picos de estudo sobre esses fen\u00f4menos \u00e9 justamente o que tem dentro deles. Seriam transportes para outros pontos do espa\u00e7o? Outra dimens\u00e3o? Bom, cientistas americanos est\u00e3o apontando para uma nova teoria sobre isso.<\/p>\n<p>Apesar da humanidade ainda n\u00e3o ter uma tecnologia capaz de resistir ao peso gravitacional dos buracos negros (que distorce e esmaga tudo que se aproxima), um estudo publicado na revista &#8220;Scientific American&#8221; destacou que matem\u00e1ticos apontam a exist\u00eancia de n\u00fameros primos, ou melhor, &#8220;part\u00edculas&#8221; de n\u00fameros primos que circulam o centro da anomalia espacial.<\/p>\n<p>Segundo o artigo da revista americana, na f\u00edsica existem as part\u00edculas elementares: el\u00e9trons, quarks, f\u00f3tons. Blocos indivis\u00edveis que comp\u00f5em tudo. Na matem\u00e1tica, o equivalente s\u00e3o os n\u00fameros primos, aqueles que aprendemos na escola: 2, 3, 5, 7, 11&#8230; N\u00fameros que s\u00f3 se dividem por si mesmos e por 1. Todo n\u00famero pode ser fatorado em primos. Por isso, eles s\u00e3o os &#8220;\u00e1tomos&#8221; dos n\u00fameros.<\/p>\n<h2>A conex\u00e3o<\/h2>\n<p>Para entender a conex\u00e3o, precisamos falar do matem\u00e1tico Bernhard Riemann. Em 1859, ele prop\u00f4s uma hip\u00f3tese sobre como os n\u00fameros primos se distribuem, aparentemente aleat\u00f3rios, mas com uma ordem oculta que sua f\u00f3rmula capturava de forma estranhamente precisa.<\/p>\n<p>Essa teoria continuou com o f\u00edsico Bernard Julia, que nos anos 80 recebeu um desafio de um colega: encontrar um sistema f\u00edsico descrito pela mesma f\u00f3rmula matem\u00e1tica dos n\u00fameros primos. Como resposta, ele inventou uma part\u00edcula hipot\u00e9tica batizada de pr\u00edmon, cujos n\u00edveis de energia se baseiam nos n\u00fameros primos. Um grupo delas formaria um &#8220;g\u00e1s de pr\u00edmons&#8221; e a fun\u00e7\u00e3o que descreve os estados poss\u00edveis desse g\u00e1s \u00e9 exatamente a fun\u00e7\u00e3o zeta de Riemann. At\u00e9 ent\u00e3o, por\u00e9m, tudo isso era apenas teoria.<\/p>\n<p><strong>O que Cambridge descobriu em 2025<\/strong><\/p>\n<p>Foi s\u00f3 em 2025 que pesquisadores da Universidade de Cambridge analisaram o caos qu\u00e2ntico pr\u00f3ximo \u00e0 singularidade de um buraco negro e encontraram algo inesperado: o espectro de energia desse sistema se organiza em n\u00fameros primos. Uma nuvem de g\u00e1s de pr\u00edmons emergindo da f\u00edsica real, n\u00e3o de uma hip\u00f3tese.<\/p>\n<p>Em seguida, num estudo complementar, a equipe descobriu que num universo com cinco dimens\u00f5es a singularidade s\u00f3 pode ser descrita com primos gaussianos, uma vers\u00e3o ainda mais ex\u00f3tica que envolve n\u00fameros imagin\u00e1rios.<\/p>\n<h2>Por que isso importa<\/h2>\n<p>Unificar a relatividade geral com a mec\u00e2nica qu\u00e2ntica \u00e9 o maior problema em aberto da f\u00edsica hoje. A relatividade descreve o universo em grande escala, cobrindo planetas, estrelas e buracos negros. J\u00e1 a mec\u00e2nica qu\u00e2ntica descreve o mundo subat\u00f4mico. As duas funcionam muito bem separadas, mas s\u00e3o matematicamente incompat\u00edveis. Buracos negros s\u00e3o o lugar onde esse conflito \u00e9 mais agudo e, por isso, se os n\u00fameros primos emergem naturalmente de dentro deles, a teoria dos n\u00fameros pode ser parte da linguagem em que as leis mais fundamentais do universo est\u00e3o escritas. &#8220;A teoria dos n\u00fameros parece ser uma linguagem natural&#8221;, disse o f\u00edsico Eric Perlmutter, do Instituto de F\u00edsica Te\u00f3rica de Saclay. \u00c0s vezes, a matem\u00e1tica mais abstrata acaba sendo a mais real de todas.<\/p>\n","protected":false},"excerpt":{"rendered":"<p>Um dos objetos de estudo mais curiosos (e assustadores) da f\u00edsica \u00e9 o buraco negro, as enormes massas negras que t\u00eam gravidades t\u00e3o intensas que nem mesmo a luz escapa de seu &#8220;pux\u00e3o&#8221;, sendo devoradas pelos abismos gravitacionais, e um dos t\u00f3picos de estudo sobre esses fen\u00f4menos \u00e9 justamente o que tem dentro deles. Seriam [&hellip;]<\/p>\n","protected":false},"author":15,"featured_media":34160,"comment_status":"open","ping_status":"open","sticky":false,"template":"","format":"standard","meta":{"jnews-multi-image_gallery":[],"jnews_single_post":{"format":"standard","jnews_video_option_group":[[]],"override":[{"template":"2","parallax":"1","fullscreen":"1","layout":"right-sidebar","sidebar":"default-sidebar","second_sidebar":"default-sidebar","sticky_sidebar":"1","share_position":"hide","share_float_style":"share-monocrhome","show_featured":"1","show_post_meta":"1","show_post_author":"1","show_post_date":"1","post_date_format":"default","post_date_format_custom":"Y\/m\/d","show_post_category":"1","show_post_reading_time":"0","post_reading_time_wpm":"300","post_calculate_word_method":"str_word_count","show_zoom_button":"0","zoom_button_out_step":"2","zoom_button_in_step":"3","show_post_tag":"1","show_popup_post":"1","number_popup_post":"1","show_author_box":"1","show_post_related":"0"}],"image_override":[{"single_post_thumbnail_size":"crop-500","single_post_gallery_size":"crop-500"}],"trending_post_position":"meta","trending_post_label":"Trending","sponsored_post_label":"Sponsored by","disable_ad":"0","subtitle":"Existe uma teoria que aponta que algo inusitado poderia estar dentro desses abismos gravitacionais"},"jnews_primary_category":[],"jnews_override_counter":{"view_counter_number":"0","share_counter_number":"0","like_counter_number":"0","dislike_counter_number":"0"},"jnews_post_split":{"post_split":[{"template":"1","tag":"h2","numbering":"asc","mode":"normal","first":"0","enable_toc":"0","toc_type":"normal"}]},"footnotes":""},"categories":[1],"tags":[1246,251,1077],"class_list":["post-34159","post","type-post","status-publish","format-standard","has-post-thumbnail","hentry","category-geral","tag-buraco-negro","tag-ciencia","tag-fisica"],"yoast_head":"<!-- This site is optimized with the Yoast SEO plugin v25.0 - https:\/\/yoast.com\/wordpress\/plugins\/seo\/ -->\n<title>Cientistas afirmam que algo bizarro se esconde dentro dos buracos negros<\/title>\n<meta name=\"robots\" content=\"index, follow, max-snippet:-1, max-image-preview:large, max-video-preview:-1\" \/>\n<link rel=\"canonical\" href=\"https:\/\/crusoe.audiencelabs.com.br\/cientistas-afirmam-que-algo-bizarro-se-esconde-dentro-dos-buracos-negros\/\" \/>\n<meta property=\"og:locale\" content=\"pt_BR\" \/>\n<meta property=\"og:type\" content=\"article\" \/>\n<meta property=\"og:title\" content=\"Cientistas afirmam que algo bizarro se esconde dentro dos buracos negros\" \/>\n<meta property=\"og:description\" content=\"Um dos objetos de estudo mais curiosos (e assustadores) da f\u00edsica \u00e9 o buraco negro, as enormes massas negras que t\u00eam gravidades t\u00e3o intensas que nem mesmo a luz escapa de seu &#8220;pux\u00e3o&#8221;, sendo devoradas pelos abismos gravitacionais, e um dos t\u00f3picos de estudo sobre esses fen\u00f4menos \u00e9 justamente o que tem dentro deles. Seriam [&hellip;]\" \/>\n<meta property=\"og:url\" content=\"https:\/\/crusoe.audiencelabs.com.br\/cientistas-afirmam-que-algo-bizarro-se-esconde-dentro-dos-buracos-negros\/\" \/>\n<meta property=\"og:site_name\" content=\"Variedades - Cruso\u00e9\" \/>\n<meta property=\"article:published_time\" content=\"2026-03-16T15:38:14+00:00\" \/>\n<meta property=\"og:image\" content=\"https:\/\/cdn.crusoe.com.br\/uploads\/2026\/03\/conheca-o-buraco-negro-o-que-e-afinal-como-pode-ser-estudado-2.jpg.webp\" \/>\n\t<meta property=\"og:image:width\" content=\"1280\" \/>\n\t<meta property=\"og:image:height\" content=\"720\" \/>\n\t<meta property=\"og:image:type\" content=\"image\/webp\" \/>\n<meta name=\"author\" content=\"J\u00falio Nesi\" \/>\n<meta name=\"twitter:card\" content=\"summary_large_image\" \/>\n<meta name=\"twitter:label1\" content=\"Escrito por\" \/>\n\t<meta name=\"twitter:data1\" content=\"J\u00falio Nesi\" \/>\n\t<meta name=\"twitter:label2\" content=\"Est. tempo de leitura\" \/>\n\t<meta name=\"twitter:data2\" content=\"4 minutos\" \/>\n<script type=\"application\/ld+json\" class=\"yoast-schema-graph\">{\"@context\":\"https:\/\/schema.org\",\"@graph\":[{\"@type\":\"WebPage\",\"@id\":\"https:\/\/crusoe.audiencelabs.com.br\/cientistas-afirmam-que-algo-bizarro-se-esconde-dentro-dos-buracos-negros\/\",\"url\":\"https:\/\/crusoe.audiencelabs.com.br\/cientistas-afirmam-que-algo-bizarro-se-esconde-dentro-dos-buracos-negros\/\",\"name\":\"Cientistas afirmam que algo bizarro se esconde dentro dos buracos negros\",\"isPartOf\":{\"@id\":\"https:\/\/crusoe.audiencelabs.com.br\/#website\"},\"primaryImageOfPage\":{\"@id\":\"https:\/\/crusoe.audiencelabs.com.br\/cientistas-afirmam-que-algo-bizarro-se-esconde-dentro-dos-buracos-negros\/#primaryimage\"},\"image\":{\"@id\":\"https:\/\/crusoe.audiencelabs.com.br\/cientistas-afirmam-que-algo-bizarro-se-esconde-dentro-dos-buracos-negros\/#primaryimage\"},\"thumbnailUrl\":\"https:\/\/cdn.crusoe.com.br\/uploads\/2026\/03\/conheca-o-buraco-negro-o-que-e-afinal-como-pode-ser-estudado-2.jpg.webp\",\"datePublished\":\"2026-03-16T15:38:14+00:00\",\"author\":{\"@id\":\"https:\/\/crusoe.audiencelabs.com.br\/#\/schema\/person\/0cca5874eda7d72cef71e77a9a9c2143\"},\"breadcrumb\":{\"@id\":\"https:\/\/crusoe.audiencelabs.com.br\/cientistas-afirmam-que-algo-bizarro-se-esconde-dentro-dos-buracos-negros\/#breadcrumb\"},\"inLanguage\":\"pt-BR\",\"potentialAction\":[{\"@type\":\"ReadAction\",\"target\":[\"https:\/\/crusoe.audiencelabs.com.br\/cientistas-afirmam-que-algo-bizarro-se-esconde-dentro-dos-buracos-negros\/\"]}]},{\"@type\":\"ImageObject\",\"inLanguage\":\"pt-BR\",\"@id\":\"https:\/\/crusoe.audiencelabs.com.br\/cientistas-afirmam-que-algo-bizarro-se-esconde-dentro-dos-buracos-negros\/#primaryimage\",\"url\":\"https:\/\/cdn.crusoe.com.br\/uploads\/2026\/03\/conheca-o-buraco-negro-o-que-e-afinal-como-pode-ser-estudado-2.jpg.webp\",\"contentUrl\":\"https:\/\/cdn.crusoe.com.br\/uploads\/2026\/03\/conheca-o-buraco-negro-o-que-e-afinal-como-pode-ser-estudado-2.jpg.webp\",\"width\":1280,\"height\":720},{\"@type\":\"BreadcrumbList\",\"@id\":\"https:\/\/crusoe.audiencelabs.com.br\/cientistas-afirmam-que-algo-bizarro-se-esconde-dentro-dos-buracos-negros\/#breadcrumb\",\"itemListElement\":[{\"@type\":\"ListItem\",\"position\":1,\"name\":\"Home\",\"item\":\"https:\/\/crusoe.audiencelabs.com.br\/\"},{\"@type\":\"ListItem\",\"position\":2,\"name\":\"Cientistas afirmam que algo bizarro se esconde dentro dos buracos negros\"}]},{\"@type\":\"WebSite\",\"@id\":\"https:\/\/crusoe.audiencelabs.com.br\/#website\",\"url\":\"https:\/\/crusoe.audiencelabs.com.br\/\",\"name\":\"Variedades - Cruso\u00e9\",\"description\":\"\",\"potentialAction\":[{\"@type\":\"SearchAction\",\"target\":{\"@type\":\"EntryPoint\",\"urlTemplate\":\"https:\/\/crusoe.audiencelabs.com.br\/?s={search_term_string}\"},\"query-input\":{\"@type\":\"PropertyValueSpecification\",\"valueRequired\":true,\"valueName\":\"search_term_string\"}}],\"inLanguage\":\"pt-BR\"},{\"@type\":\"Person\",\"@id\":\"https:\/\/crusoe.audiencelabs.com.br\/#\/schema\/person\/0cca5874eda7d72cef71e77a9a9c2143\",\"name\":\"J\u00falio Nesi\",\"image\":{\"@type\":\"ImageObject\",\"inLanguage\":\"pt-BR\",\"@id\":\"https:\/\/crusoe.audiencelabs.com.br\/#\/schema\/person\/image\/\",\"url\":\"https:\/\/secure.gravatar.com\/avatar\/c22eb47c3e2320e71637346b980e09f63de9f75742d3335f94a26b83dff70473?s=96&d=mm&r=g\",\"contentUrl\":\"https:\/\/secure.gravatar.com\/avatar\/c22eb47c3e2320e71637346b980e09f63de9f75742d3335f94a26b83dff70473?s=96&d=mm&r=g\",\"caption\":\"J\u00falio Nesi\"},\"description\":\"Jornalista alagoano formado pela UFAL, j\u00e1 atuei em produ\u00e7\u00e3o de conte\u00fado digital para portais, r\u00e1dio e redes sociais.\",\"sameAs\":[\"www.linkedin.com\/in\/j\u00falio-nesi\"],\"url\":\"https:\/\/crusoe.audiencelabs.com.br\/author\/julionesi\/\"}]}<\/script>\n<!-- \/ Yoast SEO plugin. -->","yoast_head_json":{"title":"Cientistas afirmam que algo bizarro se esconde dentro dos buracos negros","robots":{"index":"index","follow":"follow","max-snippet":"max-snippet:-1","max-image-preview":"max-image-preview:large","max-video-preview":"max-video-preview:-1"},"canonical":"https:\/\/crusoe.audiencelabs.com.br\/cientistas-afirmam-que-algo-bizarro-se-esconde-dentro-dos-buracos-negros\/","og_locale":"pt_BR","og_type":"article","og_title":"Cientistas afirmam que algo bizarro se esconde dentro dos buracos negros","og_description":"Um dos objetos de estudo mais curiosos (e assustadores) da f\u00edsica \u00e9 o buraco negro, as enormes massas negras que t\u00eam gravidades t\u00e3o intensas que nem mesmo a luz escapa de seu &#8220;pux\u00e3o&#8221;, sendo devoradas pelos abismos gravitacionais, e um dos t\u00f3picos de estudo sobre esses fen\u00f4menos \u00e9 justamente o que tem dentro deles. Seriam [&hellip;]","og_url":"https:\/\/crusoe.audiencelabs.com.br\/cientistas-afirmam-que-algo-bizarro-se-esconde-dentro-dos-buracos-negros\/","og_site_name":"Variedades - Cruso\u00e9","article_published_time":"2026-03-16T15:38:14+00:00","og_image":[{"width":1280,"height":720,"url":"https:\/\/cdn.crusoe.com.br\/uploads\/2026\/03\/conheca-o-buraco-negro-o-que-e-afinal-como-pode-ser-estudado-2.jpg.webp","type":"image\/webp"}],"author":"J\u00falio Nesi","twitter_card":"summary_large_image","twitter_misc":{"Escrito por":"J\u00falio Nesi","Est. tempo de leitura":"4 minutos"},"schema":{"@context":"https:\/\/schema.org","@graph":[{"@type":"WebPage","@id":"https:\/\/crusoe.audiencelabs.com.br\/cientistas-afirmam-que-algo-bizarro-se-esconde-dentro-dos-buracos-negros\/","url":"https:\/\/crusoe.audiencelabs.com.br\/cientistas-afirmam-que-algo-bizarro-se-esconde-dentro-dos-buracos-negros\/","name":"Cientistas afirmam que algo bizarro se esconde dentro dos buracos negros","isPartOf":{"@id":"https:\/\/crusoe.audiencelabs.com.br\/#website"},"primaryImageOfPage":{"@id":"https:\/\/crusoe.audiencelabs.com.br\/cientistas-afirmam-que-algo-bizarro-se-esconde-dentro-dos-buracos-negros\/#primaryimage"},"image":{"@id":"https:\/\/crusoe.audiencelabs.com.br\/cientistas-afirmam-que-algo-bizarro-se-esconde-dentro-dos-buracos-negros\/#primaryimage"},"thumbnailUrl":"https:\/\/cdn.crusoe.com.br\/uploads\/2026\/03\/conheca-o-buraco-negro-o-que-e-afinal-como-pode-ser-estudado-2.jpg.webp","datePublished":"2026-03-16T15:38:14+00:00","author":{"@id":"https:\/\/crusoe.audiencelabs.com.br\/#\/schema\/person\/0cca5874eda7d72cef71e77a9a9c2143"},"breadcrumb":{"@id":"https:\/\/crusoe.audiencelabs.com.br\/cientistas-afirmam-que-algo-bizarro-se-esconde-dentro-dos-buracos-negros\/#breadcrumb"},"inLanguage":"pt-BR","potentialAction":[{"@type":"ReadAction","target":["https:\/\/crusoe.audiencelabs.com.br\/cientistas-afirmam-que-algo-bizarro-se-esconde-dentro-dos-buracos-negros\/"]}]},{"@type":"ImageObject","inLanguage":"pt-BR","@id":"https:\/\/crusoe.audiencelabs.com.br\/cientistas-afirmam-que-algo-bizarro-se-esconde-dentro-dos-buracos-negros\/#primaryimage","url":"https:\/\/cdn.crusoe.com.br\/uploads\/2026\/03\/conheca-o-buraco-negro-o-que-e-afinal-como-pode-ser-estudado-2.jpg.webp","contentUrl":"https:\/\/cdn.crusoe.com.br\/uploads\/2026\/03\/conheca-o-buraco-negro-o-que-e-afinal-como-pode-ser-estudado-2.jpg.webp","width":1280,"height":720},{"@type":"BreadcrumbList","@id":"https:\/\/crusoe.audiencelabs.com.br\/cientistas-afirmam-que-algo-bizarro-se-esconde-dentro-dos-buracos-negros\/#breadcrumb","itemListElement":[{"@type":"ListItem","position":1,"name":"Home","item":"https:\/\/crusoe.audiencelabs.com.br\/"},{"@type":"ListItem","position":2,"name":"Cientistas afirmam que algo bizarro se esconde dentro dos buracos negros"}]},{"@type":"WebSite","@id":"https:\/\/crusoe.audiencelabs.com.br\/#website","url":"https:\/\/crusoe.audiencelabs.com.br\/","name":"Variedades - Cruso\u00e9","description":"","potentialAction":[{"@type":"SearchAction","target":{"@type":"EntryPoint","urlTemplate":"https:\/\/crusoe.audiencelabs.com.br\/?s={search_term_string}"},"query-input":{"@type":"PropertyValueSpecification","valueRequired":true,"valueName":"search_term_string"}}],"inLanguage":"pt-BR"},{"@type":"Person","@id":"https:\/\/crusoe.audiencelabs.com.br\/#\/schema\/person\/0cca5874eda7d72cef71e77a9a9c2143","name":"J\u00falio Nesi","image":{"@type":"ImageObject","inLanguage":"pt-BR","@id":"https:\/\/crusoe.audiencelabs.com.br\/#\/schema\/person\/image\/","url":"https:\/\/secure.gravatar.com\/avatar\/c22eb47c3e2320e71637346b980e09f63de9f75742d3335f94a26b83dff70473?s=96&d=mm&r=g","contentUrl":"https:\/\/secure.gravatar.com\/avatar\/c22eb47c3e2320e71637346b980e09f63de9f75742d3335f94a26b83dff70473?s=96&d=mm&r=g","caption":"J\u00falio Nesi"},"description":"Jornalista alagoano formado pela UFAL, j\u00e1 atuei em produ\u00e7\u00e3o de conte\u00fado digital para portais, r\u00e1dio e redes sociais.","sameAs":["www.linkedin.com\/in\/j\u00falio-nesi"],"url":"https:\/\/crusoe.audiencelabs.com.br\/author\/julionesi\/"}]}},"_links":{"self":[{"href":"https:\/\/crusoe.audiencelabs.com.br\/wp-json\/wp\/v2\/posts\/34159","targetHints":{"allow":["GET"]}}],"collection":[{"href":"https:\/\/crusoe.audiencelabs.com.br\/wp-json\/wp\/v2\/posts"}],"about":[{"href":"https:\/\/crusoe.audiencelabs.com.br\/wp-json\/wp\/v2\/types\/post"}],"author":[{"embeddable":true,"href":"https:\/\/crusoe.audiencelabs.com.br\/wp-json\/wp\/v2\/users\/15"}],"replies":[{"embeddable":true,"href":"https:\/\/crusoe.audiencelabs.com.br\/wp-json\/wp\/v2\/comments?post=34159"}],"version-history":[{"count":2,"href":"https:\/\/crusoe.audiencelabs.com.br\/wp-json\/wp\/v2\/posts\/34159\/revisions"}],"predecessor-version":[{"id":34162,"href":"https:\/\/crusoe.audiencelabs.com.br\/wp-json\/wp\/v2\/posts\/34159\/revisions\/34162"}],"wp:featuredmedia":[{"embeddable":true,"href":"https:\/\/crusoe.audiencelabs.com.br\/wp-json\/wp\/v2\/media\/34160"}],"wp:attachment":[{"href":"https:\/\/crusoe.audiencelabs.com.br\/wp-json\/wp\/v2\/media?parent=34159"}],"wp:term":[{"taxonomy":"category","embeddable":true,"href":"https:\/\/crusoe.audiencelabs.com.br\/wp-json\/wp\/v2\/categories?post=34159"},{"taxonomy":"post_tag","embeddable":true,"href":"https:\/\/crusoe.audiencelabs.com.br\/wp-json\/wp\/v2\/tags?post=34159"}],"curies":[{"name":"wp","href":"https:\/\/api.w.org\/{rel}","templated":true}]}}