{"id":34055,"date":"2026-03-15T18:04:08","date_gmt":"2026-03-15T21:04:08","guid":{"rendered":"https:\/\/crusoe.audiencelabs.com.br\/?p=34055"},"modified":"2026-03-13T09:43:07","modified_gmt":"2026-03-13T12:43:07","slug":"esses-1-000-dias-podem-ser-os-mais-importantes-de-toda-a-sua-vida-diz-medico","status":"publish","type":"post","link":"https:\/\/crusoe.audiencelabs.com.br\/esses-1-000-dias-podem-ser-os-mais-importantes-de-toda-a-sua-vida-diz-medico\/","title":{"rendered":"Esses 1.000 dias podem ser os mais importantes de toda a sua vida, diz m\u00e9dico"},"content":{"rendered":"<p><span style=\"font-weight: 400\">Os <strong>primeiros 1.000 dias de vida<\/strong>, per\u00edodo que vai da<strong> gesta\u00e7\u00e3o at\u00e9 cerca de dois anos de idade<\/strong>, s\u00e3o considerados determinantes para o desenvolvimento f\u00edsico, emocional e cognitivo de uma pessoa.\u00a0<\/span><\/p>\n<p><span style=\"font-weight: 400\">A avalia\u00e7\u00e3o \u00e9 do pediatra <a href=\"https:\/\/www.instagram.com\/pediatriaintegralbr\">Daniel Becker<\/a>, que acaba de lan\u00e7ar um guia com orienta\u00e7\u00f5es voltadas a pais e cuidadores sobre essa fase inicial da inf\u00e2ncia.<\/span><\/p>\n<p><span style=\"font-weight: 400\">Segundo o especialista, esse intervalo representa a etapa mais importante da vida humana, j\u00e1 que \u00e9 nesse per\u00edodo que o c\u00e9rebro, o sistema imunol\u00f3gico e diversas fun\u00e7\u00f5es do organismo passam por um intenso processo de forma\u00e7\u00e3o.\u00a0<\/span><\/p>\n<p><span style=\"font-weight: 400\">Por isso, as experi\u00eancias vividas nesse momento podem influenciar a sa\u00fade e o comportamento ao longo de toda a vida.<\/span><\/p>\n<h2><span style=\"font-weight: 400\">Guia re\u00fane orienta\u00e7\u00f5es para fam\u00edlias<\/span><\/h2>\n<p><span style=\"font-weight: 400\">No livro, Becker re\u00fane informa\u00e7\u00f5es pr\u00e1ticas que acompanham a jornada desde a gesta\u00e7\u00e3o at\u00e9 os primeiros anos da crian\u00e7a.\u00a0<\/span><\/p>\n<p><span style=\"font-weight: 400\">A proposta \u00e9 ajudar fam\u00edlias a compreender melhor as necessidades do beb\u00ea e orientar sobre cuidados essenciais durante esse per\u00edodo.<\/span><\/p>\n<p><span style=\"font-weight: 400\">Entre os pontos abordados est\u00e3o temas como<strong> alimenta\u00e7\u00e3o adequada durante a gravidez, amamenta\u00e7\u00e3o, est\u00edmulos ao desenvolvimento infantil,<\/strong> al\u00e9m da import\u00e2ncia da s<strong>a\u00fade mental dos pais e da constru\u00e7\u00e3o de v\u00ednculos afetivos seguros.<\/strong><\/span><\/p>\n<h2><span style=\"font-weight: 400\">Impactos que podem durar toda a vida<\/span><\/h2>\n<p><span style=\"font-weight: 400\">De acordo com o pediatra, as decis\u00f5es tomadas nos primeiros anos de vida podem gerar efeitos duradouros.\u00a0 <\/span><span style=\"font-weight: 400\">Uma nutri\u00e7\u00e3o adequada, um ambiente familiar acolhedor e est\u00edmulos positivos contribuem para estabelecer bases s\u00f3lidas para o crescimento da crian\u00e7a.<\/span><\/p>\n<p><span style=\"font-weight: 400\">Por outro lado, <strong>car\u00eancias nutricionais, situa\u00e7\u00f5es de estresse ou falta de cuidados<\/strong> podem impactar negativamente o desenvolvimento f\u00edsico e emocional, com reflexos que podem aparecer ao longo da vida.<\/span><\/p>\n<h2><span style=\"font-weight: 400\">Aproximando ci\u00eancia e cotidiano<\/span><\/h2>\n<p><span style=\"font-weight: 400\">Com o <a href=\"https:\/\/danielbecker.com.br\/?utm_source=bio_insta&amp;utm_medium=social&amp;utm_content=link_in_bio&amp;fbclid=PAZXh0bgNhZW0CMTEAc3J0YwZhcHBfaWQMMjU2MjgxMDQwNTU4AAGntu4LcZ_BM3iAzBkkaxdXwveJkObAqqBnB0isXuSEPdWJzDuZ5uxI5A1G6ts_aem_kU2WFUl6Cpi72ZgMaFDAzQ\">guia<\/a>, Daniel Becker busca traduzir conhecimentos da pediatria e do desenvolvimento infantil em orienta\u00e7\u00f5es acess\u00edveis para o dia a dia das fam\u00edlias.\u00a0<\/span><\/p>\n<p><span style=\"font-weight: 400\">A ideia \u00e9 tornar as informa\u00e7\u00f5es cient\u00edficas mais compreens\u00edveis e contribuir para que pais e respons\u00e1veis possam oferecer um in\u00edcio de vida mais saud\u00e1vel e equilibrado \u00e0s crian\u00e7as.<\/span><\/p>\n<p><b>*Mat\u00e9ria produzida com informa\u00e7\u00f5es do site Estad\u00e3o\u00a0<\/b><\/p>\n","protected":false},"excerpt":{"rendered":"<p>Os primeiros 1.000 dias de vida, per\u00edodo que vai da gesta\u00e7\u00e3o at\u00e9 cerca de dois anos de idade, s\u00e3o considerados determinantes para o desenvolvimento f\u00edsico, emocional e cognitivo de uma pessoa.\u00a0 A avalia\u00e7\u00e3o \u00e9 do pediatra Daniel Becker, que acaba de lan\u00e7ar um guia com orienta\u00e7\u00f5es voltadas a pais e cuidadores sobre essa fase inicial [&hellip;]<\/p>\n","protected":false},"author":5,"featured_media":34056,"comment_status":"open","ping_status":"open","sticky":false,"template":"","format":"standard","meta":{"jnews-multi-image_gallery":[],"jnews_single_post":{"subtitle":"","format":"standard","jnews_video_option_group":[[]],"override":[{"template":"2","parallax":"1","fullscreen":"1","layout":"right-sidebar","sidebar":"default-sidebar","second_sidebar":"default-sidebar","sticky_sidebar":"1","share_position":"hide","share_float_style":"share-monocrhome","show_featured":"1","show_post_meta":"1","show_post_author":"1","show_post_date":"1","post_date_format":"default","post_date_format_custom":"Y\/m\/d","show_post_category":"1","show_post_reading_time":"0","post_reading_time_wpm":"300","post_calculate_word_method":"str_word_count","show_zoom_button":"0","zoom_button_out_step":"2","zoom_button_in_step":"3","show_post_tag":"1","show_popup_post":"1","number_popup_post":"1","show_author_box":"1","show_post_related":"0"}],"image_override":[{"single_post_thumbnail_size":"crop-500","single_post_gallery_size":"crop-500"}],"trending_post_position":"meta","trending_post_label":"Trending","sponsored_post_label":"Sponsored by","disable_ad":"0"},"jnews_primary_category":[],"jnews_override_counter":{"view_counter_number":"0","share_counter_number":"0","like_counter_number":"0","dislike_counter_number":"0"},"jnews_post_split":{"post_split":[{"template":"1","tag":"h2","numbering":"asc","mode":"normal","first":"0","enable_toc":"0","toc_type":"normal"}]},"footnotes":""},"categories":[1],"tags":[1323,288],"class_list":["post-34055","post","type-post","status-publish","format-standard","has-post-thumbnail","hentry","category-geral","tag-criancas","tag-dicas"],"yoast_head":"<!-- This site is optimized with the Yoast SEO plugin v25.0 - https:\/\/yoast.com\/wordpress\/plugins\/seo\/ -->\n<title>Esses 1.000 dias podem ser os mais importantes de toda a sua vida, diz m\u00e9dico<\/title>\n<meta name=\"robots\" content=\"index, follow, max-snippet:-1, max-image-preview:large, max-video-preview:-1\" \/>\n<link rel=\"canonical\" href=\"https:\/\/crusoe.audiencelabs.com.br\/esses-1-000-dias-podem-ser-os-mais-importantes-de-toda-a-sua-vida-diz-medico\/\" \/>\n<meta property=\"og:locale\" content=\"pt_BR\" \/>\n<meta property=\"og:type\" content=\"article\" \/>\n<meta property=\"og:title\" content=\"Esses 1.000 dias podem ser os mais importantes de toda a sua vida, diz m\u00e9dico\" \/>\n<meta property=\"og:description\" content=\"Os primeiros 1.000 dias de vida, per\u00edodo que vai da gesta\u00e7\u00e3o at\u00e9 cerca de dois anos de idade, s\u00e3o considerados determinantes para o desenvolvimento f\u00edsico, emocional e cognitivo de uma pessoa.\u00a0 A avalia\u00e7\u00e3o \u00e9 do pediatra Daniel Becker, que acaba de lan\u00e7ar um guia com orienta\u00e7\u00f5es voltadas a pais e cuidadores sobre essa fase inicial [&hellip;]\" \/>\n<meta property=\"og:url\" content=\"https:\/\/crusoe.audiencelabs.com.br\/esses-1-000-dias-podem-ser-os-mais-importantes-de-toda-a-sua-vida-diz-medico\/\" \/>\n<meta property=\"og:site_name\" content=\"Variedades - Cruso\u00e9\" \/>\n<meta property=\"article:published_time\" content=\"2026-03-15T21:04:08+00:00\" \/>\n<meta property=\"og:image\" content=\"https:\/\/cdn.crusoe.com.br\/uploads\/2026\/03\/pexels-vika-glitter-392079-1648374-scaled.jpg\" \/>\n\t<meta property=\"og:image:width\" content=\"2560\" \/>\n\t<meta property=\"og:image:height\" content=\"1707\" \/>\n\t<meta property=\"og:image:type\" content=\"image\/jpeg\" \/>\n<meta name=\"author\" content=\"Milena Armando\" \/>\n<meta name=\"twitter:card\" content=\"summary_large_image\" \/>\n<meta name=\"twitter:label1\" content=\"Escrito por\" \/>\n\t<meta name=\"twitter:data1\" content=\"Milena Armando\" \/>\n\t<meta name=\"twitter:label2\" content=\"Est. tempo de leitura\" \/>\n\t<meta name=\"twitter:data2\" content=\"3 minutos\" \/>\n<script type=\"application\/ld+json\" class=\"yoast-schema-graph\">{\"@context\":\"https:\/\/schema.org\",\"@graph\":[{\"@type\":\"WebPage\",\"@id\":\"https:\/\/crusoe.audiencelabs.com.br\/esses-1-000-dias-podem-ser-os-mais-importantes-de-toda-a-sua-vida-diz-medico\/\",\"url\":\"https:\/\/crusoe.audiencelabs.com.br\/esses-1-000-dias-podem-ser-os-mais-importantes-de-toda-a-sua-vida-diz-medico\/\",\"name\":\"Esses 1.000 dias podem ser os mais importantes de toda a sua vida, diz m\u00e9dico\",\"isPartOf\":{\"@id\":\"https:\/\/crusoe.audiencelabs.com.br\/#website\"},\"primaryImageOfPage\":{\"@id\":\"https:\/\/crusoe.audiencelabs.com.br\/esses-1-000-dias-podem-ser-os-mais-importantes-de-toda-a-sua-vida-diz-medico\/#primaryimage\"},\"image\":{\"@id\":\"https:\/\/crusoe.audiencelabs.com.br\/esses-1-000-dias-podem-ser-os-mais-importantes-de-toda-a-sua-vida-diz-medico\/#primaryimage\"},\"thumbnailUrl\":\"https:\/\/cdn.crusoe.com.br\/uploads\/2026\/03\/pexels-vika-glitter-392079-1648374-scaled.jpg\",\"datePublished\":\"2026-03-15T21:04:08+00:00\",\"author\":{\"@id\":\"https:\/\/crusoe.audiencelabs.com.br\/#\/schema\/person\/f87f73cfe89e5360de2c006bd4bd6a74\"},\"breadcrumb\":{\"@id\":\"https:\/\/crusoe.audiencelabs.com.br\/esses-1-000-dias-podem-ser-os-mais-importantes-de-toda-a-sua-vida-diz-medico\/#breadcrumb\"},\"inLanguage\":\"pt-BR\",\"potentialAction\":[{\"@type\":\"ReadAction\",\"target\":[\"https:\/\/crusoe.audiencelabs.com.br\/esses-1-000-dias-podem-ser-os-mais-importantes-de-toda-a-sua-vida-diz-medico\/\"]}]},{\"@type\":\"ImageObject\",\"inLanguage\":\"pt-BR\",\"@id\":\"https:\/\/crusoe.audiencelabs.com.br\/esses-1-000-dias-podem-ser-os-mais-importantes-de-toda-a-sua-vida-diz-medico\/#primaryimage\",\"url\":\"https:\/\/cdn.crusoe.com.br\/uploads\/2026\/03\/pexels-vika-glitter-392079-1648374-scaled.jpg\",\"contentUrl\":\"https:\/\/cdn.crusoe.com.br\/uploads\/2026\/03\/pexels-vika-glitter-392079-1648374-scaled.jpg\",\"width\":2560,\"height\":1707,\"caption\":\"Reprodu\u00e7\u00e3o: Pexels\/Vika Glitter\"},{\"@type\":\"BreadcrumbList\",\"@id\":\"https:\/\/crusoe.audiencelabs.com.br\/esses-1-000-dias-podem-ser-os-mais-importantes-de-toda-a-sua-vida-diz-medico\/#breadcrumb\",\"itemListElement\":[{\"@type\":\"ListItem\",\"position\":1,\"name\":\"Home\",\"item\":\"https:\/\/crusoe.audiencelabs.com.br\/\"},{\"@type\":\"ListItem\",\"position\":2,\"name\":\"Esses 1.000 dias podem ser os mais importantes de toda a sua vida, diz m\u00e9dico\"}]},{\"@type\":\"WebSite\",\"@id\":\"https:\/\/crusoe.audiencelabs.com.br\/#website\",\"url\":\"https:\/\/crusoe.audiencelabs.com.br\/\",\"name\":\"Variedades - Cruso\u00e9\",\"description\":\"\",\"potentialAction\":[{\"@type\":\"SearchAction\",\"target\":{\"@type\":\"EntryPoint\",\"urlTemplate\":\"https:\/\/crusoe.audiencelabs.com.br\/?s={search_term_string}\"},\"query-input\":{\"@type\":\"PropertyValueSpecification\",\"valueRequired\":true,\"valueName\":\"search_term_string\"}}],\"inLanguage\":\"pt-BR\"},{\"@type\":\"Person\",\"@id\":\"https:\/\/crusoe.audiencelabs.com.br\/#\/schema\/person\/f87f73cfe89e5360de2c006bd4bd6a74\",\"name\":\"Milena Armando\",\"image\":{\"@type\":\"ImageObject\",\"inLanguage\":\"pt-BR\",\"@id\":\"https:\/\/crusoe.audiencelabs.com.br\/#\/schema\/person\/image\/\",\"url\":\"https:\/\/secure.gravatar.com\/avatar\/ea14ecddc9e9d202b698b18f9f69e09c9fd74cfbed5c6008d55f11faefdbdab7?s=96&d=mm&r=g\",\"contentUrl\":\"https:\/\/secure.gravatar.com\/avatar\/ea14ecddc9e9d202b698b18f9f69e09c9fd74cfbed5c6008d55f11faefdbdab7?s=96&d=mm&r=g\",\"caption\":\"Milena Armando\"},\"description\":\"Jornalista, redatora e revisora.\",\"url\":\"https:\/\/crusoe.audiencelabs.com.br\/author\/milena\/\"}]}<\/script>\n<!-- \/ Yoast SEO plugin. -->","yoast_head_json":{"title":"Esses 1.000 dias podem ser os mais importantes de toda a sua vida, diz m\u00e9dico","robots":{"index":"index","follow":"follow","max-snippet":"max-snippet:-1","max-image-preview":"max-image-preview:large","max-video-preview":"max-video-preview:-1"},"canonical":"https:\/\/crusoe.audiencelabs.com.br\/esses-1-000-dias-podem-ser-os-mais-importantes-de-toda-a-sua-vida-diz-medico\/","og_locale":"pt_BR","og_type":"article","og_title":"Esses 1.000 dias podem ser os mais importantes de toda a sua vida, diz m\u00e9dico","og_description":"Os primeiros 1.000 dias de vida, per\u00edodo que vai da gesta\u00e7\u00e3o at\u00e9 cerca de dois anos de idade, s\u00e3o considerados determinantes para o desenvolvimento f\u00edsico, emocional e cognitivo de uma pessoa.\u00a0 A avalia\u00e7\u00e3o \u00e9 do pediatra Daniel Becker, que acaba de lan\u00e7ar um guia com orienta\u00e7\u00f5es voltadas a pais e cuidadores sobre essa fase inicial [&hellip;]","og_url":"https:\/\/crusoe.audiencelabs.com.br\/esses-1-000-dias-podem-ser-os-mais-importantes-de-toda-a-sua-vida-diz-medico\/","og_site_name":"Variedades - Cruso\u00e9","article_published_time":"2026-03-15T21:04:08+00:00","og_image":[{"width":2560,"height":1707,"url":"https:\/\/cdn.crusoe.com.br\/uploads\/2026\/03\/pexels-vika-glitter-392079-1648374-scaled.jpg","type":"image\/jpeg"}],"author":"Milena Armando","twitter_card":"summary_large_image","twitter_misc":{"Escrito por":"Milena Armando","Est. tempo de leitura":"3 minutos"},"schema":{"@context":"https:\/\/schema.org","@graph":[{"@type":"WebPage","@id":"https:\/\/crusoe.audiencelabs.com.br\/esses-1-000-dias-podem-ser-os-mais-importantes-de-toda-a-sua-vida-diz-medico\/","url":"https:\/\/crusoe.audiencelabs.com.br\/esses-1-000-dias-podem-ser-os-mais-importantes-de-toda-a-sua-vida-diz-medico\/","name":"Esses 1.000 dias podem ser os mais importantes de toda a sua vida, diz m\u00e9dico","isPartOf":{"@id":"https:\/\/crusoe.audiencelabs.com.br\/#website"},"primaryImageOfPage":{"@id":"https:\/\/crusoe.audiencelabs.com.br\/esses-1-000-dias-podem-ser-os-mais-importantes-de-toda-a-sua-vida-diz-medico\/#primaryimage"},"image":{"@id":"https:\/\/crusoe.audiencelabs.com.br\/esses-1-000-dias-podem-ser-os-mais-importantes-de-toda-a-sua-vida-diz-medico\/#primaryimage"},"thumbnailUrl":"https:\/\/cdn.crusoe.com.br\/uploads\/2026\/03\/pexels-vika-glitter-392079-1648374-scaled.jpg","datePublished":"2026-03-15T21:04:08+00:00","author":{"@id":"https:\/\/crusoe.audiencelabs.com.br\/#\/schema\/person\/f87f73cfe89e5360de2c006bd4bd6a74"},"breadcrumb":{"@id":"https:\/\/crusoe.audiencelabs.com.br\/esses-1-000-dias-podem-ser-os-mais-importantes-de-toda-a-sua-vida-diz-medico\/#breadcrumb"},"inLanguage":"pt-BR","potentialAction":[{"@type":"ReadAction","target":["https:\/\/crusoe.audiencelabs.com.br\/esses-1-000-dias-podem-ser-os-mais-importantes-de-toda-a-sua-vida-diz-medico\/"]}]},{"@type":"ImageObject","inLanguage":"pt-BR","@id":"https:\/\/crusoe.audiencelabs.com.br\/esses-1-000-dias-podem-ser-os-mais-importantes-de-toda-a-sua-vida-diz-medico\/#primaryimage","url":"https:\/\/cdn.crusoe.com.br\/uploads\/2026\/03\/pexels-vika-glitter-392079-1648374-scaled.jpg","contentUrl":"https:\/\/cdn.crusoe.com.br\/uploads\/2026\/03\/pexels-vika-glitter-392079-1648374-scaled.jpg","width":2560,"height":1707,"caption":"Reprodu\u00e7\u00e3o: Pexels\/Vika Glitter"},{"@type":"BreadcrumbList","@id":"https:\/\/crusoe.audiencelabs.com.br\/esses-1-000-dias-podem-ser-os-mais-importantes-de-toda-a-sua-vida-diz-medico\/#breadcrumb","itemListElement":[{"@type":"ListItem","position":1,"name":"Home","item":"https:\/\/crusoe.audiencelabs.com.br\/"},{"@type":"ListItem","position":2,"name":"Esses 1.000 dias podem ser os mais importantes de toda a sua vida, diz m\u00e9dico"}]},{"@type":"WebSite","@id":"https:\/\/crusoe.audiencelabs.com.br\/#website","url":"https:\/\/crusoe.audiencelabs.com.br\/","name":"Variedades - Cruso\u00e9","description":"","potentialAction":[{"@type":"SearchAction","target":{"@type":"EntryPoint","urlTemplate":"https:\/\/crusoe.audiencelabs.com.br\/?s={search_term_string}"},"query-input":{"@type":"PropertyValueSpecification","valueRequired":true,"valueName":"search_term_string"}}],"inLanguage":"pt-BR"},{"@type":"Person","@id":"https:\/\/crusoe.audiencelabs.com.br\/#\/schema\/person\/f87f73cfe89e5360de2c006bd4bd6a74","name":"Milena Armando","image":{"@type":"ImageObject","inLanguage":"pt-BR","@id":"https:\/\/crusoe.audiencelabs.com.br\/#\/schema\/person\/image\/","url":"https:\/\/secure.gravatar.com\/avatar\/ea14ecddc9e9d202b698b18f9f69e09c9fd74cfbed5c6008d55f11faefdbdab7?s=96&d=mm&r=g","contentUrl":"https:\/\/secure.gravatar.com\/avatar\/ea14ecddc9e9d202b698b18f9f69e09c9fd74cfbed5c6008d55f11faefdbdab7?s=96&d=mm&r=g","caption":"Milena Armando"},"description":"Jornalista, redatora e revisora.","url":"https:\/\/crusoe.audiencelabs.com.br\/author\/milena\/"}]}},"_links":{"self":[{"href":"https:\/\/crusoe.audiencelabs.com.br\/wp-json\/wp\/v2\/posts\/34055","targetHints":{"allow":["GET"]}}],"collection":[{"href":"https:\/\/crusoe.audiencelabs.com.br\/wp-json\/wp\/v2\/posts"}],"about":[{"href":"https:\/\/crusoe.audiencelabs.com.br\/wp-json\/wp\/v2\/types\/post"}],"author":[{"embeddable":true,"href":"https:\/\/crusoe.audiencelabs.com.br\/wp-json\/wp\/v2\/users\/5"}],"replies":[{"embeddable":true,"href":"https:\/\/crusoe.audiencelabs.com.br\/wp-json\/wp\/v2\/comments?post=34055"}],"version-history":[{"count":3,"href":"https:\/\/crusoe.audiencelabs.com.br\/wp-json\/wp\/v2\/posts\/34055\/revisions"}],"predecessor-version":[{"id":34138,"href":"https:\/\/crusoe.audiencelabs.com.br\/wp-json\/wp\/v2\/posts\/34055\/revisions\/34138"}],"wp:featuredmedia":[{"embeddable":true,"href":"https:\/\/crusoe.audiencelabs.com.br\/wp-json\/wp\/v2\/media\/34056"}],"wp:attachment":[{"href":"https:\/\/crusoe.audiencelabs.com.br\/wp-json\/wp\/v2\/media?parent=34055"}],"wp:term":[{"taxonomy":"category","embeddable":true,"href":"https:\/\/crusoe.audiencelabs.com.br\/wp-json\/wp\/v2\/categories?post=34055"},{"taxonomy":"post_tag","embeddable":true,"href":"https:\/\/crusoe.audiencelabs.com.br\/wp-json\/wp\/v2\/tags?post=34055"}],"curies":[{"name":"wp","href":"https:\/\/api.w.org\/{rel}","templated":true}]}}