{"id":34022,"date":"2026-03-13T14:08:41","date_gmt":"2026-03-13T17:08:41","guid":{"rendered":"https:\/\/crusoe.audiencelabs.com.br\/?p=34022"},"modified":"2026-03-20T13:26:27","modified_gmt":"2026-03-20T16:26:27","slug":"ela-ficou-desaparecida-por-quase-6-anos-agora-foi-encontrada-vivendo-com-outro-nome","status":"publish","type":"post","link":"https:\/\/crusoe.audiencelabs.com.br\/ela-ficou-desaparecida-por-quase-6-anos-agora-foi-encontrada-vivendo-com-outro-nome\/","title":{"rendered":"Ela ficou desaparecida por quase 6 anos, agora foi encontrada vivendo com outro nome"},"content":{"rendered":"<p><span style=\"font-weight: 400\">Uma menina que estava desaparecida h\u00e1 quase seis anos nos Estados Unidos foi encontrada ap\u00f3s autoridades descobrirem que ela <strong>frequentava uma escola sob uma identidade falsa<\/strong>. O caso, que come\u00e7ou em 2020, ganhou um desfecho positivo depois de anos de investiga\u00e7\u00e3o.<\/span><\/p>\n<p><span style=\"font-weight: 400\">A crian\u00e7a, que hoje tem 11 anos, havia desaparecido em 2 de junho de 2020, quando tinha 5 anos, na cidade de <strong>Duarte, no estado da Calif\u00f3rnia<\/strong>. Desde ent\u00e3o, o caso era tratado como sequestro e constava em registros de crian\u00e7as desaparecidas.<\/span><\/p>\n<h2><span style=\"font-weight: 400\">Descoberta ap\u00f3s nova pista<\/span><\/h2>\n<p><span style=\"font-weight: 400\">A localiza\u00e7\u00e3o da menina ocorreu ap\u00f3s investigadores receberem uma pista indicando que ela poderia estar vivendo em <strong>Washington County, na Carolina do Norte<\/strong>.\u00a0<\/span><\/p>\n<p><span style=\"font-weight: 400\">Ao verificar a informa\u00e7\u00e3o, as autoridades confirmaram que a crian\u00e7a estava matriculada em uma escola local usando um nome diferente.<\/span><\/p>\n<p><span style=\"font-weight: 400\">Ap\u00f3s a confirma\u00e7\u00e3o da identidade, policiais foram at\u00e9 o local e colocaram a menina sob cust\u00f3dia protetiva, garantindo sua seguran\u00e7a. <\/span><\/p>\n<p><span style=\"font-weight: 400\">A descoberta aconteceu no \u00faltimo dia 10 de mar\u00e7o e envolveu a coopera\u00e7\u00e3o entre autoridades da Calif\u00f3rnia e da Carolina do Norte.<\/span><\/p>\n<h2><span style=\"font-weight: 400\">Suspeita de sequestro familiar<\/span><\/h2>\n<p><span style=\"font-weight: 400\">De acordo com as investiga\u00e7\u00f5es, a m\u00e3e da crian\u00e7a, que tinha a guarda no momento do desaparecimento, deixou de se comunicar com os servi\u00e7os de prote\u00e7\u00e3o \u00e0 inf\u00e2ncia e passou a ser considerada suspeita de ter levado a filha.<\/span><\/p>\n<p><span style=\"font-weight: 400\">Apesar dos anos sem pistas, as autoridades afirmaram que a colabora\u00e7\u00e3o entre diferentes \u00f3rg\u00e3os policiais foi essencial para localizar a menina.<\/span><\/p>\n<h2><span style=\"font-weight: 400\">Desfecho positivo<\/span><\/h2>\n<p><span style=\"font-weight: 400\">Segundo o escrit\u00f3rio do xerife respons\u00e1vel pela investiga\u00e7\u00e3o, casos de crian\u00e7as desaparecidas que permanecem sem solu\u00e7\u00e3o por tantos anos e depois t\u00eam um final positivo s\u00e3o raros. <\/span><span style=\"font-weight: 400\">A recupera\u00e7\u00e3o da menina foi considerada um exemplo da import\u00e2ncia da persist\u00eancia nas investiga\u00e7\u00f5es.<\/span><\/p>\n<p><span style=\"font-weight: 400\">A identidade da crian\u00e7a n\u00e3o foi divulgada oficialmente para preservar sua privacidade, e o caso segue em investiga\u00e7\u00e3o para esclarecer todas as circunst\u00e2ncias do desaparecimento.\u00a0<\/span><\/p>\n","protected":false},"excerpt":{"rendered":"<p>Uma menina que estava desaparecida h\u00e1 quase seis anos nos Estados Unidos foi encontrada ap\u00f3s autoridades descobrirem que ela frequentava uma escola sob uma identidade falsa. O caso, que come\u00e7ou em 2020, ganhou um desfecho positivo depois de anos de investiga\u00e7\u00e3o. A crian\u00e7a, que hoje tem 11 anos, havia desaparecido em 2 de junho de [&hellip;]<\/p>\n","protected":false},"author":5,"featured_media":34023,"comment_status":"open","ping_status":"open","sticky":false,"template":"","format":"standard","meta":{"jnews-multi-image_gallery":[],"jnews_single_post":{"subtitle":"","format":"standard","jnews_video_option_group":[[]],"override":[{"template":"2","parallax":"1","fullscreen":"1","layout":"right-sidebar","sidebar":"default-sidebar","second_sidebar":"default-sidebar","sticky_sidebar":"1","share_position":"hide","share_float_style":"share-monocrhome","show_featured":"1","show_post_meta":"1","show_post_author":"1","show_post_date":"1","post_date_format":"default","post_date_format_custom":"Y\/m\/d","show_post_category":"1","show_post_reading_time":"0","post_reading_time_wpm":"300","post_calculate_word_method":"str_word_count","show_zoom_button":"0","zoom_button_out_step":"2","zoom_button_in_step":"3","show_post_tag":"1","show_popup_post":"1","number_popup_post":"1","show_author_box":"1","show_post_related":"0"}],"image_override":[{"single_post_thumbnail_size":"crop-500","single_post_gallery_size":"crop-500"}],"trending_post_position":"meta","trending_post_label":"Trending","sponsored_post_label":"Sponsored by","disable_ad":"0"},"jnews_primary_category":[],"jnews_override_counter":{"view_counter_number":"0","share_counter_number":"0","like_counter_number":"0","dislike_counter_number":"0"},"jnews_post_split":{"post_split":[{"template":"1","tag":"h2","numbering":"asc","mode":"normal","first":"0","enable_toc":"0","toc_type":"normal"}]},"footnotes":""},"categories":[1],"tags":[6111,71],"class_list":["post-34022","post","type-post","status-publish","format-standard","has-post-thumbnail","hentry","category-geral","tag-crianca-desaparecida","tag-estados-unidos"],"yoast_head":"<!-- This site is optimized with the Yoast SEO plugin v25.0 - https:\/\/yoast.com\/wordpress\/plugins\/seo\/ -->\n<title>Ela ficou desaparecida por quase 6 anos, agora foi encontrada vivendo com outro nome<\/title>\n<meta name=\"robots\" content=\"index, follow, max-snippet:-1, max-image-preview:large, max-video-preview:-1\" \/>\n<link rel=\"canonical\" href=\"https:\/\/crusoe.audiencelabs.com.br\/ela-ficou-desaparecida-por-quase-6-anos-agora-foi-encontrada-vivendo-com-outro-nome\/\" \/>\n<meta property=\"og:locale\" content=\"pt_BR\" \/>\n<meta property=\"og:type\" content=\"article\" \/>\n<meta property=\"og:title\" content=\"Ela ficou desaparecida por quase 6 anos, agora foi encontrada vivendo com outro nome\" \/>\n<meta property=\"og:description\" content=\"Uma menina que estava desaparecida h\u00e1 quase seis anos nos Estados Unidos foi encontrada ap\u00f3s autoridades descobrirem que ela frequentava uma escola sob uma identidade falsa. O caso, que come\u00e7ou em 2020, ganhou um desfecho positivo depois de anos de investiga\u00e7\u00e3o. A crian\u00e7a, que hoje tem 11 anos, havia desaparecido em 2 de junho de [&hellip;]\" \/>\n<meta property=\"og:url\" content=\"https:\/\/crusoe.audiencelabs.com.br\/ela-ficou-desaparecida-por-quase-6-anos-agora-foi-encontrada-vivendo-com-outro-nome\/\" \/>\n<meta property=\"og:site_name\" content=\"Variedades - Cruso\u00e9\" \/>\n<meta property=\"article:published_time\" content=\"2026-03-13T17:08:41+00:00\" \/>\n<meta property=\"article:modified_time\" content=\"2026-03-20T16:26:27+00:00\" \/>\n<meta property=\"og:image\" content=\"https:\/\/cdn.crusoe.com.br\/uploads\/2026\/03\/Captura-de-tela-2026-03-12-221312.jpg\" \/>\n\t<meta property=\"og:image:width\" content=\"446\" \/>\n\t<meta property=\"og:image:height\" content=\"215\" \/>\n\t<meta property=\"og:image:type\" content=\"image\/jpeg\" \/>\n<meta name=\"author\" content=\"Milena Armando\" \/>\n<meta name=\"twitter:card\" content=\"summary_large_image\" \/>\n<meta name=\"twitter:label1\" content=\"Escrito por\" \/>\n\t<meta name=\"twitter:data1\" content=\"Milena Armando\" \/>\n\t<meta name=\"twitter:label2\" content=\"Est. tempo de leitura\" \/>\n\t<meta name=\"twitter:data2\" content=\"2 minutos\" \/>\n<script type=\"application\/ld+json\" class=\"yoast-schema-graph\">{\"@context\":\"https:\/\/schema.org\",\"@graph\":[{\"@type\":\"WebPage\",\"@id\":\"https:\/\/crusoe.audiencelabs.com.br\/ela-ficou-desaparecida-por-quase-6-anos-agora-foi-encontrada-vivendo-com-outro-nome\/\",\"url\":\"https:\/\/crusoe.audiencelabs.com.br\/ela-ficou-desaparecida-por-quase-6-anos-agora-foi-encontrada-vivendo-com-outro-nome\/\",\"name\":\"Ela ficou desaparecida por quase 6 anos, agora foi encontrada vivendo com outro nome\",\"isPartOf\":{\"@id\":\"https:\/\/crusoe.audiencelabs.com.br\/#website\"},\"primaryImageOfPage\":{\"@id\":\"https:\/\/crusoe.audiencelabs.com.br\/ela-ficou-desaparecida-por-quase-6-anos-agora-foi-encontrada-vivendo-com-outro-nome\/#primaryimage\"},\"image\":{\"@id\":\"https:\/\/crusoe.audiencelabs.com.br\/ela-ficou-desaparecida-por-quase-6-anos-agora-foi-encontrada-vivendo-com-outro-nome\/#primaryimage\"},\"thumbnailUrl\":\"https:\/\/cdn.crusoe.com.br\/uploads\/2026\/03\/Captura-de-tela-2026-03-12-221312.jpg\",\"datePublished\":\"2026-03-13T17:08:41+00:00\",\"dateModified\":\"2026-03-20T16:26:27+00:00\",\"author\":{\"@id\":\"https:\/\/crusoe.audiencelabs.com.br\/#\/schema\/person\/f87f73cfe89e5360de2c006bd4bd6a74\"},\"breadcrumb\":{\"@id\":\"https:\/\/crusoe.audiencelabs.com.br\/ela-ficou-desaparecida-por-quase-6-anos-agora-foi-encontrada-vivendo-com-outro-nome\/#breadcrumb\"},\"inLanguage\":\"pt-BR\",\"potentialAction\":[{\"@type\":\"ReadAction\",\"target\":[\"https:\/\/crusoe.audiencelabs.com.br\/ela-ficou-desaparecida-por-quase-6-anos-agora-foi-encontrada-vivendo-com-outro-nome\/\"]}]},{\"@type\":\"ImageObject\",\"inLanguage\":\"pt-BR\",\"@id\":\"https:\/\/crusoe.audiencelabs.com.br\/ela-ficou-desaparecida-por-quase-6-anos-agora-foi-encontrada-vivendo-com-outro-nome\/#primaryimage\",\"url\":\"https:\/\/cdn.crusoe.com.br\/uploads\/2026\/03\/Captura-de-tela-2026-03-12-221312.jpg\",\"contentUrl\":\"https:\/\/cdn.crusoe.com.br\/uploads\/2026\/03\/Captura-de-tela-2026-03-12-221312.jpg\",\"width\":446,\"height\":215,\"caption\":\"Reprodu\u00e7\u00e3o: Pexels\/Emma Bauso\"},{\"@type\":\"BreadcrumbList\",\"@id\":\"https:\/\/crusoe.audiencelabs.com.br\/ela-ficou-desaparecida-por-quase-6-anos-agora-foi-encontrada-vivendo-com-outro-nome\/#breadcrumb\",\"itemListElement\":[{\"@type\":\"ListItem\",\"position\":1,\"name\":\"Home\",\"item\":\"https:\/\/crusoe.audiencelabs.com.br\/\"},{\"@type\":\"ListItem\",\"position\":2,\"name\":\"Ela ficou desaparecida por quase 6 anos, agora foi encontrada vivendo com outro nome\"}]},{\"@type\":\"WebSite\",\"@id\":\"https:\/\/crusoe.audiencelabs.com.br\/#website\",\"url\":\"https:\/\/crusoe.audiencelabs.com.br\/\",\"name\":\"Variedades - Cruso\u00e9\",\"description\":\"\",\"potentialAction\":[{\"@type\":\"SearchAction\",\"target\":{\"@type\":\"EntryPoint\",\"urlTemplate\":\"https:\/\/crusoe.audiencelabs.com.br\/?s={search_term_string}\"},\"query-input\":{\"@type\":\"PropertyValueSpecification\",\"valueRequired\":true,\"valueName\":\"search_term_string\"}}],\"inLanguage\":\"pt-BR\"},{\"@type\":\"Person\",\"@id\":\"https:\/\/crusoe.audiencelabs.com.br\/#\/schema\/person\/f87f73cfe89e5360de2c006bd4bd6a74\",\"name\":\"Milena Armando\",\"image\":{\"@type\":\"ImageObject\",\"inLanguage\":\"pt-BR\",\"@id\":\"https:\/\/crusoe.audiencelabs.com.br\/#\/schema\/person\/image\/\",\"url\":\"https:\/\/secure.gravatar.com\/avatar\/ea14ecddc9e9d202b698b18f9f69e09c9fd74cfbed5c6008d55f11faefdbdab7?s=96&d=mm&r=g\",\"contentUrl\":\"https:\/\/secure.gravatar.com\/avatar\/ea14ecddc9e9d202b698b18f9f69e09c9fd74cfbed5c6008d55f11faefdbdab7?s=96&d=mm&r=g\",\"caption\":\"Milena Armando\"},\"description\":\"Jornalista, redatora e revisora.\",\"url\":\"https:\/\/crusoe.audiencelabs.com.br\/author\/milena\/\"}]}<\/script>\n<!-- \/ Yoast SEO plugin. -->","yoast_head_json":{"title":"Ela ficou desaparecida por quase 6 anos, agora foi encontrada vivendo com outro nome","robots":{"index":"index","follow":"follow","max-snippet":"max-snippet:-1","max-image-preview":"max-image-preview:large","max-video-preview":"max-video-preview:-1"},"canonical":"https:\/\/crusoe.audiencelabs.com.br\/ela-ficou-desaparecida-por-quase-6-anos-agora-foi-encontrada-vivendo-com-outro-nome\/","og_locale":"pt_BR","og_type":"article","og_title":"Ela ficou desaparecida por quase 6 anos, agora foi encontrada vivendo com outro nome","og_description":"Uma menina que estava desaparecida h\u00e1 quase seis anos nos Estados Unidos foi encontrada ap\u00f3s autoridades descobrirem que ela frequentava uma escola sob uma identidade falsa. O caso, que come\u00e7ou em 2020, ganhou um desfecho positivo depois de anos de investiga\u00e7\u00e3o. A crian\u00e7a, que hoje tem 11 anos, havia desaparecido em 2 de junho de [&hellip;]","og_url":"https:\/\/crusoe.audiencelabs.com.br\/ela-ficou-desaparecida-por-quase-6-anos-agora-foi-encontrada-vivendo-com-outro-nome\/","og_site_name":"Variedades - Cruso\u00e9","article_published_time":"2026-03-13T17:08:41+00:00","article_modified_time":"2026-03-20T16:26:27+00:00","og_image":[{"width":446,"height":215,"url":"https:\/\/cdn.crusoe.com.br\/uploads\/2026\/03\/Captura-de-tela-2026-03-12-221312.jpg","type":"image\/jpeg"}],"author":"Milena Armando","twitter_card":"summary_large_image","twitter_misc":{"Escrito por":"Milena Armando","Est. tempo de leitura":"2 minutos"},"schema":{"@context":"https:\/\/schema.org","@graph":[{"@type":"WebPage","@id":"https:\/\/crusoe.audiencelabs.com.br\/ela-ficou-desaparecida-por-quase-6-anos-agora-foi-encontrada-vivendo-com-outro-nome\/","url":"https:\/\/crusoe.audiencelabs.com.br\/ela-ficou-desaparecida-por-quase-6-anos-agora-foi-encontrada-vivendo-com-outro-nome\/","name":"Ela ficou desaparecida por quase 6 anos, agora foi encontrada vivendo com outro nome","isPartOf":{"@id":"https:\/\/crusoe.audiencelabs.com.br\/#website"},"primaryImageOfPage":{"@id":"https:\/\/crusoe.audiencelabs.com.br\/ela-ficou-desaparecida-por-quase-6-anos-agora-foi-encontrada-vivendo-com-outro-nome\/#primaryimage"},"image":{"@id":"https:\/\/crusoe.audiencelabs.com.br\/ela-ficou-desaparecida-por-quase-6-anos-agora-foi-encontrada-vivendo-com-outro-nome\/#primaryimage"},"thumbnailUrl":"https:\/\/cdn.crusoe.com.br\/uploads\/2026\/03\/Captura-de-tela-2026-03-12-221312.jpg","datePublished":"2026-03-13T17:08:41+00:00","dateModified":"2026-03-20T16:26:27+00:00","author":{"@id":"https:\/\/crusoe.audiencelabs.com.br\/#\/schema\/person\/f87f73cfe89e5360de2c006bd4bd6a74"},"breadcrumb":{"@id":"https:\/\/crusoe.audiencelabs.com.br\/ela-ficou-desaparecida-por-quase-6-anos-agora-foi-encontrada-vivendo-com-outro-nome\/#breadcrumb"},"inLanguage":"pt-BR","potentialAction":[{"@type":"ReadAction","target":["https:\/\/crusoe.audiencelabs.com.br\/ela-ficou-desaparecida-por-quase-6-anos-agora-foi-encontrada-vivendo-com-outro-nome\/"]}]},{"@type":"ImageObject","inLanguage":"pt-BR","@id":"https:\/\/crusoe.audiencelabs.com.br\/ela-ficou-desaparecida-por-quase-6-anos-agora-foi-encontrada-vivendo-com-outro-nome\/#primaryimage","url":"https:\/\/cdn.crusoe.com.br\/uploads\/2026\/03\/Captura-de-tela-2026-03-12-221312.jpg","contentUrl":"https:\/\/cdn.crusoe.com.br\/uploads\/2026\/03\/Captura-de-tela-2026-03-12-221312.jpg","width":446,"height":215,"caption":"Reprodu\u00e7\u00e3o: Pexels\/Emma Bauso"},{"@type":"BreadcrumbList","@id":"https:\/\/crusoe.audiencelabs.com.br\/ela-ficou-desaparecida-por-quase-6-anos-agora-foi-encontrada-vivendo-com-outro-nome\/#breadcrumb","itemListElement":[{"@type":"ListItem","position":1,"name":"Home","item":"https:\/\/crusoe.audiencelabs.com.br\/"},{"@type":"ListItem","position":2,"name":"Ela ficou desaparecida por quase 6 anos, agora foi encontrada vivendo com outro nome"}]},{"@type":"WebSite","@id":"https:\/\/crusoe.audiencelabs.com.br\/#website","url":"https:\/\/crusoe.audiencelabs.com.br\/","name":"Variedades - Cruso\u00e9","description":"","potentialAction":[{"@type":"SearchAction","target":{"@type":"EntryPoint","urlTemplate":"https:\/\/crusoe.audiencelabs.com.br\/?s={search_term_string}"},"query-input":{"@type":"PropertyValueSpecification","valueRequired":true,"valueName":"search_term_string"}}],"inLanguage":"pt-BR"},{"@type":"Person","@id":"https:\/\/crusoe.audiencelabs.com.br\/#\/schema\/person\/f87f73cfe89e5360de2c006bd4bd6a74","name":"Milena Armando","image":{"@type":"ImageObject","inLanguage":"pt-BR","@id":"https:\/\/crusoe.audiencelabs.com.br\/#\/schema\/person\/image\/","url":"https:\/\/secure.gravatar.com\/avatar\/ea14ecddc9e9d202b698b18f9f69e09c9fd74cfbed5c6008d55f11faefdbdab7?s=96&d=mm&r=g","contentUrl":"https:\/\/secure.gravatar.com\/avatar\/ea14ecddc9e9d202b698b18f9f69e09c9fd74cfbed5c6008d55f11faefdbdab7?s=96&d=mm&r=g","caption":"Milena Armando"},"description":"Jornalista, redatora e revisora.","url":"https:\/\/crusoe.audiencelabs.com.br\/author\/milena\/"}]}},"_links":{"self":[{"href":"https:\/\/crusoe.audiencelabs.com.br\/wp-json\/wp\/v2\/posts\/34022","targetHints":{"allow":["GET"]}}],"collection":[{"href":"https:\/\/crusoe.audiencelabs.com.br\/wp-json\/wp\/v2\/posts"}],"about":[{"href":"https:\/\/crusoe.audiencelabs.com.br\/wp-json\/wp\/v2\/types\/post"}],"author":[{"embeddable":true,"href":"https:\/\/crusoe.audiencelabs.com.br\/wp-json\/wp\/v2\/users\/5"}],"replies":[{"embeddable":true,"href":"https:\/\/crusoe.audiencelabs.com.br\/wp-json\/wp\/v2\/comments?post=34022"}],"version-history":[{"count":4,"href":"https:\/\/crusoe.audiencelabs.com.br\/wp-json\/wp\/v2\/posts\/34022\/revisions"}],"predecessor-version":[{"id":34599,"href":"https:\/\/crusoe.audiencelabs.com.br\/wp-json\/wp\/v2\/posts\/34022\/revisions\/34599"}],"wp:featuredmedia":[{"embeddable":true,"href":"https:\/\/crusoe.audiencelabs.com.br\/wp-json\/wp\/v2\/media\/34023"}],"wp:attachment":[{"href":"https:\/\/crusoe.audiencelabs.com.br\/wp-json\/wp\/v2\/media?parent=34022"}],"wp:term":[{"taxonomy":"category","embeddable":true,"href":"https:\/\/crusoe.audiencelabs.com.br\/wp-json\/wp\/v2\/categories?post=34022"},{"taxonomy":"post_tag","embeddable":true,"href":"https:\/\/crusoe.audiencelabs.com.br\/wp-json\/wp\/v2\/tags?post=34022"}],"curies":[{"name":"wp","href":"https:\/\/api.w.org\/{rel}","templated":true}]}}