{"id":34018,"date":"2026-03-13T13:03:38","date_gmt":"2026-03-13T16:03:38","guid":{"rendered":"https:\/\/crusoe.audiencelabs.com.br\/?p=34018"},"modified":"2026-03-13T07:59:35","modified_gmt":"2026-03-13T10:59:35","slug":"a-psicologia-afirma-que-algumas-dores-fisicas-na-velhice-nao-sao-realmente-fisicas-mas-estao-relacionadas-a-essas-11-emocoes-ha-muito-reprimidas","status":"publish","type":"post","link":"https:\/\/crusoe.audiencelabs.com.br\/a-psicologia-afirma-que-algumas-dores-fisicas-na-velhice-nao-sao-realmente-fisicas-mas-estao-relacionadas-a-essas-11-emocoes-ha-muito-reprimidas\/","title":{"rendered":"A psicologia afirma que algumas dores f\u00edsicas na velhice n\u00e3o s\u00e3o realmente f\u00edsicas, mas est\u00e3o relacionadas a essas emo\u00e7\u00f5es h\u00e1 muito reprimidas"},"content":{"rendered":"<p><span style=\"font-weight: 400\"><strong>Dores persistentes <\/strong>nas costas, no pesco\u00e7o ou na cabe\u00e7a, comuns em pessoas mais velhas, podem nem sempre ter origem exclusivamente f\u00edsica.<\/span><\/p>\n<p><span style=\"font-weight: 400\">Segundo especialistas em psicologia, alguns desses desconfortos podem estar associados a<strong> emo\u00e7\u00f5es reprimidas ao longo da vida,<\/strong> como tristeza, raiva ou culpa.\u00a0<\/span><\/p>\n<p><span style=\"font-weight: 400\">Experi\u00eancias emocionais n\u00e3o resolvidas podem permanecer guardadas por anos e se manifestar posteriormente em forma de sintomas f\u00edsicos. <\/span><\/p>\n<p><span style=\"font-weight: 400\">Isso ocorre porque o organismo reage ao estresse emocional de maneira semelhante ao estresse f\u00edsico, mantendo o corpo em estado constante de tens\u00e3o. Saiba mais!\u00a0<\/span><\/p>\n<h2><span style=\"font-weight: 400\">Emo\u00e7\u00f5es que podem se transformar em sintomas f\u00edsicos<\/span><\/h2>\n<p><span style=\"font-weight: 400\">Entre os fatores apontados por especialistas est\u00e3o o <strong>luto n\u00e3o processado, a raiva reprimida, a ansiedade prolongada e a solid\u00e3o cr\u00f4nica.\u00a0<\/strong><\/span><\/p>\n<p><span style=\"font-weight: 400\">Quando esses sentimentos n\u00e3o s\u00e3o reconhecidos ou expressos, podem provocar altera\u00e7\u00f5es no organismo, como <strong>tens\u00e3o muscular, dores e problemas digestivos<\/strong>.<\/span><\/p>\n<p><span style=\"font-weight: 400\">Emo\u00e7\u00f5es como <strong>vergonha, ressentimento e culpa<\/strong> tamb\u00e9m podem contribuir para processos inflamat\u00f3rios no corpo. <\/span><span style=\"font-weight: 400\">Em alguns casos, esses fatores emocionais est\u00e3o associados a <strong>fadiga, enxaquecas e dores musculares recorrentes.<\/strong><\/span><\/p>\n<h2><span style=\"font-weight: 400\">Corpo e mente est\u00e3o mais conectados do que se imagina<\/span><\/h2>\n<p><span style=\"font-weight: 400\">Estudos cient\u00edficos refor\u00e7am essa <strong>liga\u00e7\u00e3o entre sa\u00fade mental e f\u00edsica<\/strong>. Pesquisas com adultos mais velhos mostram que sintomas de depress\u00e3o e solid\u00e3o podem aparecer anos antes do in\u00edcio de dores cr\u00f4nicas, sugerindo que o estado emocional influencia o surgimento desses problemas.<\/span><\/p>\n<p><span style=\"font-weight: 400\">Segundo especialistas, emo\u00e7\u00f5es reprimidas podem manter o sistema nervoso em constante estado de alerta, conhecido como resposta de \u201cluta ou fuga\u201d.\u00a0<\/span><\/p>\n<p><span style=\"font-weight: 400\">Esse mecanismo aumenta o n\u00edvel de estresse no organismo e pode favorecer inflama\u00e7\u00f5es, tens\u00e3o muscular e maior sensibilidade \u00e0 dor.<\/span><\/p>\n<h2><span style=\"font-weight: 400\">Import\u00e2ncia de cuidar da sa\u00fade emocional<\/span><\/h2>\n<p><span style=\"font-weight: 400\">Diante desse cen\u00e1rio, psic\u00f3logos destacam a import\u00e2ncia de reconhecer e lidar com emo\u00e7\u00f5es ao longo da vida, seja por meio de di\u00e1logo, apoio social ou acompanhamento terap\u00eautico.<\/span><\/p>\n<p><span style=\"font-weight: 400\">Embora nem toda dor f\u00edsica tenha origem emocional, especialistas alertam que ignorar sentimentos por longos per\u00edodos pode contribuir para sintomas f\u00edsicos no futuro, refor\u00e7ando a necessidade de olhar para a sa\u00fade de forma combinada, envolvendo o corpo e a mente.\u00a0<\/span><\/p>\n","protected":false},"excerpt":{"rendered":"<p>Dores persistentes nas costas, no pesco\u00e7o ou na cabe\u00e7a, comuns em pessoas mais velhas, podem nem sempre ter origem exclusivamente f\u00edsica. Segundo especialistas em psicologia, alguns desses desconfortos podem estar associados a emo\u00e7\u00f5es reprimidas ao longo da vida, como tristeza, raiva ou culpa.\u00a0 Experi\u00eancias emocionais n\u00e3o resolvidas podem permanecer guardadas por anos e se manifestar [&hellip;]<\/p>\n","protected":false},"author":5,"featured_media":34020,"comment_status":"open","ping_status":"open","sticky":false,"template":"","format":"standard","meta":{"jnews-multi-image_gallery":[],"jnews_single_post":{"subtitle":"","format":"standard","jnews_video_option_group":[[]],"override":[{"template":"2","parallax":"1","fullscreen":"1","layout":"right-sidebar","sidebar":"default-sidebar","second_sidebar":"default-sidebar","sticky_sidebar":"1","share_position":"hide","share_float_style":"share-monocrhome","show_featured":"1","show_post_meta":"1","show_post_author":"1","show_post_date":"1","post_date_format":"default","post_date_format_custom":"Y\/m\/d","show_post_category":"1","show_post_reading_time":"0","post_reading_time_wpm":"300","post_calculate_word_method":"str_word_count","show_zoom_button":"0","zoom_button_out_step":"2","zoom_button_in_step":"3","show_post_tag":"1","show_popup_post":"1","number_popup_post":"1","show_author_box":"1","show_post_related":"0"}],"image_override":[{"single_post_thumbnail_size":"crop-500","single_post_gallery_size":"crop-500"}],"trending_post_position":"meta","trending_post_label":"Trending","sponsored_post_label":"Sponsored by","disable_ad":"0"},"jnews_primary_category":[],"jnews_override_counter":{"view_counter_number":"0","share_counter_number":"0","like_counter_number":"0","dislike_counter_number":"0"},"jnews_post_split":{"post_split":[{"template":"1","tag":"h2","numbering":"asc","mode":"normal","first":"0","enable_toc":"0","toc_type":"normal"}]},"footnotes":""},"categories":[1],"tags":[6062,6110,289],"class_list":["post-34018","post","type-post","status-publish","format-standard","has-post-thumbnail","hentry","category-geral","tag-dores","tag-dores-emocionais","tag-idosos"],"yoast_head":"<!-- This site is optimized with the Yoast SEO plugin v25.0 - https:\/\/yoast.com\/wordpress\/plugins\/seo\/ -->\n<title>A psicologia afirma que algumas dores f\u00edsicas na velhice n\u00e3o s\u00e3o realmente f\u00edsicas, mas est\u00e3o relacionadas a essas emo\u00e7\u00f5es h\u00e1 muito reprimidas<\/title>\n<meta name=\"robots\" content=\"index, follow, max-snippet:-1, max-image-preview:large, max-video-preview:-1\" \/>\n<link rel=\"canonical\" href=\"https:\/\/crusoe.audiencelabs.com.br\/a-psicologia-afirma-que-algumas-dores-fisicas-na-velhice-nao-sao-realmente-fisicas-mas-estao-relacionadas-a-essas-11-emocoes-ha-muito-reprimidas\/\" \/>\n<meta property=\"og:locale\" content=\"pt_BR\" \/>\n<meta property=\"og:type\" content=\"article\" \/>\n<meta property=\"og:title\" content=\"A psicologia afirma que algumas dores f\u00edsicas na velhice n\u00e3o s\u00e3o realmente f\u00edsicas, mas est\u00e3o relacionadas a essas emo\u00e7\u00f5es h\u00e1 muito reprimidas\" \/>\n<meta property=\"og:description\" content=\"Dores persistentes nas costas, no pesco\u00e7o ou na cabe\u00e7a, comuns em pessoas mais velhas, podem nem sempre ter origem exclusivamente f\u00edsica. Segundo especialistas em psicologia, alguns desses desconfortos podem estar associados a emo\u00e7\u00f5es reprimidas ao longo da vida, como tristeza, raiva ou culpa.\u00a0 Experi\u00eancias emocionais n\u00e3o resolvidas podem permanecer guardadas por anos e se manifestar [&hellip;]\" \/>\n<meta property=\"og:url\" content=\"https:\/\/crusoe.audiencelabs.com.br\/a-psicologia-afirma-que-algumas-dores-fisicas-na-velhice-nao-sao-realmente-fisicas-mas-estao-relacionadas-a-essas-11-emocoes-ha-muito-reprimidas\/\" \/>\n<meta property=\"og:site_name\" content=\"Variedades - Cruso\u00e9\" \/>\n<meta property=\"article:published_time\" content=\"2026-03-13T16:03:38+00:00\" \/>\n<meta property=\"og:image\" content=\"https:\/\/cdn.crusoe.com.br\/uploads\/2026\/03\/Captura-de-tela-2026-03-12-220730.jpg\" \/>\n\t<meta property=\"og:image:width\" content=\"882\" \/>\n\t<meta property=\"og:image:height\" content=\"575\" \/>\n\t<meta property=\"og:image:type\" content=\"image\/jpeg\" \/>\n<meta name=\"author\" content=\"Milena Armando\" \/>\n<meta name=\"twitter:card\" content=\"summary_large_image\" \/>\n<meta name=\"twitter:label1\" content=\"Escrito por\" \/>\n\t<meta name=\"twitter:data1\" content=\"Milena Armando\" \/>\n\t<meta name=\"twitter:label2\" content=\"Est. tempo de leitura\" \/>\n\t<meta name=\"twitter:data2\" content=\"3 minutos\" \/>\n<script type=\"application\/ld+json\" class=\"yoast-schema-graph\">{\"@context\":\"https:\/\/schema.org\",\"@graph\":[{\"@type\":\"WebPage\",\"@id\":\"https:\/\/crusoe.audiencelabs.com.br\/a-psicologia-afirma-que-algumas-dores-fisicas-na-velhice-nao-sao-realmente-fisicas-mas-estao-relacionadas-a-essas-11-emocoes-ha-muito-reprimidas\/\",\"url\":\"https:\/\/crusoe.audiencelabs.com.br\/a-psicologia-afirma-que-algumas-dores-fisicas-na-velhice-nao-sao-realmente-fisicas-mas-estao-relacionadas-a-essas-11-emocoes-ha-muito-reprimidas\/\",\"name\":\"A psicologia afirma que algumas dores f\u00edsicas na velhice n\u00e3o s\u00e3o realmente f\u00edsicas, mas est\u00e3o relacionadas a essas emo\u00e7\u00f5es h\u00e1 muito reprimidas\",\"isPartOf\":{\"@id\":\"https:\/\/crusoe.audiencelabs.com.br\/#website\"},\"primaryImageOfPage\":{\"@id\":\"https:\/\/crusoe.audiencelabs.com.br\/a-psicologia-afirma-que-algumas-dores-fisicas-na-velhice-nao-sao-realmente-fisicas-mas-estao-relacionadas-a-essas-11-emocoes-ha-muito-reprimidas\/#primaryimage\"},\"image\":{\"@id\":\"https:\/\/crusoe.audiencelabs.com.br\/a-psicologia-afirma-que-algumas-dores-fisicas-na-velhice-nao-sao-realmente-fisicas-mas-estao-relacionadas-a-essas-11-emocoes-ha-muito-reprimidas\/#primaryimage\"},\"thumbnailUrl\":\"https:\/\/cdn.crusoe.com.br\/uploads\/2026\/03\/Captura-de-tela-2026-03-12-220730.jpg\",\"datePublished\":\"2026-03-13T16:03:38+00:00\",\"author\":{\"@id\":\"https:\/\/crusoe.audiencelabs.com.br\/#\/schema\/person\/f87f73cfe89e5360de2c006bd4bd6a74\"},\"breadcrumb\":{\"@id\":\"https:\/\/crusoe.audiencelabs.com.br\/a-psicologia-afirma-que-algumas-dores-fisicas-na-velhice-nao-sao-realmente-fisicas-mas-estao-relacionadas-a-essas-11-emocoes-ha-muito-reprimidas\/#breadcrumb\"},\"inLanguage\":\"pt-BR\",\"potentialAction\":[{\"@type\":\"ReadAction\",\"target\":[\"https:\/\/crusoe.audiencelabs.com.br\/a-psicologia-afirma-que-algumas-dores-fisicas-na-velhice-nao-sao-realmente-fisicas-mas-estao-relacionadas-a-essas-11-emocoes-ha-muito-reprimidas\/\"]}]},{\"@type\":\"ImageObject\",\"inLanguage\":\"pt-BR\",\"@id\":\"https:\/\/crusoe.audiencelabs.com.br\/a-psicologia-afirma-que-algumas-dores-fisicas-na-velhice-nao-sao-realmente-fisicas-mas-estao-relacionadas-a-essas-11-emocoes-ha-muito-reprimidas\/#primaryimage\",\"url\":\"https:\/\/cdn.crusoe.com.br\/uploads\/2026\/03\/Captura-de-tela-2026-03-12-220730.jpg\",\"contentUrl\":\"https:\/\/cdn.crusoe.com.br\/uploads\/2026\/03\/Captura-de-tela-2026-03-12-220730.jpg\",\"width\":882,\"height\":575,\"caption\":\"Reprodu\u00e7\u00e3o: Pexels\/Tuba Din\"},{\"@type\":\"BreadcrumbList\",\"@id\":\"https:\/\/crusoe.audiencelabs.com.br\/a-psicologia-afirma-que-algumas-dores-fisicas-na-velhice-nao-sao-realmente-fisicas-mas-estao-relacionadas-a-essas-11-emocoes-ha-muito-reprimidas\/#breadcrumb\",\"itemListElement\":[{\"@type\":\"ListItem\",\"position\":1,\"name\":\"Home\",\"item\":\"https:\/\/crusoe.audiencelabs.com.br\/\"},{\"@type\":\"ListItem\",\"position\":2,\"name\":\"A psicologia afirma que algumas dores f\u00edsicas na velhice n\u00e3o s\u00e3o realmente f\u00edsicas, mas est\u00e3o relacionadas a essas emo\u00e7\u00f5es h\u00e1 muito reprimidas\"}]},{\"@type\":\"WebSite\",\"@id\":\"https:\/\/crusoe.audiencelabs.com.br\/#website\",\"url\":\"https:\/\/crusoe.audiencelabs.com.br\/\",\"name\":\"Variedades - Cruso\u00e9\",\"description\":\"\",\"potentialAction\":[{\"@type\":\"SearchAction\",\"target\":{\"@type\":\"EntryPoint\",\"urlTemplate\":\"https:\/\/crusoe.audiencelabs.com.br\/?s={search_term_string}\"},\"query-input\":{\"@type\":\"PropertyValueSpecification\",\"valueRequired\":true,\"valueName\":\"search_term_string\"}}],\"inLanguage\":\"pt-BR\"},{\"@type\":\"Person\",\"@id\":\"https:\/\/crusoe.audiencelabs.com.br\/#\/schema\/person\/f87f73cfe89e5360de2c006bd4bd6a74\",\"name\":\"Milena Armando\",\"image\":{\"@type\":\"ImageObject\",\"inLanguage\":\"pt-BR\",\"@id\":\"https:\/\/crusoe.audiencelabs.com.br\/#\/schema\/person\/image\/\",\"url\":\"https:\/\/secure.gravatar.com\/avatar\/ea14ecddc9e9d202b698b18f9f69e09c9fd74cfbed5c6008d55f11faefdbdab7?s=96&d=mm&r=g\",\"contentUrl\":\"https:\/\/secure.gravatar.com\/avatar\/ea14ecddc9e9d202b698b18f9f69e09c9fd74cfbed5c6008d55f11faefdbdab7?s=96&d=mm&r=g\",\"caption\":\"Milena Armando\"},\"description\":\"Jornalista, redatora e revisora.\",\"url\":\"https:\/\/crusoe.audiencelabs.com.br\/author\/milena\/\"}]}<\/script>\n<!-- \/ Yoast SEO plugin. -->","yoast_head_json":{"title":"A psicologia afirma que algumas dores f\u00edsicas na velhice n\u00e3o s\u00e3o realmente f\u00edsicas, mas est\u00e3o relacionadas a essas emo\u00e7\u00f5es h\u00e1 muito reprimidas","robots":{"index":"index","follow":"follow","max-snippet":"max-snippet:-1","max-image-preview":"max-image-preview:large","max-video-preview":"max-video-preview:-1"},"canonical":"https:\/\/crusoe.audiencelabs.com.br\/a-psicologia-afirma-que-algumas-dores-fisicas-na-velhice-nao-sao-realmente-fisicas-mas-estao-relacionadas-a-essas-11-emocoes-ha-muito-reprimidas\/","og_locale":"pt_BR","og_type":"article","og_title":"A psicologia afirma que algumas dores f\u00edsicas na velhice n\u00e3o s\u00e3o realmente f\u00edsicas, mas est\u00e3o relacionadas a essas emo\u00e7\u00f5es h\u00e1 muito reprimidas","og_description":"Dores persistentes nas costas, no pesco\u00e7o ou na cabe\u00e7a, comuns em pessoas mais velhas, podem nem sempre ter origem exclusivamente f\u00edsica. Segundo especialistas em psicologia, alguns desses desconfortos podem estar associados a emo\u00e7\u00f5es reprimidas ao longo da vida, como tristeza, raiva ou culpa.\u00a0 Experi\u00eancias emocionais n\u00e3o resolvidas podem permanecer guardadas por anos e se manifestar [&hellip;]","og_url":"https:\/\/crusoe.audiencelabs.com.br\/a-psicologia-afirma-que-algumas-dores-fisicas-na-velhice-nao-sao-realmente-fisicas-mas-estao-relacionadas-a-essas-11-emocoes-ha-muito-reprimidas\/","og_site_name":"Variedades - Cruso\u00e9","article_published_time":"2026-03-13T16:03:38+00:00","og_image":[{"width":882,"height":575,"url":"https:\/\/cdn.crusoe.com.br\/uploads\/2026\/03\/Captura-de-tela-2026-03-12-220730.jpg","type":"image\/jpeg"}],"author":"Milena Armando","twitter_card":"summary_large_image","twitter_misc":{"Escrito por":"Milena Armando","Est. tempo de leitura":"3 minutos"},"schema":{"@context":"https:\/\/schema.org","@graph":[{"@type":"WebPage","@id":"https:\/\/crusoe.audiencelabs.com.br\/a-psicologia-afirma-que-algumas-dores-fisicas-na-velhice-nao-sao-realmente-fisicas-mas-estao-relacionadas-a-essas-11-emocoes-ha-muito-reprimidas\/","url":"https:\/\/crusoe.audiencelabs.com.br\/a-psicologia-afirma-que-algumas-dores-fisicas-na-velhice-nao-sao-realmente-fisicas-mas-estao-relacionadas-a-essas-11-emocoes-ha-muito-reprimidas\/","name":"A psicologia afirma que algumas dores f\u00edsicas na velhice n\u00e3o s\u00e3o realmente f\u00edsicas, mas est\u00e3o relacionadas a essas emo\u00e7\u00f5es h\u00e1 muito reprimidas","isPartOf":{"@id":"https:\/\/crusoe.audiencelabs.com.br\/#website"},"primaryImageOfPage":{"@id":"https:\/\/crusoe.audiencelabs.com.br\/a-psicologia-afirma-que-algumas-dores-fisicas-na-velhice-nao-sao-realmente-fisicas-mas-estao-relacionadas-a-essas-11-emocoes-ha-muito-reprimidas\/#primaryimage"},"image":{"@id":"https:\/\/crusoe.audiencelabs.com.br\/a-psicologia-afirma-que-algumas-dores-fisicas-na-velhice-nao-sao-realmente-fisicas-mas-estao-relacionadas-a-essas-11-emocoes-ha-muito-reprimidas\/#primaryimage"},"thumbnailUrl":"https:\/\/cdn.crusoe.com.br\/uploads\/2026\/03\/Captura-de-tela-2026-03-12-220730.jpg","datePublished":"2026-03-13T16:03:38+00:00","author":{"@id":"https:\/\/crusoe.audiencelabs.com.br\/#\/schema\/person\/f87f73cfe89e5360de2c006bd4bd6a74"},"breadcrumb":{"@id":"https:\/\/crusoe.audiencelabs.com.br\/a-psicologia-afirma-que-algumas-dores-fisicas-na-velhice-nao-sao-realmente-fisicas-mas-estao-relacionadas-a-essas-11-emocoes-ha-muito-reprimidas\/#breadcrumb"},"inLanguage":"pt-BR","potentialAction":[{"@type":"ReadAction","target":["https:\/\/crusoe.audiencelabs.com.br\/a-psicologia-afirma-que-algumas-dores-fisicas-na-velhice-nao-sao-realmente-fisicas-mas-estao-relacionadas-a-essas-11-emocoes-ha-muito-reprimidas\/"]}]},{"@type":"ImageObject","inLanguage":"pt-BR","@id":"https:\/\/crusoe.audiencelabs.com.br\/a-psicologia-afirma-que-algumas-dores-fisicas-na-velhice-nao-sao-realmente-fisicas-mas-estao-relacionadas-a-essas-11-emocoes-ha-muito-reprimidas\/#primaryimage","url":"https:\/\/cdn.crusoe.com.br\/uploads\/2026\/03\/Captura-de-tela-2026-03-12-220730.jpg","contentUrl":"https:\/\/cdn.crusoe.com.br\/uploads\/2026\/03\/Captura-de-tela-2026-03-12-220730.jpg","width":882,"height":575,"caption":"Reprodu\u00e7\u00e3o: Pexels\/Tuba Din"},{"@type":"BreadcrumbList","@id":"https:\/\/crusoe.audiencelabs.com.br\/a-psicologia-afirma-que-algumas-dores-fisicas-na-velhice-nao-sao-realmente-fisicas-mas-estao-relacionadas-a-essas-11-emocoes-ha-muito-reprimidas\/#breadcrumb","itemListElement":[{"@type":"ListItem","position":1,"name":"Home","item":"https:\/\/crusoe.audiencelabs.com.br\/"},{"@type":"ListItem","position":2,"name":"A psicologia afirma que algumas dores f\u00edsicas na velhice n\u00e3o s\u00e3o realmente f\u00edsicas, mas est\u00e3o relacionadas a essas emo\u00e7\u00f5es h\u00e1 muito reprimidas"}]},{"@type":"WebSite","@id":"https:\/\/crusoe.audiencelabs.com.br\/#website","url":"https:\/\/crusoe.audiencelabs.com.br\/","name":"Variedades - Cruso\u00e9","description":"","potentialAction":[{"@type":"SearchAction","target":{"@type":"EntryPoint","urlTemplate":"https:\/\/crusoe.audiencelabs.com.br\/?s={search_term_string}"},"query-input":{"@type":"PropertyValueSpecification","valueRequired":true,"valueName":"search_term_string"}}],"inLanguage":"pt-BR"},{"@type":"Person","@id":"https:\/\/crusoe.audiencelabs.com.br\/#\/schema\/person\/f87f73cfe89e5360de2c006bd4bd6a74","name":"Milena Armando","image":{"@type":"ImageObject","inLanguage":"pt-BR","@id":"https:\/\/crusoe.audiencelabs.com.br\/#\/schema\/person\/image\/","url":"https:\/\/secure.gravatar.com\/avatar\/ea14ecddc9e9d202b698b18f9f69e09c9fd74cfbed5c6008d55f11faefdbdab7?s=96&d=mm&r=g","contentUrl":"https:\/\/secure.gravatar.com\/avatar\/ea14ecddc9e9d202b698b18f9f69e09c9fd74cfbed5c6008d55f11faefdbdab7?s=96&d=mm&r=g","caption":"Milena Armando"},"description":"Jornalista, redatora e revisora.","url":"https:\/\/crusoe.audiencelabs.com.br\/author\/milena\/"}]}},"_links":{"self":[{"href":"https:\/\/crusoe.audiencelabs.com.br\/wp-json\/wp\/v2\/posts\/34018","targetHints":{"allow":["GET"]}}],"collection":[{"href":"https:\/\/crusoe.audiencelabs.com.br\/wp-json\/wp\/v2\/posts"}],"about":[{"href":"https:\/\/crusoe.audiencelabs.com.br\/wp-json\/wp\/v2\/types\/post"}],"author":[{"embeddable":true,"href":"https:\/\/crusoe.audiencelabs.com.br\/wp-json\/wp\/v2\/users\/5"}],"replies":[{"embeddable":true,"href":"https:\/\/crusoe.audiencelabs.com.br\/wp-json\/wp\/v2\/comments?post=34018"}],"version-history":[{"count":4,"href":"https:\/\/crusoe.audiencelabs.com.br\/wp-json\/wp\/v2\/posts\/34018\/revisions"}],"predecessor-version":[{"id":34093,"href":"https:\/\/crusoe.audiencelabs.com.br\/wp-json\/wp\/v2\/posts\/34018\/revisions\/34093"}],"wp:featuredmedia":[{"embeddable":true,"href":"https:\/\/crusoe.audiencelabs.com.br\/wp-json\/wp\/v2\/media\/34020"}],"wp:attachment":[{"href":"https:\/\/crusoe.audiencelabs.com.br\/wp-json\/wp\/v2\/media?parent=34018"}],"wp:term":[{"taxonomy":"category","embeddable":true,"href":"https:\/\/crusoe.audiencelabs.com.br\/wp-json\/wp\/v2\/categories?post=34018"},{"taxonomy":"post_tag","embeddable":true,"href":"https:\/\/crusoe.audiencelabs.com.br\/wp-json\/wp\/v2\/tags?post=34018"}],"curies":[{"name":"wp","href":"https:\/\/api.w.org\/{rel}","templated":true}]}}